{"id":143346,"date":"2019-04-19T19:14:09","date_gmt":"2019-04-19T16:14:09","guid":{"rendered":"http:\/\/www.tvturk.com\/index.php\/turkiye-bulgaristan-arasinda-ilk-adim-atildi\/"},"modified":"2019-04-19T19:14:15","modified_gmt":"2019-04-19T16:14:15","slug":"turkiye-bulgaristan-arasinda-ilk-adim-atildi","status":"publish","type":"post","link":"http:\/\/www.tvturk.com\/index.php\/turkiye-bulgaristan-arasinda-ilk-adim-atildi\/","title":{"rendered":"T\u00fcrkiye Bulgaristan aras\u0131nda ilk ad\u0131m at\u0131ld\u0131"},"content":{"rendered":"<p>\u0130\u00e7i\u015fleri Bakan Yard\u0131mc\u0131s\u0131 Muhterem \u0130nce, &#8220;Rezovo ve Be\u011fendik k\u00f6yleri aras\u0131ndaki s\u0131n\u0131rda yer alan nehir \u00fczerine bir k\u00f6pr\u00fc yap\u0131lmas\u0131 ve bir hudut kap\u0131s\u0131 a\u00e7\u0131lmas\u0131n\u0131 ele ald\u0131k. Bu \u00e7er\u00e7evede teknik \u00e7al\u0131\u015fmalar\u0131 ba\u015flatt\u0131k&#8221; dedi.<\/p>\n<p>\u0130\u00e7i\u015fleri Bakan Yard\u0131mc\u0131s\u0131 Muhterem \u0130nce, K\u0131rklareli Valisi Osman Bilgin\u2019i makam\u0131nda ziyaret etti. Kent hakk\u0131nda Vali Bilgin\u2019den bilgi ald\u0131. Bug\u00fcn Bulgaristan i\u00e7i\u015fleri bakan yard\u0131mc\u0131s\u0131 ile heyeti burada olacak, toplant\u0131lar ger\u00e7ekle\u015ftirece\u011fini dile getiren \u0130nce, &#8220;Bulgaristan malumunuz oldu\u011fu \u00fczere bizim kom\u015fu \u00fclkemiz. Son d\u00f6nemde \u00f6zellikle \u00e7ok g\u00fczel ili\u015fkilerimiz var. Stratejik orta\u011f\u0131m\u0131z, dostane ili\u015fkilerimiz var. \u0130\u00e7i\u015fleri Bakanl\u0131klar\u0131 aras\u0131nda bakanlar\u0131m\u0131z d\u00fczeyinde de \u00e7ok g\u00fczel geli\u015fmeler ve ili\u015fkilerimiz var. Hem T\u00fcrkiye\u2019deki vatanda\u015flar\u0131m\u0131z\u0131n hem Bulgaristan\u2019daki vatanda\u015flar\u0131n daha rahat, daha huzurlu olmalar\u0131 i\u00e7in gerekli tedbirleri almaya \u00e7al\u0131\u015f\u0131yoruz&#8221; dedi.<\/p>\n<p>Daha sonra K\u0131rklareli Be\u011fendik ve Burgaz Rezovo k\u00f6yleri aras\u0131nda a\u00e7\u0131lmas\u0131 planlanan Kara S\u0131n\u0131r Kap\u0131s\u0131 toplant\u0131s\u0131 yap\u0131ld\u0131. Uzun s\u00fcren toplant\u0131n\u0131n ard\u0131ndan a\u00e7\u0131klamada bulunan Bulgaristan \u0130\u00e7i\u015fleri Bakan Yard\u0131mc\u0131s\u0131 M\u0131lko Berner, &#8220;\u0130ki \u00fclke aras\u0131ndaki \u00e7ok g\u00fczel bir projeyi hayata ge\u00e7irmek i\u00e7in att\u0131\u011f\u0131m\u0131z ilk ad\u0131md\u0131 bu toplant\u0131. Bu proje iki \u00fclke aras\u0131nda m\u00fckemmel ili\u015fkilerin devam\u0131 niteli\u011fi. Gelecekte bu ili\u015fkilerin ilerlemesine katk\u0131 sa\u011flayaca\u011f\u0131n\u0131 d\u00fc\u015f\u00fcn\u00fcyorum&#8221; dedi.<\/p>\n<p>Bulgaristan ile \u00f6zelikle son d\u00f6nemde \u00e7ok g\u00fczel geli\u015fen ili\u015fkiler i\u00e7erisinde olduklar\u0131n\u0131 s\u00f6yleyen \u0130\u00e7i\u015fleri Bakan Yard\u0131mc\u0131s\u0131 Muhterem \u0130nce, &#8220;\u0130\u00e7i\u015fleri Bakanl\u0131klar\u0131m\u0131z aras\u0131nda da sonu\u00e7 getirici i\u015fbirli\u011fini artt\u0131r\u0131c\u0131 ve uygulamada ger\u00e7ekten daha y\u00fcksek seviyeye getirici \u00f6rnek \u00e7al\u0131\u015fmalar\u0131m\u0131z var&#8221; ifadelerini kulland\u0131.<\/p>\n<p>&#8220;Rezovo ve Be\u011fendik k\u00f6yleri aras\u0131nda yer alan nehir \u00fczerine bir k\u00f6pr\u00fc yap\u0131lmas\u0131 ve bir hudut kap\u0131s\u0131 a\u00e7\u0131lmas\u0131 ele ald\u0131k&#8221;<\/p>\n<p>Ger\u00e7ekle\u015fen toplant\u0131nda Rezovo ve Be\u011fendik k\u00f6yleri aras\u0131nda yer alan nehir \u00fczerine bir k\u00f6pr\u00fc yap\u0131lmas\u0131 ve bir hudut kap\u0131s\u0131 a\u00e7\u0131lmas\u0131 ele al\u0131nd\u0131\u011f\u0131n\u0131 ifade eden \u0130nce, &#8220;Rezovo ve Be\u011fendik k\u00f6yleri aras\u0131ndaki s\u0131n\u0131rda yer alan nehir \u00fczerine bir k\u00f6pr\u00fc yap\u0131lmas\u0131 ve bir hudut kap\u0131s\u0131 a\u00e7\u0131lmas\u0131n\u0131 ele ald\u0131k. Bu \u00e7er\u00e7evede teknik \u00e7al\u0131\u015fmalar\u0131 ba\u015flatt\u0131k. \u00d6n\u00fcm\u00fczdeki g\u00fcnlerde de ad\u0131m ad\u0131m h\u0131zl\u0131 bir \u015fekilde bu konuda ilerleyece\u011fiz. \u00c7ok yap\u0131c\u0131 bir toplant\u0131 oldu. Her iki \u00fclke i\u00e7in ve \u00f6zellikle K\u0131rklareli i\u00e7in bu toplant\u0131n\u0131n ve yapaca\u011f\u0131m\u0131z toplant\u0131n\u0131n hay\u0131rl\u0131 olmas\u0131n\u0131 diliyorum&#8221; dedi.<div class=\"tiled-gallery type-rectangular tiled-gallery-unresized\" data-original-width=\"500\" data-carousel-extra='null' itemscope itemtype=\"http:\/\/schema.org\/ImageGallery\" > <div class=\"gallery-row\" style=\"width: 500px; height: 224px;\" data-original-width=\"500\" data-original-height=\"224\" > <div class=\"gallery-group images-1\" style=\"width: 334px; height: 224px;\" data-original-width=\"334\" data-original-height=\"224\" > <div class=\"tiled-gallery-item tiled-gallery-item-large\" itemprop=\"associatedMedia\" itemscope itemtype=\"http:\/\/schema.org\/ImageObject\"> <a href=\"http:\/\/www.tvturk.com\/index.php\/turkiye-bulgaristan-arasinda-ilk-adim-atildi\/turkiye-bulgaristan-arasinda-ilk-adim-atildi-3\/\" border=\"0\" itemprop=\"url\"> <meta itemprop=\"width\" content=\"330\"> <meta itemprop=\"height\" content=\"220\"> <img decoding=\"async\" class=\"\" data-attachment-id=\"143348\" data-orig-file=\"http:\/\/www.tvturk.com\/wp-content\/uploads\/2019\/04\/turkiye-bulgaristan-arasinda-ilk-adim-atildi_1335487.jpg\" data-orig-size=\"1000,666\" data-comments-opened=\"\" data-image-meta=\"{&quot;aperture&quot;:&quot;0&quot;,&quot;credit&quot;:&quot;IHA&quot;,&quot;camera&quot;:&quot;&quot;,&quot;caption&quot;:&quot;T\\u00dcRK\\u0130YE BULGAR\\u0130STAN ARASINDA \\u0130LK ADIM ATILDI (G\\u00dcFTE \\u00c7EL\\u0130K - H\\u00dcSEY\\u0130N \\u00c7ANLI\\\/KIRKLAREL\\u0130-\\u0130HA)&quot;,&quot;created_timestamp&quot;:&quot;0&quot;,&quot;copyright&quot;:&quot;\\u0130HLAS HABER AJANSI, www.iha.com.tr&quot;,&quot;focal_length&quot;:&quot;0&quot;,&quot;iso&quot;:&quot;0&quot;,&quot;shutter_speed&quot;:&quot;0&quot;,&quot;title&quot;:&quot;T\\u00dcRK\\u0130YE BULGAR\\u0130STAN ARASINDA \\u0130LK ADIM ATILDI HUDUT KAPISI \\u0130\\u00c7\\u0130N \\u0130LK TOPLANTI YAPILDI&quot;,&quot;orientation&quot;:&quot;0&quot;}\" data-image-title=\"T\u00fcrkiye Bulgaristan aras\u0131nda ilk ad\u0131m at\u0131ld\u0131\" data-image-description=\"&lt;p&gt;T\u00fcrkiye Bulgaristan aras\u0131nda ilk ad\u0131m at\u0131ld\u0131&lt;\/p&gt; \" data-medium-file=\"https:\/\/i0.wp.com\/www.tvturk.com\/wp-content\/uploads\/2019\/04\/turkiye-bulgaristan-arasinda-ilk-adim-atildi_1335487.jpg?fit=300%2C200\" data-large-file=\"https:\/\/i0.wp.com\/www.tvturk.com\/wp-content\/uploads\/2019\/04\/turkiye-bulgaristan-arasinda-ilk-adim-atildi_1335487.jpg?fit=1000%2C666\" src=\"https:\/\/i0.wp.com\/www.tvturk.com\/wp-content\/uploads\/2019\/04\/turkiye-bulgaristan-arasinda-ilk-adim-atildi_1335487.jpg?w=330&#038;h=220\" srcset=\"https:\/\/i0.wp.com\/www.tvturk.com\/wp-content\/uploads\/2019\/04\/turkiye-bulgaristan-arasinda-ilk-adim-atildi_1335487.jpg?w=1000 1000w, https:\/\/i0.wp.com\/www.tvturk.com\/wp-content\/uploads\/2019\/04\/turkiye-bulgaristan-arasinda-ilk-adim-atildi_1335487.jpg?resize=150%2C100 150w, https:\/\/i0.wp.com\/www.tvturk.com\/wp-content\/uploads\/2019\/04\/turkiye-bulgaristan-arasinda-ilk-adim-atildi_1335487.jpg?resize=300%2C200 300w, https:\/\/i0.wp.com\/www.tvturk.com\/wp-content\/uploads\/2019\/04\/turkiye-bulgaristan-arasinda-ilk-adim-atildi_1335487.jpg?resize=768%2C511 768w, https:\/\/i0.wp.com\/www.tvturk.com\/wp-content\/uploads\/2019\/04\/turkiye-bulgaristan-arasinda-ilk-adim-atildi_1335487.jpg?resize=170%2C113 170w, https:\/\/i0.wp.com\/www.tvturk.com\/wp-content\/uploads\/2019\/04\/turkiye-bulgaristan-arasinda-ilk-adim-atildi_1335487.jpg?resize=120%2C80 120w\" width=\"330\" height=\"220\" loading=\"lazy\" data-original-width=\"330\" data-original-height=\"220\" itemprop=\"http:\/\/schema.org\/image\" title=\"T\u00fcrkiye Bulgaristan aras\u0131nda ilk ad\u0131m at\u0131ld\u0131\" alt=\"T\u00fcrkiye Bulgaristan aras\u0131nda ilk ad\u0131m at\u0131ld\u0131\" style=\"width: 330px; height: 220px;\" \/> <\/a> <\/div> <\/div> <!-- close group --> <div class=\"gallery-group images-2\" style=\"width: 166px; height: 224px;\" data-original-width=\"166\" data-original-height=\"224\" > <div class=\"tiled-gallery-item tiled-gallery-item-small\" itemprop=\"associatedMedia\" itemscope itemtype=\"http:\/\/schema.org\/ImageObject\"> <a href=\"http:\/\/www.tvturk.com\/index.php\/turkiye-bulgaristan-arasinda-ilk-adim-atildi\/turkiye-bulgaristan-arasinda-ilk-adim-atildi-4\/\" border=\"0\" itemprop=\"url\"> <meta itemprop=\"width\" content=\"162\"> <meta itemprop=\"height\" content=\"108\"> <img decoding=\"async\" class=\"\" data-attachment-id=\"143349\" data-orig-file=\"http:\/\/www.tvturk.com\/wp-content\/uploads\/2019\/04\/turkiye-bulgaristan-arasinda-ilk-adim-atildi_e3d38a8.jpg\" data-orig-size=\"1000,666\" data-comments-opened=\"\" data-image-meta=\"{&quot;aperture&quot;:&quot;0&quot;,&quot;credit&quot;:&quot;IHA&quot;,&quot;camera&quot;:&quot;&quot;,&quot;caption&quot;:&quot;T\\u00dcRK\\u0130YE BULGAR\\u0130STAN ARASINDA \\u0130LK ADIM ATILDI (G\\u00dcFTE \\u00c7EL\\u0130K - H\\u00dcSEY\\u0130N \\u00c7ANLI\\\/KIRKLAREL\\u0130-\\u0130HA)&quot;,&quot;created_timestamp&quot;:&quot;0&quot;,&quot;copyright&quot;:&quot;\\u0130HLAS HABER AJANSI, www.iha.com.tr&quot;,&quot;focal_length&quot;:&quot;0&quot;,&quot;iso&quot;:&quot;0&quot;,&quot;shutter_speed&quot;:&quot;0&quot;,&quot;title&quot;:&quot;T\\u00dcRK\\u0130YE BULGAR\\u0130STAN ARASINDA \\u0130LK ADIM ATILDI HUDUT KAPISI \\u0130\\u00c7\\u0130N \\u0130LK TOPLANTI YAPILDI&quot;,&quot;orientation&quot;:&quot;0&quot;}\" data-image-title=\"T\u00fcrkiye Bulgaristan aras\u0131nda ilk ad\u0131m at\u0131ld\u0131\" data-image-description=\"&lt;p&gt;T\u00fcrkiye Bulgaristan aras\u0131nda ilk ad\u0131m at\u0131ld\u0131&lt;\/p&gt; \" data-medium-file=\"https:\/\/i0.wp.com\/www.tvturk.com\/wp-content\/uploads\/2019\/04\/turkiye-bulgaristan-arasinda-ilk-adim-atildi_e3d38a8.jpg?fit=300%2C200\" data-large-file=\"https:\/\/i0.wp.com\/www.tvturk.com\/wp-content\/uploads\/2019\/04\/turkiye-bulgaristan-arasinda-ilk-adim-atildi_e3d38a8.jpg?fit=1000%2C666\" src=\"https:\/\/i0.wp.com\/www.tvturk.com\/wp-content\/uploads\/2019\/04\/turkiye-bulgaristan-arasinda-ilk-adim-atildi_e3d38a8.jpg?w=162&#038;h=108\" srcset=\"https:\/\/i0.wp.com\/www.tvturk.com\/wp-content\/uploads\/2019\/04\/turkiye-bulgaristan-arasinda-ilk-adim-atildi_e3d38a8.jpg?w=1000 1000w, https:\/\/i0.wp.com\/www.tvturk.com\/wp-content\/uploads\/2019\/04\/turkiye-bulgaristan-arasinda-ilk-adim-atildi_e3d38a8.jpg?resize=150%2C100 150w, https:\/\/i0.wp.com\/www.tvturk.com\/wp-content\/uploads\/2019\/04\/turkiye-bulgaristan-arasinda-ilk-adim-atildi_e3d38a8.jpg?resize=300%2C200 300w, https:\/\/i0.wp.com\/www.tvturk.com\/wp-content\/uploads\/2019\/04\/turkiye-bulgaristan-arasinda-ilk-adim-atildi_e3d38a8.jpg?resize=768%2C511 768w, https:\/\/i0.wp.com\/www.tvturk.com\/wp-content\/uploads\/2019\/04\/turkiye-bulgaristan-arasinda-ilk-adim-atildi_e3d38a8.jpg?resize=170%2C113 170w, https:\/\/i0.wp.com\/www.tvturk.com\/wp-content\/uploads\/2019\/04\/turkiye-bulgaristan-arasinda-ilk-adim-atildi_e3d38a8.jpg?resize=120%2C80 120w\" width=\"162\" height=\"108\" loading=\"lazy\" data-original-width=\"162\" data-original-height=\"108\" itemprop=\"http:\/\/schema.org\/image\" title=\"T\u00fcrkiye Bulgaristan aras\u0131nda ilk ad\u0131m at\u0131ld\u0131\" alt=\"T\u00fcrkiye Bulgaristan aras\u0131nda ilk ad\u0131m at\u0131ld\u0131\" style=\"width: 162px; height: 108px;\" \/> <\/a> <\/div> <div class=\"tiled-gallery-item tiled-gallery-item-small\" itemprop=\"associatedMedia\" itemscope itemtype=\"http:\/\/schema.org\/ImageObject\"> <a href=\"http:\/\/www.tvturk.com\/index.php\/turkiye-bulgaristan-arasinda-ilk-adim-atildi\/turkiye-bulgaristan-arasinda-ilk-adim-atildi-5\/\" border=\"0\" itemprop=\"url\"> <meta itemprop=\"width\" content=\"162\"> <meta itemprop=\"height\" content=\"108\"> <img decoding=\"async\" class=\"\" data-attachment-id=\"143350\" data-orig-file=\"http:\/\/www.tvturk.com\/wp-content\/uploads\/2019\/04\/turkiye-bulgaristan-arasinda-ilk-adim-atildi_4fc1ab6.jpg\" data-orig-size=\"1000,666\" data-comments-opened=\"\" data-image-meta=\"{&quot;aperture&quot;:&quot;0&quot;,&quot;credit&quot;:&quot;IHA&quot;,&quot;camera&quot;:&quot;&quot;,&quot;caption&quot;:&quot;T\\u00dcRK\\u0130YE BULGAR\\u0130STAN ARASINDA \\u0130LK ADIM ATILDI (G\\u00dcFTE \\u00c7EL\\u0130K - H\\u00dcSEY\\u0130N \\u00c7ANLI\\\/KIRKLAREL\\u0130-\\u0130HA)&quot;,&quot;created_timestamp&quot;:&quot;0&quot;,&quot;copyright&quot;:&quot;\\u0130HLAS HABER AJANSI, www.iha.com.tr&quot;,&quot;focal_length&quot;:&quot;0&quot;,&quot;iso&quot;:&quot;0&quot;,&quot;shutter_speed&quot;:&quot;0&quot;,&quot;title&quot;:&quot;T\\u00dcRK\\u0130YE BULGAR\\u0130STAN ARASINDA \\u0130LK ADIM ATILDI HUDUT KAPISI \\u0130\\u00c7\\u0130N \\u0130LK TOPLANTI YAPILDI&quot;,&quot;orientation&quot;:&quot;0&quot;}\" data-image-title=\"T\u00fcrkiye Bulgaristan aras\u0131nda ilk ad\u0131m at\u0131ld\u0131\" data-image-description=\"&lt;p&gt;T\u00fcrkiye Bulgaristan aras\u0131nda ilk ad\u0131m at\u0131ld\u0131&lt;\/p&gt; \" data-medium-file=\"https:\/\/i0.wp.com\/www.tvturk.com\/wp-content\/uploads\/2019\/04\/turkiye-bulgaristan-arasinda-ilk-adim-atildi_4fc1ab6.jpg?fit=300%2C200\" data-large-file=\"https:\/\/i0.wp.com\/www.tvturk.com\/wp-content\/uploads\/2019\/04\/turkiye-bulgaristan-arasinda-ilk-adim-atildi_4fc1ab6.jpg?fit=1000%2C666\" src=\"https:\/\/i0.wp.com\/www.tvturk.com\/wp-content\/uploads\/2019\/04\/turkiye-bulgaristan-arasinda-ilk-adim-atildi_4fc1ab6.jpg?w=162&#038;h=108\" srcset=\"https:\/\/i0.wp.com\/www.tvturk.com\/wp-content\/uploads\/2019\/04\/turkiye-bulgaristan-arasinda-ilk-adim-atildi_4fc1ab6.jpg?w=1000 1000w, https:\/\/i0.wp.com\/www.tvturk.com\/wp-content\/uploads\/2019\/04\/turkiye-bulgaristan-arasinda-ilk-adim-atildi_4fc1ab6.jpg?resize=150%2C100 150w, https:\/\/i0.wp.com\/www.tvturk.com\/wp-content\/uploads\/2019\/04\/turkiye-bulgaristan-arasinda-ilk-adim-atildi_4fc1ab6.jpg?resize=300%2C200 300w, https:\/\/i0.wp.com\/www.tvturk.com\/wp-content\/uploads\/2019\/04\/turkiye-bulgaristan-arasinda-ilk-adim-atildi_4fc1ab6.jpg?resize=768%2C511 768w, https:\/\/i0.wp.com\/www.tvturk.com\/wp-content\/uploads\/2019\/04\/turkiye-bulgaristan-arasinda-ilk-adim-atildi_4fc1ab6.jpg?resize=170%2C113 170w, https:\/\/i0.wp.com\/www.tvturk.com\/wp-content\/uploads\/2019\/04\/turkiye-bulgaristan-arasinda-ilk-adim-atildi_4fc1ab6.jpg?resize=120%2C80 120w\" width=\"162\" height=\"108\" loading=\"lazy\" data-original-width=\"162\" data-original-height=\"108\" itemprop=\"http:\/\/schema.org\/image\" title=\"T\u00fcrkiye Bulgaristan aras\u0131nda ilk ad\u0131m at\u0131ld\u0131\" alt=\"T\u00fcrkiye Bulgaristan aras\u0131nda ilk ad\u0131m at\u0131ld\u0131\" style=\"width: 162px; height: 108px;\" \/> <\/a> <\/div> <\/div> <!-- close group --> <\/div> <!-- close row --> <div class=\"gallery-row\" style=\"width: 500px; height: 168px;\" data-original-width=\"500\" data-original-height=\"168\" > <div class=\"gallery-group images-1\" style=\"width: 250px; height: 168px;\" data-original-width=\"250\" data-original-height=\"168\" > <div class=\"tiled-gallery-item tiled-gallery-item-small\" itemprop=\"associatedMedia\" itemscope itemtype=\"http:\/\/schema.org\/ImageObject\"> <a href=\"http:\/\/www.tvturk.com\/index.php\/turkiye-bulgaristan-arasinda-ilk-adim-atildi\/turkiye-bulgaristan-arasinda-ilk-adim-atildi-6\/\" border=\"0\" itemprop=\"url\"> <meta itemprop=\"width\" content=\"246\"> <meta itemprop=\"height\" content=\"164\"> <img decoding=\"async\" class=\"\" data-attachment-id=\"143351\" data-orig-file=\"http:\/\/www.tvturk.com\/wp-content\/uploads\/2019\/04\/turkiye-bulgaristan-arasinda-ilk-adim-atildi_9ffa546.jpg\" data-orig-size=\"1000,666\" data-comments-opened=\"\" data-image-meta=\"{&quot;aperture&quot;:&quot;0&quot;,&quot;credit&quot;:&quot;IHA&quot;,&quot;camera&quot;:&quot;&quot;,&quot;caption&quot;:&quot;T\\u00dcRK\\u0130YE BULGAR\\u0130STAN ARASINDA \\u0130LK ADIM ATILDI (G\\u00dcFTE \\u00c7EL\\u0130K - H\\u00dcSEY\\u0130N \\u00c7ANLI\\\/KIRKLAREL\\u0130-\\u0130HA)&quot;,&quot;created_timestamp&quot;:&quot;0&quot;,&quot;copyright&quot;:&quot;\\u0130HLAS HABER AJANSI, www.iha.com.tr&quot;,&quot;focal_length&quot;:&quot;0&quot;,&quot;iso&quot;:&quot;0&quot;,&quot;shutter_speed&quot;:&quot;0&quot;,&quot;title&quot;:&quot;T\\u00dcRK\\u0130YE BULGAR\\u0130STAN ARASINDA \\u0130LK ADIM ATILDI HUDUT KAPISI \\u0130\\u00c7\\u0130N \\u0130LK TOPLANTI YAPILDI&quot;,&quot;orientation&quot;:&quot;0&quot;}\" data-image-title=\"T\u00fcrkiye Bulgaristan aras\u0131nda ilk ad\u0131m at\u0131ld\u0131\" data-image-description=\"&lt;p&gt;T\u00fcrkiye Bulgaristan aras\u0131nda ilk ad\u0131m at\u0131ld\u0131&lt;\/p&gt; \" data-medium-file=\"https:\/\/i0.wp.com\/www.tvturk.com\/wp-content\/uploads\/2019\/04\/turkiye-bulgaristan-arasinda-ilk-adim-atildi_9ffa546.jpg?fit=300%2C200\" data-large-file=\"https:\/\/i0.wp.com\/www.tvturk.com\/wp-content\/uploads\/2019\/04\/turkiye-bulgaristan-arasinda-ilk-adim-atildi_9ffa546.jpg?fit=1000%2C666\" src=\"https:\/\/i0.wp.com\/www.tvturk.com\/wp-content\/uploads\/2019\/04\/turkiye-bulgaristan-arasinda-ilk-adim-atildi_9ffa546.jpg?w=246&#038;h=164\" srcset=\"https:\/\/i0.wp.com\/www.tvturk.com\/wp-content\/uploads\/2019\/04\/turkiye-bulgaristan-arasinda-ilk-adim-atildi_9ffa546.jpg?w=1000 1000w, https:\/\/i0.wp.com\/www.tvturk.com\/wp-content\/uploads\/2019\/04\/turkiye-bulgaristan-arasinda-ilk-adim-atildi_9ffa546.jpg?resize=150%2C100 150w, https:\/\/i0.wp.com\/www.tvturk.com\/wp-content\/uploads\/2019\/04\/turkiye-bulgaristan-arasinda-ilk-adim-atildi_9ffa546.jpg?resize=300%2C200 300w, https:\/\/i0.wp.com\/www.tvturk.com\/wp-content\/uploads\/2019\/04\/turkiye-bulgaristan-arasinda-ilk-adim-atildi_9ffa546.jpg?resize=768%2C511 768w, https:\/\/i0.wp.com\/www.tvturk.com\/wp-content\/uploads\/2019\/04\/turkiye-bulgaristan-arasinda-ilk-adim-atildi_9ffa546.jpg?resize=170%2C113 170w, https:\/\/i0.wp.com\/www.tvturk.com\/wp-content\/uploads\/2019\/04\/turkiye-bulgaristan-arasinda-ilk-adim-atildi_9ffa546.jpg?resize=120%2C80 120w\" width=\"246\" height=\"164\" loading=\"lazy\" data-original-width=\"246\" data-original-height=\"164\" itemprop=\"http:\/\/schema.org\/image\" title=\"T\u00fcrkiye Bulgaristan aras\u0131nda ilk ad\u0131m at\u0131ld\u0131\" alt=\"T\u00fcrkiye Bulgaristan aras\u0131nda ilk ad\u0131m at\u0131ld\u0131\" style=\"width: 246px; height: 164px;\" \/> <\/a> <\/div> <\/div> <!-- close group --> <div class=\"gallery-group images-1\" style=\"width: 250px; height: 168px;\" data-original-width=\"250\" data-original-height=\"168\" > <div class=\"tiled-gallery-item tiled-gallery-item-small\" itemprop=\"associatedMedia\" itemscope itemtype=\"http:\/\/schema.org\/ImageObject\"> <a href=\"http:\/\/www.tvturk.com\/index.php\/turkiye-bulgaristan-arasinda-ilk-adim-atildi\/turkiye-bulgaristan-arasinda-ilk-adim-atildi-7\/\" border=\"0\" itemprop=\"url\"> <meta itemprop=\"width\" content=\"246\"> <meta itemprop=\"height\" content=\"164\"> <img decoding=\"async\" class=\"\" data-attachment-id=\"143352\" data-orig-file=\"http:\/\/www.tvturk.com\/wp-content\/uploads\/2019\/04\/turkiye-bulgaristan-arasinda-ilk-adim-atildi_68ce890.jpg\" data-orig-size=\"1000,666\" data-comments-opened=\"\" data-image-meta=\"{&quot;aperture&quot;:&quot;0&quot;,&quot;credit&quot;:&quot;IHA&quot;,&quot;camera&quot;:&quot;&quot;,&quot;caption&quot;:&quot;T\\u00dcRK\\u0130YE BULGAR\\u0130STAN ARASINDA \\u0130LK ADIM ATILDI (G\\u00dcFTE \\u00c7EL\\u0130K - H\\u00dcSEY\\u0130N \\u00c7ANLI\\\/KIRKLAREL\\u0130-\\u0130HA)&quot;,&quot;created_timestamp&quot;:&quot;0&quot;,&quot;copyright&quot;:&quot;\\u0130HLAS HABER AJANSI, www.iha.com.tr&quot;,&quot;focal_length&quot;:&quot;0&quot;,&quot;iso&quot;:&quot;0&quot;,&quot;shutter_speed&quot;:&quot;0&quot;,&quot;title&quot;:&quot;T\\u00dcRK\\u0130YE BULGAR\\u0130STAN ARASINDA \\u0130LK ADIM ATILDI HUDUT KAPISI \\u0130\\u00c7\\u0130N \\u0130LK TOPLANTI YAPILDI&quot;,&quot;orientation&quot;:&quot;0&quot;}\" data-image-title=\"T\u00fcrkiye Bulgaristan aras\u0131nda ilk ad\u0131m at\u0131ld\u0131\" data-image-description=\"&lt;p&gt;T\u00fcrkiye Bulgaristan aras\u0131nda ilk ad\u0131m at\u0131ld\u0131&lt;\/p&gt; \" data-medium-file=\"https:\/\/i0.wp.com\/www.tvturk.com\/wp-content\/uploads\/2019\/04\/turkiye-bulgaristan-arasinda-ilk-adim-atildi_68ce890.jpg?fit=300%2C200\" data-large-file=\"https:\/\/i0.wp.com\/www.tvturk.com\/wp-content\/uploads\/2019\/04\/turkiye-bulgaristan-arasinda-ilk-adim-atildi_68ce890.jpg?fit=1000%2C666\" src=\"https:\/\/i0.wp.com\/www.tvturk.com\/wp-content\/uploads\/2019\/04\/turkiye-bulgaristan-arasinda-ilk-adim-atildi_68ce890.jpg?w=246&#038;h=164\" srcset=\"https:\/\/i0.wp.com\/www.tvturk.com\/wp-content\/uploads\/2019\/04\/turkiye-bulgaristan-arasinda-ilk-adim-atildi_68ce890.jpg?w=1000 1000w, https:\/\/i0.wp.com\/www.tvturk.com\/wp-content\/uploads\/2019\/04\/turkiye-bulgaristan-arasinda-ilk-adim-atildi_68ce890.jpg?resize=150%2C100 150w, https:\/\/i0.wp.com\/www.tvturk.com\/wp-content\/uploads\/2019\/04\/turkiye-bulgaristan-arasinda-ilk-adim-atildi_68ce890.jpg?resize=300%2C200 300w, https:\/\/i0.wp.com\/www.tvturk.com\/wp-content\/uploads\/2019\/04\/turkiye-bulgaristan-arasinda-ilk-adim-atildi_68ce890.jpg?resize=768%2C511 768w, https:\/\/i0.wp.com\/www.tvturk.com\/wp-content\/uploads\/2019\/04\/turkiye-bulgaristan-arasinda-ilk-adim-atildi_68ce890.jpg?resize=170%2C113 170w, https:\/\/i0.wp.com\/www.tvturk.com\/wp-content\/uploads\/2019\/04\/turkiye-bulgaristan-arasinda-ilk-adim-atildi_68ce890.jpg?resize=120%2C80 120w\" width=\"246\" height=\"164\" loading=\"lazy\" data-original-width=\"246\" data-original-height=\"164\" itemprop=\"http:\/\/schema.org\/image\" title=\"T\u00fcrkiye Bulgaristan aras\u0131nda ilk ad\u0131m at\u0131ld\u0131\" alt=\"T\u00fcrkiye Bulgaristan aras\u0131nda ilk ad\u0131m at\u0131ld\u0131\" style=\"width: 246px; height: 164px;\" \/> <\/a> <\/div> <\/div> <!-- close group --> <\/div> <!-- close row --> <\/div><\/p>\n","protected":false},"excerpt":{"rendered":"<p>T\u00dcRK\u0130YE BULGAR\u0130STAN ARASINDA \u0130LK ADIM ATILDI<\/p>\n","protected":false},"author":1,"featured_media":143347,"comment_status":"closed","ping_status":"open","sticky":false,"template":"","format":"standard","meta":{"jetpack_post_was_ever_published":false,"_jetpack_newsletter_access":"","_jetpack_dont_email_post_to_subs":false,"_jetpack_newsletter_tier_id":0,"_jetpack_memberships_contains_paywalled_content":false,"_jetpack_memberships_contains_paid_content":false,"footnotes":"","jetpack_publicize_message":"","jetpack_publicize_feature_enabled":true,"jetpack_social_post_already_shared":true,"jetpack_social_options":{"image_generator_settings":{"template":"highway","default_image_id":0,"font":"","enabled":false},"version":2}},"categories":[1],"tags":[7429,1882,3030,10890,37,453],"class_list":["post-143346","post","type-post","status-publish","format-standard","has-post-thumbnail","hentry","category-genel","tag-adim","tag-arasinda","tag-atildi","tag-bulgaristan","tag-ilk","tag-turkiye"],"jetpack_publicize_connections":[],"jetpack_featured_media_url":"https:\/\/i0.wp.com\/www.tvturk.com\/wp-content\/uploads\/2019\/04\/turkiye-bulgaristan-arasinda-ilk-adim-atildi_527f2b5.jpg?fit=1000%2C666","jetpack_sharing_enabled":true,"jetpack_shortlink":"https:\/\/wp.me\/paKIfm-Bi2","_links":{"self":[{"href":"http:\/\/www.tvturk.com\/index.php\/wp-json\/wp\/v2\/posts\/143346","targetHints":{"allow":["GET"]}}],"collection":[{"href":"http:\/\/www.tvturk.com\/index.php\/wp-json\/wp\/v2\/posts"}],"about":[{"href":"http:\/\/www.tvturk.com\/index.php\/wp-json\/wp\/v2\/types\/post"}],"author":[{"embeddable":true,"href":"http:\/\/www.tvturk.com\/index.php\/wp-json\/wp\/v2\/users\/1"}],"replies":[{"embeddable":true,"href":"http:\/\/www.tvturk.com\/index.php\/wp-json\/wp\/v2\/comments?post=143346"}],"version-history":[{"count":1,"href":"http:\/\/www.tvturk.com\/index.php\/wp-json\/wp\/v2\/posts\/143346\/revisions"}],"predecessor-version":[{"id":143353,"href":"http:\/\/www.tvturk.com\/index.php\/wp-json\/wp\/v2\/posts\/143346\/revisions\/143353"}],"wp:featuredmedia":[{"embeddable":true,"href":"http:\/\/www.tvturk.com\/index.php\/wp-json\/wp\/v2\/media\/143347"}],"wp:attachment":[{"href":"http:\/\/www.tvturk.com\/index.php\/wp-json\/wp\/v2\/media?parent=143346"}],"wp:term":[{"taxonomy":"category","embeddable":true,"href":"http:\/\/www.tvturk.com\/index.php\/wp-json\/wp\/v2\/categories?post=143346"},{"taxonomy":"post_tag","embeddable":true,"href":"http:\/\/www.tvturk.com\/index.php\/wp-json\/wp\/v2\/tags?post=143346"}],"curies":[{"name":"wp","href":"https:\/\/api.w.org\/{rel}","templated":true}]}}