{"id":143619,"date":"2019-04-20T09:41:54","date_gmt":"2019-04-20T06:41:54","guid":{"rendered":"http:\/\/www.tvturk.com\/index.php\/o-leylekler-bu-yil-da-geldi\/"},"modified":"2019-04-20T09:41:59","modified_gmt":"2019-04-20T06:41:59","slug":"o-leylekler-bu-yil-da-geldi","status":"publish","type":"post","link":"http:\/\/www.tvturk.com\/index.php\/o-leylekler-bu-yil-da-geldi\/","title":{"rendered":"O leylekler bu y\u0131l da geldi"},"content":{"rendered":"<p>Sivas\u2019\u0131n Hafik il\u00e7esine ba\u011fl\u0131 G\u00f6yd\u00fcn k\u00f6y\u00fcnde yakla\u015f\u0131k bir as\u0131r \u00f6nce biri cami \u00e7at\u0131s\u0131nda di\u011feri ise kilise \u00e7at\u0131s\u0131nda yuva yapan leyleklerin sonraki ku\u015faklar\u0131 bu y\u0131l da yuvalar\u0131na d\u00f6nd\u00fc.<\/p>\n<p>Sivas\u2019\u0131n Hafik il\u00e7esine ba\u011fl\u0131 G\u00f6yd\u00fcn k\u00f6y\u00fcnde yakla\u015f\u0131k bir as\u0131r \u00f6nce leylekler yuva yapmak i\u00e7in direkler yerine ibadethaneleri tercih etti. Yar\u0131m as\u0131r \u00f6nce ilk kez k\u00f6y\u00fcn misafiri olan iki leylek ailesinden biri cami \u00e7at\u0131s\u0131nda yuva yaparken di\u011fer aile ise tarihi kilisenin \u00e7at\u0131s\u0131n\u0131 tercih etti. Leyleklerin yavrular\u0131 bir as\u0131r boyunca her y\u0131l havalar\u0131n \u0131s\u0131nmas\u0131 ile \u00f6nceki ku\u015faklar\u0131n gelene\u011fini s\u00fcrd\u00fcr\u00fcp ayn\u0131 yuvalara g\u00f6\u00e7 ettiler. Ge\u00e7ti\u011fimiz y\u0131l bu iki yuvada d\u00fcnyaya gelen yavrular da havalar\u0131n \u0131s\u0131rmas\u0131 ile ge\u00e7ti\u011fimiz g\u00fcnlerde G\u00f6yd\u00fcn k\u00f6y\u00fcnde ki cami ve kilisenin \u00e7at\u0131s\u0131nda ki yuvalar\u0131na geldi.  Geri d\u00f6n\u00fcp yuvalar\u0131nda yumurtlad\u0131lar. Bu kez havalar\u0131n so\u011fumas\u0131 ile yavrular\u0131 ile birlikte s\u0131cak iklimlere g\u00f6\u00e7ecekler.<\/p>\n<p>K\u00f6y muhtar\u0131 \u015eaha Bakan, leyleklere g\u00f6zleri gibi bakt\u0131klar\u0131n\u0131 belirterek, \u201c\u0130lk y\u0131llarda iki leyle\u011fimiz vard\u0131. Yavrular\u0131 ile say\u0131lar\u0131 yakla\u015f\u0131k 8\u2019e ula\u015ft\u0131. Yuvalardan biri caminin \u00fczerinde, di\u011feri eski kilisenin \u00e7at\u0131s\u0131nda. Yeni yavrular da camiye yak\u0131n bir noktada yeni bir yuva yapt\u0131. Ben yakla\u015f\u0131k 50 y\u0131ld\u0131r bu yuvalar\u0131n burada oldu\u011funu biliyorum. Her y\u0131l bir \u00f6nceki y\u0131l\u0131n yavrular\u0131 gelip konakl\u0131yor. Leyleklere g\u00f6z\u00fcm\u00fcz gibi bak\u0131yoruz\u201d dedi.<\/p>\n<p>K\u00f6y sakinlerinden Cemal Akalan, leyleklerin yakla\u015f\u0131k bir as\u0131rd\u0131r k\u00f6ylerinde konaklad\u0131klar\u0131n\u0131 ifade ederek, \u201cYa\u015fl\u0131lar\u0131m\u0131zdan da dinlemi\u015ftik. Bu leylekler yakla\u015f\u0131k 1 as\u0131rd\u0131r k\u00f6y\u00fcm\u00fcze geliyor. Biri caminin \u00e7at\u0131s\u0131nda birisi ise kilisenin \u00e7at\u0131s\u0131nda konakl\u0131yor. Her sene say\u0131lar\u0131 art\u0131yor. Bu leylekler bizim korumam\u0131z alt\u0131nda. Onlar\u0131 her y\u0131l misafir etmek istiyoruz\u201d \u015feklinde konu\u015ftu.<div class=\"tiled-gallery type-rectangular tiled-gallery-unresized\" data-original-width=\"500\" data-carousel-extra='null' itemscope itemtype=\"http:\/\/schema.org\/ImageGallery\" > <div class=\"gallery-row\" style=\"width: 500px; height: 224px;\" data-original-width=\"500\" data-original-height=\"224\" > <div class=\"gallery-group images-1\" style=\"width: 334px; height: 224px;\" data-original-width=\"334\" data-original-height=\"224\" > <div class=\"tiled-gallery-item tiled-gallery-item-large\" itemprop=\"associatedMedia\" itemscope itemtype=\"http:\/\/schema.org\/ImageObject\"> <a href=\"http:\/\/www.tvturk.com\/index.php\/o-leylekler-bu-yil-da-geldi\/o-leylekler-bu-yil-da-geldi-3\/\" border=\"0\" itemprop=\"url\"> <meta itemprop=\"width\" content=\"330\"> <meta itemprop=\"height\" content=\"220\"> <img decoding=\"async\" class=\"\" data-attachment-id=\"143621\" data-orig-file=\"http:\/\/www.tvturk.com\/wp-content\/uploads\/2019\/04\/o-leylekler-bu-yil-da-geldi_f544c73.jpg\" data-orig-size=\"1000,666\" data-comments-opened=\"\" data-image-meta=\"{&quot;aperture&quot;:&quot;0&quot;,&quot;credit&quot;:&quot;IHA&quot;,&quot;camera&quot;:&quot;&quot;,&quot;caption&quot;:&quot;S\\u0130VAS\\u2019IN HAF\\u0130K \\u0130L\\u00c7ES\\u0130NE BA\\u011eLI G\\u00d6YD\\u00dcN K\\u00d6Y\\u00dcNDE YAKLA\\u015eIK B\\u0130R ASIR \\u00d6NCE B\\u0130R\\u0130 CAM\\u0130 \\u00c7ATISINDA D\\u0130\\u011eER\\u0130 \\u0130SE K\\u0130L\\u0130SE \\u00c7ATISINDA YUVA YAPAN LEYLEKLER\\u0130N SONRAK\\u0130 KU\\u015eAKLARI BU YIL DA YUVALARINA D\\u00d6ND\\u00dc. (ONUR ERDEN - VEYSEL KORKMAZ\\\/S\\u0130VAS-\\u0130HA)&quot;,&quot;created_timestamp&quot;:&quot;0&quot;,&quot;copyright&quot;:&quot;\\u0130HLAS HABER AJANSI, www.iha.com.tr&quot;,&quot;focal_length&quot;:&quot;0&quot;,&quot;iso&quot;:&quot;0&quot;,&quot;shutter_speed&quot;:&quot;0&quot;,&quot;title&quot;:&quot;O LEYLEKLER BU YIL DA GELD\\u0130 S\\u0130VAS\\u2019IN HAF\\u0130K \\u0130L\\u00c7ES\\u0130NDE BULUNAN G\\u00d6YD\\u00dcN K\\u00d6Y\\u00dcNDE YAKLA\\u015eIK B\\u0130R ASIR \\u00d6NCE B\\u0130R\\u0130 CAM\\u0130 \\u00c7ATISINDA D\\u0130\\u011eER\\u0130 \\u0130SE K\\u0130L\\u0130SE \\u00c7ATISINDA YUVA YAPAN LEYLEKLER\\u0130N SONRAK\\u0130 KU\\u015eAKLARI BU YIL DA YUVALARINA D\\u00d6ND\\u00dc&quot;,&quot;orientation&quot;:&quot;0&quot;}\" data-image-title=\"O leylekler bu y\u0131l da geldi\" data-image-description=\"&lt;p&gt;O leylekler bu y\u0131l da geldi&lt;\/p&gt; \" data-medium-file=\"https:\/\/i0.wp.com\/www.tvturk.com\/wp-content\/uploads\/2019\/04\/o-leylekler-bu-yil-da-geldi_f544c73.jpg?fit=300%2C200\" data-large-file=\"https:\/\/i0.wp.com\/www.tvturk.com\/wp-content\/uploads\/2019\/04\/o-leylekler-bu-yil-da-geldi_f544c73.jpg?fit=1000%2C666\" src=\"https:\/\/i0.wp.com\/www.tvturk.com\/wp-content\/uploads\/2019\/04\/o-leylekler-bu-yil-da-geldi_f544c73.jpg?w=330&#038;h=220\" srcset=\"https:\/\/i0.wp.com\/www.tvturk.com\/wp-content\/uploads\/2019\/04\/o-leylekler-bu-yil-da-geldi_f544c73.jpg?w=1000 1000w, https:\/\/i0.wp.com\/www.tvturk.com\/wp-content\/uploads\/2019\/04\/o-leylekler-bu-yil-da-geldi_f544c73.jpg?resize=150%2C100 150w, https:\/\/i0.wp.com\/www.tvturk.com\/wp-content\/uploads\/2019\/04\/o-leylekler-bu-yil-da-geldi_f544c73.jpg?resize=300%2C200 300w, https:\/\/i0.wp.com\/www.tvturk.com\/wp-content\/uploads\/2019\/04\/o-leylekler-bu-yil-da-geldi_f544c73.jpg?resize=768%2C511 768w, https:\/\/i0.wp.com\/www.tvturk.com\/wp-content\/uploads\/2019\/04\/o-leylekler-bu-yil-da-geldi_f544c73.jpg?resize=170%2C113 170w, https:\/\/i0.wp.com\/www.tvturk.com\/wp-content\/uploads\/2019\/04\/o-leylekler-bu-yil-da-geldi_f544c73.jpg?resize=120%2C80 120w\" width=\"330\" height=\"220\" loading=\"lazy\" data-original-width=\"330\" data-original-height=\"220\" itemprop=\"http:\/\/schema.org\/image\" title=\"O leylekler bu y\u0131l da geldi\" alt=\"O leylekler bu y\u0131l da geldi\" style=\"width: 330px; height: 220px;\" \/> <\/a> <\/div> <\/div> <!-- close group --> <div class=\"gallery-group images-2\" style=\"width: 166px; height: 224px;\" data-original-width=\"166\" data-original-height=\"224\" > <div class=\"tiled-gallery-item tiled-gallery-item-small\" itemprop=\"associatedMedia\" itemscope itemtype=\"http:\/\/schema.org\/ImageObject\"> <a href=\"http:\/\/www.tvturk.com\/index.php\/o-leylekler-bu-yil-da-geldi\/o-leylekler-bu-yil-da-geldi-4\/\" border=\"0\" itemprop=\"url\"> <meta itemprop=\"width\" content=\"162\"> <meta itemprop=\"height\" content=\"108\"> <img decoding=\"async\" class=\"\" data-attachment-id=\"143622\" data-orig-file=\"http:\/\/www.tvturk.com\/wp-content\/uploads\/2019\/04\/o-leylekler-bu-yil-da-geldi_cd7dca8.jpg\" data-orig-size=\"1000,666\" data-comments-opened=\"\" data-image-meta=\"{&quot;aperture&quot;:&quot;0&quot;,&quot;credit&quot;:&quot;IHA&quot;,&quot;camera&quot;:&quot;&quot;,&quot;caption&quot;:&quot;S\\u0130VAS\\u2019IN HAF\\u0130K \\u0130L\\u00c7ES\\u0130NE BA\\u011eLI G\\u00d6YD\\u00dcN K\\u00d6Y\\u00dcNDE YAKLA\\u015eIK B\\u0130R ASIR \\u00d6NCE B\\u0130R\\u0130 CAM\\u0130 \\u00c7ATISINDA D\\u0130\\u011eER\\u0130 \\u0130SE K\\u0130L\\u0130SE \\u00c7ATISINDA YUVA YAPAN LEYLEKLER\\u0130N SONRAK\\u0130 KU\\u015eAKLARI BU YIL DA YUVALARINA D\\u00d6ND\\u00dc. (ONUR ERDEN - VEYSEL KORKMAZ\\\/S\\u0130VAS-\\u0130HA)&quot;,&quot;created_timestamp&quot;:&quot;0&quot;,&quot;copyright&quot;:&quot;\\u0130HLAS HABER AJANSI, www.iha.com.tr&quot;,&quot;focal_length&quot;:&quot;0&quot;,&quot;iso&quot;:&quot;0&quot;,&quot;shutter_speed&quot;:&quot;0&quot;,&quot;title&quot;:&quot;O LEYLEKLER BU YIL DA GELD\\u0130 S\\u0130VAS\\u2019IN HAF\\u0130K \\u0130L\\u00c7ES\\u0130NDE BULUNAN G\\u00d6YD\\u00dcN K\\u00d6Y\\u00dcNDE YAKLA\\u015eIK B\\u0130R ASIR \\u00d6NCE B\\u0130R\\u0130 CAM\\u0130 \\u00c7ATISINDA D\\u0130\\u011eER\\u0130 \\u0130SE K\\u0130L\\u0130SE \\u00c7ATISINDA YUVA YAPAN LEYLEKLER\\u0130N SONRAK\\u0130 KU\\u015eAKLARI BU YIL DA YUVALARINA D\\u00d6ND\\u00dc&quot;,&quot;orientation&quot;:&quot;0&quot;}\" data-image-title=\"O leylekler bu y\u0131l da geldi\" data-image-description=\"&lt;p&gt;O leylekler bu y\u0131l da geldi&lt;\/p&gt; \" data-medium-file=\"https:\/\/i0.wp.com\/www.tvturk.com\/wp-content\/uploads\/2019\/04\/o-leylekler-bu-yil-da-geldi_cd7dca8.jpg?fit=300%2C200\" data-large-file=\"https:\/\/i0.wp.com\/www.tvturk.com\/wp-content\/uploads\/2019\/04\/o-leylekler-bu-yil-da-geldi_cd7dca8.jpg?fit=1000%2C666\" src=\"https:\/\/i0.wp.com\/www.tvturk.com\/wp-content\/uploads\/2019\/04\/o-leylekler-bu-yil-da-geldi_cd7dca8.jpg?w=162&#038;h=108\" srcset=\"https:\/\/i0.wp.com\/www.tvturk.com\/wp-content\/uploads\/2019\/04\/o-leylekler-bu-yil-da-geldi_cd7dca8.jpg?w=1000 1000w, https:\/\/i0.wp.com\/www.tvturk.com\/wp-content\/uploads\/2019\/04\/o-leylekler-bu-yil-da-geldi_cd7dca8.jpg?resize=150%2C100 150w, https:\/\/i0.wp.com\/www.tvturk.com\/wp-content\/uploads\/2019\/04\/o-leylekler-bu-yil-da-geldi_cd7dca8.jpg?resize=300%2C200 300w, https:\/\/i0.wp.com\/www.tvturk.com\/wp-content\/uploads\/2019\/04\/o-leylekler-bu-yil-da-geldi_cd7dca8.jpg?resize=768%2C511 768w, https:\/\/i0.wp.com\/www.tvturk.com\/wp-content\/uploads\/2019\/04\/o-leylekler-bu-yil-da-geldi_cd7dca8.jpg?resize=170%2C113 170w, https:\/\/i0.wp.com\/www.tvturk.com\/wp-content\/uploads\/2019\/04\/o-leylekler-bu-yil-da-geldi_cd7dca8.jpg?resize=120%2C80 120w\" width=\"162\" height=\"108\" loading=\"lazy\" data-original-width=\"162\" data-original-height=\"108\" itemprop=\"http:\/\/schema.org\/image\" title=\"O leylekler bu y\u0131l da geldi\" alt=\"O leylekler bu y\u0131l da geldi\" style=\"width: 162px; height: 108px;\" \/> <\/a> <\/div> <div class=\"tiled-gallery-item tiled-gallery-item-small\" itemprop=\"associatedMedia\" itemscope itemtype=\"http:\/\/schema.org\/ImageObject\"> <a href=\"http:\/\/www.tvturk.com\/index.php\/o-leylekler-bu-yil-da-geldi\/o-leylekler-bu-yil-da-geldi-5\/\" border=\"0\" itemprop=\"url\"> <meta itemprop=\"width\" content=\"162\"> <meta itemprop=\"height\" content=\"108\"> <img decoding=\"async\" class=\"\" data-attachment-id=\"143623\" data-orig-file=\"http:\/\/www.tvturk.com\/wp-content\/uploads\/2019\/04\/o-leylekler-bu-yil-da-geldi_3dad999.jpg\" data-orig-size=\"1000,666\" data-comments-opened=\"\" data-image-meta=\"{&quot;aperture&quot;:&quot;0&quot;,&quot;credit&quot;:&quot;IHA&quot;,&quot;camera&quot;:&quot;&quot;,&quot;caption&quot;:&quot;S\\u0130VAS\\u2019IN HAF\\u0130K \\u0130L\\u00c7ES\\u0130NE BA\\u011eLI G\\u00d6YD\\u00dcN K\\u00d6Y\\u00dcNDE YAKLA\\u015eIK B\\u0130R ASIR \\u00d6NCE B\\u0130R\\u0130 CAM\\u0130 \\u00c7ATISINDA D\\u0130\\u011eER\\u0130 \\u0130SE K\\u0130L\\u0130SE \\u00c7ATISINDA YUVA YAPAN LEYLEKLER\\u0130N SONRAK\\u0130 KU\\u015eAKLARI BU YIL DA YUVALARINA D\\u00d6ND\\u00dc. (ONUR ERDEN - VEYSEL KORKMAZ\\\/S\\u0130VAS-\\u0130HA)&quot;,&quot;created_timestamp&quot;:&quot;0&quot;,&quot;copyright&quot;:&quot;\\u0130HLAS HABER AJANSI, www.iha.com.tr&quot;,&quot;focal_length&quot;:&quot;0&quot;,&quot;iso&quot;:&quot;0&quot;,&quot;shutter_speed&quot;:&quot;0&quot;,&quot;title&quot;:&quot;O LEYLEKLER BU YIL DA GELD\\u0130 S\\u0130VAS\\u2019IN HAF\\u0130K \\u0130L\\u00c7ES\\u0130NDE BULUNAN G\\u00d6YD\\u00dcN K\\u00d6Y\\u00dcNDE YAKLA\\u015eIK B\\u0130R ASIR \\u00d6NCE B\\u0130R\\u0130 CAM\\u0130 \\u00c7ATISINDA D\\u0130\\u011eER\\u0130 \\u0130SE K\\u0130L\\u0130SE \\u00c7ATISINDA YUVA YAPAN LEYLEKLER\\u0130N SONRAK\\u0130 KU\\u015eAKLARI BU YIL DA YUVALARINA D\\u00d6ND\\u00dc&quot;,&quot;orientation&quot;:&quot;0&quot;}\" data-image-title=\"O leylekler bu y\u0131l da geldi\" data-image-description=\"&lt;p&gt;O leylekler bu y\u0131l da geldi&lt;\/p&gt; \" data-medium-file=\"https:\/\/i0.wp.com\/www.tvturk.com\/wp-content\/uploads\/2019\/04\/o-leylekler-bu-yil-da-geldi_3dad999.jpg?fit=300%2C200\" data-large-file=\"https:\/\/i0.wp.com\/www.tvturk.com\/wp-content\/uploads\/2019\/04\/o-leylekler-bu-yil-da-geldi_3dad999.jpg?fit=1000%2C666\" src=\"https:\/\/i0.wp.com\/www.tvturk.com\/wp-content\/uploads\/2019\/04\/o-leylekler-bu-yil-da-geldi_3dad999.jpg?w=162&#038;h=108\" srcset=\"https:\/\/i0.wp.com\/www.tvturk.com\/wp-content\/uploads\/2019\/04\/o-leylekler-bu-yil-da-geldi_3dad999.jpg?w=1000 1000w, https:\/\/i0.wp.com\/www.tvturk.com\/wp-content\/uploads\/2019\/04\/o-leylekler-bu-yil-da-geldi_3dad999.jpg?resize=150%2C100 150w, https:\/\/i0.wp.com\/www.tvturk.com\/wp-content\/uploads\/2019\/04\/o-leylekler-bu-yil-da-geldi_3dad999.jpg?resize=300%2C200 300w, https:\/\/i0.wp.com\/www.tvturk.com\/wp-content\/uploads\/2019\/04\/o-leylekler-bu-yil-da-geldi_3dad999.jpg?resize=768%2C511 768w, https:\/\/i0.wp.com\/www.tvturk.com\/wp-content\/uploads\/2019\/04\/o-leylekler-bu-yil-da-geldi_3dad999.jpg?resize=170%2C113 170w, https:\/\/i0.wp.com\/www.tvturk.com\/wp-content\/uploads\/2019\/04\/o-leylekler-bu-yil-da-geldi_3dad999.jpg?resize=120%2C80 120w\" width=\"162\" height=\"108\" loading=\"lazy\" data-original-width=\"162\" data-original-height=\"108\" itemprop=\"http:\/\/schema.org\/image\" title=\"O leylekler bu y\u0131l da geldi\" alt=\"O leylekler bu y\u0131l da geldi\" style=\"width: 162px; height: 108px;\" \/> <\/a> <\/div> <\/div> <!-- close group --> <\/div> <!-- close row --> <div class=\"gallery-row\" style=\"width: 500px; height: 154px;\" data-original-width=\"500\" data-original-height=\"154\" > <div class=\"gallery-group images-1\" style=\"width: 229px; height: 154px;\" data-original-width=\"229\" data-original-height=\"154\" > <div class=\"tiled-gallery-item tiled-gallery-item-small\" itemprop=\"associatedMedia\" itemscope itemtype=\"http:\/\/schema.org\/ImageObject\"> <a href=\"http:\/\/www.tvturk.com\/index.php\/o-leylekler-bu-yil-da-geldi\/o-leylekler-bu-yil-da-geldi-6\/\" border=\"0\" itemprop=\"url\"> <meta itemprop=\"width\" content=\"225\"> <meta itemprop=\"height\" content=\"150\"> <img decoding=\"async\" class=\"\" data-attachment-id=\"143624\" data-orig-file=\"http:\/\/www.tvturk.com\/wp-content\/uploads\/2019\/04\/o-leylekler-bu-yil-da-geldi_cd7dca8.jpg\" data-orig-size=\"1000,666\" data-comments-opened=\"\" data-image-meta=\"{&quot;aperture&quot;:&quot;0&quot;,&quot;credit&quot;:&quot;IHA&quot;,&quot;camera&quot;:&quot;&quot;,&quot;caption&quot;:&quot;S\\u0130VAS\\u2019IN HAF\\u0130K \\u0130L\\u00c7ES\\u0130NE BA\\u011eLI G\\u00d6YD\\u00dcN K\\u00d6Y\\u00dcNDE YAKLA\\u015eIK B\\u0130R ASIR \\u00d6NCE B\\u0130R\\u0130 CAM\\u0130 \\u00c7ATISINDA D\\u0130\\u011eER\\u0130 \\u0130SE K\\u0130L\\u0130SE \\u00c7ATISINDA YUVA YAPAN LEYLEKLER\\u0130N SONRAK\\u0130 KU\\u015eAKLARI BU YIL DA YUVALARINA D\\u00d6ND\\u00dc. (ONUR ERDEN - VEYSEL KORKMAZ\\\/S\\u0130VAS-\\u0130HA)&quot;,&quot;created_timestamp&quot;:&quot;0&quot;,&quot;copyright&quot;:&quot;\\u0130HLAS HABER AJANSI, www.iha.com.tr&quot;,&quot;focal_length&quot;:&quot;0&quot;,&quot;iso&quot;:&quot;0&quot;,&quot;shutter_speed&quot;:&quot;0&quot;,&quot;title&quot;:&quot;O LEYLEKLER BU YIL DA GELD\\u0130 S\\u0130VAS\\u2019IN HAF\\u0130K \\u0130L\\u00c7ES\\u0130NDE BULUNAN G\\u00d6YD\\u00dcN K\\u00d6Y\\u00dcNDE YAKLA\\u015eIK B\\u0130R ASIR \\u00d6NCE B\\u0130R\\u0130 CAM\\u0130 \\u00c7ATISINDA D\\u0130\\u011eER\\u0130 \\u0130SE K\\u0130L\\u0130SE \\u00c7ATISINDA YUVA YAPAN LEYLEKLER\\u0130N SONRAK\\u0130 KU\\u015eAKLARI BU YIL DA YUVALARINA D\\u00d6ND\\u00dc&quot;,&quot;orientation&quot;:&quot;0&quot;}\" data-image-title=\"O leylekler bu y\u0131l da geldi\" data-image-description=\"&lt;p&gt;O leylekler bu y\u0131l da geldi&lt;\/p&gt; \" data-medium-file=\"https:\/\/i0.wp.com\/www.tvturk.com\/wp-content\/uploads\/2019\/04\/o-leylekler-bu-yil-da-geldi_cd7dca8.jpg?fit=300%2C200\" data-large-file=\"https:\/\/i0.wp.com\/www.tvturk.com\/wp-content\/uploads\/2019\/04\/o-leylekler-bu-yil-da-geldi_cd7dca8.jpg?fit=1000%2C666\" src=\"https:\/\/i0.wp.com\/www.tvturk.com\/wp-content\/uploads\/2019\/04\/o-leylekler-bu-yil-da-geldi_cd7dca8.jpg?w=225&#038;h=150\" srcset=\"https:\/\/i0.wp.com\/www.tvturk.com\/wp-content\/uploads\/2019\/04\/o-leylekler-bu-yil-da-geldi_cd7dca8.jpg?w=1000 1000w, https:\/\/i0.wp.com\/www.tvturk.com\/wp-content\/uploads\/2019\/04\/o-leylekler-bu-yil-da-geldi_cd7dca8.jpg?resize=150%2C100 150w, https:\/\/i0.wp.com\/www.tvturk.com\/wp-content\/uploads\/2019\/04\/o-leylekler-bu-yil-da-geldi_cd7dca8.jpg?resize=300%2C200 300w, https:\/\/i0.wp.com\/www.tvturk.com\/wp-content\/uploads\/2019\/04\/o-leylekler-bu-yil-da-geldi_cd7dca8.jpg?resize=768%2C511 768w, https:\/\/i0.wp.com\/www.tvturk.com\/wp-content\/uploads\/2019\/04\/o-leylekler-bu-yil-da-geldi_cd7dca8.jpg?resize=170%2C113 170w, https:\/\/i0.wp.com\/www.tvturk.com\/wp-content\/uploads\/2019\/04\/o-leylekler-bu-yil-da-geldi_cd7dca8.jpg?resize=120%2C80 120w\" width=\"225\" height=\"150\" loading=\"lazy\" data-original-width=\"225\" data-original-height=\"150\" itemprop=\"http:\/\/schema.org\/image\" title=\"O leylekler bu y\u0131l da geldi\" alt=\"O leylekler bu y\u0131l da geldi\" style=\"width: 225px; height: 150px;\" \/> <\/a> <\/div> <\/div> <!-- close group --> <div class=\"gallery-group images-1\" style=\"width: 271px; height: 154px;\" data-original-width=\"271\" data-original-height=\"154\" > <div class=\"tiled-gallery-item tiled-gallery-item-large\" itemprop=\"associatedMedia\" itemscope itemtype=\"http:\/\/schema.org\/ImageObject\"> <a href=\"http:\/\/www.tvturk.com\/index.php\/o-leylekler-bu-yil-da-geldi\/o-leylekler-bu-yil-da-geldi-7\/\" border=\"0\" itemprop=\"url\"> <meta itemprop=\"width\" content=\"267\"> <meta itemprop=\"height\" content=\"150\"> <img decoding=\"async\" class=\"\" data-attachment-id=\"143625\" data-orig-file=\"http:\/\/www.tvturk.com\/wp-content\/uploads\/2019\/04\/o-leylekler-bu-yil-da-geldi_ad8a673.jpg\" data-orig-size=\"1000,562\" data-comments-opened=\"\" data-image-meta=\"{&quot;aperture&quot;:&quot;0&quot;,&quot;credit&quot;:&quot;IHA&quot;,&quot;camera&quot;:&quot;&quot;,&quot;caption&quot;:&quot;S\\u0130VAS\\u2019IN HAF\\u0130K \\u0130L\\u00c7ES\\u0130NE BA\\u011eLI G\\u00d6YD\\u00dcN K\\u00d6Y\\u00dcNDE YAKLA\\u015eIK B\\u0130R ASIR \\u00d6NCE B\\u0130R\\u0130 CAM\\u0130 \\u00c7ATISINDA D\\u0130\\u011eER\\u0130 \\u0130SE K\\u0130L\\u0130SE \\u00c7ATISINDA YUVA YAPAN LEYLEKLER\\u0130N SONRAK\\u0130 KU\\u015eAKLARI BU YIL DA YUVALARINA D\\u00d6ND\\u00dc. (ONUR ERDEN - VEYSEL KORKMAZ\\\/S\\u0130VAS-\\u0130HA)&quot;,&quot;created_timestamp&quot;:&quot;0&quot;,&quot;copyright&quot;:&quot;\\u0130HLAS HABER AJANSI, www.iha.com.tr&quot;,&quot;focal_length&quot;:&quot;0&quot;,&quot;iso&quot;:&quot;0&quot;,&quot;shutter_speed&quot;:&quot;0&quot;,&quot;title&quot;:&quot;O LEYLEKLER BU YIL DA GELD\\u0130 S\\u0130VAS\\u2019IN HAF\\u0130K \\u0130L\\u00c7ES\\u0130NDE BULUNAN G\\u00d6YD\\u00dcN K\\u00d6Y\\u00dcNDE YAKLA\\u015eIK B\\u0130R ASIR \\u00d6NCE B\\u0130R\\u0130 CAM\\u0130 \\u00c7ATISINDA D\\u0130\\u011eER\\u0130 \\u0130SE K\\u0130L\\u0130SE \\u00c7ATISINDA YUVA YAPAN LEYLEKLER\\u0130N SONRAK\\u0130 KU\\u015eAKLARI BU YIL DA YUVALARINA D\\u00d6ND\\u00dc&quot;,&quot;orientation&quot;:&quot;0&quot;}\" data-image-title=\"O leylekler bu y\u0131l da geldi\" data-image-description=\"&lt;p&gt;O leylekler bu y\u0131l da geldi&lt;\/p&gt; \" data-medium-file=\"https:\/\/i0.wp.com\/www.tvturk.com\/wp-content\/uploads\/2019\/04\/o-leylekler-bu-yil-da-geldi_ad8a673.jpg?fit=300%2C169\" data-large-file=\"https:\/\/i0.wp.com\/www.tvturk.com\/wp-content\/uploads\/2019\/04\/o-leylekler-bu-yil-da-geldi_ad8a673.jpg?fit=1000%2C562\" src=\"https:\/\/i0.wp.com\/www.tvturk.com\/wp-content\/uploads\/2019\/04\/o-leylekler-bu-yil-da-geldi_ad8a673.jpg?w=267&#038;h=150\" srcset=\"https:\/\/i0.wp.com\/www.tvturk.com\/wp-content\/uploads\/2019\/04\/o-leylekler-bu-yil-da-geldi_ad8a673.jpg?w=1000 1000w, https:\/\/i0.wp.com\/www.tvturk.com\/wp-content\/uploads\/2019\/04\/o-leylekler-bu-yil-da-geldi_ad8a673.jpg?resize=150%2C84 150w, https:\/\/i0.wp.com\/www.tvturk.com\/wp-content\/uploads\/2019\/04\/o-leylekler-bu-yil-da-geldi_ad8a673.jpg?resize=300%2C169 300w, https:\/\/i0.wp.com\/www.tvturk.com\/wp-content\/uploads\/2019\/04\/o-leylekler-bu-yil-da-geldi_ad8a673.jpg?resize=768%2C432 768w, https:\/\/i0.wp.com\/www.tvturk.com\/wp-content\/uploads\/2019\/04\/o-leylekler-bu-yil-da-geldi_ad8a673.jpg?resize=200%2C113 200w\" width=\"267\" height=\"150\" loading=\"lazy\" data-original-width=\"267\" data-original-height=\"150\" itemprop=\"http:\/\/schema.org\/image\" title=\"O leylekler bu y\u0131l da geldi\" alt=\"O leylekler bu y\u0131l da geldi\" style=\"width: 267px; height: 150px;\" \/> <\/a> <\/div> <\/div> <!-- close group --> <\/div> <!-- close row --> <\/div><\/p>\n","protected":false},"excerpt":{"rendered":"<p>S\u0130VAS\u2019IN HAF\u0130K \u0130L\u00c7ES\u0130NE BA\u011eLI G\u00d6YD\u00dcN K\u00d6Y\u00dcNDE YAKLA\u015eIK B\u0130R ASIR \u00d6NCE B\u0130R\u0130 CAM\u0130 \u00c7ATISINDA D\u0130\u011eER\u0130 \u0130SE K\u0130L\u0130SE \u00c7ATISINDA YUVA YAPAN LEYLEKLER\u0130N SONRAK\u0130 KU\u015eAKLARI BU YIL DA YUVALARINA D\u00d6ND\u00dc.<\/p>\n","protected":false},"author":1,"featured_media":143620,"comment_status":"closed","ping_status":"open","sticky":false,"template":"","format":"standard","meta":{"jetpack_post_was_ever_published":false,"_jetpack_newsletter_access":"","_jetpack_dont_email_post_to_subs":false,"_jetpack_newsletter_tier_id":0,"_jetpack_memberships_contains_paywalled_content":false,"_jetpack_memberships_contains_paid_content":false,"footnotes":"","jetpack_publicize_message":"","jetpack_publicize_feature_enabled":true,"jetpack_social_post_already_shared":true,"jetpack_social_options":{"image_generator_settings":{"template":"highway","default_image_id":0,"font":"","enabled":false},"version":2}},"categories":[1],"tags":[127,3624,231],"class_list":["post-143619","post","type-post","status-publish","format-standard","has-post-thumbnail","hentry","category-genel","tag-geldi","tag-leylekler","tag-yil"],"jetpack_publicize_connections":[],"jetpack_featured_media_url":"https:\/\/i0.wp.com\/www.tvturk.com\/wp-content\/uploads\/2019\/04\/o-leylekler-bu-yil-da-geldi_33fdea3.jpg?fit=1000%2C562","jetpack_sharing_enabled":true,"jetpack_shortlink":"https:\/\/wp.me\/paKIfm-Bmr","_links":{"self":[{"href":"http:\/\/www.tvturk.com\/index.php\/wp-json\/wp\/v2\/posts\/143619","targetHints":{"allow":["GET"]}}],"collection":[{"href":"http:\/\/www.tvturk.com\/index.php\/wp-json\/wp\/v2\/posts"}],"about":[{"href":"http:\/\/www.tvturk.com\/index.php\/wp-json\/wp\/v2\/types\/post"}],"author":[{"embeddable":true,"href":"http:\/\/www.tvturk.com\/index.php\/wp-json\/wp\/v2\/users\/1"}],"replies":[{"embeddable":true,"href":"http:\/\/www.tvturk.com\/index.php\/wp-json\/wp\/v2\/comments?post=143619"}],"version-history":[{"count":1,"href":"http:\/\/www.tvturk.com\/index.php\/wp-json\/wp\/v2\/posts\/143619\/revisions"}],"predecessor-version":[{"id":143626,"href":"http:\/\/www.tvturk.com\/index.php\/wp-json\/wp\/v2\/posts\/143619\/revisions\/143626"}],"wp:featuredmedia":[{"embeddable":true,"href":"http:\/\/www.tvturk.com\/index.php\/wp-json\/wp\/v2\/media\/143620"}],"wp:attachment":[{"href":"http:\/\/www.tvturk.com\/index.php\/wp-json\/wp\/v2\/media?parent=143619"}],"wp:term":[{"taxonomy":"category","embeddable":true,"href":"http:\/\/www.tvturk.com\/index.php\/wp-json\/wp\/v2\/categories?post=143619"},{"taxonomy":"post_tag","embeddable":true,"href":"http:\/\/www.tvturk.com\/index.php\/wp-json\/wp\/v2\/tags?post=143619"}],"curies":[{"name":"wp","href":"https:\/\/api.w.org\/{rel}","templated":true}]}}