{"id":143688,"date":"2019-04-20T10:01:20","date_gmt":"2019-04-20T07:01:20","guid":{"rendered":"http:\/\/www.tvturk.com\/index.php\/tikavda-hedef-gelecek-10-yilda-100-bin-kisiye-dokunmak\/"},"modified":"2019-04-20T10:01:21","modified_gmt":"2019-04-20T07:01:21","slug":"tikavda-hedef-gelecek-10-yilda-100-bin-kisiye-dokunmak","status":"publish","type":"post","link":"http:\/\/www.tvturk.com\/index.php\/tikavda-hedef-gelecek-10-yilda-100-bin-kisiye-dokunmak\/","title":{"rendered":"T\u0130KAV\u2019da hedef; gelecek 10 y\u0131lda 100 bin ki\u015fiye dokunmak"},"content":{"rendered":"<p>Akfen Holding\u2019in kurdu\u011fu T\u00fcrkiye \u0130nsan Kaynaklar\u0131, E\u011fitim ve Sa\u011fl\u0131k Vakf\u0131 (T\u0130KAV), gelecek 10 y\u0131lda mevcut projelerinin alan\u0131n\u0131 geni\u015fleterek yakla\u015f\u0131k 100 bin ki\u015fiye dokunmay\u0131 hedefliyor.<\/p>\n<p>Akfen Holding taraf\u0131ndan sosyal sorumluluk projeleri ger\u00e7ekle\u015ftirmek \u00fczere 1999 y\u0131l\u0131ndan bu yana \u00e7e\u015fitli toplumsal aktivitelerle faaliyetlerini s\u00fcrd\u00fcren T\u00fcrkiye \u0130nsan Kaynaklar\u0131 E\u011fitim ve Sa\u011fl\u0131k Vakf\u0131 (T\u0130KAV), bu y\u0131l 20\u2019nci y\u0131l\u0131n\u0131 kurulu\u015f y\u0131l\u0131n\u0131 kutluyor.<\/p>\n<p>T\u0130KAV, \u00fcniversite \u00f6\u011frencilerine y\u00f6nelik Bireysel Geli\u015fim Program\u0131, 14-24 ya\u015f aras\u0131 ki\u015fisel geli\u015fim program\u0131 Edinburgh D\u00fck\u00fc Uluslararas\u0131 \u00d6d\u00fcl Program\u0131 ve toplumun \u00e7e\u015fitli sorunlar\u0131na kar\u015f\u0131 e\u011fitim verdi\u011fi Ulusal Projeler ad\u0131 alt\u0131nda 3 ana ba\u015fl\u0131kta faaliyetlerini y\u00fcr\u00fct\u00fcyor. Vakf\u0131n odak merkezini \u00e7ocuklar, gen\u00e7ler ve kad\u0131nlar olu\u015fturuyor.<\/p>\n<p>Kuruldu\u011fu 1999 y\u0131l\u0131ndan bu yana 30 bin ki\u015fiye ula\u015fan T\u0130KAV, bu ad\u0131mlar\u0131n\u0131 g\u00fc\u00e7lendirerek gelecek 10 y\u0131lda 100 bin ki\u015fiye dokunmay\u0131 hedefliyor.<\/p>\n<p>\u201cProjelerimizle 3 koldan toplumu kucakl\u0131yoruz\u201d<\/p>\n<p>T\u0130KAV M\u00fctevelli Heyeti \u00dcyesi ve Akfen Holding Y\u00f6netim Kurulu \u00dcyesi Pelin Ak\u0131n \u00d6zalp, T\u0130KAV olarak faaliyetlerinin merkezine \u00e7ocuk, gen\u00e7 ve kad\u0131nlar\u0131 koyduklar\u0131n\u0131 s\u00f6yledi.<\/p>\n<p>3 \u00f6nemli alanda hayata ge\u00e7irdikleri organizasyonlar ile toplumun \u00f6nemli kesimlerine dokunmay\u0131 hedeflediklerini anlatan \u00d6zalp, \u201cBireysel Geli\u015fim Program\u0131 ile gen\u00e7lerimize f\u0131rsat e\u015fitli\u011fi sa\u011flayacak faaliyetleri sunarken, Edinburgh D\u00fck\u00fc \u00d6d\u00fcl Program\u0131 ile 14-24 ya\u015f aras\u0131 gen\u00e7lerin kendilerini geli\u015ftirmelerine katk\u0131da bulunuyoruz. Ulusal Projelerimizde ise kendi ailelerine fark\u0131ndal\u0131k olu\u015fturacak kad\u0131nlar\u0131m\u0131za \u00e7e\u015fitli konularda e\u011fitim veriyoruz. B\u00fct\u00fcn projelerimizle 3 koldan toplumu kucakl\u0131yoruz\u201d diye konu\u015ftu.<\/p>\n<p>Gelecek d\u00f6nemde projelerinin alanlar\u0131n\u0131 daha da geni\u015flemesiyle, daha fazla insana ula\u015facaklar\u0131n\u0131 ifade eden Pelin Ak\u0131n \u00d6zalp, \u201c\u00d6zellikle Edinburgh D\u00fck\u00fc program\u0131nda 2020 y\u0131l\u0131ndan itibaren e\u011fitim kurumlar\u0131n\u0131n say\u0131s\u0131n\u0131n 140\u2019a \u00e7\u0131kmas\u0131yla y\u0131ll\u0131k 8500 kat\u0131l\u0131mc\u0131 gence dokunaca\u011f\u0131m\u0131z\u0131 \u00f6ng\u00f6r\u00fcyoruz. Ulusal Projeler k\u0131sm\u0131nda ise uygulad\u0131\u011f\u0131m\u0131z nokta ve kat\u0131l\u0131mc\u0131 say\u0131s\u0131 her y\u0131l katlanarak art\u0131yor. Buradan hareketle gelecek 10 y\u0131lda 100 bin ki\u015fiye ula\u015fmay\u0131 hedefliyoruz\u201d ifadelerini kulland\u0131.<\/p>\n<p>Hijyen Sa\u011f\u0131kt\u0131r Projesi Elaz\u0131\u011f\u2019da kad\u0131nlarla bulu\u015ftu<\/p>\n<p>Yap\u0131lan a\u00e7\u0131klamaya g\u00f6re, T\u0130KAV koordinat\u00f6rl\u00fc\u011f\u00fcnde 2019 y\u0131l\u0131 boyunca Akfen Yenilenebilir Enerji \u015firketinin elektrik \u00fcretim santrali yat\u0131r\u0131mlar\u0131n\u0131n bulundu\u011fu T\u00fcrkiye\u2019nin 26 farkl\u0131 k\u0131rsal b\u00f6lgesinde ger\u00e7ekle\u015ftirilecek \u201cHijyen Sa\u011fl\u0131kt\u0131r\u201d projesi h\u0131zla devam ediyor.<\/p>\n<p>2019 y\u0131l\u0131 ba\u015f\u0131yla birlikte Mersin Anamur, Mu\u011fla Ula &#8211; Seydikemer, Amasya Merkez, Kayseri Yahyal\u0131, Sivas Gemerek, Tokat Turhal, Konya Ere\u011fli &#8211; Saray\u00f6n\u00fc ve Erzurum Aziziye\u2019de kad\u0131nlarla bulu\u015fan etkinli\u011fin 12\u2019ncisi Elaz\u0131\u011f\u2019da ger\u00e7ekle\u015ftirildi. Kad\u0131nlar, e\u011fitimlerde, ya\u015fam alan\u0131, beden ve besin hijyeni konular\u0131nda bilgilendirilirken, e\u011fitimlerin ard\u0131ndan kat\u0131l\u0131mc\u0131lara sertifikalar\u0131 ve proje kapsam\u0131nda haz\u0131rlanan hediye paketleri de takdim edildi.<\/p>\n<p>26 farkl\u0131 b\u00f6lgede y\u0131l sonuna kadar 2 bin kad\u0131na ula\u015f\u0131l\u0131p, hijyen konusunda e\u011fitim verilmesi ama\u00e7lanan \u2018Hijyen Sa\u011fl\u0131kt\u0131r\u2019 projesinde Giresun Bulancak &#8211; Dereli, Trabzon K\u00f6pr\u00fcba\u015f\u0131, Van Edremit-\u00c7i\u00e7ekli, Denizli Kale-Ac\u0131payam, Ayd\u0131n Bozdo\u011fan-Karacasu, Sakarya Gevye, \u00c7anakkale Merkez-Lapseki noktalar\u0131yla 2019 y\u0131l\u0131 program\u0131 tamamlanacak.<\/p>\n<p>1.Bireysel Geli\u015fim Program\u0131:<\/p>\n<p>T\u0130KAV, 1999 y\u0131l\u0131ndan bu yana, toplumsal ve ekonomik nedenlerle e\u011fitim, k\u00fclt\u00fcr ve ki\u015fisel geli\u015fim olanaklar\u0131na ula\u015fmada zorluk \u00e7eken Do\u011fu ve G\u00fcneydo\u011fu Anadolu B\u00f6lgelerinde \u00f6\u011frenim g\u00f6ren \u00fcniversite \u00f6\u011frencilerine f\u0131rsat e\u015fitli\u011fi sa\u011flayabilmek amac\u0131yla Bireysel Geli\u015fim Program\u0131\u2019n\u0131 (BGP) uyguluyor. Program \u00f6\u011frencileri \u00e7e\u015fitli ya\u015fam becerileri ile donatarak, onlar\u0131 \u00fcniversite sonras\u0131 \u00e7al\u0131\u015fma hayat\u0131na ve sosyal hayata haz\u0131rlamay\u0131 ama\u00e7l\u0131yor.<\/p>\n<p>\u00dcniversite birinci s\u0131n\u0131ftan ba\u015flayarak d\u00f6rd\u00fcnc\u00fc s\u0131n\u0131f\u0131n sonuna kadar bursiyer \u00f6\u011frenciler 30\u2019un \u00fczerinde ki\u015fisel geli\u015fim e\u011fitimlerine kat\u0131larak, yabanc\u0131 dil ve bilgisayar e\u011fitimlerine, k\u00fclt\u00fcr-sanat ve toplum hizmeti programlar\u0131na, ulusal ve uluslararas\u0131 projelere, s\u00f6yle\u015filere, mesleki programlara kat\u0131larak bilgi ve becerilerini zenginle\u015ftiriyorlar.<\/p>\n<p>E\u011fitimlerden baz\u0131lar\u0131 diksiyon, protokol ve nezaket kurallar\u0131, \u00f6z bak\u0131m ve di\u015f sa\u011fl\u0131\u011f\u0131, kreatif drama, duygusal zeka, i\u015f hayat\u0131na haz\u0131rl\u0131k e\u011fitimi olarak \u00f6ne \u00e7\u0131k\u0131yor.<\/p>\n<p>E\u011fitimdeki \u00f6\u011frencilere profesyonel hayat\u0131n kap\u0131lar\u0131n\u0131 aralamak ve i\u015f d\u00fcnyas\u0131nda sosyal sorumluluk bilincini yaymay\u0131 ama\u00e7layan T\u0130KAV Kariyer At\u00f6lyesi Menti-Mentor Program\u0131 da uygulan\u0131yor.<\/p>\n<p>Her iki y\u0131lda bir Elaz\u0131\u011f F\u0131rat \u00dcniversitesi\u2019nde \u00f6\u011frenim g\u00f6ren 25 \u00f6\u011frencinin kabul edildi\u011fi Bireysel Geli\u015fim Program\u0131\u2019na \u015fimdiye kadar 297 bursiyer kat\u0131ld\u0131. Bunlar\u0131n 192\u2019si program\u0131 tamamlarken, 36 bursiyerin e\u011fitim faaliyetleri devam ediyor.<\/p>\n<p>2.Ulusal Projeler<\/p>\n<p>T\u0130KAV, Ulusal Projeler ad\u0131yla 2010 y\u0131l\u0131ndan bu yana her y\u0131l ele ald\u0131\u011f\u0131 \u00f6zel sorunlara y\u00f6nelik \u00e7e\u015fitli kurumlarla olu\u015fturdu\u011fu i\u015fbirlikleri ile \u00e7e\u015fitli programlar\u0131 hayata ge\u00e7iriyor.<\/p>\n<p>T\u0130KAV, Ulusal Projeler ba\u015fl\u0131\u011f\u0131 alt\u0131nda bug\u00fcne kadar ger\u00e7ekle\u015ftirdi\u011fi 10\u2019u a\u015fk\u0131n projede i\u015f d\u00fcnyas\u0131ndan insanlarla, gen\u00e7lerle, da\u011f k\u00f6ylerinde ya\u015fayan \u00e7ocuklarla, kad\u0131nlarla, muhtarlarla, engelli yak\u0131nlar\u0131yla, hastanelerde tedavi g\u00f6ren \u00e7ocuklar ve onlara refakat eden anneler olmak \u00fczere toplumun farkl\u0131 kesimlerinden 11 bini a\u015fk\u0131n insanla bulu\u015ftu.<\/p>\n<p>Son 3 y\u0131ld\u0131r Akfen Yenilenebilir Enerji \u015firketinin \u00e7o\u011fu k\u0131rsal b\u00f6lgede yer alan santral yat\u0131r\u0131mlar\u0131n\u0131n oldu\u011fu noktalarda halka y\u00f6nelik e\u011fitim projeleri geli\u015ftiriyor.<\/p>\n<p>2017 y\u0131l\u0131nda T\u0130KAV ve Akfen Yenilenebilir Enerji A.\u015e. i\u015fbirli\u011finde hayata ge\u00e7irilen \u201cEvde Okullu Olduk Projesi\u201d T\u00fcrkiye\u2019de 15 farkl\u0131 lokasyonda uyguland\u0131. Proje kapsam\u0131nda annelere; 0-6 ya\u015f grubu \u00e7ocuklar\u0131n sa\u011fl\u0131k taramalar\u0131, ev kazalar\u0131 hakk\u0131nda bilgi verildi. \u00c7ocuklarla nitelikli zaman ge\u00e7irebilmek evde bulunan kolay ula\u015f\u0131labilen malzemelerle okul \u00f6ncesi etkinlik at\u00f6lye \u00e7al\u0131\u015fmas\u0131 yap\u0131lan proje ile 800 ki\u015fiye ula\u015f\u0131ld\u0131.<\/p>\n<p>2018 y\u0131l\u0131nda yine Akfen Yenilenebilir Enerji ortakl\u0131\u011f\u0131nda \u201c\u00d6nce Sa\u011fl\u0131k Projesi\u201d kapsam\u0131nda ger\u00e7ekle\u015ftirilen 17 \u00e7al\u0131\u015fma sonras\u0131nda 1500 ki\u015fiye ula\u015f\u0131ld\u0131.<\/p>\n<p>2019 y\u0131l\u0131nda 26 farkl\u0131 lokasyonda uygulanmaya ba\u015flan\u0131lan \u201cHijyen Sa\u011fl\u0131kt\u0131r Projesi\u201d ile 2000 ki\u015fiye ula\u015f\u0131lmas\u0131 planlan\u0131yor.<\/p>\n<p>3.T\u00fcrkiye Edinburgh D\u00fck\u00fc Uluslararas\u0131 \u00d6d\u00fcl Program\u0131<\/p>\n<p>D\u00fcnyada 130\u2019dan fazla \u00fclkede uygulanan ve 8 milyon \u00f6\u011frencinin kat\u0131ld\u0131\u011f\u0131 Edinburgh D\u00fck\u00fc Uluslararas\u0131 \u00d6d\u00fcl Program\u0131, T\u0130KAV temsili alt\u0131nda ger\u00e7ekle\u015ftiriliyor.<\/p>\n<p>Kat\u0131l\u0131m tamamen g\u00f6n\u00fcll\u00fc olmakla birlikte \u00d6d\u00fcl Program\u0131, 14-24 ya\u015f aral\u0131\u011f\u0131ndaki gen\u00e7lerin ki\u015fisel olarak kendilerini ke\u015ffetmelerine ve geli\u015ftirmelerine, \u00f6zg\u00fcven ve \u00f6zdisiplin kazanmalar\u0131na destek olmay\u0131 hedefliyor. Gen\u00e7lerin \u00d6d\u00fcl\u2019\u00fc almak i\u00e7in G\u00f6n\u00fcll\u00fc Hizmet, Fiziksel Geli\u015fim ve Beceri Geli\u015ftirme b\u00f6l\u00fcmleri i\u00e7in haftada birer saat faaliyetlerde bulunmalar\u0131 ve bir Macera ve Ke\u015fif Yolculu\u011funa kat\u0131lmalar\u0131 gerekiyor. Proje, \u0130ngiltere\u2019deki \u00fcniversitelere kabul edilmede se\u00e7me kriteri olmas\u0131 dikkat \u00e7ekiyor.<\/p>\n<p>2018 y\u0131l\u0131nda T\u00fcrkiye\u2019de 19 ilden 110 lise, \u00fcniversite, gen\u00e7lik merkezi ve sivil toplum kurulu\u015flar\u0131yla birlikte y\u00fcr\u00fct\u00fclen program kapsam\u0131nda, bug\u00fcne kadar 15 bin gence ula\u015f\u0131ld\u0131. Programda \u015fimdiye kadar yakla\u015f\u0131k 8 bin kat\u0131l\u0131mc\u0131 Bronz, G\u00fcm\u00fc\u015f ve Alt\u0131n kategorilerini tamamlayarak \u00f6d\u00fcl almaya hak kazand\u0131.<\/p>\n<p>T\u00fcrkiye, bu rakamlarla Avrupa, Orta Do\u011fu ve Arap \u00fclkeleri b\u00f6lgesinde \u0130ngiltere, \u0130rlanda ve \u00dcrd\u00fcn\u2019den sonra en fazla gencin kat\u0131ld\u0131\u011f\u0131 4\u2019nc\u00fc \u00fclke olarak \u00f6ne \u00e7\u0131k\u0131yor.<div class=\"tiled-gallery type-rectangular tiled-gallery-unresized\" data-original-width=\"500\" data-carousel-extra='null' itemscope itemtype=\"http:\/\/schema.org\/ImageGallery\" > <div class=\"gallery-row\" style=\"width: 500px; height: 821px;\" data-original-width=\"500\" data-original-height=\"821\" > <div class=\"gallery-group images-1\" style=\"width: 500px; height: 821px;\" data-original-width=\"500\" data-original-height=\"821\" > <div class=\"tiled-gallery-item tiled-gallery-item-large\" itemprop=\"associatedMedia\" itemscope itemtype=\"http:\/\/schema.org\/ImageObject\"> <a href=\"http:\/\/www.tvturk.com\/index.php\/tikavda-hedef-gelecek-10-yilda-100-bin-kisiye-dokunmak\/tikavda-hedef-gelecek-10-yilda-100-bin-kisiye-dokunmak-3\/\" border=\"0\" itemprop=\"url\"> <meta itemprop=\"width\" content=\"496\"> <meta itemprop=\"height\" content=\"817\"> <img decoding=\"async\" class=\"\" data-attachment-id=\"143690\" data-orig-file=\"http:\/\/www.tvturk.com\/wp-content\/uploads\/2019\/04\/tikavda-hedef-gelecek-10-yilda-100-bin-kisiye-dokunmak_3db355e.jpg\" data-orig-size=\"607,1000\" data-comments-opened=\"\" data-image-meta=\"{&quot;aperture&quot;:&quot;0&quot;,&quot;credit&quot;:&quot;IHA&quot;,&quot;camera&quot;:&quot;&quot;,&quot;caption&quot;:&quot;PEL\\u0130N AKIN \\u00d6ZALP (\\u0130HA\\\/\\u0130STANBUL-\\u0130HA)&quot;,&quot;created_timestamp&quot;:&quot;0&quot;,&quot;copyright&quot;:&quot;\\u0130HLAS HABER AJANSI, www.iha.com.tr&quot;,&quot;focal_length&quot;:&quot;0&quot;,&quot;iso&quot;:&quot;0&quot;,&quot;shutter_speed&quot;:&quot;0&quot;,&quot;title&quot;:&quot;T\\u0130KAV\\u2019DA HEDEF; GELECEK 10 YILDA 100 B\\u0130N K\\u0130\\u015e\\u0130YE DOKUNMAK&quot;,&quot;orientation&quot;:&quot;0&quot;}\" data-image-title=\"T\u0130KAV\u2019da hedef; gelecek 10 y\u0131lda 100 bin ki\u015fiye dokunmak\" data-image-description=\"&lt;p&gt;T\u0130KAV\u2019da hedef; gelecek 10 y\u0131lda 100 bin ki\u015fiye dokunmak&lt;\/p&gt; \" data-medium-file=\"https:\/\/i0.wp.com\/www.tvturk.com\/wp-content\/uploads\/2019\/04\/tikavda-hedef-gelecek-10-yilda-100-bin-kisiye-dokunmak_3db355e.jpg?fit=182%2C300\" data-large-file=\"https:\/\/i0.wp.com\/www.tvturk.com\/wp-content\/uploads\/2019\/04\/tikavda-hedef-gelecek-10-yilda-100-bin-kisiye-dokunmak_3db355e.jpg?fit=607%2C1000\" src=\"https:\/\/i0.wp.com\/www.tvturk.com\/wp-content\/uploads\/2019\/04\/tikavda-hedef-gelecek-10-yilda-100-bin-kisiye-dokunmak_3db355e.jpg?w=496&#038;h=817\" srcset=\"https:\/\/i0.wp.com\/www.tvturk.com\/wp-content\/uploads\/2019\/04\/tikavda-hedef-gelecek-10-yilda-100-bin-kisiye-dokunmak_3db355e.jpg?w=607 607w, https:\/\/i0.wp.com\/www.tvturk.com\/wp-content\/uploads\/2019\/04\/tikavda-hedef-gelecek-10-yilda-100-bin-kisiye-dokunmak_3db355e.jpg?resize=91%2C150 91w, https:\/\/i0.wp.com\/www.tvturk.com\/wp-content\/uploads\/2019\/04\/tikavda-hedef-gelecek-10-yilda-100-bin-kisiye-dokunmak_3db355e.jpg?resize=182%2C300 182w\" width=\"496\" height=\"817\" loading=\"lazy\" data-original-width=\"496\" data-original-height=\"817\" itemprop=\"http:\/\/schema.org\/image\" title=\"T\u0130KAV\u2019da hedef; gelecek 10 y\u0131lda 100 bin ki\u015fiye dokunmak\" alt=\"T\u0130KAV\u2019da hedef; gelecek 10 y\u0131lda 100 bin ki\u015fiye dokunmak\" style=\"width: 496px; height: 817px;\" \/> <\/a> <\/div> <\/div> <!-- close group --> <\/div> <!-- close row --> <\/div><\/p>\n","protected":false},"excerpt":{"rendered":"<p>H\u0130JYEN SA\u011eIKTIR PROJES\u0130 ELAZI\u011e\u2019DA KADINLARLA BULU\u015eTU<\/p>\n","protected":false},"author":1,"featured_media":143689,"comment_status":"closed","ping_status":"open","sticky":false,"template":"","format":"standard","meta":{"jetpack_post_was_ever_published":false,"_jetpack_newsletter_access":"","_jetpack_dont_email_post_to_subs":false,"_jetpack_newsletter_tier_id":0,"_jetpack_memberships_contains_paywalled_content":false,"_jetpack_memberships_contains_paid_content":false,"footnotes":"","jetpack_publicize_message":"","jetpack_publicize_feature_enabled":true,"jetpack_social_post_already_shared":true,"jetpack_social_options":{"image_generator_settings":{"template":"highway","default_image_id":0,"font":"","enabled":false},"version":2}},"categories":[19],"tags":[2127,213,32241,81,2659,2667,32240,598],"class_list":["post-143688","post","type-post","status-publish","format-standard","has-post-thumbnail","hentry","category-ekonomi","tag-2127","tag-bin","tag-dokunmak","tag-gelecek","tag-hedef","tag-kisiye","tag-tikavda","tag-yilda"],"jetpack_publicize_connections":[],"jetpack_featured_media_url":"https:\/\/i0.wp.com\/www.tvturk.com\/wp-content\/uploads\/2019\/04\/tikavda-hedef-gelecek-10-yilda-100-bin-kisiye-dokunmak_b62bc8f.jpg?fit=1000%2C906","jetpack_sharing_enabled":true,"jetpack_shortlink":"https:\/\/wp.me\/paKIfm-Bny","_links":{"self":[{"href":"http:\/\/www.tvturk.com\/index.php\/wp-json\/wp\/v2\/posts\/143688","targetHints":{"allow":["GET"]}}],"collection":[{"href":"http:\/\/www.tvturk.com\/index.php\/wp-json\/wp\/v2\/posts"}],"about":[{"href":"http:\/\/www.tvturk.com\/index.php\/wp-json\/wp\/v2\/types\/post"}],"author":[{"embeddable":true,"href":"http:\/\/www.tvturk.com\/index.php\/wp-json\/wp\/v2\/users\/1"}],"replies":[{"embeddable":true,"href":"http:\/\/www.tvturk.com\/index.php\/wp-json\/wp\/v2\/comments?post=143688"}],"version-history":[{"count":1,"href":"http:\/\/www.tvturk.com\/index.php\/wp-json\/wp\/v2\/posts\/143688\/revisions"}],"predecessor-version":[{"id":143691,"href":"http:\/\/www.tvturk.com\/index.php\/wp-json\/wp\/v2\/posts\/143688\/revisions\/143691"}],"wp:featuredmedia":[{"embeddable":true,"href":"http:\/\/www.tvturk.com\/index.php\/wp-json\/wp\/v2\/media\/143689"}],"wp:attachment":[{"href":"http:\/\/www.tvturk.com\/index.php\/wp-json\/wp\/v2\/media?parent=143688"}],"wp:term":[{"taxonomy":"category","embeddable":true,"href":"http:\/\/www.tvturk.com\/index.php\/wp-json\/wp\/v2\/categories?post=143688"},{"taxonomy":"post_tag","embeddable":true,"href":"http:\/\/www.tvturk.com\/index.php\/wp-json\/wp\/v2\/tags?post=143688"}],"curies":[{"name":"wp","href":"https:\/\/api.w.org\/{rel}","templated":true}]}}