{"id":143885,"date":"2019-04-20T11:26:08","date_gmt":"2019-04-20T08:26:08","guid":{"rendered":"http:\/\/www.tvturk.com\/index.php\/gida-ve-cografi-isaret-konulari-panelde-ele-alindi\/"},"modified":"2019-04-20T11:26:10","modified_gmt":"2019-04-20T08:26:10","slug":"gida-ve-cografi-isaret-konulari-panelde-ele-alindi","status":"publish","type":"post","link":"http:\/\/www.tvturk.com\/index.php\/gida-ve-cografi-isaret-konulari-panelde-ele-alindi\/","title":{"rendered":"\u201cG\u0131da ve Co\u011frafi \u0130\u015faret\u201d konular\u0131 panelde ele al\u0131nd\u0131"},"content":{"rendered":"<p>Ankara Ticaret Odas\u0131 (ATO) Y\u00f6netim Kurulu Sayman \u00dcyesi Murat \u00dclk\u00fc Karaku\u015f, yerel ve geleneksel \u00fcr\u00fcnlerin co\u011frafi i\u015faretle tescillenmesinin \u00fcr\u00fcne kalite ve katma de\u011fer kazand\u0131rd\u0131\u011f\u0131n\u0131 s\u00f6yledi.<\/p>\n<p>Karaku\u015f, ATO olarak co\u011frafi i\u015faretli \u00fcr\u00fcn konusuna \u00f6nemle e\u011fildiklerini ve Ankara\u2019y\u0131 co\u011frafi i\u015faretli \u00fcr\u00fcnlerin d\u00fcnya pazar\u0131na a\u00e7\u0131lmak i\u00e7in bir kap\u0131 haline getirmeye \u00e7al\u0131\u015ft\u0131klar\u0131n\u0131 belirterek, \u201c2. Uluslararas\u0131 Co\u011frafi \u0130\u015faretli \u00dcr\u00fcnler Zirvesi\u2019ni 19-21 Eyl\u00fcl 2019 tarihlerinde ger\u00e7ekle\u015ftirece\u011fiz\u201d dedi.<\/p>\n<p>ATO Y\u00f6netim Kurulu Sayman \u00dcyesi Murat \u00dclk\u00fc Karaku\u015f, Hacettepe \u00dcniversitesi G\u0131da M\u00fchendisli\u011fi B\u00f6l\u00fcm\u00fc G\u0131da Toplulu\u011fu taraf\u0131ndan Hacettepe Yerle\u015fkesi\u2019nde d\u00fczenlenen \u201cG\u0131da ve Co\u011frafi \u0130\u015faret\u201d konulu seminere kat\u0131larak bir konu\u015fma yapt\u0131. Karaku\u015f, ATO\u2019nun \u201cco\u011frafi i\u015faret\u201d konusunda s\u00fcrd\u00fcrd\u00fc\u011f\u00fc \u00e7al\u0131\u015fmalar\u0131 anlatt\u0131.<\/p>\n<p>Anadolu topraklar\u0131n\u0131n endemik a\u00e7\u0131dan d\u00fcnyan\u0131n en \u00f6nemli co\u011frafyas\u0131 oldu\u011funu vurgulayan Karaku\u015f, \u201cAnadolu topraklar\u0131 \u00e7ok k\u0131ymetli. Bu topraklar\u0131 ve \u00fcr\u00fcnlerini korumak bizim g\u00f6revimiz\u201d dedi. Yerel ve geleneksel \u00fcr\u00fcnlerin co\u011frafi i\u015faretle tescillenmesinin \u00fcr\u00fcne kalite ve katma de\u011fer kazand\u0131rd\u0131\u011f\u0131n\u0131 kaydeden Karaku\u015f, uluslararas\u0131 co\u011frafi i\u015faret alan Malatya Kay\u0131s\u0131s\u0131, Ayd\u0131n \u0130nciri ve Antep Baklavas\u0131 i\u00e7in \u201cCo\u011frafi \u0130\u015faret Alm\u0131\u015f 3 \u00e7i\u00e7e\u011fimiz\u201d ifadesini kulland\u0131. T\u00fcrkiye\u2019de co\u011frafi i\u015faret alan 385 \u00fcr\u00fcn oldu\u011funu hat\u0131rlatan Karaku\u015f s\u00f6zlerine \u015f\u00f6yle devam etti:<\/p>\n<p>\u201cBir \u00fcr\u00fcn co\u011frafi i\u015faret ald\u0131ysa pazardaki de\u011feri de art\u0131yor. ATO olarak Ankara ilimizde be\u015f \u00fcr\u00fcne co\u011frafi i\u015faret alm\u0131\u015f bulunuyoruz. Ankara ke\u00e7isi tifti\u011fi i\u00e7in de \u00e7al\u0131\u015fmalar\u0131m\u0131z devam ediyor. Ankara ke\u00e7isi tifti\u011fi d\u00fcnyada e\u015fi benzeri olmayan bir tiftiktir. K\u00f6yden kente g\u00f6\u00e7le birlikte \u00f6nemini kaybetmi\u015f bu \u00fcr\u00fcne katma de\u011fer kazand\u0131rarak d\u00fcnyaya pazarlamak arzusunday\u0131z. Co\u011frafi i\u015faret \u00fcr\u00fcne kalite ve katma de\u011ferin yan\u0131 s\u0131ra Pazar de\u011feri de kazand\u0131r\u0131yor. \u0130limizde co\u011frafi i\u015faret tescili alan Ankara d\u00f6neri, Ankara simidi, Ankara erke\u00e7 past\u0131rmas\u0131, \u00c7ubuk tur\u015fusu, Beypazar\u0131 kurusu\u2019n\u0131n d\u0131\u015f\u0131nda 12 adet de co\u011frafi i\u015faret tescili bekleyen \u00fcr\u00fcn var\u201d<\/p>\n<p>Zirve 19-21 Eyl\u00fclde ATO\u2019da<\/p>\n<p>Karaku\u015f,  ATO\u2019nun Co\u011frafi \u0130\u015faretli \u00dcr\u00fcnler Zirvesi i\u00e7in uluslararas\u0131 d\u00fczeyde haz\u0131rl\u0131k \u00e7al\u0131\u015fmalar\u0131 y\u00fcr\u00fctt\u00fc\u011f\u00fc bilgisini de vererek, \u201c2. Uluslararas\u0131 Co\u011frafi \u0130\u015faretli \u00dcr\u00fcnler Zirvesi\u2019ni 19-21 Eyl\u00fcl 2019 tarihlerinde ger\u00e7ekle\u015ftirece\u011fiz\u201d dedi.<\/p>\n<p>Panelde Ankara \u00dcniversitesi G\u0131da G\u00fcvenli\u011fi Enstit\u00fcs\u00fc Ba\u015fkan\u0131 Nevzat Ayd\u0131n da \u2018Tar\u0131m, G\u0131da ve Beslenmede S\u00fcrd\u00fcr\u00fclebilirlik\u2019 konusunda bir sunum yapt\u0131.<div class=\"tiled-gallery type-rectangular tiled-gallery-unresized\" data-original-width=\"500\" data-carousel-extra='null' itemscope itemtype=\"http:\/\/schema.org\/ImageGallery\" > <div class=\"gallery-row\" style=\"width: 500px; height: 142px;\" data-original-width=\"500\" data-original-height=\"142\" > <div class=\"gallery-group images-1\" style=\"width: 250px; height: 142px;\" data-original-width=\"250\" data-original-height=\"142\" > <div class=\"tiled-gallery-item tiled-gallery-item-small\" itemprop=\"associatedMedia\" itemscope itemtype=\"http:\/\/schema.org\/ImageObject\"> <a href=\"http:\/\/www.tvturk.com\/index.php\/gida-ve-cografi-isaret-konulari-panelde-ele-alindi\/gida-ve-cografi-isaret-konulari-panelde-ele-alindi-3\/\" border=\"0\" itemprop=\"url\"> <meta itemprop=\"width\" content=\"246\"> <meta itemprop=\"height\" content=\"138\"> <img decoding=\"async\" class=\"\" data-attachment-id=\"143887\" data-orig-file=\"http:\/\/www.tvturk.com\/wp-content\/uploads\/2019\/04\/gida-ve-cografi-isaret-konulari-panelde-ele-alindi_e040464.jpg\" data-orig-size=\"1000,562\" data-comments-opened=\"\" data-image-meta=\"{&quot;aperture&quot;:&quot;0&quot;,&quot;credit&quot;:&quot;IHA&quot;,&quot;camera&quot;:&quot;&quot;,&quot;caption&quot;:&quot;ANKARA T\\u0130CARET ODASI (ATO) Y\\u00d6NET\\u0130M KURULU SAYMAN \\u00dcYES\\u0130 MURAT \\u00dcLK\\u00dc KARAKU\\u015e, YEREL VE GELENEKSEL \\u00dcR\\u00dcNLER\\u0130N CO\\u011eRAF\\u0130 \\u0130\\u015eARETLE TESC\\u0130LLENMES\\u0130N\\u0130N \\u00dcR\\u00dcNE KAL\\u0130TE VE KATMA DE\\u011eER KAZANDIRDI\\u011eINI S\\u00d6YLED\\u0130. (MEVL\\u00dcT HASG\\u00dcL\\\/ANKARA-\\u0130HA)&quot;,&quot;created_timestamp&quot;:&quot;0&quot;,&quot;copyright&quot;:&quot;\\u0130HLAS HABER AJANSI, www.iha.com.tr&quot;,&quot;focal_length&quot;:&quot;0&quot;,&quot;iso&quot;:&quot;0&quot;,&quot;shutter_speed&quot;:&quot;0&quot;,&quot;title&quot;:&quot;\\u201cGIDA VE CO\\u011eRAF\\u0130 \\u0130\\u015eARET\\u201d KONULARI PANELDE ELE ALINDI ATO Y\\u00d6NET\\u0130M KURULU SAYMAN \\u00dcYES\\u0130 MURAT \\u00dcLK\\u00dc KARAKU\\u015e: \\u201cCO\\u011eRAF\\u0130 \\u0130\\u015eARET KAL\\u0130TE VE KATMA DE\\u011eER KAZANDIRIR\\u201d&quot;,&quot;orientation&quot;:&quot;0&quot;}\" data-image-title=\"\u201cG\u0131da ve Co\u011frafi \u0130\u015faret\u201d konular\u0131 panelde ele al\u0131nd\u0131\" data-image-description=\"&lt;p&gt;\u201cG\u0131da ve Co\u011frafi \u0130\u015faret\u201d konular\u0131 panelde ele al\u0131nd\u0131&lt;\/p&gt; \" data-medium-file=\"https:\/\/i0.wp.com\/www.tvturk.com\/wp-content\/uploads\/2019\/04\/gida-ve-cografi-isaret-konulari-panelde-ele-alindi_e040464.jpg?fit=300%2C169\" data-large-file=\"https:\/\/i0.wp.com\/www.tvturk.com\/wp-content\/uploads\/2019\/04\/gida-ve-cografi-isaret-konulari-panelde-ele-alindi_e040464.jpg?fit=1000%2C562\" src=\"https:\/\/i0.wp.com\/www.tvturk.com\/wp-content\/uploads\/2019\/04\/gida-ve-cografi-isaret-konulari-panelde-ele-alindi_e040464.jpg?w=246&#038;h=138\" srcset=\"https:\/\/i0.wp.com\/www.tvturk.com\/wp-content\/uploads\/2019\/04\/gida-ve-cografi-isaret-konulari-panelde-ele-alindi_e040464.jpg?w=1000 1000w, https:\/\/i0.wp.com\/www.tvturk.com\/wp-content\/uploads\/2019\/04\/gida-ve-cografi-isaret-konulari-panelde-ele-alindi_e040464.jpg?resize=150%2C84 150w, https:\/\/i0.wp.com\/www.tvturk.com\/wp-content\/uploads\/2019\/04\/gida-ve-cografi-isaret-konulari-panelde-ele-alindi_e040464.jpg?resize=300%2C169 300w, https:\/\/i0.wp.com\/www.tvturk.com\/wp-content\/uploads\/2019\/04\/gida-ve-cografi-isaret-konulari-panelde-ele-alindi_e040464.jpg?resize=768%2C432 768w, https:\/\/i0.wp.com\/www.tvturk.com\/wp-content\/uploads\/2019\/04\/gida-ve-cografi-isaret-konulari-panelde-ele-alindi_e040464.jpg?resize=200%2C113 200w\" width=\"246\" height=\"138\" loading=\"lazy\" data-original-width=\"246\" data-original-height=\"138\" itemprop=\"http:\/\/schema.org\/image\" title=\"\u201cG\u0131da ve Co\u011frafi \u0130\u015faret\u201d konular\u0131 panelde ele al\u0131nd\u0131\" alt=\"\u201cG\u0131da ve Co\u011frafi \u0130\u015faret\u201d konular\u0131 panelde ele al\u0131nd\u0131\" style=\"width: 246px; height: 138px;\" \/> <\/a> <\/div> <\/div> <!-- close group --> <div class=\"gallery-group images-1\" style=\"width: 250px; height: 142px;\" data-original-width=\"250\" data-original-height=\"142\" > <div class=\"tiled-gallery-item tiled-gallery-item-small\" itemprop=\"associatedMedia\" itemscope itemtype=\"http:\/\/schema.org\/ImageObject\"> <a href=\"http:\/\/www.tvturk.com\/index.php\/gida-ve-cografi-isaret-konulari-panelde-ele-alindi\/gida-ve-cografi-isaret-konulari-panelde-ele-alindi-4\/\" border=\"0\" itemprop=\"url\"> <meta itemprop=\"width\" content=\"246\"> <meta itemprop=\"height\" content=\"138\"> <img decoding=\"async\" class=\"\" data-attachment-id=\"143888\" data-orig-file=\"http:\/\/www.tvturk.com\/wp-content\/uploads\/2019\/04\/gida-ve-cografi-isaret-konulari-panelde-ele-alindi_0dbc6e3.jpg\" data-orig-size=\"1000,562\" data-comments-opened=\"\" data-image-meta=\"{&quot;aperture&quot;:&quot;0&quot;,&quot;credit&quot;:&quot;IHA&quot;,&quot;camera&quot;:&quot;&quot;,&quot;caption&quot;:&quot;ANKARA T\\u0130CARET ODASI (ATO) Y\\u00d6NET\\u0130M KURULU SAYMAN \\u00dcYES\\u0130 MURAT \\u00dcLK\\u00dc KARAKU\\u015e, YEREL VE GELENEKSEL \\u00dcR\\u00dcNLER\\u0130N CO\\u011eRAF\\u0130 \\u0130\\u015eARETLE TESC\\u0130LLENMES\\u0130N\\u0130N \\u00dcR\\u00dcNE KAL\\u0130TE VE KATMA DE\\u011eER KAZANDIRDI\\u011eINI S\\u00d6YLED\\u0130. (MEVL\\u00dcT HASG\\u00dcL\\\/ANKARA-\\u0130HA)&quot;,&quot;created_timestamp&quot;:&quot;0&quot;,&quot;copyright&quot;:&quot;\\u0130HLAS HABER AJANSI, www.iha.com.tr&quot;,&quot;focal_length&quot;:&quot;0&quot;,&quot;iso&quot;:&quot;0&quot;,&quot;shutter_speed&quot;:&quot;0&quot;,&quot;title&quot;:&quot;\\u201cGIDA VE CO\\u011eRAF\\u0130 \\u0130\\u015eARET\\u201d KONULARI PANELDE ELE ALINDI ATO Y\\u00d6NET\\u0130M KURULU SAYMAN \\u00dcYES\\u0130 MURAT \\u00dcLK\\u00dc KARAKU\\u015e: \\u201cCO\\u011eRAF\\u0130 \\u0130\\u015eARET KAL\\u0130TE VE KATMA DE\\u011eER KAZANDIRIR\\u201d&quot;,&quot;orientation&quot;:&quot;0&quot;}\" data-image-title=\"\u201cG\u0131da ve Co\u011frafi \u0130\u015faret\u201d konular\u0131 panelde ele al\u0131nd\u0131\" data-image-description=\"&lt;p&gt;\u201cG\u0131da ve Co\u011frafi \u0130\u015faret\u201d konular\u0131 panelde ele al\u0131nd\u0131&lt;\/p&gt; \" data-medium-file=\"https:\/\/i0.wp.com\/www.tvturk.com\/wp-content\/uploads\/2019\/04\/gida-ve-cografi-isaret-konulari-panelde-ele-alindi_0dbc6e3.jpg?fit=300%2C169\" data-large-file=\"https:\/\/i0.wp.com\/www.tvturk.com\/wp-content\/uploads\/2019\/04\/gida-ve-cografi-isaret-konulari-panelde-ele-alindi_0dbc6e3.jpg?fit=1000%2C562\" src=\"https:\/\/i0.wp.com\/www.tvturk.com\/wp-content\/uploads\/2019\/04\/gida-ve-cografi-isaret-konulari-panelde-ele-alindi_0dbc6e3.jpg?w=246&#038;h=138\" srcset=\"https:\/\/i0.wp.com\/www.tvturk.com\/wp-content\/uploads\/2019\/04\/gida-ve-cografi-isaret-konulari-panelde-ele-alindi_0dbc6e3.jpg?w=1000 1000w, https:\/\/i0.wp.com\/www.tvturk.com\/wp-content\/uploads\/2019\/04\/gida-ve-cografi-isaret-konulari-panelde-ele-alindi_0dbc6e3.jpg?resize=150%2C84 150w, https:\/\/i0.wp.com\/www.tvturk.com\/wp-content\/uploads\/2019\/04\/gida-ve-cografi-isaret-konulari-panelde-ele-alindi_0dbc6e3.jpg?resize=300%2C169 300w, https:\/\/i0.wp.com\/www.tvturk.com\/wp-content\/uploads\/2019\/04\/gida-ve-cografi-isaret-konulari-panelde-ele-alindi_0dbc6e3.jpg?resize=768%2C432 768w, https:\/\/i0.wp.com\/www.tvturk.com\/wp-content\/uploads\/2019\/04\/gida-ve-cografi-isaret-konulari-panelde-ele-alindi_0dbc6e3.jpg?resize=200%2C113 200w\" width=\"246\" height=\"138\" loading=\"lazy\" data-original-width=\"246\" data-original-height=\"138\" itemprop=\"http:\/\/schema.org\/image\" title=\"\u201cG\u0131da ve Co\u011frafi \u0130\u015faret\u201d konular\u0131 panelde ele al\u0131nd\u0131\" alt=\"\u201cG\u0131da ve Co\u011frafi \u0130\u015faret\u201d konular\u0131 panelde ele al\u0131nd\u0131\" style=\"width: 246px; height: 138px;\" \/> <\/a> <\/div> <\/div> <!-- close group --> <\/div> <!-- close row --> <\/div><\/p>\n","protected":false},"excerpt":{"rendered":"<p>ANKARA T\u0130CARET ODASI (ATO) Y\u00d6NET\u0130M KURULU SAYMAN \u00dcYES\u0130 MURAT \u00dcLK\u00dc KARAKU\u015e, YEREL VE GELENEKSEL \u00dcR\u00dcNLER\u0130N CO\u011eRAF\u0130 \u0130\u015eARETLE TESC\u0130LLENMES\u0130N\u0130N \u00dcR\u00dcNE KAL\u0130TE VE KATMA DE\u011eER KAZANDIRDI\u011eINI S\u00d6YLED\u0130.<\/p>\n","protected":false},"author":1,"featured_media":143886,"comment_status":"closed","ping_status":"open","sticky":false,"template":"","format":"standard","meta":{"jetpack_post_was_ever_published":false,"_jetpack_newsletter_access":"","_jetpack_dont_email_post_to_subs":false,"_jetpack_newsletter_tier_id":0,"_jetpack_memberships_contains_paywalled_content":false,"_jetpack_memberships_contains_paid_content":false,"footnotes":"","jetpack_publicize_message":"","jetpack_publicize_feature_enabled":true,"jetpack_social_post_already_shared":true,"jetpack_social_options":{"image_generator_settings":{"template":"highway","default_image_id":0,"font":"","enabled":false},"version":2}},"categories":[19],"tags":[13620,1014,17603,385,507,1738,32268],"class_list":["post-143885","post","type-post","status-publish","format-standard","has-post-thumbnail","hentry","category-ekonomi","tag-konulari","tag-alindi","tag-cografi","tag-ele","tag-gida","tag-isaret","tag-panelde"],"jetpack_publicize_connections":[],"jetpack_featured_media_url":"https:\/\/i0.wp.com\/www.tvturk.com\/wp-content\/uploads\/2019\/04\/gida-ve-cografi-isaret-konulari-panelde-ele-alindi_80f42e6.jpg?fit=1000%2C666","jetpack_sharing_enabled":true,"jetpack_shortlink":"https:\/\/wp.me\/paKIfm-BqJ","_links":{"self":[{"href":"http:\/\/www.tvturk.com\/index.php\/wp-json\/wp\/v2\/posts\/143885","targetHints":{"allow":["GET"]}}],"collection":[{"href":"http:\/\/www.tvturk.com\/index.php\/wp-json\/wp\/v2\/posts"}],"about":[{"href":"http:\/\/www.tvturk.com\/index.php\/wp-json\/wp\/v2\/types\/post"}],"author":[{"embeddable":true,"href":"http:\/\/www.tvturk.com\/index.php\/wp-json\/wp\/v2\/users\/1"}],"replies":[{"embeddable":true,"href":"http:\/\/www.tvturk.com\/index.php\/wp-json\/wp\/v2\/comments?post=143885"}],"version-history":[{"count":1,"href":"http:\/\/www.tvturk.com\/index.php\/wp-json\/wp\/v2\/posts\/143885\/revisions"}],"predecessor-version":[{"id":143889,"href":"http:\/\/www.tvturk.com\/index.php\/wp-json\/wp\/v2\/posts\/143885\/revisions\/143889"}],"wp:featuredmedia":[{"embeddable":true,"href":"http:\/\/www.tvturk.com\/index.php\/wp-json\/wp\/v2\/media\/143886"}],"wp:attachment":[{"href":"http:\/\/www.tvturk.com\/index.php\/wp-json\/wp\/v2\/media?parent=143885"}],"wp:term":[{"taxonomy":"category","embeddable":true,"href":"http:\/\/www.tvturk.com\/index.php\/wp-json\/wp\/v2\/categories?post=143885"},{"taxonomy":"post_tag","embeddable":true,"href":"http:\/\/www.tvturk.com\/index.php\/wp-json\/wp\/v2\/tags?post=143885"}],"curies":[{"name":"wp","href":"https:\/\/api.w.org\/{rel}","templated":true}]}}