{"id":144051,"date":"2019-04-20T12:49:17","date_gmt":"2019-04-20T09:49:17","guid":{"rendered":"http:\/\/www.tvturk.com\/index.php\/egitim-bir-sen-gelecegin-yoneticilerini-yetistirecek\/"},"modified":"2019-04-20T12:49:19","modified_gmt":"2019-04-20T09:49:19","slug":"egitim-bir-sen-gelecegin-yoneticilerini-yetistirecek","status":"publish","type":"post","link":"http:\/\/www.tvturk.com\/index.php\/egitim-bir-sen-gelecegin-yoneticilerini-yetistirecek\/","title":{"rendered":"E\u011fitim-Bir-Sen, gelece\u011fin y\u00f6neticilerini yeti\u015ftirecek"},"content":{"rendered":"<p>E\u011fitim-Bir-Sen Y\u00f6netici Bulu\u015fmas\u0131\u2019nda, e\u011fitimcilerin kar\u015f\u0131la\u015ft\u0131\u011f\u0131 meselelere y\u00f6nelik \u00e7\u00f6z\u00fcmler tart\u0131\u015f\u0131ld\u0131. 1 No\u2019lu \u015eube Ba\u015fkan\u0131 Ramazan Acar, diklenmeden dik durmay\u0131 bilen yeni y\u00f6neticileri yeti\u015ftirmek i\u00e7in EBS Bursa Akademi\u2019yi hayata ge\u00e7ireceklerini s\u00f6yledi.<\/p>\n<p>E\u011fitim-Bir-Sen Bursa 1 No\u2019lu \u015eube y\u00f6neticileri Merinos AKKM fuaye alan\u0131nda bir araya geldi. E\u011fitim alan\u0131nda ya\u015fanan sorunlar ve bu sorunlara y\u00f6nelik \u00e7\u00f6z\u00fcmlerin konu\u015fuldu\u011fu bulu\u015fmada, EBS Bursa Akademi\u2019nin tan\u0131t\u0131m\u0131 yap\u0131larak donan\u0131ml\u0131 y\u00f6netici kadrosunun gereklili\u011fi \u00fczerinde duruldu.<\/p>\n<p>Y\u00f6netici bulu\u015fmas\u0131nda konu\u015fma yapan E\u011fitim-Bir-Sen Bursa 1 No\u2019lu \u015eube Ba\u015fkan\u0131 Ramazan Acar, e\u011fitim alan\u0131nda belli sorunlar\u0131n ya\u015fand\u0131\u011f\u0131n\u0131 ifade etti. E\u011fitimcilere kar\u015f\u0131 uygulanan \u015fiddete dikkat \u00e7eken Ba\u015fkan Acar, \u201cE\u011fitimciye yap\u0131lan \u015fiddete kar\u015f\u0131 bir d\u00fczenleme mutlaka yap\u0131lmal\u0131. En son Gebze\u2019de bir arkada\u015f\u0131m\u0131z\u0131 kaybettik. Toplumumuzun cinnet toplumuna d\u00f6n\u00fc\u015ft\u00fc\u011f\u00fcn\u00fcn g\u00f6stergesidir bu. Yine bunun gibi olaylar ya\u015fan\u0131yor. Biz \u015fiddetin her t\u00fcrl\u00fcs\u00fcne kar\u015f\u0131y\u0131z. Bu ba\u011flamda \u015fiddet hususunun mutlaka Meslek Kanunu\u2019nun i\u00e7erisinde yer almas\u0131 i\u00e7in \u00e7al\u0131\u015fmalar yapmal\u0131. Bu konu ile ilgili gerekli d\u00fczenlemelerin yap\u0131lmas\u0131 ve yapt\u0131r\u0131mlar\u0131n g\u00fcndeme al\u0131nmas\u0131 i\u00e7in E\u011fitim-Bir-Sen olarak kararl\u0131 bir duru\u015f sergilemeye devam edece\u011fiz\u201d diye konu\u015ftu.<\/p>\n<p>EBS Bursa Akademi faaliyete ge\u00e7iyor<\/p>\n<p>Konu\u015fmas\u0131nda y\u00f6neticinin \u00f6nemini vurgulayan Ramazan Acar, E\u011fitim-Bir-Sen ve Memur-Sen\u2019in T\u00fcrk halk\u0131n\u0131n de\u011ferlerini her zaman \u00f6ncelikli tuttuklar\u0131n\u0131 belirterek, \u201cE\u011fitim-Bir-Sen olarak \u00e7eyrek asr\u0131 a\u015fan m\u00fccadelemizde ucuz polemiklerin, siyasal iti\u015f kak\u0131\u015flar\u0131n i\u00e7inde olmad\u0131k. Bizler, her zaman mill\u00ee iradenin hak, hukuk ve al\u0131n terinin m\u00fccadelesini verdik. Bizim g\u00f6sterdi\u011fimiz bu duru\u015fu gelecekte de yerimize gelecek y\u00f6neticilerimiz sergileyecektir. Bu ba\u011flamda bug\u00fcn toplanmam\u0131z\u0131n bir sebebi olan, T\u00fcrkiye\u2019nin yeni y\u00f6neticilerini yeti\u015ftirece\u011fimiz EBS Bursa Akademi\u2019yi faaliyete sokaca\u011f\u0131m\u0131z\u0131n duyurusunu da yapm\u0131\u015f olal\u0131m\u201d \u015feklinde konu\u015ftu.<\/p>\n<p>E\u011fitim-Bir-Sen Bursa 1 Nolu \u015eubenin Proje orta\u011f\u0131 olan, Bursa \u0130HH\u2019n\u0131n Ba\u015fkan Yard\u0131mc\u0131s\u0131 Halil Asa Y\u00f6netici bulu\u015fmas\u0131nda bir konu\u015fma yapt\u0131. B\u00f6yle bir organizasyon d\u00fczenledikleri ve \u0130HH\u2019y\u0131  davet ettikleri i\u00e7in te\u015fekk\u00fcr ederek konu\u015fmas\u0131na ba\u015flayan Asa, Suriyeli m\u00fclteciler i\u00e7in d\u00fczenledikleri un yard\u0131m\u0131 kampanyas\u0131 hakk\u0131nda bilgi vererek E\u011fitim-Bir-Sen \u00fcyelerinden destek talep etti.<div class=\"tiled-gallery type-rectangular tiled-gallery-unresized\" data-original-width=\"500\" data-carousel-extra='null' itemscope itemtype=\"http:\/\/schema.org\/ImageGallery\" > <div class=\"gallery-row\" style=\"width: 500px; height: 376px;\" data-original-width=\"500\" data-original-height=\"376\" > <div class=\"gallery-group images-1\" style=\"width: 500px; height: 376px;\" data-original-width=\"500\" data-original-height=\"376\" > <div class=\"tiled-gallery-item tiled-gallery-item-large\" itemprop=\"associatedMedia\" itemscope itemtype=\"http:\/\/schema.org\/ImageObject\"> <a href=\"http:\/\/www.tvturk.com\/index.php\/egitim-bir-sen-gelecegin-yoneticilerini-yetistirecek\/egitim-bir-sen-gelecegin-yoneticilerini-yetistirecek-3\/\" border=\"0\" itemprop=\"url\"> <meta itemprop=\"width\" content=\"496\"> <meta itemprop=\"height\" content=\"372\"> <img decoding=\"async\" class=\"\" data-attachment-id=\"144053\" data-orig-file=\"http:\/\/www.tvturk.com\/wp-content\/uploads\/2019\/04\/egitim-bir-sen-gelecegin-yoneticilerini-yetistirecek_0e1005a.jpg\" data-orig-size=\"1000,749\" data-comments-opened=\"\" data-image-meta=\"{&quot;aperture&quot;:&quot;0&quot;,&quot;credit&quot;:&quot;IHA&quot;,&quot;camera&quot;:&quot;&quot;,&quot;caption&quot;:&quot;E\\u011e\\u0130T\\u0130M-B\\u0130R-SEN BURSA 1 NO\\u2019LU \\u015eUBE Y\\u00d6NET\\u0130C\\u0130LER\\u0130 MER\\u0130NOS AKKM FUAYE ALANINDA B\\u0130R ARAYA GELD\\u0130. (\\u0130HA\\\/BURSA-\\u0130HA)&quot;,&quot;created_timestamp&quot;:&quot;0&quot;,&quot;copyright&quot;:&quot;\\u0130HLAS HABER AJANSI, www.iha.com.tr&quot;,&quot;focal_length&quot;:&quot;0&quot;,&quot;iso&quot;:&quot;0&quot;,&quot;shutter_speed&quot;:&quot;0&quot;,&quot;title&quot;:&quot;E\\u011e\\u0130T\\u0130M-B\\u0130R-SEN, GELECE\\u011e\\u0130N Y\\u00d6NET\\u0130C\\u0130LER\\u0130N\\u0130 YET\\u0130\\u015eT\\u0130RECEK&quot;,&quot;orientation&quot;:&quot;0&quot;}\" data-image-title=\"E\u011fitim-Bir-Sen, gelece\u011fin y\u00f6neticilerini yeti\u015ftirecek\" data-image-description=\"&lt;p&gt;E\u011fitim-Bir-Sen, gelece\u011fin y\u00f6neticilerini yeti\u015ftirecek&lt;\/p&gt; \" data-medium-file=\"https:\/\/i0.wp.com\/www.tvturk.com\/wp-content\/uploads\/2019\/04\/egitim-bir-sen-gelecegin-yoneticilerini-yetistirecek_0e1005a.jpg?fit=300%2C225\" data-large-file=\"https:\/\/i0.wp.com\/www.tvturk.com\/wp-content\/uploads\/2019\/04\/egitim-bir-sen-gelecegin-yoneticilerini-yetistirecek_0e1005a.jpg?fit=1000%2C749\" src=\"https:\/\/i0.wp.com\/www.tvturk.com\/wp-content\/uploads\/2019\/04\/egitim-bir-sen-gelecegin-yoneticilerini-yetistirecek_0e1005a.jpg?w=496&#038;h=372\" srcset=\"https:\/\/i0.wp.com\/www.tvturk.com\/wp-content\/uploads\/2019\/04\/egitim-bir-sen-gelecegin-yoneticilerini-yetistirecek_0e1005a.jpg?w=1000 1000w, https:\/\/i0.wp.com\/www.tvturk.com\/wp-content\/uploads\/2019\/04\/egitim-bir-sen-gelecegin-yoneticilerini-yetistirecek_0e1005a.jpg?resize=150%2C112 150w, https:\/\/i0.wp.com\/www.tvturk.com\/wp-content\/uploads\/2019\/04\/egitim-bir-sen-gelecegin-yoneticilerini-yetistirecek_0e1005a.jpg?resize=300%2C225 300w, https:\/\/i0.wp.com\/www.tvturk.com\/wp-content\/uploads\/2019\/04\/egitim-bir-sen-gelecegin-yoneticilerini-yetistirecek_0e1005a.jpg?resize=768%2C575 768w\" width=\"496\" height=\"372\" loading=\"lazy\" data-original-width=\"496\" data-original-height=\"372\" itemprop=\"http:\/\/schema.org\/image\" title=\"E\u011fitim-Bir-Sen, gelece\u011fin y\u00f6neticilerini yeti\u015ftirecek\" alt=\"E\u011fitim-Bir-Sen, gelece\u011fin y\u00f6neticilerini yeti\u015ftirecek\" style=\"width: 496px; height: 372px;\" \/> <\/a> <\/div> <\/div> <!-- close group --> <\/div> <!-- close row --> <\/div><\/p>\n","protected":false},"excerpt":{"rendered":"<p>E\u011e\u0130T\u0130M-B\u0130R-SEN BURSA 1 NO\u2019LU \u015eUBE Y\u00d6NET\u0130C\u0130LER\u0130 MER\u0130NOS AKKM FUAYE ALANINDA B\u0130R ARAYA GELD\u0130.<\/p>\n","protected":false},"author":1,"featured_media":144052,"comment_status":"closed","ping_status":"open","sticky":false,"template":"","format":"standard","meta":{"jetpack_post_was_ever_published":false,"_jetpack_newsletter_access":"","_jetpack_dont_email_post_to_subs":false,"_jetpack_newsletter_tier_id":0,"_jetpack_memberships_contains_paywalled_content":false,"_jetpack_memberships_contains_paid_content":false,"footnotes":"","jetpack_publicize_message":"","jetpack_publicize_feature_enabled":true,"jetpack_social_post_already_shared":true,"jetpack_social_options":{"image_generator_settings":{"template":"highway","default_image_id":0,"font":"","enabled":false},"version":2}},"categories":[1],"tags":[10386,2337,19313,22024],"class_list":["post-144051","post","type-post","status-publish","format-standard","has-post-thumbnail","hentry","category-genel","tag-egitim-bir-sen","tag-gelecegin","tag-yetistirecek","tag-yoneticilerini"],"jetpack_publicize_connections":[],"jetpack_featured_media_url":"https:\/\/i0.wp.com\/www.tvturk.com\/wp-content\/uploads\/2019\/04\/egitim-bir-sen-gelecegin-yoneticilerini-yetistirecek_f8317fb.jpg?fit=1000%2C666","jetpack_sharing_enabled":true,"jetpack_shortlink":"https:\/\/wp.me\/paKIfm-Btp","_links":{"self":[{"href":"http:\/\/www.tvturk.com\/index.php\/wp-json\/wp\/v2\/posts\/144051","targetHints":{"allow":["GET"]}}],"collection":[{"href":"http:\/\/www.tvturk.com\/index.php\/wp-json\/wp\/v2\/posts"}],"about":[{"href":"http:\/\/www.tvturk.com\/index.php\/wp-json\/wp\/v2\/types\/post"}],"author":[{"embeddable":true,"href":"http:\/\/www.tvturk.com\/index.php\/wp-json\/wp\/v2\/users\/1"}],"replies":[{"embeddable":true,"href":"http:\/\/www.tvturk.com\/index.php\/wp-json\/wp\/v2\/comments?post=144051"}],"version-history":[{"count":1,"href":"http:\/\/www.tvturk.com\/index.php\/wp-json\/wp\/v2\/posts\/144051\/revisions"}],"predecessor-version":[{"id":144054,"href":"http:\/\/www.tvturk.com\/index.php\/wp-json\/wp\/v2\/posts\/144051\/revisions\/144054"}],"wp:featuredmedia":[{"embeddable":true,"href":"http:\/\/www.tvturk.com\/index.php\/wp-json\/wp\/v2\/media\/144052"}],"wp:attachment":[{"href":"http:\/\/www.tvturk.com\/index.php\/wp-json\/wp\/v2\/media?parent=144051"}],"wp:term":[{"taxonomy":"category","embeddable":true,"href":"http:\/\/www.tvturk.com\/index.php\/wp-json\/wp\/v2\/categories?post=144051"},{"taxonomy":"post_tag","embeddable":true,"href":"http:\/\/www.tvturk.com\/index.php\/wp-json\/wp\/v2\/tags?post=144051"}],"curies":[{"name":"wp","href":"https:\/\/api.w.org\/{rel}","templated":true}]}}