{"id":144348,"date":"2019-04-20T16:02:39","date_gmt":"2019-04-20T13:02:39","guid":{"rendered":"http:\/\/www.tvturk.com\/index.php\/aile-hekimler-guvenli-bir-calisma-ortami-istiyor\/"},"modified":"2019-04-20T16:02:45","modified_gmt":"2019-04-20T13:02:45","slug":"aile-hekimler-guvenli-bir-calisma-ortami-istiyor","status":"publish","type":"post","link":"http:\/\/www.tvturk.com\/index.php\/aile-hekimler-guvenli-bir-calisma-ortami-istiyor\/","title":{"rendered":"Aile hekimler g\u00fcvenli bir \u00e7al\u0131\u015fma ortam\u0131 istiyor"},"content":{"rendered":"<p>Mu\u011fla\u2019n\u0131n Bodrum il\u00e7esinde bu y\u0131l 6\u2019nc\u0131s\u0131 ger\u00e7ekle\u015ftirilen Ulusal Aile Hekimli\u011fi Kongresi\u2019nde hekimler sa\u011fl\u0131kta \u015fiddetin TCK\u2019ya girmesini talep ederek Aile Hekimli\u011fi\u2019ne ve sa\u011fl\u0131k \u00e7al\u0131\u015fanlar\u0131na daha fazla \u00f6nem verilmesini istedi. T\u00fcrkiye\u2019nin gelecekteki ku\u015faklar\u0131n\u0131n daha sa\u011fl\u0131kl\u0131 olmas\u0131 ve sa\u011fl\u0131k giderlerinin de d\u00fc\u015f\u00fcr\u00fclebilmesi i\u00e7in Aile Hekimli\u011fi ve Koruyucu Sa\u011fl\u0131k sistemine b\u00fcy\u00fck \u00f6nem verilmesi gerekti\u011fini belirten hekimler, \u015fu anda obezitenin d\u00fcnyada en fazla g\u00f6r\u00fclen \u00fclkesinin T\u00fcrkiye oldu\u011funu belirterek, gerekli \u00f6nlemelerin bir an \u00f6nce al\u0131nmas\u0131n\u0131 istedi.<\/p>\n<p>Bodrum\u2019da bir otelde 17 Nisan\u2019da ba\u015flayan ve yakla\u015f\u0131k 800 hekimin kat\u0131ld\u0131\u011f\u0131 6. Ulusal Aile Hekimli\u011fi Kongresi-\u0130KON 2019\u2019un 4. g\u00fcn\u00fcnde \u0130stanbul Aile Hekimli\u011fi Derne\u011fi (\u0130STAHED) bas\u0131n toplant\u0131s\u0131 d\u00fczenledi. \u0130STAHED Y\u00f6netim Kurulu Ba\u015fkan\u0131 Dr. Kutbettin Demir, \u0130KON 2019 Kongre Ba\u015fkan\u0131 Dr. Serkan \u00d6zbak\u0131\u015f, \u0130STAHED Genel Sekreteri Senem \u00d6zdemir, A\u015f\u0131 \u00c7al\u0131\u015fma Grubu Genel Sekreteri Dr. Hamza \u00d6zdemir, \u0130KON-2019 Kongre Sekreteri Esin Ayfer \u00c7ulha Dild\u00f6k, \u0130KON 2019 Bilimsel Sekreteri Ay\u015fe Seda Demirel, \u0130STAHED Y\u00f6netim Kurulu \u00dcyeleri; Melisa Menemencio\u011flu, Mustafa Tamur, Sel\u00e7uk Y\u0131lmaz kat\u0131ld\u0131.<\/p>\n<p>&#8220;Dr. Ersin Arslan\u2019\u0131 and\u0131lar&#8221;<\/p>\n<p>Temas\u0131n\u0131n \u2018\u0130yi Aile Hekimli\u011fi\u2019 olarak belirlendi\u011fi ve 29 oturum 4 kurs ve 12 workshop\u2019un ger\u00e7ekle\u015ftirildi\u011fi kongrenin ba\u015flang\u0131c\u0131, Dr. Ersin Arslan\u2019\u0131n katledili\u015finin y\u0131ld\u00f6n\u00fcm\u00fc 17 Nisan\u2019a denk gelmesi dolay\u0131s\u0131yla ayr\u0131 bir anma etkinli\u011fi d\u00fczenlendi. Kongrenin yap\u0131ld\u0131\u011f\u0131 alanda sa\u011fl\u0131kta \u015fiddet k\u00f6\u015fesi de olu\u015fturularak hekimler sa\u011fl\u0131kta ya\u015fanan \u015fiddeti ele\u015ftirip k\u0131nad\u0131.<\/p>\n<p>Sa\u011fl\u0131k ile \u015fiddetin yan yana gelemeyece\u011fini belirten \u0130STAHED Y\u00f6netim Kurulu Ba\u015fkan\u0131 Dr. Kutbettin Demir, yetkililerden bir an \u00f6nce g\u00fcvenli \u00e7al\u0131\u015fma ortam\u0131 olu\u015fturmalar\u0131n\u0131 beklediklerini kaydetti. Ba\u015fkan Demir, \u201cSa\u011fl\u0131kta \u015eiddet Yasas\u0131\u2019n\u0131n T\u00fcrk Ceza Kanununa eklenmesi gerek\u201d diye konu\u015ftu.<\/p>\n<p>\u201c2019 y\u0131l\u0131nda sa\u011fl\u0131\u011f\u0131 etkileyecek konular ele al\u0131nd\u0131\u201d<\/p>\n<p>D\u00fcnya Sa\u011fl\u0131k \u00d6rg\u00fct\u00fc\u2019n\u00fcn (DS\u00d6) ge\u00e7ti\u011fimiz aylarda listeledi\u011fi 2019 y\u0131l\u0131nda global olarak sa\u011fl\u0131\u011f\u0131 etkileyecek tehlikelerin de ele al\u0131nd\u0131\u011f\u0131 kongrede; 2019 y\u0131l\u0131nda d\u00fcnyan\u0131n kar\u015f\u0131la\u015faca\u011f\u0131 en b\u00fcy\u00fck 10 problem aras\u0131nda \u00e7evre kirlili\u011fi, obezite, yetersiz ve etkin olmayan birinci basamak sa\u011fl\u0131k hizmetleri, a\u015f\u0131 reddi, diyabet, kanser ve kalp hastal\u0131\u011f\u0131 gibi bula\u015f\u0131c\u0131 olmayan hastal\u0131klar yer ald\u0131\u011f\u0131 belirtildi. D\u00fcnyadaki t\u00fcm \u00f6l\u00fcmlerin y\u00fczde 71\u2019ini bu problemlerin olu\u015fturdu\u011fu belirtilirken OECD rakamlar\u0131na g\u00f6re de \u00fcye \u00fclkeler aras\u0131nda diyabet ve obezitenin en s\u0131k g\u00f6r\u00fcld\u00fc\u011f\u00fc \u00fclkenin de T\u00fcrkiye oldu\u011fu belirtildi. Kongrede; bir hastal\u0131\u011f\u0131n tedavisi ve komplikasyonlar\u0131n\u0131n takibini yapmak yerine hastal\u0131\u011f\u0131n ortaya \u00e7\u0131kmas\u0131n\u0131 engellemenin \u00f6nemi ve bunun da aile hekimlerinin yani koruyucu hekimlerin g\u00f6revi oldu\u011fu belirtildi. Aile hekimleri, T\u00fcrkiye\u2019de sa\u011fl\u0131k alan\u0131nda verimli ve ba\u015far\u0131l\u0131 bir yol izlenebilmesi i\u00e7in aile hekimlerinin sistemin merkezine oturtulmas\u0131 ve birinci basamak sa\u011fl\u0131k hizmetlerine gereken \u00f6nemin verilmesini istedi.<div class=\"tiled-gallery type-rectangular tiled-gallery-unresized\" data-original-width=\"500\" data-carousel-extra='null' itemscope itemtype=\"http:\/\/schema.org\/ImageGallery\" > <div class=\"gallery-row\" style=\"width: 500px; height: 157px;\" data-original-width=\"500\" data-original-height=\"157\" > <div class=\"gallery-group images-1\" style=\"width: 267px; height: 157px;\" data-original-width=\"267\" data-original-height=\"157\" > <div class=\"tiled-gallery-item tiled-gallery-item-large\" itemprop=\"associatedMedia\" itemscope itemtype=\"http:\/\/schema.org\/ImageObject\"> <a href=\"http:\/\/www.tvturk.com\/index.php\/aile-hekimler-guvenli-bir-calisma-ortami-istiyor\/aile-hekimler-guvenli-bir-calisma-ortami-istiyor-3\/\" border=\"0\" itemprop=\"url\"> <meta itemprop=\"width\" content=\"263\"> <meta itemprop=\"height\" content=\"153\"> <img decoding=\"async\" class=\"\" data-attachment-id=\"144350\" data-orig-file=\"http:\/\/www.tvturk.com\/wp-content\/uploads\/2019\/04\/aile-hekimler-guvenli-bir-calisma-ortami-istiyor_80d672e.jpg\" data-orig-size=\"1000,581\" data-comments-opened=\"\" data-image-meta=\"{&quot;aperture&quot;:&quot;0&quot;,&quot;credit&quot;:&quot;IHA&quot;,&quot;camera&quot;:&quot;&quot;,&quot;caption&quot;:&quot;MU\\u011eLA\\u2019NIN BODRUM \\u0130L\\u00c7ES\\u0130\\u2019NDE BU YIL 6.\\u2019SI GER\\u00c7EKLE\\u015eT\\u0130R\\u0130LEN ULUSAL A\\u0130LE HEK\\u0130ML\\u0130\\u011e\\u0130 KONGRES\\u0130\\u2019NDE HEK\\u0130MLER SA\\u011eLIKTA \\u015e\\u0130DDET\\u0130N TCK\\u2019YA G\\u0130RMES\\u0130N\\u0130 TALEP EDEREK A\\u0130LE HEK\\u0130ML\\u0130\\u011e\\u0130\\u2019NE VE SA\\u011eLIK \\u00c7ALI\\u015eANLARINA DAHA FAZLA \\u00d6NEM VER\\u0130LMES\\u0130N\\u0130 \\u0130STED\\u0130LER. (\\u0130BRAH\\u0130M KILIN\\u00c7\\\/AYDIN-\\u0130HA)&quot;,&quot;created_timestamp&quot;:&quot;0&quot;,&quot;copyright&quot;:&quot;\\u0130HLAS HABER AJANSI, www.iha.com.tr&quot;,&quot;focal_length&quot;:&quot;0&quot;,&quot;iso&quot;:&quot;0&quot;,&quot;shutter_speed&quot;:&quot;0&quot;,&quot;title&quot;:&quot;A\\u0130LE HEK\\u0130MLER G\\u00dcVENL\\u0130 B\\u0130R \\u00c7ALI\\u015eMA ORTAMI \\u0130ST\\u0130YOR \\u0130STAHED SA\\u011eLIKTA \\u015e\\u0130DDET YASASININ TCK\\u2019YA G\\u0130RMES\\u0130N\\u0130 TALEP ETT\\u0130&quot;,&quot;orientation&quot;:&quot;0&quot;}\" data-image-title=\"Aile hekimler g\u00fcvenli bir \u00e7al\u0131\u015fma ortam\u0131 istiyor\" data-image-description=\"&lt;p&gt;Aile hekimler g\u00fcvenli bir \u00e7al\u0131\u015fma ortam\u0131 istiyor&lt;\/p&gt; \" data-medium-file=\"https:\/\/i0.wp.com\/www.tvturk.com\/wp-content\/uploads\/2019\/04\/aile-hekimler-guvenli-bir-calisma-ortami-istiyor_80d672e.jpg?fit=300%2C174\" data-large-file=\"https:\/\/i0.wp.com\/www.tvturk.com\/wp-content\/uploads\/2019\/04\/aile-hekimler-guvenli-bir-calisma-ortami-istiyor_80d672e.jpg?fit=1000%2C581\" src=\"https:\/\/i0.wp.com\/www.tvturk.com\/wp-content\/uploads\/2019\/04\/aile-hekimler-guvenli-bir-calisma-ortami-istiyor_80d672e.jpg?w=263&#038;h=153\" srcset=\"https:\/\/i0.wp.com\/www.tvturk.com\/wp-content\/uploads\/2019\/04\/aile-hekimler-guvenli-bir-calisma-ortami-istiyor_80d672e.jpg?w=1000 1000w, https:\/\/i0.wp.com\/www.tvturk.com\/wp-content\/uploads\/2019\/04\/aile-hekimler-guvenli-bir-calisma-ortami-istiyor_80d672e.jpg?resize=150%2C87 150w, https:\/\/i0.wp.com\/www.tvturk.com\/wp-content\/uploads\/2019\/04\/aile-hekimler-guvenli-bir-calisma-ortami-istiyor_80d672e.jpg?resize=300%2C174 300w, https:\/\/i0.wp.com\/www.tvturk.com\/wp-content\/uploads\/2019\/04\/aile-hekimler-guvenli-bir-calisma-ortami-istiyor_80d672e.jpg?resize=768%2C446 768w, https:\/\/i0.wp.com\/www.tvturk.com\/wp-content\/uploads\/2019\/04\/aile-hekimler-guvenli-bir-calisma-ortami-istiyor_80d672e.jpg?resize=380%2C220 380w\" width=\"263\" height=\"153\" loading=\"lazy\" data-original-width=\"263\" data-original-height=\"153\" itemprop=\"http:\/\/schema.org\/image\" title=\"Aile hekimler g\u00fcvenli bir \u00e7al\u0131\u015fma ortam\u0131 istiyor\" alt=\"Aile hekimler g\u00fcvenli bir \u00e7al\u0131\u015fma ortam\u0131 istiyor\" style=\"width: 263px; height: 153px;\" \/> <\/a> <\/div> <\/div> <!-- close group --> <div class=\"gallery-group images-1\" style=\"width: 233px; height: 157px;\" data-original-width=\"233\" data-original-height=\"157\" > <div class=\"tiled-gallery-item tiled-gallery-item-small\" itemprop=\"associatedMedia\" itemscope itemtype=\"http:\/\/schema.org\/ImageObject\"> <a href=\"http:\/\/www.tvturk.com\/index.php\/aile-hekimler-guvenli-bir-calisma-ortami-istiyor\/aile-hekimler-guvenli-bir-calisma-ortami-istiyor-4\/\" border=\"0\" itemprop=\"url\"> <meta itemprop=\"width\" content=\"229\"> <meta itemprop=\"height\" content=\"153\"> <img decoding=\"async\" class=\"\" data-attachment-id=\"144351\" data-orig-file=\"http:\/\/www.tvturk.com\/wp-content\/uploads\/2019\/04\/aile-hekimler-guvenli-bir-calisma-ortami-istiyor_c1e107f.jpg\" data-orig-size=\"1000,666\" data-comments-opened=\"\" data-image-meta=\"{&quot;aperture&quot;:&quot;0&quot;,&quot;credit&quot;:&quot;IHA&quot;,&quot;camera&quot;:&quot;&quot;,&quot;caption&quot;:&quot;MU\\u011eLA\\u2019NIN BODRUM \\u0130L\\u00c7ES\\u0130\\u2019NDE BU YIL 6.\\u2019SI GER\\u00c7EKLE\\u015eT\\u0130R\\u0130LEN ULUSAL A\\u0130LE HEK\\u0130ML\\u0130\\u011e\\u0130 KONGRES\\u0130\\u2019NDE HEK\\u0130MLER SA\\u011eLIKTA \\u015e\\u0130DDET\\u0130N TCK\\u2019YA G\\u0130RMES\\u0130N\\u0130 TALEP EDEREK A\\u0130LE HEK\\u0130ML\\u0130\\u011e\\u0130\\u2019NE VE SA\\u011eLIK \\u00c7ALI\\u015eANLARINA DAHA FAZLA \\u00d6NEM VER\\u0130LMES\\u0130N\\u0130 \\u0130STED\\u0130LER. (\\u0130BRAH\\u0130M KILIN\\u00c7\\\/AYDIN-\\u0130HA)&quot;,&quot;created_timestamp&quot;:&quot;0&quot;,&quot;copyright&quot;:&quot;\\u0130HLAS HABER AJANSI, www.iha.com.tr&quot;,&quot;focal_length&quot;:&quot;0&quot;,&quot;iso&quot;:&quot;0&quot;,&quot;shutter_speed&quot;:&quot;0&quot;,&quot;title&quot;:&quot;A\\u0130LE HEK\\u0130MLER G\\u00dcVENL\\u0130 B\\u0130R \\u00c7ALI\\u015eMA ORTAMI \\u0130ST\\u0130YOR \\u0130STAHED SA\\u011eLIKTA \\u015e\\u0130DDET YASASININ TCK\\u2019YA G\\u0130RMES\\u0130N\\u0130 TALEP ETT\\u0130&quot;,&quot;orientation&quot;:&quot;0&quot;}\" data-image-title=\"Aile hekimler g\u00fcvenli bir \u00e7al\u0131\u015fma ortam\u0131 istiyor\" data-image-description=\"&lt;p&gt;Aile hekimler g\u00fcvenli bir \u00e7al\u0131\u015fma ortam\u0131 istiyor&lt;\/p&gt; \" data-medium-file=\"https:\/\/i0.wp.com\/www.tvturk.com\/wp-content\/uploads\/2019\/04\/aile-hekimler-guvenli-bir-calisma-ortami-istiyor_c1e107f.jpg?fit=300%2C200\" data-large-file=\"https:\/\/i0.wp.com\/www.tvturk.com\/wp-content\/uploads\/2019\/04\/aile-hekimler-guvenli-bir-calisma-ortami-istiyor_c1e107f.jpg?fit=1000%2C666\" src=\"https:\/\/i0.wp.com\/www.tvturk.com\/wp-content\/uploads\/2019\/04\/aile-hekimler-guvenli-bir-calisma-ortami-istiyor_c1e107f.jpg?w=229&#038;h=153\" srcset=\"https:\/\/i0.wp.com\/www.tvturk.com\/wp-content\/uploads\/2019\/04\/aile-hekimler-guvenli-bir-calisma-ortami-istiyor_c1e107f.jpg?w=1000 1000w, https:\/\/i0.wp.com\/www.tvturk.com\/wp-content\/uploads\/2019\/04\/aile-hekimler-guvenli-bir-calisma-ortami-istiyor_c1e107f.jpg?resize=150%2C100 150w, https:\/\/i0.wp.com\/www.tvturk.com\/wp-content\/uploads\/2019\/04\/aile-hekimler-guvenli-bir-calisma-ortami-istiyor_c1e107f.jpg?resize=300%2C200 300w, https:\/\/i0.wp.com\/www.tvturk.com\/wp-content\/uploads\/2019\/04\/aile-hekimler-guvenli-bir-calisma-ortami-istiyor_c1e107f.jpg?resize=768%2C511 768w, https:\/\/i0.wp.com\/www.tvturk.com\/wp-content\/uploads\/2019\/04\/aile-hekimler-guvenli-bir-calisma-ortami-istiyor_c1e107f.jpg?resize=170%2C113 170w, https:\/\/i0.wp.com\/www.tvturk.com\/wp-content\/uploads\/2019\/04\/aile-hekimler-guvenli-bir-calisma-ortami-istiyor_c1e107f.jpg?resize=120%2C80 120w\" width=\"229\" height=\"153\" loading=\"lazy\" data-original-width=\"229\" data-original-height=\"153\" itemprop=\"http:\/\/schema.org\/image\" title=\"Aile hekimler g\u00fcvenli bir \u00e7al\u0131\u015fma ortam\u0131 istiyor\" alt=\"Aile hekimler g\u00fcvenli bir \u00e7al\u0131\u015fma ortam\u0131 istiyor\" style=\"width: 229px; height: 153px;\" \/> <\/a> <\/div> <\/div> <!-- close group --> <\/div> <!-- close row --> <div class=\"gallery-row\" style=\"width: 500px; height: 168px;\" data-original-width=\"500\" data-original-height=\"168\" > <div class=\"gallery-group images-1\" style=\"width: 315px; height: 168px;\" data-original-width=\"315\" data-original-height=\"168\" > <div class=\"tiled-gallery-item tiled-gallery-item-large\" itemprop=\"associatedMedia\" itemscope itemtype=\"http:\/\/schema.org\/ImageObject\"> <a href=\"http:\/\/www.tvturk.com\/index.php\/aile-hekimler-guvenli-bir-calisma-ortami-istiyor\/aile-hekimler-guvenli-bir-calisma-ortami-istiyor-5\/\" border=\"0\" itemprop=\"url\"> <meta itemprop=\"width\" content=\"311\"> <meta itemprop=\"height\" content=\"164\"> <img decoding=\"async\" class=\"\" data-attachment-id=\"144352\" data-orig-file=\"http:\/\/www.tvturk.com\/wp-content\/uploads\/2019\/04\/aile-hekimler-guvenli-bir-calisma-ortami-istiyor_a75f4ce.jpg\" data-orig-size=\"1000,528\" data-comments-opened=\"\" data-image-meta=\"{&quot;aperture&quot;:&quot;0&quot;,&quot;credit&quot;:&quot;IHA&quot;,&quot;camera&quot;:&quot;&quot;,&quot;caption&quot;:&quot;MU\\u011eLA\\u2019NIN BODRUM \\u0130L\\u00c7ES\\u0130\\u2019NDE BU YIL 6.\\u2019SI GER\\u00c7EKLE\\u015eT\\u0130R\\u0130LEN ULUSAL A\\u0130LE HEK\\u0130ML\\u0130\\u011e\\u0130 KONGRES\\u0130\\u2019NDE HEK\\u0130MLER SA\\u011eLIKTA \\u015e\\u0130DDET\\u0130N TCK\\u2019YA G\\u0130RMES\\u0130N\\u0130 TALEP EDEREK A\\u0130LE HEK\\u0130ML\\u0130\\u011e\\u0130\\u2019NE VE SA\\u011eLIK \\u00c7ALI\\u015eANLARINA DAHA FAZLA \\u00d6NEM VER\\u0130LMES\\u0130N\\u0130 \\u0130STED\\u0130LER. (\\u0130BRAH\\u0130M KILIN\\u00c7\\\/AYDIN-\\u0130HA)&quot;,&quot;created_timestamp&quot;:&quot;0&quot;,&quot;copyright&quot;:&quot;\\u0130HLAS HABER AJANSI, www.iha.com.tr&quot;,&quot;focal_length&quot;:&quot;0&quot;,&quot;iso&quot;:&quot;0&quot;,&quot;shutter_speed&quot;:&quot;0&quot;,&quot;title&quot;:&quot;A\\u0130LE HEK\\u0130MLER G\\u00dcVENL\\u0130 B\\u0130R \\u00c7ALI\\u015eMA ORTAMI \\u0130ST\\u0130YOR \\u0130STAHED SA\\u011eLIKTA \\u015e\\u0130DDET YASASININ TCK\\u2019YA G\\u0130RMES\\u0130N\\u0130 TALEP ETT\\u0130&quot;,&quot;orientation&quot;:&quot;0&quot;}\" data-image-title=\"Aile hekimler g\u00fcvenli bir \u00e7al\u0131\u015fma ortam\u0131 istiyor\" data-image-description=\"&lt;p&gt;Aile hekimler g\u00fcvenli bir \u00e7al\u0131\u015fma ortam\u0131 istiyor&lt;\/p&gt; \" data-medium-file=\"https:\/\/i0.wp.com\/www.tvturk.com\/wp-content\/uploads\/2019\/04\/aile-hekimler-guvenli-bir-calisma-ortami-istiyor_a75f4ce.jpg?fit=300%2C158\" data-large-file=\"https:\/\/i0.wp.com\/www.tvturk.com\/wp-content\/uploads\/2019\/04\/aile-hekimler-guvenli-bir-calisma-ortami-istiyor_a75f4ce.jpg?fit=1000%2C528\" src=\"https:\/\/i0.wp.com\/www.tvturk.com\/wp-content\/uploads\/2019\/04\/aile-hekimler-guvenli-bir-calisma-ortami-istiyor_a75f4ce.jpg?w=311&#038;h=164\" srcset=\"https:\/\/i0.wp.com\/www.tvturk.com\/wp-content\/uploads\/2019\/04\/aile-hekimler-guvenli-bir-calisma-ortami-istiyor_a75f4ce.jpg?w=1000 1000w, https:\/\/i0.wp.com\/www.tvturk.com\/wp-content\/uploads\/2019\/04\/aile-hekimler-guvenli-bir-calisma-ortami-istiyor_a75f4ce.jpg?resize=150%2C79 150w, https:\/\/i0.wp.com\/www.tvturk.com\/wp-content\/uploads\/2019\/04\/aile-hekimler-guvenli-bir-calisma-ortami-istiyor_a75f4ce.jpg?resize=300%2C158 300w, https:\/\/i0.wp.com\/www.tvturk.com\/wp-content\/uploads\/2019\/04\/aile-hekimler-guvenli-bir-calisma-ortami-istiyor_a75f4ce.jpg?resize=768%2C406 768w\" width=\"311\" height=\"164\" loading=\"lazy\" data-original-width=\"311\" data-original-height=\"164\" itemprop=\"http:\/\/schema.org\/image\" title=\"Aile hekimler g\u00fcvenli bir \u00e7al\u0131\u015fma ortam\u0131 istiyor\" alt=\"Aile hekimler g\u00fcvenli bir \u00e7al\u0131\u015fma ortam\u0131 istiyor\" style=\"width: 311px; height: 164px;\" \/> <\/a> <\/div> <\/div> <!-- close group --> <div class=\"gallery-group images-1\" style=\"width: 185px; height: 168px;\" data-original-width=\"185\" data-original-height=\"168\" > <div class=\"tiled-gallery-item tiled-gallery-item-small\" itemprop=\"associatedMedia\" itemscope itemtype=\"http:\/\/schema.org\/ImageObject\"> <a href=\"http:\/\/www.tvturk.com\/index.php\/aile-hekimler-guvenli-bir-calisma-ortami-istiyor\/aile-hekimler-guvenli-bir-calisma-ortami-istiyor-6\/\" border=\"0\" itemprop=\"url\"> <meta itemprop=\"width\" content=\"181\"> <meta itemprop=\"height\" content=\"164\"> <img decoding=\"async\" class=\"\" data-attachment-id=\"144353\" data-orig-file=\"http:\/\/www.tvturk.com\/wp-content\/uploads\/2019\/04\/aile-hekimler-guvenli-bir-calisma-ortami-istiyor_527feaf.jpg\" data-orig-size=\"1000,906\" data-comments-opened=\"\" data-image-meta=\"{&quot;aperture&quot;:&quot;0&quot;,&quot;credit&quot;:&quot;IHA&quot;,&quot;camera&quot;:&quot;&quot;,&quot;caption&quot;:&quot;\\u0130STAHED Y\\u00d6NET\\u0130M KURULU BA\\u015eKANI DR. KUTBETT\\u0130N DEM\\u0130R (\\u0130BRAH\\u0130M KILIN\\u00c7\\\/AYDIN-\\u0130HA)&quot;,&quot;created_timestamp&quot;:&quot;0&quot;,&quot;copyright&quot;:&quot;\\u0130HLAS HABER AJANSI, www.iha.com.tr&quot;,&quot;focal_length&quot;:&quot;0&quot;,&quot;iso&quot;:&quot;0&quot;,&quot;shutter_speed&quot;:&quot;0&quot;,&quot;title&quot;:&quot;A\\u0130LE HEK\\u0130MLER G\\u00dcVENL\\u0130 B\\u0130R \\u00c7ALI\\u015eMA ORTAMI \\u0130ST\\u0130YOR \\u0130STAHED SA\\u011eLIKTA \\u015e\\u0130DDET YASASININ TCK\\u2019YA G\\u0130RMES\\u0130N\\u0130 TALEP ETT\\u0130&quot;,&quot;orientation&quot;:&quot;0&quot;}\" data-image-title=\"Aile hekimler g\u00fcvenli bir \u00e7al\u0131\u015fma ortam\u0131 istiyor\" data-image-description=\"&lt;p&gt;Aile hekimler g\u00fcvenli bir \u00e7al\u0131\u015fma ortam\u0131 istiyor&lt;\/p&gt; \" data-medium-file=\"https:\/\/i0.wp.com\/www.tvturk.com\/wp-content\/uploads\/2019\/04\/aile-hekimler-guvenli-bir-calisma-ortami-istiyor_527feaf.jpg?fit=300%2C272\" data-large-file=\"https:\/\/i0.wp.com\/www.tvturk.com\/wp-content\/uploads\/2019\/04\/aile-hekimler-guvenli-bir-calisma-ortami-istiyor_527feaf.jpg?fit=1000%2C906\" src=\"https:\/\/i0.wp.com\/www.tvturk.com\/wp-content\/uploads\/2019\/04\/aile-hekimler-guvenli-bir-calisma-ortami-istiyor_527feaf.jpg?w=181&#038;h=164\" srcset=\"https:\/\/i0.wp.com\/www.tvturk.com\/wp-content\/uploads\/2019\/04\/aile-hekimler-guvenli-bir-calisma-ortami-istiyor_527feaf.jpg?w=1000 1000w, https:\/\/i0.wp.com\/www.tvturk.com\/wp-content\/uploads\/2019\/04\/aile-hekimler-guvenli-bir-calisma-ortami-istiyor_527feaf.jpg?resize=150%2C136 150w, https:\/\/i0.wp.com\/www.tvturk.com\/wp-content\/uploads\/2019\/04\/aile-hekimler-guvenli-bir-calisma-ortami-istiyor_527feaf.jpg?resize=300%2C272 300w, https:\/\/i0.wp.com\/www.tvturk.com\/wp-content\/uploads\/2019\/04\/aile-hekimler-guvenli-bir-calisma-ortami-istiyor_527feaf.jpg?resize=768%2C696 768w\" width=\"181\" height=\"164\" loading=\"lazy\" data-original-width=\"181\" data-original-height=\"164\" itemprop=\"http:\/\/schema.org\/image\" title=\"Aile hekimler g\u00fcvenli bir \u00e7al\u0131\u015fma ortam\u0131 istiyor\" alt=\"Aile hekimler g\u00fcvenli bir \u00e7al\u0131\u015fma ortam\u0131 istiyor\" style=\"width: 181px; height: 164px;\" \/> <\/a> <\/div> <\/div> <!-- close group --> <\/div> <!-- close row --> <div class=\"gallery-row\" style=\"width: 500px; height: 227px;\" data-original-width=\"500\" data-original-height=\"227\" > <div class=\"gallery-group images-2\" style=\"width: 177px; height: 227px;\" data-original-width=\"177\" data-original-height=\"227\" > <div class=\"tiled-gallery-item tiled-gallery-item-small\" itemprop=\"associatedMedia\" itemscope itemtype=\"http:\/\/schema.org\/ImageObject\"> <a href=\"http:\/\/www.tvturk.com\/index.php\/aile-hekimler-guvenli-bir-calisma-ortami-istiyor\/aile-hekimler-guvenli-bir-calisma-ortami-istiyor-7\/\" border=\"0\" itemprop=\"url\"> <meta itemprop=\"width\" content=\"173\"> <meta itemprop=\"height\" content=\"98\"> <img decoding=\"async\" class=\"\" data-attachment-id=\"144354\" data-orig-file=\"http:\/\/www.tvturk.com\/wp-content\/uploads\/2019\/04\/aile-hekimler-guvenli-bir-calisma-ortami-istiyor_6bda8c9.jpg\" data-orig-size=\"1000,564\" data-comments-opened=\"\" data-image-meta=\"{&quot;aperture&quot;:&quot;0&quot;,&quot;credit&quot;:&quot;IHA&quot;,&quot;camera&quot;:&quot;&quot;,&quot;caption&quot;:&quot;MU\\u011eLA\\u2019NIN BODRUM \\u0130L\\u00c7ES\\u0130\\u2019NDE BU YIL 6.\\u2019SI GER\\u00c7EKLE\\u015eT\\u0130R\\u0130LEN ULUSAL A\\u0130LE HEK\\u0130ML\\u0130\\u011e\\u0130 KONGRES\\u0130\\u2019NDE HEK\\u0130MLER SA\\u011eLIKTA \\u015e\\u0130DDET\\u0130N TCK\\u2019YA G\\u0130RMES\\u0130N\\u0130 TALEP EDEREK A\\u0130LE HEK\\u0130ML\\u0130\\u011e\\u0130\\u2019NE VE SA\\u011eLIK \\u00c7ALI\\u015eANLARINA DAHA FAZLA \\u00d6NEM VER\\u0130LMES\\u0130N\\u0130 \\u0130STED\\u0130LER. (\\u0130BRAH\\u0130M KILIN\\u00c7\\\/AYDIN-\\u0130HA)&quot;,&quot;created_timestamp&quot;:&quot;0&quot;,&quot;copyright&quot;:&quot;\\u0130HLAS HABER AJANSI, www.iha.com.tr&quot;,&quot;focal_length&quot;:&quot;0&quot;,&quot;iso&quot;:&quot;0&quot;,&quot;shutter_speed&quot;:&quot;0&quot;,&quot;title&quot;:&quot;A\\u0130LE HEK\\u0130MLER G\\u00dcVENL\\u0130 B\\u0130R \\u00c7ALI\\u015eMA ORTAMI \\u0130ST\\u0130YOR \\u0130STAHED SA\\u011eLIKTA \\u015e\\u0130DDET YASASININ TCK\\u2019YA G\\u0130RMES\\u0130N\\u0130 TALEP ETT\\u0130&quot;,&quot;orientation&quot;:&quot;0&quot;}\" data-image-title=\"Aile hekimler g\u00fcvenli bir \u00e7al\u0131\u015fma ortam\u0131 istiyor\" data-image-description=\"&lt;p&gt;Aile hekimler g\u00fcvenli bir \u00e7al\u0131\u015fma ortam\u0131 istiyor&lt;\/p&gt; \" data-medium-file=\"https:\/\/i0.wp.com\/www.tvturk.com\/wp-content\/uploads\/2019\/04\/aile-hekimler-guvenli-bir-calisma-ortami-istiyor_6bda8c9.jpg?fit=300%2C169\" data-large-file=\"https:\/\/i0.wp.com\/www.tvturk.com\/wp-content\/uploads\/2019\/04\/aile-hekimler-guvenli-bir-calisma-ortami-istiyor_6bda8c9.jpg?fit=1000%2C564\" src=\"https:\/\/i0.wp.com\/www.tvturk.com\/wp-content\/uploads\/2019\/04\/aile-hekimler-guvenli-bir-calisma-ortami-istiyor_6bda8c9.jpg?w=173&#038;h=98\" srcset=\"https:\/\/i0.wp.com\/www.tvturk.com\/wp-content\/uploads\/2019\/04\/aile-hekimler-guvenli-bir-calisma-ortami-istiyor_6bda8c9.jpg?w=1000 1000w, https:\/\/i0.wp.com\/www.tvturk.com\/wp-content\/uploads\/2019\/04\/aile-hekimler-guvenli-bir-calisma-ortami-istiyor_6bda8c9.jpg?resize=150%2C85 150w, https:\/\/i0.wp.com\/www.tvturk.com\/wp-content\/uploads\/2019\/04\/aile-hekimler-guvenli-bir-calisma-ortami-istiyor_6bda8c9.jpg?resize=300%2C169 300w, https:\/\/i0.wp.com\/www.tvturk.com\/wp-content\/uploads\/2019\/04\/aile-hekimler-guvenli-bir-calisma-ortami-istiyor_6bda8c9.jpg?resize=768%2C433 768w, https:\/\/i0.wp.com\/www.tvturk.com\/wp-content\/uploads\/2019\/04\/aile-hekimler-guvenli-bir-calisma-ortami-istiyor_6bda8c9.jpg?resize=200%2C113 200w\" width=\"173\" height=\"98\" loading=\"lazy\" data-original-width=\"173\" data-original-height=\"98\" itemprop=\"http:\/\/schema.org\/image\" title=\"Aile hekimler g\u00fcvenli bir \u00e7al\u0131\u015fma ortam\u0131 istiyor\" alt=\"Aile hekimler g\u00fcvenli bir \u00e7al\u0131\u015fma ortam\u0131 istiyor\" style=\"width: 173px; height: 98px;\" \/> <\/a> <\/div> <div class=\"tiled-gallery-item tiled-gallery-item-small\" itemprop=\"associatedMedia\" itemscope itemtype=\"http:\/\/schema.org\/ImageObject\"> <a href=\"http:\/\/www.tvturk.com\/index.php\/aile-hekimler-guvenli-bir-calisma-ortami-istiyor\/aile-hekimler-guvenli-bir-calisma-ortami-istiyor-8\/\" border=\"0\" itemprop=\"url\"> <meta itemprop=\"width\" content=\"173\"> <meta itemprop=\"height\" content=\"121\"> <img decoding=\"async\" class=\"\" data-attachment-id=\"144355\" data-orig-file=\"http:\/\/www.tvturk.com\/wp-content\/uploads\/2019\/04\/aile-hekimler-guvenli-bir-calisma-ortami-istiyor_f19176d.jpg\" data-orig-size=\"1000,698\" data-comments-opened=\"\" data-image-meta=\"{&quot;aperture&quot;:&quot;0&quot;,&quot;credit&quot;:&quot;IHA&quot;,&quot;camera&quot;:&quot;&quot;,&quot;caption&quot;:&quot;MU\\u011eLA\\u2019NIN BODRUM \\u0130L\\u00c7ES\\u0130\\u2019NDE BU YIL 6.\\u2019SI GER\\u00c7EKLE\\u015eT\\u0130R\\u0130LEN ULUSAL A\\u0130LE HEK\\u0130ML\\u0130\\u011e\\u0130 KONGRES\\u0130\\u2019NDE HEK\\u0130MLER SA\\u011eLIKTA \\u015e\\u0130DDET\\u0130N TCK\\u2019YA G\\u0130RMES\\u0130N\\u0130 TALEP EDEREK A\\u0130LE HEK\\u0130ML\\u0130\\u011e\\u0130\\u2019NE VE SA\\u011eLIK \\u00c7ALI\\u015eANLARINA DAHA FAZLA \\u00d6NEM VER\\u0130LMES\\u0130N\\u0130 \\u0130STED\\u0130LER. (\\u0130BRAH\\u0130M KILIN\\u00c7\\\/AYDIN-\\u0130HA)&quot;,&quot;created_timestamp&quot;:&quot;0&quot;,&quot;copyright&quot;:&quot;\\u0130HLAS HABER AJANSI, www.iha.com.tr&quot;,&quot;focal_length&quot;:&quot;0&quot;,&quot;iso&quot;:&quot;0&quot;,&quot;shutter_speed&quot;:&quot;0&quot;,&quot;title&quot;:&quot;A\\u0130LE HEK\\u0130MLER G\\u00dcVENL\\u0130 B\\u0130R \\u00c7ALI\\u015eMA ORTAMI \\u0130ST\\u0130YOR \\u0130STAHED SA\\u011eLIKTA \\u015e\\u0130DDET YASASININ TCK\\u2019YA G\\u0130RMES\\u0130N\\u0130 TALEP ETT\\u0130&quot;,&quot;orientation&quot;:&quot;0&quot;}\" data-image-title=\"Aile hekimler g\u00fcvenli bir \u00e7al\u0131\u015fma ortam\u0131 istiyor\" data-image-description=\"&lt;p&gt;Aile hekimler g\u00fcvenli bir \u00e7al\u0131\u015fma ortam\u0131 istiyor&lt;\/p&gt; \" data-medium-file=\"https:\/\/i0.wp.com\/www.tvturk.com\/wp-content\/uploads\/2019\/04\/aile-hekimler-guvenli-bir-calisma-ortami-istiyor_f19176d.jpg?fit=300%2C209\" data-large-file=\"https:\/\/i0.wp.com\/www.tvturk.com\/wp-content\/uploads\/2019\/04\/aile-hekimler-guvenli-bir-calisma-ortami-istiyor_f19176d.jpg?fit=1000%2C698\" src=\"https:\/\/i0.wp.com\/www.tvturk.com\/wp-content\/uploads\/2019\/04\/aile-hekimler-guvenli-bir-calisma-ortami-istiyor_f19176d.jpg?w=173&#038;h=121\" srcset=\"https:\/\/i0.wp.com\/www.tvturk.com\/wp-content\/uploads\/2019\/04\/aile-hekimler-guvenli-bir-calisma-ortami-istiyor_f19176d.jpg?w=1000 1000w, https:\/\/i0.wp.com\/www.tvturk.com\/wp-content\/uploads\/2019\/04\/aile-hekimler-guvenli-bir-calisma-ortami-istiyor_f19176d.jpg?resize=150%2C105 150w, https:\/\/i0.wp.com\/www.tvturk.com\/wp-content\/uploads\/2019\/04\/aile-hekimler-guvenli-bir-calisma-ortami-istiyor_f19176d.jpg?resize=300%2C209 300w, https:\/\/i0.wp.com\/www.tvturk.com\/wp-content\/uploads\/2019\/04\/aile-hekimler-guvenli-bir-calisma-ortami-istiyor_f19176d.jpg?resize=768%2C536 768w, https:\/\/i0.wp.com\/www.tvturk.com\/wp-content\/uploads\/2019\/04\/aile-hekimler-guvenli-bir-calisma-ortami-istiyor_f19176d.jpg?resize=80%2C55 80w\" width=\"173\" height=\"121\" loading=\"lazy\" data-original-width=\"173\" data-original-height=\"121\" itemprop=\"http:\/\/schema.org\/image\" title=\"Aile hekimler g\u00fcvenli bir \u00e7al\u0131\u015fma ortam\u0131 istiyor\" alt=\"Aile hekimler g\u00fcvenli bir \u00e7al\u0131\u015fma ortam\u0131 istiyor\" style=\"width: 173px; height: 121px;\" \/> <\/a> <\/div> <\/div> <!-- close group --> <div class=\"gallery-group images-1\" style=\"width: 323px; height: 227px;\" data-original-width=\"323\" data-original-height=\"227\" > <div class=\"tiled-gallery-item tiled-gallery-item-large\" itemprop=\"associatedMedia\" itemscope itemtype=\"http:\/\/schema.org\/ImageObject\"> <a href=\"http:\/\/www.tvturk.com\/index.php\/aile-hekimler-guvenli-bir-calisma-ortami-istiyor\/aile-hekimler-guvenli-bir-calisma-ortami-istiyor-9\/\" border=\"0\" itemprop=\"url\"> <meta itemprop=\"width\" content=\"319\"> <meta itemprop=\"height\" content=\"223\"> <img decoding=\"async\" class=\"\" data-attachment-id=\"144356\" data-orig-file=\"http:\/\/www.tvturk.com\/wp-content\/uploads\/2019\/04\/aile-hekimler-guvenli-bir-calisma-ortami-istiyor_768ca46.jpg\" data-orig-size=\"1000,698\" data-comments-opened=\"\" data-image-meta=\"{&quot;aperture&quot;:&quot;0&quot;,&quot;credit&quot;:&quot;IHA&quot;,&quot;camera&quot;:&quot;&quot;,&quot;caption&quot;:&quot;MU\\u011eLA\\u2019NIN BODRUM \\u0130L\\u00c7ES\\u0130\\u2019NDE BU YIL 6.\\u2019SI GER\\u00c7EKLE\\u015eT\\u0130R\\u0130LEN ULUSAL A\\u0130LE HEK\\u0130ML\\u0130\\u011e\\u0130 KONGRES\\u0130\\u2019NDE HEK\\u0130MLER SA\\u011eLIKTA \\u015e\\u0130DDET\\u0130N TCK\\u2019YA G\\u0130RMES\\u0130N\\u0130 TALEP EDEREK A\\u0130LE HEK\\u0130ML\\u0130\\u011e\\u0130\\u2019NE VE SA\\u011eLIK \\u00c7ALI\\u015eANLARINA DAHA FAZLA \\u00d6NEM VER\\u0130LMES\\u0130N\\u0130 \\u0130STED\\u0130LER. (\\u0130BRAH\\u0130M KILIN\\u00c7\\\/AYDIN-\\u0130HA)&quot;,&quot;created_timestamp&quot;:&quot;0&quot;,&quot;copyright&quot;:&quot;\\u0130HLAS HABER AJANSI, www.iha.com.tr&quot;,&quot;focal_length&quot;:&quot;0&quot;,&quot;iso&quot;:&quot;0&quot;,&quot;shutter_speed&quot;:&quot;0&quot;,&quot;title&quot;:&quot;A\\u0130LE HEK\\u0130MLER G\\u00dcVENL\\u0130 B\\u0130R \\u00c7ALI\\u015eMA ORTAMI \\u0130ST\\u0130YOR \\u0130STAHED SA\\u011eLIKTA \\u015e\\u0130DDET YASASININ TCK\\u2019YA G\\u0130RMES\\u0130N\\u0130 TALEP ETT\\u0130&quot;,&quot;orientation&quot;:&quot;0&quot;}\" data-image-title=\"Aile hekimler g\u00fcvenli bir \u00e7al\u0131\u015fma ortam\u0131 istiyor\" data-image-description=\"&lt;p&gt;Aile hekimler g\u00fcvenli bir \u00e7al\u0131\u015fma ortam\u0131 istiyor&lt;\/p&gt; \" data-medium-file=\"https:\/\/i0.wp.com\/www.tvturk.com\/wp-content\/uploads\/2019\/04\/aile-hekimler-guvenli-bir-calisma-ortami-istiyor_768ca46.jpg?fit=300%2C209\" data-large-file=\"https:\/\/i0.wp.com\/www.tvturk.com\/wp-content\/uploads\/2019\/04\/aile-hekimler-guvenli-bir-calisma-ortami-istiyor_768ca46.jpg?fit=1000%2C698\" src=\"https:\/\/i0.wp.com\/www.tvturk.com\/wp-content\/uploads\/2019\/04\/aile-hekimler-guvenli-bir-calisma-ortami-istiyor_768ca46.jpg?w=319&#038;h=223\" srcset=\"https:\/\/i0.wp.com\/www.tvturk.com\/wp-content\/uploads\/2019\/04\/aile-hekimler-guvenli-bir-calisma-ortami-istiyor_768ca46.jpg?w=1000 1000w, https:\/\/i0.wp.com\/www.tvturk.com\/wp-content\/uploads\/2019\/04\/aile-hekimler-guvenli-bir-calisma-ortami-istiyor_768ca46.jpg?resize=150%2C105 150w, https:\/\/i0.wp.com\/www.tvturk.com\/wp-content\/uploads\/2019\/04\/aile-hekimler-guvenli-bir-calisma-ortami-istiyor_768ca46.jpg?resize=300%2C209 300w, https:\/\/i0.wp.com\/www.tvturk.com\/wp-content\/uploads\/2019\/04\/aile-hekimler-guvenli-bir-calisma-ortami-istiyor_768ca46.jpg?resize=768%2C536 768w, https:\/\/i0.wp.com\/www.tvturk.com\/wp-content\/uploads\/2019\/04\/aile-hekimler-guvenli-bir-calisma-ortami-istiyor_768ca46.jpg?resize=80%2C55 80w\" width=\"319\" height=\"223\" loading=\"lazy\" data-original-width=\"319\" data-original-height=\"223\" itemprop=\"http:\/\/schema.org\/image\" title=\"Aile hekimler g\u00fcvenli bir \u00e7al\u0131\u015fma ortam\u0131 istiyor\" alt=\"Aile hekimler g\u00fcvenli bir \u00e7al\u0131\u015fma ortam\u0131 istiyor\" style=\"width: 319px; height: 223px;\" \/> <\/a> <\/div> <\/div> <!-- close group --> <\/div> <!-- close row --> <\/div><\/p>\n","protected":false},"excerpt":{"rendered":"<p>MU\u011eLA\u2019NIN BODRUM \u0130L\u00c7ES\u0130\u2019NDE BU YIL 6.\u2019SI GER\u00c7EKLE\u015eT\u0130R\u0130LEN ULUSAL A\u0130LE HEK\u0130ML\u0130\u011e\u0130 KONGRES\u0130\u2019NDE HEK\u0130MLER SA\u011eLIKTA \u015e\u0130DDET\u0130N TCK\u2019YA G\u0130RMES\u0130N\u0130 TALEP EDEREK A\u0130LE HEK\u0130ML\u0130\u011e\u0130\u2019NE VE SA\u011eLIK \u00c7ALI\u015eANLARINA DAHA FAZLA \u00d6NEM VER\u0130LMES\u0130N\u0130 \u0130STED\u0130LER.<\/p>\n","protected":false},"author":1,"featured_media":144349,"comment_status":"closed","ping_status":"open","sticky":false,"template":"","format":"standard","meta":{"jetpack_post_was_ever_published":false,"_jetpack_newsletter_access":"","_jetpack_dont_email_post_to_subs":false,"_jetpack_newsletter_tier_id":0,"_jetpack_memberships_contains_paywalled_content":false,"_jetpack_memberships_contains_paid_content":false,"footnotes":"","jetpack_publicize_message":"","jetpack_publicize_feature_enabled":true,"jetpack_social_post_already_shared":true,"jetpack_social_options":{"image_generator_settings":{"template":"highway","default_image_id":0,"font":"","enabled":false},"version":2}},"categories":[1],"tags":[3014,125,322,83,24412,99,12505],"class_list":["post-144348","post","type-post","status-publish","format-standard","has-post-thumbnail","hentry","category-genel","tag-aile","tag-bir","tag-calisma","tag-guvenli","tag-hekimler","tag-istiyor","tag-ortami"],"jetpack_publicize_connections":[],"jetpack_featured_media_url":"https:\/\/i0.wp.com\/www.tvturk.com\/wp-content\/uploads\/2019\/04\/aile-hekimler-guvenli-bir-calisma-ortami-istiyor_08dd322.jpg?fit=1000%2C666","jetpack_sharing_enabled":true,"jetpack_shortlink":"https:\/\/wp.me\/paKIfm-Byc","_links":{"self":[{"href":"http:\/\/www.tvturk.com\/index.php\/wp-json\/wp\/v2\/posts\/144348","targetHints":{"allow":["GET"]}}],"collection":[{"href":"http:\/\/www.tvturk.com\/index.php\/wp-json\/wp\/v2\/posts"}],"about":[{"href":"http:\/\/www.tvturk.com\/index.php\/wp-json\/wp\/v2\/types\/post"}],"author":[{"embeddable":true,"href":"http:\/\/www.tvturk.com\/index.php\/wp-json\/wp\/v2\/users\/1"}],"replies":[{"embeddable":true,"href":"http:\/\/www.tvturk.com\/index.php\/wp-json\/wp\/v2\/comments?post=144348"}],"version-history":[{"count":1,"href":"http:\/\/www.tvturk.com\/index.php\/wp-json\/wp\/v2\/posts\/144348\/revisions"}],"predecessor-version":[{"id":144357,"href":"http:\/\/www.tvturk.com\/index.php\/wp-json\/wp\/v2\/posts\/144348\/revisions\/144357"}],"wp:featuredmedia":[{"embeddable":true,"href":"http:\/\/www.tvturk.com\/index.php\/wp-json\/wp\/v2\/media\/144349"}],"wp:attachment":[{"href":"http:\/\/www.tvturk.com\/index.php\/wp-json\/wp\/v2\/media?parent=144348"}],"wp:term":[{"taxonomy":"category","embeddable":true,"href":"http:\/\/www.tvturk.com\/index.php\/wp-json\/wp\/v2\/categories?post=144348"},{"taxonomy":"post_tag","embeddable":true,"href":"http:\/\/www.tvturk.com\/index.php\/wp-json\/wp\/v2\/tags?post=144348"}],"curies":[{"name":"wp","href":"https:\/\/api.w.org\/{rel}","templated":true}]}}