{"id":144512,"date":"2019-04-20T17:13:21","date_gmt":"2019-04-20T14:13:21","guid":{"rendered":"http:\/\/www.tvturk.com\/index.php\/araclar-saatlerce-yolda-kaldi\/"},"modified":"2019-04-20T17:13:27","modified_gmt":"2019-04-20T14:13:27","slug":"araclar-saatlerce-yolda-kaldi","status":"publish","type":"post","link":"http:\/\/www.tvturk.com\/index.php\/araclar-saatlerce-yolda-kaldi\/","title":{"rendered":"Ara\u00e7lar saatlerce yolda kald\u0131"},"content":{"rendered":"<p>K\u00fctahya\u2019n\u0131n Domani\u00e7 il\u00e7esi Kocayayla ge\u00e7idinde Nisan ay\u0131n\u0131n son g\u00fcnlerinde bast\u0131ran kar ya\u011f\u0131\u015f\u0131 ara\u00e7 s\u00fcr\u00fcc\u00fclerine zor anlar ya\u015fatt\u0131. Y\u00fczlerce ara\u00e7 yolda kald\u0131.<\/p>\n<p>D\u00fcn geceden beri belli aral\u0131klarla ya\u011fan kar nedeniyle y\u00fczlerce ara\u00e7 yolda kald\u0131. Eski tecr\u00fcbelerine dayanarak Mart sonunda k\u0131\u015fl\u0131k lastiklerini de\u011fi\u015ftiren s\u00fcr\u00fcc\u00fcler hesapta olmayan karla, da\u011fda saatlerce mahsur kald\u0131lar. Bin 500 rak\u0131ml\u0131 Domani\u00e7 da\u011f\u0131nda ilk defa bu kadar kar ya\u011f\u0131\u015f\u0131na \u015fahit olduklar\u0131n\u0131 belirten s\u00fcr\u00fcc\u00fcler, haz\u0131rl\u0131ks\u0131z yakaland\u0131klar\u0131 karda niye u\u011frad\u0131klar\u0131n\u0131 \u015fa\u015f\u0131rd\u0131lar. \u00c7ok say\u0131da arac\u0131n kayarak yolu kapatmas\u0131 \u00fczerine di\u011fer s\u00fcr\u00fcc\u00fcler de durduklar\u0131 yerden ara\u00e7lar\u0131n\u0131 kald\u0131ramad\u0131lar. Yolda kayanlar\u0131 karayollar\u0131 ekipleri ve di\u011fer s\u00fcr\u00fcc\u00fclerin deste\u011fi ile \u00e7\u0131karanlar\u0131n yan\u0131nda yola yak\u0131n k\u00f6ylerden gelen trakt\u00f6rlerde \u00e7ok say\u0131da arac\u0131 \u00e7\u0131kard\u0131lar. Yolda \u00e7ok say\u0131da ara\u00e7 kalmas\u0131na ra\u011fmen, \u00e7ok say\u0131da ara\u00e7 yoldan kaymas\u0131na ra\u011fmen her hangi bir kazan\u0131n olmamas\u0131 da tek teselli oldu.<div class=\"tiled-gallery type-rectangular tiled-gallery-unresized\" data-original-width=\"500\" data-carousel-extra='null' itemscope itemtype=\"http:\/\/schema.org\/ImageGallery\" > <div class=\"gallery-row\" style=\"width: 500px; height: 251px;\" data-original-width=\"500\" data-original-height=\"251\" > <div class=\"gallery-group images-1\" style=\"width: 334px; height: 251px;\" data-original-width=\"334\" data-original-height=\"251\" > <div class=\"tiled-gallery-item tiled-gallery-item-large\" itemprop=\"associatedMedia\" itemscope itemtype=\"http:\/\/schema.org\/ImageObject\"> <a href=\"http:\/\/www.tvturk.com\/index.php\/araclar-saatlerce-yolda-kaldi\/araclar-saatlerce-yolda-kaldi-3\/\" border=\"0\" itemprop=\"url\"> <meta itemprop=\"width\" content=\"330\"> <meta itemprop=\"height\" content=\"247\"> <img decoding=\"async\" class=\"\" data-attachment-id=\"144514\" data-orig-file=\"http:\/\/www.tvturk.com\/wp-content\/uploads\/2019\/04\/araclar-saatlerce-yolda-kaldi_22549d1.jpg\" data-orig-size=\"1000,750\" data-comments-opened=\"\" data-image-meta=\"{&quot;aperture&quot;:&quot;0&quot;,&quot;credit&quot;:&quot;IHA&quot;,&quot;camera&quot;:&quot;&quot;,&quot;caption&quot;:&quot;ARA\\u00c7LAR SAATLERCE YOLDA KALDI (TAMER Y\\u0130\\u011e\\u0130T\\\/K\\u00dcTAHYA-\\u0130HA)&quot;,&quot;created_timestamp&quot;:&quot;0&quot;,&quot;copyright&quot;:&quot;\\u0130HLAS HABER AJANSI, www.iha.com.tr&quot;,&quot;focal_length&quot;:&quot;0&quot;,&quot;iso&quot;:&quot;0&quot;,&quot;shutter_speed&quot;:&quot;0&quot;,&quot;title&quot;:&quot;ARA\\u00c7LAR SAATLERCE YOLDA KALDI&quot;,&quot;orientation&quot;:&quot;0&quot;}\" data-image-title=\"Ara\u00e7lar saatlerce yolda kald\u0131\" data-image-description=\"&lt;p&gt;Ara\u00e7lar saatlerce yolda kald\u0131&lt;\/p&gt; \" data-medium-file=\"https:\/\/i0.wp.com\/www.tvturk.com\/wp-content\/uploads\/2019\/04\/araclar-saatlerce-yolda-kaldi_22549d1.jpg?fit=300%2C225\" data-large-file=\"https:\/\/i0.wp.com\/www.tvturk.com\/wp-content\/uploads\/2019\/04\/araclar-saatlerce-yolda-kaldi_22549d1.jpg?fit=1000%2C750\" src=\"https:\/\/i0.wp.com\/www.tvturk.com\/wp-content\/uploads\/2019\/04\/araclar-saatlerce-yolda-kaldi_22549d1.jpg?w=330&#038;h=247\" srcset=\"https:\/\/i0.wp.com\/www.tvturk.com\/wp-content\/uploads\/2019\/04\/araclar-saatlerce-yolda-kaldi_22549d1.jpg?w=1000 1000w, https:\/\/i0.wp.com\/www.tvturk.com\/wp-content\/uploads\/2019\/04\/araclar-saatlerce-yolda-kaldi_22549d1.jpg?resize=150%2C113 150w, https:\/\/i0.wp.com\/www.tvturk.com\/wp-content\/uploads\/2019\/04\/araclar-saatlerce-yolda-kaldi_22549d1.jpg?resize=300%2C225 300w, https:\/\/i0.wp.com\/www.tvturk.com\/wp-content\/uploads\/2019\/04\/araclar-saatlerce-yolda-kaldi_22549d1.jpg?resize=768%2C576 768w\" width=\"330\" height=\"247\" loading=\"lazy\" data-original-width=\"330\" data-original-height=\"247\" itemprop=\"http:\/\/schema.org\/image\" title=\"Ara\u00e7lar saatlerce yolda kald\u0131\" alt=\"Ara\u00e7lar saatlerce yolda kald\u0131\" style=\"width: 330px; height: 247px;\" \/> <\/a> <\/div> <\/div> <!-- close group --> <div class=\"gallery-group images-2\" style=\"width: 166px; height: 251px;\" data-original-width=\"166\" data-original-height=\"251\" > <div class=\"tiled-gallery-item tiled-gallery-item-small\" itemprop=\"associatedMedia\" itemscope itemtype=\"http:\/\/schema.org\/ImageObject\"> <a href=\"http:\/\/www.tvturk.com\/index.php\/araclar-saatlerce-yolda-kaldi\/araclar-saatlerce-yolda-kaldi-4\/\" border=\"0\" itemprop=\"url\"> <meta itemprop=\"width\" content=\"162\"> <meta itemprop=\"height\" content=\"122\"> <img decoding=\"async\" class=\"\" data-attachment-id=\"144515\" data-orig-file=\"http:\/\/www.tvturk.com\/wp-content\/uploads\/2019\/04\/araclar-saatlerce-yolda-kaldi_f2f2fda.jpg\" data-orig-size=\"1000,750\" data-comments-opened=\"\" data-image-meta=\"{&quot;aperture&quot;:&quot;0&quot;,&quot;credit&quot;:&quot;IHA&quot;,&quot;camera&quot;:&quot;&quot;,&quot;caption&quot;:&quot;ARA\\u00c7LAR SAATLERCE YOLDA KALDI (TAMER Y\\u0130\\u011e\\u0130T\\\/K\\u00dcTAHYA-\\u0130HA)&quot;,&quot;created_timestamp&quot;:&quot;0&quot;,&quot;copyright&quot;:&quot;\\u0130HLAS HABER AJANSI, www.iha.com.tr&quot;,&quot;focal_length&quot;:&quot;0&quot;,&quot;iso&quot;:&quot;0&quot;,&quot;shutter_speed&quot;:&quot;0&quot;,&quot;title&quot;:&quot;ARA\\u00c7LAR SAATLERCE YOLDA KALDI&quot;,&quot;orientation&quot;:&quot;0&quot;}\" data-image-title=\"Ara\u00e7lar saatlerce yolda kald\u0131\" data-image-description=\"&lt;p&gt;Ara\u00e7lar saatlerce yolda kald\u0131&lt;\/p&gt; \" data-medium-file=\"https:\/\/i0.wp.com\/www.tvturk.com\/wp-content\/uploads\/2019\/04\/araclar-saatlerce-yolda-kaldi_f2f2fda.jpg?fit=300%2C225\" data-large-file=\"https:\/\/i0.wp.com\/www.tvturk.com\/wp-content\/uploads\/2019\/04\/araclar-saatlerce-yolda-kaldi_f2f2fda.jpg?fit=1000%2C750\" src=\"https:\/\/i0.wp.com\/www.tvturk.com\/wp-content\/uploads\/2019\/04\/araclar-saatlerce-yolda-kaldi_f2f2fda.jpg?w=162&#038;h=122\" srcset=\"https:\/\/i0.wp.com\/www.tvturk.com\/wp-content\/uploads\/2019\/04\/araclar-saatlerce-yolda-kaldi_f2f2fda.jpg?w=1000 1000w, https:\/\/i0.wp.com\/www.tvturk.com\/wp-content\/uploads\/2019\/04\/araclar-saatlerce-yolda-kaldi_f2f2fda.jpg?resize=150%2C113 150w, https:\/\/i0.wp.com\/www.tvturk.com\/wp-content\/uploads\/2019\/04\/araclar-saatlerce-yolda-kaldi_f2f2fda.jpg?resize=300%2C225 300w, https:\/\/i0.wp.com\/www.tvturk.com\/wp-content\/uploads\/2019\/04\/araclar-saatlerce-yolda-kaldi_f2f2fda.jpg?resize=768%2C576 768w\" width=\"162\" height=\"122\" loading=\"lazy\" data-original-width=\"162\" data-original-height=\"122\" itemprop=\"http:\/\/schema.org\/image\" title=\"Ara\u00e7lar saatlerce yolda kald\u0131\" alt=\"Ara\u00e7lar saatlerce yolda kald\u0131\" style=\"width: 162px; height: 122px;\" \/> <\/a> <\/div> <div class=\"tiled-gallery-item tiled-gallery-item-small\" itemprop=\"associatedMedia\" itemscope itemtype=\"http:\/\/schema.org\/ImageObject\"> <a href=\"http:\/\/www.tvturk.com\/index.php\/araclar-saatlerce-yolda-kaldi\/araclar-saatlerce-yolda-kaldi-5\/\" border=\"0\" itemprop=\"url\"> <meta itemprop=\"width\" content=\"162\"> <meta itemprop=\"height\" content=\"121\"> <img decoding=\"async\" class=\"\" data-attachment-id=\"144516\" data-orig-file=\"http:\/\/www.tvturk.com\/wp-content\/uploads\/2019\/04\/araclar-saatlerce-yolda-kaldi_802ddb9.jpg\" data-orig-size=\"1000,750\" data-comments-opened=\"\" data-image-meta=\"{&quot;aperture&quot;:&quot;0&quot;,&quot;credit&quot;:&quot;IHA&quot;,&quot;camera&quot;:&quot;&quot;,&quot;caption&quot;:&quot;ARA\\u00c7LAR SAATLERCE YOLDA KALDI (TAMER Y\\u0130\\u011e\\u0130T\\\/K\\u00dcTAHYA-\\u0130HA)&quot;,&quot;created_timestamp&quot;:&quot;0&quot;,&quot;copyright&quot;:&quot;\\u0130HLAS HABER AJANSI, www.iha.com.tr&quot;,&quot;focal_length&quot;:&quot;0&quot;,&quot;iso&quot;:&quot;0&quot;,&quot;shutter_speed&quot;:&quot;0&quot;,&quot;title&quot;:&quot;ARA\\u00c7LAR SAATLERCE YOLDA KALDI&quot;,&quot;orientation&quot;:&quot;0&quot;}\" data-image-title=\"Ara\u00e7lar saatlerce yolda kald\u0131\" data-image-description=\"&lt;p&gt;Ara\u00e7lar saatlerce yolda kald\u0131&lt;\/p&gt; \" data-medium-file=\"https:\/\/i0.wp.com\/www.tvturk.com\/wp-content\/uploads\/2019\/04\/araclar-saatlerce-yolda-kaldi_802ddb9.jpg?fit=300%2C225\" data-large-file=\"https:\/\/i0.wp.com\/www.tvturk.com\/wp-content\/uploads\/2019\/04\/araclar-saatlerce-yolda-kaldi_802ddb9.jpg?fit=1000%2C750\" src=\"https:\/\/i0.wp.com\/www.tvturk.com\/wp-content\/uploads\/2019\/04\/araclar-saatlerce-yolda-kaldi_802ddb9.jpg?w=162&#038;h=121\" srcset=\"https:\/\/i0.wp.com\/www.tvturk.com\/wp-content\/uploads\/2019\/04\/araclar-saatlerce-yolda-kaldi_802ddb9.jpg?w=1000 1000w, https:\/\/i0.wp.com\/www.tvturk.com\/wp-content\/uploads\/2019\/04\/araclar-saatlerce-yolda-kaldi_802ddb9.jpg?resize=150%2C113 150w, https:\/\/i0.wp.com\/www.tvturk.com\/wp-content\/uploads\/2019\/04\/araclar-saatlerce-yolda-kaldi_802ddb9.jpg?resize=300%2C225 300w, https:\/\/i0.wp.com\/www.tvturk.com\/wp-content\/uploads\/2019\/04\/araclar-saatlerce-yolda-kaldi_802ddb9.jpg?resize=768%2C576 768w\" width=\"162\" height=\"121\" loading=\"lazy\" data-original-width=\"162\" data-original-height=\"121\" itemprop=\"http:\/\/schema.org\/image\" title=\"Ara\u00e7lar saatlerce yolda kald\u0131\" alt=\"Ara\u00e7lar saatlerce yolda kald\u0131\" style=\"width: 162px; height: 121px;\" \/> <\/a> <\/div> <\/div> <!-- close group --> <\/div> <!-- close row --> <div class=\"gallery-row\" style=\"width: 500px; height: 126px;\" data-original-width=\"500\" data-original-height=\"126\" > <div class=\"gallery-group images-1\" style=\"width: 167px; height: 126px;\" data-original-width=\"167\" data-original-height=\"126\" > <div class=\"tiled-gallery-item tiled-gallery-item-small\" itemprop=\"associatedMedia\" itemscope itemtype=\"http:\/\/schema.org\/ImageObject\"> <a href=\"http:\/\/www.tvturk.com\/index.php\/araclar-saatlerce-yolda-kaldi\/araclar-saatlerce-yolda-kaldi-6\/\" border=\"0\" itemprop=\"url\"> <meta itemprop=\"width\" content=\"163\"> <meta itemprop=\"height\" content=\"122\"> <img decoding=\"async\" class=\"\" data-attachment-id=\"144517\" data-orig-file=\"http:\/\/www.tvturk.com\/wp-content\/uploads\/2019\/04\/araclar-saatlerce-yolda-kaldi_aaed513.jpg\" data-orig-size=\"1000,750\" data-comments-opened=\"\" data-image-meta=\"{&quot;aperture&quot;:&quot;0&quot;,&quot;credit&quot;:&quot;IHA&quot;,&quot;camera&quot;:&quot;&quot;,&quot;caption&quot;:&quot;ARA\\u00c7LAR SAATLERCE YOLDA KALDI (TAMER Y\\u0130\\u011e\\u0130T\\\/K\\u00dcTAHYA-\\u0130HA)&quot;,&quot;created_timestamp&quot;:&quot;0&quot;,&quot;copyright&quot;:&quot;\\u0130HLAS HABER AJANSI, www.iha.com.tr&quot;,&quot;focal_length&quot;:&quot;0&quot;,&quot;iso&quot;:&quot;0&quot;,&quot;shutter_speed&quot;:&quot;0&quot;,&quot;title&quot;:&quot;ARA\\u00c7LAR SAATLERCE YOLDA KALDI&quot;,&quot;orientation&quot;:&quot;0&quot;}\" data-image-title=\"Ara\u00e7lar saatlerce yolda kald\u0131\" data-image-description=\"&lt;p&gt;Ara\u00e7lar saatlerce yolda kald\u0131&lt;\/p&gt; \" data-medium-file=\"https:\/\/i0.wp.com\/www.tvturk.com\/wp-content\/uploads\/2019\/04\/araclar-saatlerce-yolda-kaldi_aaed513.jpg?fit=300%2C225\" data-large-file=\"https:\/\/i0.wp.com\/www.tvturk.com\/wp-content\/uploads\/2019\/04\/araclar-saatlerce-yolda-kaldi_aaed513.jpg?fit=1000%2C750\" src=\"https:\/\/i0.wp.com\/www.tvturk.com\/wp-content\/uploads\/2019\/04\/araclar-saatlerce-yolda-kaldi_aaed513.jpg?w=163&#038;h=122\" srcset=\"https:\/\/i0.wp.com\/www.tvturk.com\/wp-content\/uploads\/2019\/04\/araclar-saatlerce-yolda-kaldi_aaed513.jpg?w=1000 1000w, https:\/\/i0.wp.com\/www.tvturk.com\/wp-content\/uploads\/2019\/04\/araclar-saatlerce-yolda-kaldi_aaed513.jpg?resize=150%2C113 150w, https:\/\/i0.wp.com\/www.tvturk.com\/wp-content\/uploads\/2019\/04\/araclar-saatlerce-yolda-kaldi_aaed513.jpg?resize=300%2C225 300w, https:\/\/i0.wp.com\/www.tvturk.com\/wp-content\/uploads\/2019\/04\/araclar-saatlerce-yolda-kaldi_aaed513.jpg?resize=768%2C576 768w\" width=\"163\" height=\"122\" loading=\"lazy\" data-original-width=\"163\" data-original-height=\"122\" itemprop=\"http:\/\/schema.org\/image\" title=\"Ara\u00e7lar saatlerce yolda kald\u0131\" alt=\"Ara\u00e7lar saatlerce yolda kald\u0131\" style=\"width: 163px; height: 122px;\" \/> <\/a> <\/div> <\/div> <!-- close group --> <div class=\"gallery-group images-1\" style=\"width: 167px; height: 126px;\" data-original-width=\"167\" data-original-height=\"126\" > <div class=\"tiled-gallery-item tiled-gallery-item-small\" itemprop=\"associatedMedia\" itemscope itemtype=\"http:\/\/schema.org\/ImageObject\"> <a href=\"http:\/\/www.tvturk.com\/index.php\/araclar-saatlerce-yolda-kaldi\/araclar-saatlerce-yolda-kaldi-7\/\" border=\"0\" itemprop=\"url\"> <meta itemprop=\"width\" content=\"163\"> <meta itemprop=\"height\" content=\"122\"> <img decoding=\"async\" class=\"\" data-attachment-id=\"144518\" data-orig-file=\"http:\/\/www.tvturk.com\/wp-content\/uploads\/2019\/04\/araclar-saatlerce-yolda-kaldi_66600c3.jpg\" data-orig-size=\"1000,750\" data-comments-opened=\"\" data-image-meta=\"{&quot;aperture&quot;:&quot;0&quot;,&quot;credit&quot;:&quot;IHA&quot;,&quot;camera&quot;:&quot;&quot;,&quot;caption&quot;:&quot;ARA\\u00c7LAR SAATLERCE YOLDA KALDI (TAMER Y\\u0130\\u011e\\u0130T\\\/K\\u00dcTAHYA-\\u0130HA)&quot;,&quot;created_timestamp&quot;:&quot;0&quot;,&quot;copyright&quot;:&quot;\\u0130HLAS HABER AJANSI, www.iha.com.tr&quot;,&quot;focal_length&quot;:&quot;0&quot;,&quot;iso&quot;:&quot;0&quot;,&quot;shutter_speed&quot;:&quot;0&quot;,&quot;title&quot;:&quot;ARA\\u00c7LAR SAATLERCE YOLDA KALDI&quot;,&quot;orientation&quot;:&quot;0&quot;}\" data-image-title=\"Ara\u00e7lar saatlerce yolda kald\u0131\" data-image-description=\"&lt;p&gt;Ara\u00e7lar saatlerce yolda kald\u0131&lt;\/p&gt; \" data-medium-file=\"https:\/\/i0.wp.com\/www.tvturk.com\/wp-content\/uploads\/2019\/04\/araclar-saatlerce-yolda-kaldi_66600c3.jpg?fit=300%2C225\" data-large-file=\"https:\/\/i0.wp.com\/www.tvturk.com\/wp-content\/uploads\/2019\/04\/araclar-saatlerce-yolda-kaldi_66600c3.jpg?fit=1000%2C750\" src=\"https:\/\/i0.wp.com\/www.tvturk.com\/wp-content\/uploads\/2019\/04\/araclar-saatlerce-yolda-kaldi_66600c3.jpg?w=163&#038;h=122\" srcset=\"https:\/\/i0.wp.com\/www.tvturk.com\/wp-content\/uploads\/2019\/04\/araclar-saatlerce-yolda-kaldi_66600c3.jpg?w=1000 1000w, https:\/\/i0.wp.com\/www.tvturk.com\/wp-content\/uploads\/2019\/04\/araclar-saatlerce-yolda-kaldi_66600c3.jpg?resize=150%2C113 150w, https:\/\/i0.wp.com\/www.tvturk.com\/wp-content\/uploads\/2019\/04\/araclar-saatlerce-yolda-kaldi_66600c3.jpg?resize=300%2C225 300w, https:\/\/i0.wp.com\/www.tvturk.com\/wp-content\/uploads\/2019\/04\/araclar-saatlerce-yolda-kaldi_66600c3.jpg?resize=768%2C576 768w\" width=\"163\" height=\"122\" loading=\"lazy\" data-original-width=\"163\" data-original-height=\"122\" itemprop=\"http:\/\/schema.org\/image\" title=\"Ara\u00e7lar saatlerce yolda kald\u0131\" alt=\"Ara\u00e7lar saatlerce yolda kald\u0131\" style=\"width: 163px; height: 122px;\" \/> <\/a> <\/div> <\/div> <!-- close group --> <div class=\"gallery-group images-1\" style=\"width: 166px; height: 126px;\" data-original-width=\"166\" data-original-height=\"126\" > <div class=\"tiled-gallery-item tiled-gallery-item-small\" itemprop=\"associatedMedia\" itemscope itemtype=\"http:\/\/schema.org\/ImageObject\"> <a href=\"http:\/\/www.tvturk.com\/index.php\/araclar-saatlerce-yolda-kaldi\/araclar-saatlerce-yolda-kaldi-8\/\" border=\"0\" itemprop=\"url\"> <meta itemprop=\"width\" content=\"162\"> <meta itemprop=\"height\" content=\"122\"> <img decoding=\"async\" class=\"\" data-attachment-id=\"144519\" data-orig-file=\"http:\/\/www.tvturk.com\/wp-content\/uploads\/2019\/04\/araclar-saatlerce-yolda-kaldi_e8fe62e.jpg\" data-orig-size=\"1000,750\" data-comments-opened=\"\" data-image-meta=\"{&quot;aperture&quot;:&quot;0&quot;,&quot;credit&quot;:&quot;IHA&quot;,&quot;camera&quot;:&quot;&quot;,&quot;caption&quot;:&quot;ARA\\u00c7LAR SAATLERCE YOLDA KALDI (TAMER Y\\u0130\\u011e\\u0130T\\\/K\\u00dcTAHYA-\\u0130HA)&quot;,&quot;created_timestamp&quot;:&quot;0&quot;,&quot;copyright&quot;:&quot;\\u0130HLAS HABER AJANSI, www.iha.com.tr&quot;,&quot;focal_length&quot;:&quot;0&quot;,&quot;iso&quot;:&quot;0&quot;,&quot;shutter_speed&quot;:&quot;0&quot;,&quot;title&quot;:&quot;ARA\\u00c7LAR SAATLERCE YOLDA KALDI&quot;,&quot;orientation&quot;:&quot;0&quot;}\" data-image-title=\"Ara\u00e7lar saatlerce yolda kald\u0131\" data-image-description=\"&lt;p&gt;Ara\u00e7lar saatlerce yolda kald\u0131&lt;\/p&gt; \" data-medium-file=\"https:\/\/i0.wp.com\/www.tvturk.com\/wp-content\/uploads\/2019\/04\/araclar-saatlerce-yolda-kaldi_e8fe62e.jpg?fit=300%2C225\" data-large-file=\"https:\/\/i0.wp.com\/www.tvturk.com\/wp-content\/uploads\/2019\/04\/araclar-saatlerce-yolda-kaldi_e8fe62e.jpg?fit=1000%2C750\" src=\"https:\/\/i0.wp.com\/www.tvturk.com\/wp-content\/uploads\/2019\/04\/araclar-saatlerce-yolda-kaldi_e8fe62e.jpg?w=162&#038;h=122\" srcset=\"https:\/\/i0.wp.com\/www.tvturk.com\/wp-content\/uploads\/2019\/04\/araclar-saatlerce-yolda-kaldi_e8fe62e.jpg?w=1000 1000w, https:\/\/i0.wp.com\/www.tvturk.com\/wp-content\/uploads\/2019\/04\/araclar-saatlerce-yolda-kaldi_e8fe62e.jpg?resize=150%2C113 150w, https:\/\/i0.wp.com\/www.tvturk.com\/wp-content\/uploads\/2019\/04\/araclar-saatlerce-yolda-kaldi_e8fe62e.jpg?resize=300%2C225 300w, https:\/\/i0.wp.com\/www.tvturk.com\/wp-content\/uploads\/2019\/04\/araclar-saatlerce-yolda-kaldi_e8fe62e.jpg?resize=768%2C576 768w\" width=\"162\" height=\"122\" loading=\"lazy\" data-original-width=\"162\" data-original-height=\"122\" itemprop=\"http:\/\/schema.org\/image\" title=\"Ara\u00e7lar saatlerce yolda kald\u0131\" alt=\"Ara\u00e7lar saatlerce yolda kald\u0131\" style=\"width: 162px; height: 122px;\" \/> <\/a> <\/div> <\/div> <!-- close group --> <\/div> <!-- close row --> <\/div><\/p>\n","protected":false},"excerpt":{"rendered":"<p>ARA\u00c7LAR SAATLERCE YOLDA KALDI<\/p>\n","protected":false},"author":1,"featured_media":144513,"comment_status":"closed","ping_status":"open","sticky":false,"template":"","format":"standard","meta":{"jetpack_post_was_ever_published":false,"_jetpack_newsletter_access":"","_jetpack_dont_email_post_to_subs":false,"_jetpack_newsletter_tier_id":0,"_jetpack_memberships_contains_paywalled_content":false,"_jetpack_memberships_contains_paid_content":false,"footnotes":"","jetpack_publicize_message":"","jetpack_publicize_feature_enabled":true,"jetpack_social_post_already_shared":true,"jetpack_social_options":{"image_generator_settings":{"template":"highway","default_image_id":0,"font":"","enabled":false},"version":2}},"categories":[1],"tags":[9274,1853,20272,5947],"class_list":["post-144512","post","type-post","status-publish","format-standard","has-post-thumbnail","hentry","category-genel","tag-araclar","tag-kaldi","tag-saatlerce","tag-yolda"],"jetpack_publicize_connections":[],"jetpack_featured_media_url":"https:\/\/i0.wp.com\/www.tvturk.com\/wp-content\/uploads\/2019\/04\/araclar-saatlerce-yolda-kaldi_a685d1a.jpg?fit=1000%2C750","jetpack_sharing_enabled":true,"jetpack_shortlink":"https:\/\/wp.me\/paKIfm-BAQ","_links":{"self":[{"href":"http:\/\/www.tvturk.com\/index.php\/wp-json\/wp\/v2\/posts\/144512","targetHints":{"allow":["GET"]}}],"collection":[{"href":"http:\/\/www.tvturk.com\/index.php\/wp-json\/wp\/v2\/posts"}],"about":[{"href":"http:\/\/www.tvturk.com\/index.php\/wp-json\/wp\/v2\/types\/post"}],"author":[{"embeddable":true,"href":"http:\/\/www.tvturk.com\/index.php\/wp-json\/wp\/v2\/users\/1"}],"replies":[{"embeddable":true,"href":"http:\/\/www.tvturk.com\/index.php\/wp-json\/wp\/v2\/comments?post=144512"}],"version-history":[{"count":1,"href":"http:\/\/www.tvturk.com\/index.php\/wp-json\/wp\/v2\/posts\/144512\/revisions"}],"predecessor-version":[{"id":144520,"href":"http:\/\/www.tvturk.com\/index.php\/wp-json\/wp\/v2\/posts\/144512\/revisions\/144520"}],"wp:featuredmedia":[{"embeddable":true,"href":"http:\/\/www.tvturk.com\/index.php\/wp-json\/wp\/v2\/media\/144513"}],"wp:attachment":[{"href":"http:\/\/www.tvturk.com\/index.php\/wp-json\/wp\/v2\/media?parent=144512"}],"wp:term":[{"taxonomy":"category","embeddable":true,"href":"http:\/\/www.tvturk.com\/index.php\/wp-json\/wp\/v2\/categories?post=144512"},{"taxonomy":"post_tag","embeddable":true,"href":"http:\/\/www.tvturk.com\/index.php\/wp-json\/wp\/v2\/tags?post=144512"}],"curies":[{"name":"wp","href":"https:\/\/api.w.org\/{rel}","templated":true}]}}