{"id":144804,"date":"2019-04-20T21:40:11","date_gmt":"2019-04-20T18:40:11","guid":{"rendered":"http:\/\/www.tvturk.com\/index.php\/bakan-selcuk-kastamonu-valiligini-ziyaret-etti\/"},"modified":"2019-04-20T21:40:16","modified_gmt":"2019-04-20T18:40:16","slug":"bakan-selcuk-kastamonu-valiligini-ziyaret-etti","status":"publish","type":"post","link":"http:\/\/www.tvturk.com\/index.php\/bakan-selcuk-kastamonu-valiligini-ziyaret-etti\/","title":{"rendered":"Bakan Sel\u00e7uk, Kastamonu Valili\u011fini ziyaret etti"},"content":{"rendered":"<p>Milli E\u011fitim Bakan\u0131 Ziya Sel\u00e7uk, Kastamonu Valili\u011fine ziyarette bulundu.<\/p>\n<p>Milli E\u011fitim Bakan\u0131 Ziya Sel\u00e7uk, incelemelerde bulunmak, ziyaret ve toplant\u0131lara kat\u0131lmak \u00fczere Kastamonu\u2019ya geldi. Bakan Sel\u00e7uk\u2019u, Vali Ya\u015far Karadeniz, AK Parti Kastamonu Milletvekilleri Hakk\u0131 K\u00f6yl\u00fc ve Metin \u00c7elik, Belediye Ba\u015fkan Vekili Mehmet Yurt, \u0130l Emniyet M\u00fcd\u00fcr\u00fc Metin Turgay Karabulak, \u0130l Jandarma Komutan\u0131 Jandarma Albay Metin \u00d6zbek, AK Parti \u0130l Ba\u015fkan\u0131 Do\u011fan \u00dcnl\u00fc, oda ba\u015fkanlar\u0131, daire m\u00fcd\u00fcrleri ve sivil toplum kurulu\u015f temsilcileri ile \u00f6\u011fretmenler kar\u015f\u0131lad\u0131.<\/p>\n<p>Valilik \u015eeref Defteri\u2019nin imzalanmas\u0131ndan sonra Vali Ya\u015far Karadeniz taraf\u0131ndan Bakan Sel\u00e7uk\u2019a Kastamonu ile ilgili bilgiler verildi. Valilikte Milli E\u011fitim Bakan\u0131 Ziya Sel\u00e7uk\u2019un ba\u015fkanl\u0131\u011f\u0131nda \u0130l E\u011fitim De\u011ferlendirme Toplant\u0131s\u0131na ger\u00e7ekle\u015ftirildi. Toplant\u0131 kar\u015f\u0131l\u0131kl\u0131 isti\u015farelerde bulunulduktan sonra g\u00f6r\u00fc\u015f ve \u00f6nerilere yer verilerek sona erdi.<\/p>\n<p>Bakan Sel\u00e7uk, \u00f6\u011fretmenlerle bir araya geldi<\/p>\n<p>Valilik ziyaretinin ard\u0131ndan Bakan Sel\u00e7uk, Kastamonu \u00dcniversitesi Bilgehan Bilgili K\u00fct\u00fcphanesinde d\u00fczenlenen \u2018Ziya \u00d6\u011fretmen \u0130le E\u011fitim Bulu\u015fmalar\u0131\u2019 toplant\u0131s\u0131na kat\u0131ld\u0131. Buradaki toplant\u0131n\u0131n ard\u0131ndan Bakan Sel\u00e7uk, AK Parti Kastamonu \u0130l Ba\u015fkanl\u0131\u011f\u0131na ge\u00e7ti. AK Parti \u0130l Ba\u015fkanl\u0131\u011f\u0131 ziyaretinde partililer taraf\u0131ndan kar\u015f\u0131lanan Bakan Sel\u00e7uk\u2019a, \u0130l Ba\u015fkan\u0131 Do\u011fan \u00dcnl\u00fc taraf\u0131ndan hediye takdiminde bulunuldu.<\/p>\n<p>Partililerle bir s\u00fcre sohbet eden Bakan Sel\u00e7uk, Hz. Pir \u015eeyh \u015eab\u2019an-\u0131 Veli Hazretleri T\u00fcrbesi\u2019ni ziyaret etti. Bakan Sel\u00e7uk, burada dua ettikten sonra  \u015fehrin tarihi ve turistik yerlerini gezerek g\u00f6revlilerden bilgiler ald\u0131. Buradaki ziyaretinden sonra Bakan Sel\u00e7uk, hay\u0131rseverler ve sivil toplum kurulu\u015flar\u0131yla bir araya geldi.Toplant\u0131n\u0131n ard\u0131ndan Bakan Sel\u00e7uk, \u015fehirden ayr\u0131ld\u0131.<div class=\"tiled-gallery type-rectangular tiled-gallery-unresized\" data-original-width=\"500\" data-carousel-extra='null' itemscope itemtype=\"http:\/\/schema.org\/ImageGallery\" > <div class=\"gallery-row\" style=\"width: 500px; height: 226px;\" data-original-width=\"500\" data-original-height=\"226\" > <div class=\"gallery-group images-1\" style=\"width: 337px; height: 226px;\" data-original-width=\"337\" data-original-height=\"226\" > <div class=\"tiled-gallery-item tiled-gallery-item-large\" itemprop=\"associatedMedia\" itemscope itemtype=\"http:\/\/schema.org\/ImageObject\"> <a href=\"http:\/\/www.tvturk.com\/index.php\/bakan-selcuk-kastamonu-valiligini-ziyaret-etti\/bakan-selcuk-kastamonu-valiligini-ziyaret-etti-3\/\" border=\"0\" itemprop=\"url\"> <meta itemprop=\"width\" content=\"333\"> <meta itemprop=\"height\" content=\"222\"> <img decoding=\"async\" class=\"\" data-attachment-id=\"144806\" data-orig-file=\"http:\/\/www.tvturk.com\/wp-content\/uploads\/2019\/04\/bakan-selcuk-kastamonu-valiligini-ziyaret-etti_340d84f.jpg\" data-orig-size=\"1000,666\" data-comments-opened=\"\" data-image-meta=\"{&quot;aperture&quot;:&quot;0&quot;,&quot;credit&quot;:&quot;IHA&quot;,&quot;camera&quot;:&quot;&quot;,&quot;caption&quot;:&quot;BAKAN SEL\\u00c7UK\\u2019U, VAL\\u0130 YA\\u015eAR KARADEN\\u0130Z, AK PART\\u0130 KASTAMONU M\\u0130LLETVEK\\u0130LLER\\u0130 HAKKI K\\u00d6YL\\u00dc VE MET\\u0130N \\u00c7EL\\u0130K, BELED\\u0130YE BA\\u015eKAN VEK\\u0130L\\u0130 MEHMET YURT, \\u0130L EMN\\u0130YET M\\u00dcD\\u00dcR\\u00dc MET\\u0130N TURGAY KARABULAK, \\u0130L JANDARMA KOMUTANI JANDARMA ALBAY MET\\u0130N \\u00d6ZBEK, AK PART\\u0130 \\u0130L BA\\u015eKANI DO\\u011eAN \\u00dcNL\\u00dc, ODA BA\\u015eKANLARI, DA\\u0130RE M\\u00dcD\\u00dcRLER\\u0130 VE S\\u0130V\\u0130L TOPLUM KURULU\\u015e TEMS\\u0130LC\\u0130LER\\u0130 \\u0130LE \\u00d6\\u011eRETMENLER KAR\\u015eILADI. (VEDAT YUNUS \\u0130K\\u0130ZO\\u011eLU\\\/KASTAMONU-\\u0130HA)&quot;,&quot;created_timestamp&quot;:&quot;0&quot;,&quot;copyright&quot;:&quot;\\u0130HLAS HABER AJANSI, www.iha.com.tr&quot;,&quot;focal_length&quot;:&quot;0&quot;,&quot;iso&quot;:&quot;0&quot;,&quot;shutter_speed&quot;:&quot;0&quot;,&quot;title&quot;:&quot;BAKAN SEL\\u00c7UK, KASTAMONU VAL\\u0130L\\u0130\\u011e\\u0130N\\u0130 Z\\u0130YARET ETT\\u0130&quot;,&quot;orientation&quot;:&quot;0&quot;}\" data-image-title=\"Bakan Sel\u00e7uk, Kastamonu Valili\u011fini ziyaret etti\" data-image-description=\"&lt;p&gt;Bakan Sel\u00e7uk, Kastamonu Valili\u011fini ziyaret etti&lt;\/p&gt; \" data-medium-file=\"https:\/\/i0.wp.com\/www.tvturk.com\/wp-content\/uploads\/2019\/04\/bakan-selcuk-kastamonu-valiligini-ziyaret-etti_340d84f.jpg?fit=300%2C200\" data-large-file=\"https:\/\/i0.wp.com\/www.tvturk.com\/wp-content\/uploads\/2019\/04\/bakan-selcuk-kastamonu-valiligini-ziyaret-etti_340d84f.jpg?fit=1000%2C666\" src=\"https:\/\/i0.wp.com\/www.tvturk.com\/wp-content\/uploads\/2019\/04\/bakan-selcuk-kastamonu-valiligini-ziyaret-etti_340d84f.jpg?w=333&#038;h=222\" srcset=\"https:\/\/i0.wp.com\/www.tvturk.com\/wp-content\/uploads\/2019\/04\/bakan-selcuk-kastamonu-valiligini-ziyaret-etti_340d84f.jpg?w=1000 1000w, https:\/\/i0.wp.com\/www.tvturk.com\/wp-content\/uploads\/2019\/04\/bakan-selcuk-kastamonu-valiligini-ziyaret-etti_340d84f.jpg?resize=150%2C100 150w, https:\/\/i0.wp.com\/www.tvturk.com\/wp-content\/uploads\/2019\/04\/bakan-selcuk-kastamonu-valiligini-ziyaret-etti_340d84f.jpg?resize=300%2C200 300w, https:\/\/i0.wp.com\/www.tvturk.com\/wp-content\/uploads\/2019\/04\/bakan-selcuk-kastamonu-valiligini-ziyaret-etti_340d84f.jpg?resize=768%2C511 768w, https:\/\/i0.wp.com\/www.tvturk.com\/wp-content\/uploads\/2019\/04\/bakan-selcuk-kastamonu-valiligini-ziyaret-etti_340d84f.jpg?resize=170%2C113 170w, https:\/\/i0.wp.com\/www.tvturk.com\/wp-content\/uploads\/2019\/04\/bakan-selcuk-kastamonu-valiligini-ziyaret-etti_340d84f.jpg?resize=120%2C80 120w\" width=\"333\" height=\"222\" loading=\"lazy\" data-original-width=\"333\" data-original-height=\"222\" itemprop=\"http:\/\/schema.org\/image\" title=\"Bakan Sel\u00e7uk, Kastamonu Valili\u011fini ziyaret etti\" alt=\"Bakan Sel\u00e7uk, Kastamonu Valili\u011fini ziyaret etti\" style=\"width: 333px; height: 222px;\" \/> <\/a> <\/div> <\/div> <!-- close group --> <div class=\"gallery-group images-2\" style=\"width: 163px; height: 226px;\" data-original-width=\"163\" data-original-height=\"226\" > <div class=\"tiled-gallery-item tiled-gallery-item-small\" itemprop=\"associatedMedia\" itemscope itemtype=\"http:\/\/schema.org\/ImageObject\"> <a href=\"http:\/\/www.tvturk.com\/index.php\/bakan-selcuk-kastamonu-valiligini-ziyaret-etti\/bakan-selcuk-kastamonu-valiligini-ziyaret-etti-4\/\" border=\"0\" itemprop=\"url\"> <meta itemprop=\"width\" content=\"159\"> <meta itemprop=\"height\" content=\"118\"> <img decoding=\"async\" class=\"\" data-attachment-id=\"144807\" data-orig-file=\"http:\/\/www.tvturk.com\/wp-content\/uploads\/2019\/04\/bakan-selcuk-kastamonu-valiligini-ziyaret-etti_54b4f63.jpg\" data-orig-size=\"1000,737\" data-comments-opened=\"\" data-image-meta=\"{&quot;aperture&quot;:&quot;0&quot;,&quot;credit&quot;:&quot;IHA&quot;,&quot;camera&quot;:&quot;&quot;,&quot;caption&quot;:&quot;M\\u0130LL\\u0130 E\\u011e\\u0130T\\u0130M BAKANI Z\\u0130YA SEL\\u00c7UK, KASTAMONU VAL\\u0130L\\u0130\\u011e\\u0130NE Z\\u0130YARETTE BULUNDU. VAL\\u0130L\\u0130K \\u015eEREF DEFTER\\u0130\\u0027N\\u0130N \\u0130MZALANMASINDAN SONRA VAL\\u0130 YA\\u015eAR KARADEN\\u0130Z TARAFINDAN BAKAN SEL\\u00c7UK\\u2019A KASTAMONU \\u0130LE \\u0130LG\\u0130L\\u0130 B\\u0130LG\\u0130LER VER\\u0130LD\\u0130. (VEDAT YUNUS \\u0130K\\u0130ZO\\u011eLU\\\/KASTAMONU-\\u0130HA)&quot;,&quot;created_timestamp&quot;:&quot;0&quot;,&quot;copyright&quot;:&quot;\\u0130HLAS HABER AJANSI, www.iha.com.tr&quot;,&quot;focal_length&quot;:&quot;0&quot;,&quot;iso&quot;:&quot;0&quot;,&quot;shutter_speed&quot;:&quot;0&quot;,&quot;title&quot;:&quot;BAKAN SEL\\u00c7UK, KASTAMONU VAL\\u0130L\\u0130\\u011e\\u0130N\\u0130 Z\\u0130YARET ETT\\u0130&quot;,&quot;orientation&quot;:&quot;0&quot;}\" data-image-title=\"Bakan Sel\u00e7uk, Kastamonu Valili\u011fini ziyaret etti\" data-image-description=\"&lt;p&gt;Bakan Sel\u00e7uk, Kastamonu Valili\u011fini ziyaret etti&lt;\/p&gt; \" data-medium-file=\"https:\/\/i0.wp.com\/www.tvturk.com\/wp-content\/uploads\/2019\/04\/bakan-selcuk-kastamonu-valiligini-ziyaret-etti_54b4f63.jpg?fit=300%2C221\" data-large-file=\"https:\/\/i0.wp.com\/www.tvturk.com\/wp-content\/uploads\/2019\/04\/bakan-selcuk-kastamonu-valiligini-ziyaret-etti_54b4f63.jpg?fit=1000%2C737\" src=\"https:\/\/i0.wp.com\/www.tvturk.com\/wp-content\/uploads\/2019\/04\/bakan-selcuk-kastamonu-valiligini-ziyaret-etti_54b4f63.jpg?w=159&#038;h=118\" srcset=\"https:\/\/i0.wp.com\/www.tvturk.com\/wp-content\/uploads\/2019\/04\/bakan-selcuk-kastamonu-valiligini-ziyaret-etti_54b4f63.jpg?w=1000 1000w, https:\/\/i0.wp.com\/www.tvturk.com\/wp-content\/uploads\/2019\/04\/bakan-selcuk-kastamonu-valiligini-ziyaret-etti_54b4f63.jpg?resize=150%2C111 150w, https:\/\/i0.wp.com\/www.tvturk.com\/wp-content\/uploads\/2019\/04\/bakan-selcuk-kastamonu-valiligini-ziyaret-etti_54b4f63.jpg?resize=300%2C221 300w, https:\/\/i0.wp.com\/www.tvturk.com\/wp-content\/uploads\/2019\/04\/bakan-selcuk-kastamonu-valiligini-ziyaret-etti_54b4f63.jpg?resize=768%2C566 768w\" width=\"159\" height=\"118\" loading=\"lazy\" data-original-width=\"159\" data-original-height=\"118\" itemprop=\"http:\/\/schema.org\/image\" title=\"Bakan Sel\u00e7uk, Kastamonu Valili\u011fini ziyaret etti\" alt=\"Bakan Sel\u00e7uk, Kastamonu Valili\u011fini ziyaret etti\" style=\"width: 159px; height: 118px;\" \/> <\/a> <\/div> <div class=\"tiled-gallery-item tiled-gallery-item-small\" itemprop=\"associatedMedia\" itemscope itemtype=\"http:\/\/schema.org\/ImageObject\"> <a href=\"http:\/\/www.tvturk.com\/index.php\/bakan-selcuk-kastamonu-valiligini-ziyaret-etti\/bakan-selcuk-kastamonu-valiligini-ziyaret-etti-5\/\" border=\"0\" itemprop=\"url\"> <meta itemprop=\"width\" content=\"159\"> <meta itemprop=\"height\" content=\"100\"> <img decoding=\"async\" class=\"\" data-attachment-id=\"144808\" data-orig-file=\"http:\/\/www.tvturk.com\/wp-content\/uploads\/2019\/04\/bakan-selcuk-kastamonu-valiligini-ziyaret-etti_6132350.jpg\" data-orig-size=\"1000,629\" data-comments-opened=\"\" data-image-meta=\"{&quot;aperture&quot;:&quot;0&quot;,&quot;credit&quot;:&quot;IHA&quot;,&quot;camera&quot;:&quot;&quot;,&quot;caption&quot;:&quot;M\\u0130LL\\u0130 E\\u011e\\u0130T\\u0130M BAKANI Z\\u0130YA SEL\\u00c7UK, KASTAMONU VAL\\u0130L\\u0130\\u011e\\u0130NE Z\\u0130YARETTE BULUNDU. VAL\\u0130L\\u0130K \\u015eEREF DEFTER\\u0130\\u0027N\\u0130N \\u0130MZALANMASINDAN SONRA VAL\\u0130 YA\\u015eAR KARADEN\\u0130Z TARAFINDAN BAKAN SEL\\u00c7UK\\u2019A KASTAMONU \\u0130LE \\u0130LG\\u0130L\\u0130 B\\u0130LG\\u0130LER VER\\u0130LD\\u0130. (VEDAT YUNUS \\u0130K\\u0130ZO\\u011eLU\\\/KASTAMONU-\\u0130HA)&quot;,&quot;created_timestamp&quot;:&quot;0&quot;,&quot;copyright&quot;:&quot;\\u0130HLAS HABER AJANSI, www.iha.com.tr&quot;,&quot;focal_length&quot;:&quot;0&quot;,&quot;iso&quot;:&quot;0&quot;,&quot;shutter_speed&quot;:&quot;0&quot;,&quot;title&quot;:&quot;BAKAN SEL\\u00c7UK, KASTAMONU VAL\\u0130L\\u0130\\u011e\\u0130N\\u0130 Z\\u0130YARET ETT\\u0130&quot;,&quot;orientation&quot;:&quot;0&quot;}\" data-image-title=\"Bakan Sel\u00e7uk, Kastamonu Valili\u011fini ziyaret etti\" data-image-description=\"&lt;p&gt;Bakan Sel\u00e7uk, Kastamonu Valili\u011fini ziyaret etti&lt;\/p&gt; \" data-medium-file=\"https:\/\/i0.wp.com\/www.tvturk.com\/wp-content\/uploads\/2019\/04\/bakan-selcuk-kastamonu-valiligini-ziyaret-etti_6132350.jpg?fit=300%2C189\" data-large-file=\"https:\/\/i0.wp.com\/www.tvturk.com\/wp-content\/uploads\/2019\/04\/bakan-selcuk-kastamonu-valiligini-ziyaret-etti_6132350.jpg?fit=1000%2C629\" src=\"https:\/\/i0.wp.com\/www.tvturk.com\/wp-content\/uploads\/2019\/04\/bakan-selcuk-kastamonu-valiligini-ziyaret-etti_6132350.jpg?w=159&#038;h=100\" srcset=\"https:\/\/i0.wp.com\/www.tvturk.com\/wp-content\/uploads\/2019\/04\/bakan-selcuk-kastamonu-valiligini-ziyaret-etti_6132350.jpg?w=1000 1000w, https:\/\/i0.wp.com\/www.tvturk.com\/wp-content\/uploads\/2019\/04\/bakan-selcuk-kastamonu-valiligini-ziyaret-etti_6132350.jpg?resize=150%2C94 150w, https:\/\/i0.wp.com\/www.tvturk.com\/wp-content\/uploads\/2019\/04\/bakan-selcuk-kastamonu-valiligini-ziyaret-etti_6132350.jpg?resize=300%2C189 300w, https:\/\/i0.wp.com\/www.tvturk.com\/wp-content\/uploads\/2019\/04\/bakan-selcuk-kastamonu-valiligini-ziyaret-etti_6132350.jpg?resize=768%2C483 768w, https:\/\/i0.wp.com\/www.tvturk.com\/wp-content\/uploads\/2019\/04\/bakan-selcuk-kastamonu-valiligini-ziyaret-etti_6132350.jpg?resize=460%2C290 460w\" width=\"159\" height=\"100\" loading=\"lazy\" data-original-width=\"159\" data-original-height=\"100\" itemprop=\"http:\/\/schema.org\/image\" title=\"Bakan Sel\u00e7uk, Kastamonu Valili\u011fini ziyaret etti\" alt=\"Bakan Sel\u00e7uk, Kastamonu Valili\u011fini ziyaret etti\" style=\"width: 159px; height: 100px;\" \/> <\/a> <\/div> <\/div> <!-- close group --> <\/div> <!-- close row --> <div class=\"gallery-row\" style=\"width: 500px; height: 249px;\" data-original-width=\"500\" data-original-height=\"249\" > <div class=\"gallery-group images-1\" style=\"width: 317px; height: 249px;\" data-original-width=\"317\" data-original-height=\"249\" > <div class=\"tiled-gallery-item tiled-gallery-item-large\" itemprop=\"associatedMedia\" itemscope itemtype=\"http:\/\/schema.org\/ImageObject\"> <a href=\"http:\/\/www.tvturk.com\/index.php\/bakan-selcuk-kastamonu-valiligini-ziyaret-etti\/bakan-selcuk-kastamonu-valiligini-ziyaret-etti-6\/\" border=\"0\" itemprop=\"url\"> <meta itemprop=\"width\" content=\"313\"> <meta itemprop=\"height\" content=\"245\"> <img decoding=\"async\" class=\"\" data-attachment-id=\"144809\" data-orig-file=\"http:\/\/www.tvturk.com\/wp-content\/uploads\/2019\/04\/bakan-selcuk-kastamonu-valiligini-ziyaret-etti_d07f20b.jpg\" data-orig-size=\"1000,782\" data-comments-opened=\"\" data-image-meta=\"{&quot;aperture&quot;:&quot;0&quot;,&quot;credit&quot;:&quot;IHA&quot;,&quot;camera&quot;:&quot;&quot;,&quot;caption&quot;:&quot;KASTAMONU VAL\\u0130L\\u0130\\u011e\\u0130NE Z\\u0130YARET\\u0130N\\u0130N ARDINDAN BAKAN SEL\\u00c7UK, AK PART\\u0130 KASTAMONU \\u0130L BA\\u015eKANLI\\u011eINA GE\\u00c7T\\u0130. AK PART\\u0130 \\u0130L BA\\u015eKANLI\\u011eI Z\\u0130YARET\\u0130NDE PART\\u0130L\\u0130LER TARAFINDAN KAR\\u015eILANAN BAKAN SEL\\u00c7UK\\u2019A, \\u0130L BA\\u015eKANI DO\\u011eAN \\u00dcNL\\u00dc TARAFINDAN HED\\u0130YE TAKD\\u0130M\\u0130NDE BULUNULDU. (VEDAT YUNUS \\u0130K\\u0130ZO\\u011eLU\\\/KASTAMONU-\\u0130HA)&quot;,&quot;created_timestamp&quot;:&quot;0&quot;,&quot;copyright&quot;:&quot;\\u0130HLAS HABER AJANSI, www.iha.com.tr&quot;,&quot;focal_length&quot;:&quot;0&quot;,&quot;iso&quot;:&quot;0&quot;,&quot;shutter_speed&quot;:&quot;0&quot;,&quot;title&quot;:&quot;BAKAN SEL\\u00c7UK, KASTAMONU VAL\\u0130L\\u0130\\u011e\\u0130N\\u0130 Z\\u0130YARET ETT\\u0130&quot;,&quot;orientation&quot;:&quot;0&quot;}\" data-image-title=\"Bakan Sel\u00e7uk, Kastamonu Valili\u011fini ziyaret etti\" data-image-description=\"&lt;p&gt;Bakan Sel\u00e7uk, Kastamonu Valili\u011fini ziyaret etti&lt;\/p&gt; \" data-medium-file=\"https:\/\/i0.wp.com\/www.tvturk.com\/wp-content\/uploads\/2019\/04\/bakan-selcuk-kastamonu-valiligini-ziyaret-etti_d07f20b.jpg?fit=300%2C235\" data-large-file=\"https:\/\/i0.wp.com\/www.tvturk.com\/wp-content\/uploads\/2019\/04\/bakan-selcuk-kastamonu-valiligini-ziyaret-etti_d07f20b.jpg?fit=1000%2C782\" src=\"https:\/\/i0.wp.com\/www.tvturk.com\/wp-content\/uploads\/2019\/04\/bakan-selcuk-kastamonu-valiligini-ziyaret-etti_d07f20b.jpg?w=313&#038;h=245\" srcset=\"https:\/\/i0.wp.com\/www.tvturk.com\/wp-content\/uploads\/2019\/04\/bakan-selcuk-kastamonu-valiligini-ziyaret-etti_d07f20b.jpg?w=1000 1000w, https:\/\/i0.wp.com\/www.tvturk.com\/wp-content\/uploads\/2019\/04\/bakan-selcuk-kastamonu-valiligini-ziyaret-etti_d07f20b.jpg?resize=150%2C117 150w, https:\/\/i0.wp.com\/www.tvturk.com\/wp-content\/uploads\/2019\/04\/bakan-selcuk-kastamonu-valiligini-ziyaret-etti_d07f20b.jpg?resize=300%2C235 300w, https:\/\/i0.wp.com\/www.tvturk.com\/wp-content\/uploads\/2019\/04\/bakan-selcuk-kastamonu-valiligini-ziyaret-etti_d07f20b.jpg?resize=768%2C601 768w\" width=\"313\" height=\"245\" loading=\"lazy\" data-original-width=\"313\" data-original-height=\"245\" itemprop=\"http:\/\/schema.org\/image\" title=\"Bakan Sel\u00e7uk, Kastamonu Valili\u011fini ziyaret etti\" alt=\"Bakan Sel\u00e7uk, Kastamonu Valili\u011fini ziyaret etti\" style=\"width: 313px; height: 245px;\" \/> <\/a> <\/div> <\/div> <!-- close group --> <div class=\"gallery-group images-1\" style=\"width: 183px; height: 249px;\" data-original-width=\"183\" data-original-height=\"249\" > <div class=\"tiled-gallery-item tiled-gallery-item-small\" itemprop=\"associatedMedia\" itemscope itemtype=\"http:\/\/schema.org\/ImageObject\"> <a href=\"http:\/\/www.tvturk.com\/index.php\/bakan-selcuk-kastamonu-valiligini-ziyaret-etti\/bakan-selcuk-kastamonu-valiligini-ziyaret-etti-7\/\" border=\"0\" itemprop=\"url\"> <meta itemprop=\"width\" content=\"179\"> <meta itemprop=\"height\" content=\"245\"> <img decoding=\"async\" class=\"\" data-attachment-id=\"144810\" data-orig-file=\"http:\/\/www.tvturk.com\/wp-content\/uploads\/2019\/04\/bakan-selcuk-kastamonu-valiligini-ziyaret-etti_843a472.jpg\" data-orig-size=\"733,1000\" data-comments-opened=\"\" data-image-meta=\"{&quot;aperture&quot;:&quot;0&quot;,&quot;credit&quot;:&quot;IHA&quot;,&quot;camera&quot;:&quot;&quot;,&quot;caption&quot;:&quot;BAKAN SEL\\u00c7UK\\u2019U, VAL\\u0130 YA\\u015eAR KARADEN\\u0130Z, AK PART\\u0130 KASTAMONU M\\u0130LLETVEK\\u0130LLER\\u0130 HAKKI K\\u00d6YL\\u00dc VE MET\\u0130N \\u00c7EL\\u0130K, BELED\\u0130YE BA\\u015eKAN VEK\\u0130L\\u0130 MEHMET YURT, \\u0130L EMN\\u0130YET M\\u00dcD\\u00dcR\\u00dc MET\\u0130N TURGAY KARABULAK, \\u0130L JANDARMA KOMUTANI JANDARMA ALBAY MET\\u0130N \\u00d6ZBEK, AK PART\\u0130 \\u0130L BA\\u015eKANI DO\\u011eAN \\u00dcNL\\u00dc, ODA BA\\u015eKANLARI, DA\\u0130RE M\\u00dcD\\u00dcRLER\\u0130 VE S\\u0130V\\u0130L TOPLUM KURULU\\u015e TEMS\\u0130LC\\u0130LER\\u0130 \\u0130LE \\u00d6\\u011eRETMENLER KAR\\u015eILADI. (VEDAT YUNUS \\u0130K\\u0130ZO\\u011eLU\\\/KASTAMONU-\\u0130HA)&quot;,&quot;created_timestamp&quot;:&quot;0&quot;,&quot;copyright&quot;:&quot;\\u0130HLAS HABER AJANSI, www.iha.com.tr&quot;,&quot;focal_length&quot;:&quot;0&quot;,&quot;iso&quot;:&quot;0&quot;,&quot;shutter_speed&quot;:&quot;0&quot;,&quot;title&quot;:&quot;BAKAN SEL\\u00c7UK, KASTAMONU VAL\\u0130L\\u0130\\u011e\\u0130N\\u0130 Z\\u0130YARET ETT\\u0130&quot;,&quot;orientation&quot;:&quot;0&quot;}\" data-image-title=\"Bakan Sel\u00e7uk, Kastamonu Valili\u011fini ziyaret etti\" data-image-description=\"&lt;p&gt;Bakan Sel\u00e7uk, Kastamonu Valili\u011fini ziyaret etti&lt;\/p&gt; \" data-medium-file=\"https:\/\/i0.wp.com\/www.tvturk.com\/wp-content\/uploads\/2019\/04\/bakan-selcuk-kastamonu-valiligini-ziyaret-etti_843a472.jpg?fit=220%2C300\" data-large-file=\"https:\/\/i0.wp.com\/www.tvturk.com\/wp-content\/uploads\/2019\/04\/bakan-selcuk-kastamonu-valiligini-ziyaret-etti_843a472.jpg?fit=733%2C1000\" src=\"https:\/\/i0.wp.com\/www.tvturk.com\/wp-content\/uploads\/2019\/04\/bakan-selcuk-kastamonu-valiligini-ziyaret-etti_843a472.jpg?w=179&#038;h=245\" srcset=\"https:\/\/i0.wp.com\/www.tvturk.com\/wp-content\/uploads\/2019\/04\/bakan-selcuk-kastamonu-valiligini-ziyaret-etti_843a472.jpg?w=733 733w, https:\/\/i0.wp.com\/www.tvturk.com\/wp-content\/uploads\/2019\/04\/bakan-selcuk-kastamonu-valiligini-ziyaret-etti_843a472.jpg?resize=110%2C150 110w, https:\/\/i0.wp.com\/www.tvturk.com\/wp-content\/uploads\/2019\/04\/bakan-selcuk-kastamonu-valiligini-ziyaret-etti_843a472.jpg?resize=220%2C300 220w\" width=\"179\" height=\"245\" loading=\"lazy\" data-original-width=\"179\" data-original-height=\"245\" itemprop=\"http:\/\/schema.org\/image\" title=\"Bakan Sel\u00e7uk, Kastamonu Valili\u011fini ziyaret etti\" alt=\"Bakan Sel\u00e7uk, Kastamonu Valili\u011fini ziyaret etti\" style=\"width: 179px; height: 245px;\" \/> <\/a> <\/div> <\/div> <!-- close group --> <\/div> <!-- close row --> <\/div><\/p>\n","protected":false},"excerpt":{"rendered":"<p>M\u0130LL\u0130 E\u011e\u0130T\u0130M BAKANI Z\u0130YA SEL\u00c7UK, KASTAMONU VAL\u0130L\u0130\u011e\u0130NE Z\u0130YARETTE BULUNDU.<\/p>\n","protected":false},"author":1,"featured_media":144805,"comment_status":"closed","ping_status":"open","sticky":false,"template":"","format":"standard","meta":{"jetpack_post_was_ever_published":false,"_jetpack_newsletter_access":"","_jetpack_dont_email_post_to_subs":false,"_jetpack_newsletter_tier_id":0,"_jetpack_memberships_contains_paywalled_content":false,"_jetpack_memberships_contains_paid_content":false,"footnotes":"","jetpack_publicize_message":"","jetpack_publicize_feature_enabled":true,"jetpack_social_post_already_shared":true,"jetpack_social_options":{"image_generator_settings":{"template":"highway","default_image_id":0,"font":"","enabled":false},"version":2}},"categories":[1],"tags":[742,207,3211,4454,14034,150],"class_list":["post-144804","post","type-post","status-publish","format-standard","has-post-thumbnail","hentry","category-genel","tag-bakan","tag-etti","tag-kastamonu","tag-selcuk","tag-valiligini","tag-ziyaret"],"jetpack_publicize_connections":[],"jetpack_featured_media_url":"https:\/\/i0.wp.com\/www.tvturk.com\/wp-content\/uploads\/2019\/04\/bakan-selcuk-kastamonu-valiligini-ziyaret-etti_186e18d.jpg?fit=1000%2C667","jetpack_sharing_enabled":true,"jetpack_shortlink":"https:\/\/wp.me\/paKIfm-BFy","_links":{"self":[{"href":"http:\/\/www.tvturk.com\/index.php\/wp-json\/wp\/v2\/posts\/144804","targetHints":{"allow":["GET"]}}],"collection":[{"href":"http:\/\/www.tvturk.com\/index.php\/wp-json\/wp\/v2\/posts"}],"about":[{"href":"http:\/\/www.tvturk.com\/index.php\/wp-json\/wp\/v2\/types\/post"}],"author":[{"embeddable":true,"href":"http:\/\/www.tvturk.com\/index.php\/wp-json\/wp\/v2\/users\/1"}],"replies":[{"embeddable":true,"href":"http:\/\/www.tvturk.com\/index.php\/wp-json\/wp\/v2\/comments?post=144804"}],"version-history":[{"count":1,"href":"http:\/\/www.tvturk.com\/index.php\/wp-json\/wp\/v2\/posts\/144804\/revisions"}],"predecessor-version":[{"id":144811,"href":"http:\/\/www.tvturk.com\/index.php\/wp-json\/wp\/v2\/posts\/144804\/revisions\/144811"}],"wp:featuredmedia":[{"embeddable":true,"href":"http:\/\/www.tvturk.com\/index.php\/wp-json\/wp\/v2\/media\/144805"}],"wp:attachment":[{"href":"http:\/\/www.tvturk.com\/index.php\/wp-json\/wp\/v2\/media?parent=144804"}],"wp:term":[{"taxonomy":"category","embeddable":true,"href":"http:\/\/www.tvturk.com\/index.php\/wp-json\/wp\/v2\/categories?post=144804"},{"taxonomy":"post_tag","embeddable":true,"href":"http:\/\/www.tvturk.com\/index.php\/wp-json\/wp\/v2\/tags?post=144804"}],"curies":[{"name":"wp","href":"https:\/\/api.w.org\/{rel}","templated":true}]}}