{"id":14484,"date":"2019-02-09T10:28:49","date_gmt":"2019-02-09T07:28:49","guid":{"rendered":"http:\/\/www.tvturk.com\/index.php\/karakan-ve-kaplan-buyukelci-hizlani-ziyaret-etti\/"},"modified":"2019-02-09T10:28:51","modified_gmt":"2019-02-09T07:28:51","slug":"karakan-ve-kaplan-buyukelci-hizlani-ziyaret-etti","status":"publish","type":"post","link":"http:\/\/www.tvturk.com\/index.php\/karakan-ve-kaplan-buyukelci-hizlani-ziyaret-etti\/","title":{"rendered":"Karakan ve Kaplan B\u00fcy\u00fckel\u00e7i H\u0131zlan\u2019\u0131 ziyaret etti"},"content":{"rendered":"<p>Avrupa \u015eampiyonlar Ligi Trophy\u2019e kat\u0131lmak i\u00e7in H\u0131rvatistan\u2019a giden ve T\u00fcrkiye b\u00fcy\u00fckel\u00e7ili\u011finin b\u00fcy\u00fck desteklerini g\u00f6ren Gaziantep Polisg\u00fcc\u00fc Hokey Tak\u0131m\u0131 ma\u00e7lar\u0131na y\u00fcksek moral ve motivasyonla \u00e7\u0131karken, THF Ba\u015fkan\u0131 Sad\u0131k Karakan ve Polisg\u00fcc\u00fc Kul\u00fcp Ba\u015fkan\u0131 Mehmet Kaplan H\u0131rvatistan T\u00fcrkiye B\u00fcy\u00fckel\u00e7isi Mustafa Bab\u00fcr H\u0131zlan\u2019\u0131 b\u00fcy\u00fckel\u00e7ilikteki makam\u0131nda ziyaret ederek te\u015fekk\u00fcr ettiler. B\u00fcy\u00fckel\u00e7i H\u0131zlan Trophy liginde T\u00fcrkiye\u2019yi temsil eden tak\u0131m\u0131n y\u00f6neticilerini kutlayarak ba\u015far\u0131lar diledi.<\/p>\n<p>T\u00fcrkiye Hokey Federasyonu Ba\u015fkan\u0131 Sad\u0131k Karakan, Y\u00f6netim Kurulu \u00dcyesi Caner Erim, THF Disiplin Kurulu Ba\u015fkan\u0131 Av Ertan Demirezen ile Gaziantep Polisg\u00fcc\u00fc Spor Kul\u00fcp Ba\u015fkan\u0131 Mehmet Kaplan H\u0131rvatistan T\u00fcrkiye B\u00fcy\u00fckel\u00e7isi Mustafa Bab\u00fcr H\u0131zlan\u2019\u0131 b\u00fcy\u00fckel\u00e7ilik binas\u0131nda ziyaret ederek tak\u0131ma verdi\u011fi desteklerden dolay\u0131 te\u015fekk\u00fcr ettiler.<\/p>\n<p>THF Ba\u015fkan\u0131 Sad\u0131k Karakan T\u00fcrkiye\u2019nin hokey alan\u0131nda ula\u015ft\u0131\u011f\u0131 nokta hakk\u0131nda B\u00fcy\u00fckel\u00e7i Bab\u00fcr\u2019e bilgi verirken, y\u00fczy\u0131llard\u0131r hokey yapan \u00fclke tak\u0131mlar\u0131yla ayn\u0131 kulvarda yer alman\u0131n T\u00fcrkiye i\u00e7in \u00f6nemli bir kazan\u0131m oldu\u011funu ifade etti. Polisg\u00fcc\u00fc Spor Kul\u00fcp Ba\u015fkan\u0131 Mehmet Kaplan\u2019da Trophy \u00f6ncesi tak\u0131m\u0131n kazand\u0131\u011f\u0131 ma\u00e7lar\u0131 anlatarak, kul\u00fcb\u00fcn bu g\u00fcne kadar alt\u0131 kez Avrupa \u015fampiyonluk kupas\u0131n\u0131 T\u00fcrkiye\u2019ye g\u00f6t\u00fcrd\u00fc\u011f\u00fcn\u00fc ve hokey d\u00fcnyas\u0131n\u0131n en \u00f6nemli kupalar\u0131 aras\u0131nda say\u0131lan Trophy kupas\u0131n\u0131 da kazanmak i\u00e7in H\u0131rvatistan\u2019a geldiklerini ifade ederek, ekibe verdi\u011fi b\u00fcy\u00fck desteklerden dolay\u0131 B\u00fcy\u00fckel\u00e7i H\u0131zlan\u2019a te\u015fekk\u00fcr etti.<\/p>\n<p>Ziyaretten dolay\u0131 duydu\u011fu memnuniyeti dile getiren H\u0131rvatistan T\u00fcrkiye B\u00fcy\u00fckel\u00e7isi Mustafa Bab\u00fcr H\u0131zlan, b\u00f6ylesine \u00f6nemli bir \u015fampiyonada T\u00fcrkiye\u2019nin etkin bir \u015fekilde temsil edilmesinden dolay\u0131 \u00e7ok memnun oldu\u011funu ifade ederek, tak\u0131m\u0131n b\u00fct\u00fcn ma\u00e7lar\u0131n\u0131 yak\u0131ndan takip edece\u011fini ve B\u00fcy\u00fckel\u00e7ilik olarak her t\u00fcrl\u00fc deste\u011fi vermeye devam edeceklerini s\u00f6zlerine ekledi. THF Ba\u015fkan\u0131 Sad\u0131k Karakan B\u00fcy\u00fckel\u00e7i H\u0131zlan\u2019a g\u00fcn\u00fcn an\u0131s\u0131na \u00fczerinde ismi yaz\u0131l\u0131 olan milli tak\u0131m formas\u0131 hediye ederek te\u015fekk\u00fcr etti.<div class=\"tiled-gallery type-rectangular tiled-gallery-unresized\" data-original-width=\"500\" data-carousel-extra='null' itemscope itemtype=\"http:\/\/schema.org\/ImageGallery\" > <div class=\"gallery-row\" style=\"width: 500px; height: 197px;\" data-original-width=\"500\" data-original-height=\"197\" > <div class=\"gallery-group images-1\" style=\"width: 402px; height: 197px;\" data-original-width=\"402\" data-original-height=\"197\" > <div class=\"tiled-gallery-item tiled-gallery-item-large\" itemprop=\"associatedMedia\" itemscope itemtype=\"http:\/\/schema.org\/ImageObject\"> <a href=\"http:\/\/www.tvturk.com\/index.php\/karakan-ve-kaplan-buyukelci-hizlani-ziyaret-etti\/karakan-ve-kaplan-buyukelci-hizlani-ziyaret-etti-3\/\" border=\"0\" itemprop=\"url\"> <meta itemprop=\"width\" content=\"398\"> <meta itemprop=\"height\" content=\"193\"> <img decoding=\"async\" class=\"\" data-attachment-id=\"14486\" data-orig-file=\"http:\/\/www.tvturk.com\/wp-content\/uploads\/2019\/02\/karakan-ve-kaplan-buyukelci-hizlani-ziyaret-etti_002963a.jpg\" data-orig-size=\"1000,485\" data-comments-opened=\"\" data-image-meta=\"{&quot;aperture&quot;:&quot;0&quot;,&quot;credit&quot;:&quot;IHA&quot;,&quot;camera&quot;:&quot;&quot;,&quot;caption&quot;:&quot;KARAKAN VE KAPLAN B\\u00dcY\\u00dcKEL\\u00c7\\u0130 HIZLAN\\u2019I Z\\u0130YARET ETT\\u0130 (\\u0130HA\\\/GAZ\\u0130ANTEP-\\u0130HA)&quot;,&quot;created_timestamp&quot;:&quot;0&quot;,&quot;copyright&quot;:&quot;\\u0130HLAS HABER AJANSI, www.iha.com.tr&quot;,&quot;focal_length&quot;:&quot;0&quot;,&quot;iso&quot;:&quot;0&quot;,&quot;shutter_speed&quot;:&quot;0&quot;,&quot;title&quot;:&quot;KARAKAN VE KAPLAN B\\u00dcY\\u00dcKEL\\u00c7\\u0130 HIZLAN\\u2019I Z\\u0130YARET ETT\\u0130&quot;,&quot;orientation&quot;:&quot;0&quot;}\" data-image-title=\"Karakan ve Kaplan B\u00fcy\u00fckel\u00e7i H\u0131zlan\u2019\u0131 ziyaret etti\" data-image-description=\"&lt;p&gt;Karakan ve Kaplan B\u00fcy\u00fckel\u00e7i H\u0131zlan\u2019\u0131 ziyaret etti&lt;\/p&gt; \" data-medium-file=\"https:\/\/i0.wp.com\/www.tvturk.com\/wp-content\/uploads\/2019\/02\/karakan-ve-kaplan-buyukelci-hizlani-ziyaret-etti_002963a.jpg?fit=300%2C146\" data-large-file=\"https:\/\/i0.wp.com\/www.tvturk.com\/wp-content\/uploads\/2019\/02\/karakan-ve-kaplan-buyukelci-hizlani-ziyaret-etti_002963a.jpg?fit=1000%2C485\" src=\"https:\/\/i0.wp.com\/www.tvturk.com\/wp-content\/uploads\/2019\/02\/karakan-ve-kaplan-buyukelci-hizlani-ziyaret-etti_002963a.jpg?w=398&#038;h=193\" srcset=\"https:\/\/i0.wp.com\/www.tvturk.com\/wp-content\/uploads\/2019\/02\/karakan-ve-kaplan-buyukelci-hizlani-ziyaret-etti_002963a.jpg?w=1000 1000w, https:\/\/i0.wp.com\/www.tvturk.com\/wp-content\/uploads\/2019\/02\/karakan-ve-kaplan-buyukelci-hizlani-ziyaret-etti_002963a.jpg?resize=150%2C73 150w, https:\/\/i0.wp.com\/www.tvturk.com\/wp-content\/uploads\/2019\/02\/karakan-ve-kaplan-buyukelci-hizlani-ziyaret-etti_002963a.jpg?resize=300%2C146 300w, https:\/\/i0.wp.com\/www.tvturk.com\/wp-content\/uploads\/2019\/02\/karakan-ve-kaplan-buyukelci-hizlani-ziyaret-etti_002963a.jpg?resize=768%2C372 768w\" width=\"398\" height=\"193\" loading=\"lazy\" data-original-width=\"398\" data-original-height=\"193\" itemprop=\"http:\/\/schema.org\/image\" title=\"Karakan ve Kaplan B\u00fcy\u00fckel\u00e7i H\u0131zlan\u2019\u0131 ziyaret etti\" alt=\"Karakan ve Kaplan B\u00fcy\u00fckel\u00e7i H\u0131zlan\u2019\u0131 ziyaret etti\" style=\"width: 398px; height: 193px;\" \/> <\/a> <\/div> <\/div> <!-- close group --> <div class=\"gallery-group images-1\" style=\"width: 98px; height: 197px;\" data-original-width=\"98\" data-original-height=\"197\" > <div class=\"tiled-gallery-item tiled-gallery-item-small\" itemprop=\"associatedMedia\" itemscope itemtype=\"http:\/\/schema.org\/ImageObject\"> <a href=\"http:\/\/www.tvturk.com\/index.php\/karakan-ve-kaplan-buyukelci-hizlani-ziyaret-etti\/karakan-ve-kaplan-buyukelci-hizlani-ziyaret-etti-4\/\" border=\"0\" itemprop=\"url\"> <meta itemprop=\"width\" content=\"94\"> <meta itemprop=\"height\" content=\"193\"> <img decoding=\"async\" class=\"\" data-attachment-id=\"14487\" data-orig-file=\"http:\/\/www.tvturk.com\/wp-content\/uploads\/2019\/02\/karakan-ve-kaplan-buyukelci-hizlani-ziyaret-etti_a9b7e23.jpg\" data-orig-size=\"485,1000\" data-comments-opened=\"\" data-image-meta=\"{&quot;aperture&quot;:&quot;0&quot;,&quot;credit&quot;:&quot;IHA&quot;,&quot;camera&quot;:&quot;&quot;,&quot;caption&quot;:&quot;KARAKAN VE KAPLAN B\\u00dcY\\u00dcKEL\\u00c7\\u0130 HIZLAN\\u2019I Z\\u0130YARET ETT\\u0130 (\\u0130HA\\\/GAZ\\u0130ANTEP-\\u0130HA)&quot;,&quot;created_timestamp&quot;:&quot;0&quot;,&quot;copyright&quot;:&quot;\\u0130HLAS HABER AJANSI, www.iha.com.tr&quot;,&quot;focal_length&quot;:&quot;0&quot;,&quot;iso&quot;:&quot;0&quot;,&quot;shutter_speed&quot;:&quot;0&quot;,&quot;title&quot;:&quot;KARAKAN VE KAPLAN B\\u00dcY\\u00dcKEL\\u00c7\\u0130 HIZLAN\\u2019I Z\\u0130YARET ETT\\u0130&quot;,&quot;orientation&quot;:&quot;0&quot;}\" data-image-title=\"Karakan ve Kaplan B\u00fcy\u00fckel\u00e7i H\u0131zlan\u2019\u0131 ziyaret etti\" data-image-description=\"&lt;p&gt;Karakan ve Kaplan B\u00fcy\u00fckel\u00e7i H\u0131zlan\u2019\u0131 ziyaret etti&lt;\/p&gt; \" data-medium-file=\"https:\/\/i0.wp.com\/www.tvturk.com\/wp-content\/uploads\/2019\/02\/karakan-ve-kaplan-buyukelci-hizlani-ziyaret-etti_a9b7e23.jpg?fit=146%2C300\" data-large-file=\"https:\/\/i0.wp.com\/www.tvturk.com\/wp-content\/uploads\/2019\/02\/karakan-ve-kaplan-buyukelci-hizlani-ziyaret-etti_a9b7e23.jpg?fit=485%2C1000\" src=\"https:\/\/i0.wp.com\/www.tvturk.com\/wp-content\/uploads\/2019\/02\/karakan-ve-kaplan-buyukelci-hizlani-ziyaret-etti_a9b7e23.jpg?w=94&#038;h=193\" srcset=\"https:\/\/i0.wp.com\/www.tvturk.com\/wp-content\/uploads\/2019\/02\/karakan-ve-kaplan-buyukelci-hizlani-ziyaret-etti_a9b7e23.jpg?w=485 485w, https:\/\/i0.wp.com\/www.tvturk.com\/wp-content\/uploads\/2019\/02\/karakan-ve-kaplan-buyukelci-hizlani-ziyaret-etti_a9b7e23.jpg?resize=73%2C150 73w, https:\/\/i0.wp.com\/www.tvturk.com\/wp-content\/uploads\/2019\/02\/karakan-ve-kaplan-buyukelci-hizlani-ziyaret-etti_a9b7e23.jpg?resize=146%2C300 146w\" width=\"94\" height=\"193\" loading=\"lazy\" data-original-width=\"94\" data-original-height=\"193\" itemprop=\"http:\/\/schema.org\/image\" title=\"Karakan ve Kaplan B\u00fcy\u00fckel\u00e7i H\u0131zlan\u2019\u0131 ziyaret etti\" alt=\"Karakan ve Kaplan B\u00fcy\u00fckel\u00e7i H\u0131zlan\u2019\u0131 ziyaret etti\" style=\"width: 94px; height: 193px;\" \/> <\/a> <\/div> <\/div> <!-- close group --> <\/div> <!-- close row --> <\/div><\/p>\n","protected":false},"excerpt":{"rendered":"<p>KARAKAN VE KAPLAN B\u00dcY\u00dcKEL\u00c7\u0130 HIZLAN\u2019I Z\u0130YARET ETT\u0130<\/p>\n","protected":false},"author":1,"featured_media":14485,"comment_status":"closed","ping_status":"open","sticky":false,"template":"","format":"standard","meta":{"jetpack_post_was_ever_published":false,"_jetpack_newsletter_access":"","_jetpack_dont_email_post_to_subs":false,"_jetpack_newsletter_tier_id":0,"_jetpack_memberships_contains_paywalled_content":false,"_jetpack_memberships_contains_paid_content":false,"footnotes":"","jetpack_publicize_message":"","jetpack_publicize_feature_enabled":true,"jetpack_social_post_already_shared":false,"jetpack_social_options":{"image_generator_settings":{"template":"highway","default_image_id":0,"font":"","enabled":false},"version":2}},"categories":[657],"tags":[939,207,7106,7105,7104,150],"class_list":["post-14484","post","type-post","status-publish","format-standard","has-post-thumbnail","hentry","category-spor","tag-buyukelci","tag-etti","tag-hizlani","tag-kaplan","tag-karakan","tag-ziyaret"],"jetpack_publicize_connections":[],"jetpack_featured_media_url":"https:\/\/i0.wp.com\/www.tvturk.com\/wp-content\/uploads\/2019\/02\/karakan-ve-kaplan-buyukelci-hizlani-ziyaret-etti_0aefd1d.jpg?fit=1000%2C485","jetpack_sharing_enabled":true,"jetpack_shortlink":"https:\/\/wp.me\/paKIfm-3LC","_links":{"self":[{"href":"http:\/\/www.tvturk.com\/index.php\/wp-json\/wp\/v2\/posts\/14484","targetHints":{"allow":["GET"]}}],"collection":[{"href":"http:\/\/www.tvturk.com\/index.php\/wp-json\/wp\/v2\/posts"}],"about":[{"href":"http:\/\/www.tvturk.com\/index.php\/wp-json\/wp\/v2\/types\/post"}],"author":[{"embeddable":true,"href":"http:\/\/www.tvturk.com\/index.php\/wp-json\/wp\/v2\/users\/1"}],"replies":[{"embeddable":true,"href":"http:\/\/www.tvturk.com\/index.php\/wp-json\/wp\/v2\/comments?post=14484"}],"version-history":[{"count":1,"href":"http:\/\/www.tvturk.com\/index.php\/wp-json\/wp\/v2\/posts\/14484\/revisions"}],"predecessor-version":[{"id":14488,"href":"http:\/\/www.tvturk.com\/index.php\/wp-json\/wp\/v2\/posts\/14484\/revisions\/14488"}],"wp:featuredmedia":[{"embeddable":true,"href":"http:\/\/www.tvturk.com\/index.php\/wp-json\/wp\/v2\/media\/14485"}],"wp:attachment":[{"href":"http:\/\/www.tvturk.com\/index.php\/wp-json\/wp\/v2\/media?parent=14484"}],"wp:term":[{"taxonomy":"category","embeddable":true,"href":"http:\/\/www.tvturk.com\/index.php\/wp-json\/wp\/v2\/categories?post=14484"},{"taxonomy":"post_tag","embeddable":true,"href":"http:\/\/www.tvturk.com\/index.php\/wp-json\/wp\/v2\/tags?post=14484"}],"curies":[{"name":"wp","href":"https:\/\/api.w.org\/{rel}","templated":true}]}}