{"id":14510,"date":"2019-02-09T10:35:51","date_gmt":"2019-02-09T07:35:51","guid":{"rendered":"http:\/\/www.tvturk.com\/index.php\/keciorenden-azeze-yardim-tiri\/"},"modified":"2019-02-09T10:35:52","modified_gmt":"2019-02-09T07:35:52","slug":"keciorenden-azeze-yardim-tiri","status":"publish","type":"post","link":"http:\/\/www.tvturk.com\/index.php\/keciorenden-azeze-yardim-tiri\/","title":{"rendered":"Ke\u00e7i\u00f6ren\u2019den Azez\u2019e yard\u0131m t\u0131r\u0131"},"content":{"rendered":"<p>Ke\u00e7i\u00f6ren Belediyesi, Suriye\u2019de ya\u015fanan insani krize sesiz kalmayarak \u00e7e\u015fitli ya\u015fam malzemelerinin bulundu\u011fu yard\u0131m t\u0131r\u0131n\u0131 yola \u00e7\u0131kard\u0131. Suriye\u2019de ihtiya\u00e7 sahiplerine ula\u015ft\u0131r\u0131lmak \u00fczere hareket eden t\u0131r, Ke\u00e7i\u00f6ren Belediye Ba\u015fkan\u0131 Mustafa Ak\u2019\u0131n da kat\u0131ld\u0131\u011f\u0131 u\u011furlama t\u00f6reniyle dualar e\u015fli\u011finde Azez\u2019e hareket etti.<\/p>\n<p>Ke\u00e7i\u00f6ren Belediyesi, T\u00fcrkiye\u2019nin uluslararas\u0131 alanda sayg\u0131nl\u0131\u011f\u0131n\u0131 art\u0131rmak ad\u0131na y\u00fcr\u00fctt\u00fc\u011f\u00fc \u00e7al\u0131\u015fmalar\u0131na bir yenisini ekledi. \u0130NFAK Vakf\u0131 ile ortakla\u015fa organize edilen yard\u0131m kampanyas\u0131n\u0131 neticelendiren Ke\u00e7i\u00f6ren Belediyesi, insani yard\u0131m t\u0131r\u0131n\u0131 dualar e\u015fli\u011finde Azez\u2019e u\u011furlad\u0131. Buzdolab\u0131ndan \u00e7ocuk bezine, k\u0131yafetten g\u0131da malzemelerine kadar bir\u00e7ok muhtelif ya\u015fam malzemesinin bulundu\u011fu t\u0131r, Ke\u00e7i\u00f6ren Belediye Ba\u015fkan\u0131 Mustafa Ak\u2019\u0131n da bulundu\u011fu u\u011furlama t\u00f6reniyle Azez\u2019e gitmek \u00fczere yola \u00e7\u0131kt\u0131.<\/p>\n<p>&#8220;Hay\u0131rsever Ke\u00e7i\u00f6ren her zaman mazlumun yan\u0131nda&#8221;<\/p>\n<p>&#8220;Haz\u0131rlad\u0131\u011f\u0131m\u0131z yard\u0131m t\u0131r\u0131 s\u0131n\u0131r\u0131n di\u011fer taraf\u0131ndaki insanlara bir nebze de olsa nefes ald\u0131racak&#8221; diyen Ke\u00e7i\u00f6ren Belediye Ba\u015fkan\u0131 Mustafa Ak, &#8220;T\u00fcrkiye\u2019nin d\u00f6rt bir yan\u0131ndan oldu\u011fu gibi Ke\u00e7i\u00f6ren\u2019den de her zaman Suriye\u2019nin g\u00fcvenli b\u00f6lgelerine yard\u0131m g\u00f6nderdik. Suriye\u2019de uzun zamand\u0131r ya\u015fanmakta olan vahamete kay\u0131ts\u0131z kalmayarak bir yard\u0131m kampanyas\u0131 ba\u015flatm\u0131\u015ft\u0131k. Bunun neticesinde bug\u00fcn hay\u0131rsever vatanda\u015flar\u0131m\u0131z\u0131n deste\u011fiyle yard\u0131m t\u0131r\u0131m\u0131z\u0131 doldurduk ve Azez\u2019e u\u011furlad\u0131k. Ayn\u0131 zamanda \u00fclkemize s\u0131\u011f\u0131nm\u0131\u015f olan Suriyelilere hem devletimiz hem de vatanda\u015flar\u0131m\u0131z sahip \u00e7\u0131k\u0131yor. Suriye\u2019de kalmak durumunda olan ve ya\u015fam m\u00fccadelesi veren insanlar da var. Devlet olarak hem F\u0131rat Kalkan\u0131 hem de Zeytin Dal\u0131 Harek\u00e2t\u0131yla g\u00fcvenli b\u00f6lge olarak tabir etti\u011fimiz yerlerin olu\u015fmas\u0131n\u0131 sa\u011flad\u0131k. Bunlardan biri olan Azez i\u00e7in haz\u0131rlad\u0131\u011f\u0131m\u0131z yard\u0131m\u0131n t\u0131r\u0131n\u0131n yan\u0131nda, orada bir de yetimhanenin bak\u0131m ve onar\u0131m\u0131n\u0131 yapt\u0131k. \u00c7ocuklar\u0131n ya\u015fama tutunmalar\u0131na katk\u0131 sa\u011flad\u0131k. Bu b\u00f6lgede ya\u015fayan \u00e7ocuklar\u0131n, ya\u015fl\u0131lar\u0131n ve gen\u00e7lerin ya\u015fama tutunmalar\u0131 i\u00e7in bundan sonra da yard\u0131m etmeye devam edece\u011fiz. Ke\u00e7i\u00f6ren Belediyesinin vesile oldu\u011fu bu yard\u0131ma Ke\u00e7i\u00f6ren halk\u0131 da her zaman destek vererek bizleri hi\u00e7 mahcup etmedi. Vicdan sahibi hay\u0131rsever Ke\u00e7i\u00f6ren halk\u0131na da bu duyarl\u0131 tutumundan dolay\u0131 te\u015fekk\u00fcr ediyorum&#8221; diye konu\u015ftu.<div class=\"tiled-gallery type-rectangular tiled-gallery-unresized\" data-original-width=\"500\" data-carousel-extra='null' itemscope itemtype=\"http:\/\/schema.org\/ImageGallery\" > <div class=\"gallery-row\" style=\"width: 500px; height: 334px;\" data-original-width=\"500\" data-original-height=\"334\" > <div class=\"gallery-group images-1\" style=\"width: 500px; height: 334px;\" data-original-width=\"500\" data-original-height=\"334\" > <div class=\"tiled-gallery-item tiled-gallery-item-large\" itemprop=\"associatedMedia\" itemscope itemtype=\"http:\/\/schema.org\/ImageObject\"> <a href=\"http:\/\/www.tvturk.com\/index.php\/keciorenden-azeze-yardim-tiri\/keciorenden-azeze-yardim-tiri-3\/\" border=\"0\" itemprop=\"url\"> <meta itemprop=\"width\" content=\"496\"> <meta itemprop=\"height\" content=\"330\"> <img decoding=\"async\" class=\"\" data-attachment-id=\"14512\" data-orig-file=\"http:\/\/www.tvturk.com\/wp-content\/uploads\/2019\/02\/keciorenden-azeze-yardim-tiri_ee2a5de.jpg\" data-orig-size=\"1000,666\" data-comments-opened=\"\" data-image-meta=\"{&quot;aperture&quot;:&quot;0&quot;,&quot;credit&quot;:&quot;IHA&quot;,&quot;camera&quot;:&quot;&quot;,&quot;caption&quot;:&quot;KE\\u00c7\\u0130\\u00d6REN BELED\\u0130YES\\u0130, SUR\\u0130YE\\u2019DE YA\\u015eANAN \\u0130NSAN\\u0130 KR\\u0130ZE SES\\u0130Z KALMAYARAK \\u00c7E\\u015e\\u0130TL\\u0130 YA\\u015eAM MALZEMELER\\u0130N\\u0130N BULUNDU\\u011eU YARDIM TIRINI YOLA \\u00c7IKARDI. SUR\\u0130YE\\u2019DE \\u0130HT\\u0130YA\\u00c7 SAH\\u0130PLER\\u0130NE ULA\\u015eTIRILMAK \\u00dcZERE HAREKET EDEN TIR, KE\\u00c7\\u0130\\u00d6REN BELED\\u0130YE BA\\u015eKANI MUSTAFA AK\\u2019IN DA KATILDI\\u011eI U\\u011eURLAMA T\\u00d6REN\\u0130YLE DUALAR E\\u015eL\\u0130\\u011e\\u0130NDE AZEZ\\u2019E HAREKET ETT\\u0130. (\\u0130HA\\\/ANKARA-\\u0130HA)&quot;,&quot;created_timestamp&quot;:&quot;0&quot;,&quot;copyright&quot;:&quot;\\u0130HLAS HABER AJANSI, www.iha.com.tr&quot;,&quot;focal_length&quot;:&quot;0&quot;,&quot;iso&quot;:&quot;0&quot;,&quot;shutter_speed&quot;:&quot;0&quot;,&quot;title&quot;:&quot;KE\\u00c7\\u0130\\u00d6REN\\u2019DEN AZEZ\\u2019E YARDIM TIRI&quot;,&quot;orientation&quot;:&quot;0&quot;}\" data-image-title=\"Ke\u00e7i\u00f6ren\u2019den Azez\u2019e yard\u0131m t\u0131r\u0131\" data-image-description=\"&lt;p&gt;Ke\u00e7i\u00f6ren\u2019den Azez\u2019e yard\u0131m t\u0131r\u0131&lt;\/p&gt; \" data-medium-file=\"https:\/\/i0.wp.com\/www.tvturk.com\/wp-content\/uploads\/2019\/02\/keciorenden-azeze-yardim-tiri_ee2a5de.jpg?fit=300%2C200\" data-large-file=\"https:\/\/i0.wp.com\/www.tvturk.com\/wp-content\/uploads\/2019\/02\/keciorenden-azeze-yardim-tiri_ee2a5de.jpg?fit=1000%2C666\" src=\"https:\/\/i0.wp.com\/www.tvturk.com\/wp-content\/uploads\/2019\/02\/keciorenden-azeze-yardim-tiri_ee2a5de.jpg?w=496&#038;h=330\" srcset=\"https:\/\/i0.wp.com\/www.tvturk.com\/wp-content\/uploads\/2019\/02\/keciorenden-azeze-yardim-tiri_ee2a5de.jpg?w=1000 1000w, https:\/\/i0.wp.com\/www.tvturk.com\/wp-content\/uploads\/2019\/02\/keciorenden-azeze-yardim-tiri_ee2a5de.jpg?resize=150%2C100 150w, https:\/\/i0.wp.com\/www.tvturk.com\/wp-content\/uploads\/2019\/02\/keciorenden-azeze-yardim-tiri_ee2a5de.jpg?resize=300%2C200 300w, https:\/\/i0.wp.com\/www.tvturk.com\/wp-content\/uploads\/2019\/02\/keciorenden-azeze-yardim-tiri_ee2a5de.jpg?resize=768%2C511 768w, https:\/\/i0.wp.com\/www.tvturk.com\/wp-content\/uploads\/2019\/02\/keciorenden-azeze-yardim-tiri_ee2a5de.jpg?resize=170%2C113 170w, https:\/\/i0.wp.com\/www.tvturk.com\/wp-content\/uploads\/2019\/02\/keciorenden-azeze-yardim-tiri_ee2a5de.jpg?resize=120%2C80 120w\" width=\"496\" height=\"330\" loading=\"lazy\" data-original-width=\"496\" data-original-height=\"330\" itemprop=\"http:\/\/schema.org\/image\" title=\"Ke\u00e7i\u00f6ren\u2019den Azez\u2019e yard\u0131m t\u0131r\u0131\" alt=\"Ke\u00e7i\u00f6ren\u2019den Azez\u2019e yard\u0131m t\u0131r\u0131\" style=\"width: 496px; height: 330px;\" \/> <\/a> <\/div> <\/div> <!-- close group --> <\/div> <!-- close row --> <\/div><\/p>\n","protected":false},"excerpt":{"rendered":"<p>KE\u00c7\u0130\u00d6REN BELED\u0130YES\u0130, SUR\u0130YE\u2019DE YA\u015eANAN \u0130NSAN\u0130 KR\u0130ZE SES\u0130Z KALMAYARAK \u00c7E\u015e\u0130TL\u0130 YA\u015eAM MALZEMELER\u0130N\u0130N BULUNDU\u011eU YARDIM TIRINI YOLA \u00c7IKARDI. SUR\u0130YE\u2019DE \u0130HT\u0130YA\u00c7 SAH\u0130PLER\u0130NE ULA\u015eTIRILMAK \u00dcZERE HAREKET EDEN TIR, KE\u00c7\u0130\u00d6REN BELED\u0130YE BA\u015eKANI MUSTAFA AK\u2019IN DA KATILDI\u011eI U\u011eURLAMA T\u00d6REN\u0130YLE DUALAR E\u015eL\u0130\u011e\u0130NDE AZEZ\u2019E HAREKET ETT\u0130.<\/p>\n","protected":false},"author":1,"featured_media":14511,"comment_status":"closed","ping_status":"open","sticky":false,"template":"","format":"standard","meta":{"jetpack_post_was_ever_published":false,"_jetpack_newsletter_access":"","_jetpack_dont_email_post_to_subs":false,"_jetpack_newsletter_tier_id":0,"_jetpack_memberships_contains_paywalled_content":false,"_jetpack_memberships_contains_paid_content":false,"footnotes":"","jetpack_publicize_message":"","jetpack_publicize_feature_enabled":true,"jetpack_social_post_already_shared":false,"jetpack_social_options":{"image_generator_settings":{"template":"highway","default_image_id":0,"font":"","enabled":false},"version":2}},"categories":[655],"tags":[7117,7116,5961,1736],"class_list":["post-14510","post","type-post","status-publish","format-standard","has-post-thumbnail","hentry","category-son-dakika","tag-azeze","tag-keciorenden","tag-tiri","tag-yardim"],"jetpack_publicize_connections":[],"jetpack_featured_media_url":"https:\/\/i0.wp.com\/www.tvturk.com\/wp-content\/uploads\/2019\/02\/keciorenden-azeze-yardim-tiri_1af0cb3.jpg?fit=1000%2C666","jetpack_sharing_enabled":true,"jetpack_shortlink":"https:\/\/wp.me\/paKIfm-3M2","_links":{"self":[{"href":"http:\/\/www.tvturk.com\/index.php\/wp-json\/wp\/v2\/posts\/14510","targetHints":{"allow":["GET"]}}],"collection":[{"href":"http:\/\/www.tvturk.com\/index.php\/wp-json\/wp\/v2\/posts"}],"about":[{"href":"http:\/\/www.tvturk.com\/index.php\/wp-json\/wp\/v2\/types\/post"}],"author":[{"embeddable":true,"href":"http:\/\/www.tvturk.com\/index.php\/wp-json\/wp\/v2\/users\/1"}],"replies":[{"embeddable":true,"href":"http:\/\/www.tvturk.com\/index.php\/wp-json\/wp\/v2\/comments?post=14510"}],"version-history":[{"count":1,"href":"http:\/\/www.tvturk.com\/index.php\/wp-json\/wp\/v2\/posts\/14510\/revisions"}],"predecessor-version":[{"id":14513,"href":"http:\/\/www.tvturk.com\/index.php\/wp-json\/wp\/v2\/posts\/14510\/revisions\/14513"}],"wp:featuredmedia":[{"embeddable":true,"href":"http:\/\/www.tvturk.com\/index.php\/wp-json\/wp\/v2\/media\/14511"}],"wp:attachment":[{"href":"http:\/\/www.tvturk.com\/index.php\/wp-json\/wp\/v2\/media?parent=14510"}],"wp:term":[{"taxonomy":"category","embeddable":true,"href":"http:\/\/www.tvturk.com\/index.php\/wp-json\/wp\/v2\/categories?post=14510"},{"taxonomy":"post_tag","embeddable":true,"href":"http:\/\/www.tvturk.com\/index.php\/wp-json\/wp\/v2\/tags?post=14510"}],"curies":[{"name":"wp","href":"https:\/\/api.w.org\/{rel}","templated":true}]}}