{"id":14611,"date":"2019-02-09T11:01:45","date_gmt":"2019-02-09T08:01:45","guid":{"rendered":"http:\/\/www.tvturk.com\/index.php\/mhpnin-50-kurulus-yildonumu-dolayisiyla-ataturk-parkinda-celenk-sunuldu\/"},"modified":"2019-02-09T11:01:47","modified_gmt":"2019-02-09T08:01:47","slug":"mhpnin-50-kurulus-yildonumu-dolayisiyla-ataturk-parkinda-celenk-sunuldu","status":"publish","type":"post","link":"http:\/\/www.tvturk.com\/index.php\/mhpnin-50-kurulus-yildonumu-dolayisiyla-ataturk-parkinda-celenk-sunuldu\/","title":{"rendered":"MHP\u2019nin 50. kurulu\u015f y\u0131ld\u00f6n\u00fcm\u00fc dolay\u0131s\u0131yla Atat\u00fcrk Park\u0131\u2019nda \u00e7elenk sunuldu"},"content":{"rendered":"<p>Milliyet\u00e7i Hareket Partisi (MHP) kurulu\u015funun 50. y\u0131ld\u00f6n\u00fcm\u00fc dolay\u0131s\u0131yla d\u00fczenlenen etkinlikler kapsam\u0131nda MHP Genel Ba\u015fkan Yard\u0131mc\u0131s\u0131 Semih Yal\u00e7\u0131n, Atat\u00fcrk Park\u0131\u2019nda bulunan an\u0131ta \u00e7elenk sunumunda bulundu.<\/p>\n<p>Milliyet\u00e7i Hareket Partisi\u2019nin kurulu\u015funun 50. y\u0131ld\u00f6n\u00fcm\u00fc kapsam\u0131nda d\u00fczenlenen etkinlikte, Seyhan il\u00e7esinde bulunan Atat\u00fcrk Park\u0131\u2019ndaki an\u0131ta \u00e7elenk sunarak sayg\u0131 duru\u015funda bulunuldu. \u00c7elenk sunumuna Cumhur \u0130ttifak\u0131 Adana B\u00fcy\u00fck\u015fehir Belediye Ba\u015fkan aday\u0131 H\u00fcseyin S\u00f6zl\u00fc, MHP Adana Milletvekili Ay\u015fe Sibel Ersoy ve \u00e7ok say\u0131da partili kat\u0131ld\u0131.<\/p>\n<p>Partililer buradan 1969 y\u0131l\u0131nda MHP\u2019nin ilk kongresinin d\u00fczenlendi\u011fi Adnan Menderes Spor Salonu\u2019ndaki &#8220;1969\u2019dan G\u00fcn\u00fcm\u00fcze MHP&#8221; isimli sergiyi ziyaret etmek i\u00e7in ayr\u0131ld\u0131.<div class=\"tiled-gallery type-rectangular tiled-gallery-unresized\" data-original-width=\"500\" data-carousel-extra='null' itemscope itemtype=\"http:\/\/schema.org\/ImageGallery\" > <div class=\"gallery-row\" style=\"width: 500px; height: 167px;\" data-original-width=\"500\" data-original-height=\"167\" > <div class=\"gallery-group images-1\" style=\"width: 250px; height: 167px;\" data-original-width=\"250\" data-original-height=\"167\" > <div class=\"tiled-gallery-item tiled-gallery-item-small\" itemprop=\"associatedMedia\" itemscope itemtype=\"http:\/\/schema.org\/ImageObject\"> <a href=\"http:\/\/www.tvturk.com\/index.php\/mhpnin-50-kurulus-yildonumu-dolayisiyla-ataturk-parkinda-celenk-sunuldu\/mhpnin-50-kurulus-yildonumu-dolayisiyla-ataturk-parkinda-celenk-sunuldu-3\/\" border=\"0\" itemprop=\"url\"> <meta itemprop=\"width\" content=\"246\"> <meta itemprop=\"height\" content=\"163\"> <img decoding=\"async\" class=\"\" data-attachment-id=\"14613\" data-orig-file=\"http:\/\/www.tvturk.com\/wp-content\/uploads\/2019\/02\/mhpnin-50-kurulus-yildonumu-dolayisiyla-ataturk-parkinda-celenk-sunuldu_08522c3.jpg\" data-orig-size=\"1000,662\" data-comments-opened=\"\" data-image-meta=\"{&quot;aperture&quot;:&quot;0&quot;,&quot;credit&quot;:&quot;IHA&quot;,&quot;camera&quot;:&quot;&quot;,&quot;caption&quot;:&quot;M\\u0130LL\\u0130YET\\u00c7\\u0130 HAREKET PART\\u0130S\\u0130 (MHP) KURULU\\u015eUNUN 50. YIL D\\u00d6N\\u00dcM\\u00dc DOLAYISIYLA D\\u00dcZENLENEN ETK\\u0130NL\\u0130KLER KAPSAMINDA MHP GENEL BA\\u015eKAN YARDIMCISI SEM\\u0130H YAL\\u00c7IN, ATAT\\u00dcRK PARKI\\u0027NDA BULUNAN ANITA \\u00c7ELENK SUNUMUNDA BULUNDU. (R\\u00dc\\u015eAN ANIL ATAR\\\/ADANA-\\u0130HA)&quot;,&quot;created_timestamp&quot;:&quot;0&quot;,&quot;copyright&quot;:&quot;\\u0130HLAS HABER AJANSI, www.iha.com.tr&quot;,&quot;focal_length&quot;:&quot;0&quot;,&quot;iso&quot;:&quot;0&quot;,&quot;shutter_speed&quot;:&quot;0&quot;,&quot;title&quot;:&quot;MHP\\u0027N\\u0130N 50. KURULU\\u015e YILD\\u00d6N\\u00dcM\\u00dc DOLAYISIYLA ATAT\\u00dcRK PARKI\\u0027NDA \\u00c7ELENK SUNULDU&quot;,&quot;orientation&quot;:&quot;0&quot;}\" data-image-title=\"MHP\u2019nin 50. kurulu\u015f y\u0131ld\u00f6n\u00fcm\u00fc dolay\u0131s\u0131yla Atat\u00fcrk Park\u0131\u2019nda \u00e7elenk sunuldu\" data-image-description=\"&lt;p&gt;MHP\u2019nin 50. kurulu\u015f y\u0131ld\u00f6n\u00fcm\u00fc dolay\u0131s\u0131yla Atat\u00fcrk Park\u0131\u2019nda \u00e7elenk sunuldu&lt;\/p&gt; \" data-medium-file=\"https:\/\/i0.wp.com\/www.tvturk.com\/wp-content\/uploads\/2019\/02\/mhpnin-50-kurulus-yildonumu-dolayisiyla-ataturk-parkinda-celenk-sunuldu_08522c3.jpg?fit=300%2C199\" data-large-file=\"https:\/\/i0.wp.com\/www.tvturk.com\/wp-content\/uploads\/2019\/02\/mhpnin-50-kurulus-yildonumu-dolayisiyla-ataturk-parkinda-celenk-sunuldu_08522c3.jpg?fit=1000%2C662\" src=\"https:\/\/i0.wp.com\/www.tvturk.com\/wp-content\/uploads\/2019\/02\/mhpnin-50-kurulus-yildonumu-dolayisiyla-ataturk-parkinda-celenk-sunuldu_08522c3.jpg?w=246&#038;h=163\" srcset=\"https:\/\/i0.wp.com\/www.tvturk.com\/wp-content\/uploads\/2019\/02\/mhpnin-50-kurulus-yildonumu-dolayisiyla-ataturk-parkinda-celenk-sunuldu_08522c3.jpg?w=1000 1000w, https:\/\/i0.wp.com\/www.tvturk.com\/wp-content\/uploads\/2019\/02\/mhpnin-50-kurulus-yildonumu-dolayisiyla-ataturk-parkinda-celenk-sunuldu_08522c3.jpg?resize=150%2C99 150w, https:\/\/i0.wp.com\/www.tvturk.com\/wp-content\/uploads\/2019\/02\/mhpnin-50-kurulus-yildonumu-dolayisiyla-ataturk-parkinda-celenk-sunuldu_08522c3.jpg?resize=300%2C200 300w, https:\/\/i0.wp.com\/www.tvturk.com\/wp-content\/uploads\/2019\/02\/mhpnin-50-kurulus-yildonumu-dolayisiyla-ataturk-parkinda-celenk-sunuldu_08522c3.jpg?resize=768%2C508 768w, https:\/\/i0.wp.com\/www.tvturk.com\/wp-content\/uploads\/2019\/02\/mhpnin-50-kurulus-yildonumu-dolayisiyla-ataturk-parkinda-celenk-sunuldu_08522c3.jpg?resize=170%2C113 170w, https:\/\/i0.wp.com\/www.tvturk.com\/wp-content\/uploads\/2019\/02\/mhpnin-50-kurulus-yildonumu-dolayisiyla-ataturk-parkinda-celenk-sunuldu_08522c3.jpg?resize=120%2C80 120w\" width=\"246\" height=\"163\" loading=\"lazy\" data-original-width=\"246\" data-original-height=\"163\" itemprop=\"http:\/\/schema.org\/image\" title=\"MHP\u2019nin 50. kurulu\u015f y\u0131ld\u00f6n\u00fcm\u00fc dolay\u0131s\u0131yla Atat\u00fcrk Park\u0131\u2019nda \u00e7elenk sunuldu\" alt=\"MHP\u2019nin 50. kurulu\u015f y\u0131ld\u00f6n\u00fcm\u00fc dolay\u0131s\u0131yla Atat\u00fcrk Park\u0131\u2019nda \u00e7elenk sunuldu\" style=\"width: 246px; height: 163px;\" \/> <\/a> <\/div> <\/div> <!-- close group --> <div class=\"gallery-group images-1\" style=\"width: 250px; height: 167px;\" data-original-width=\"250\" data-original-height=\"167\" > <div class=\"tiled-gallery-item tiled-gallery-item-small\" itemprop=\"associatedMedia\" itemscope itemtype=\"http:\/\/schema.org\/ImageObject\"> <a href=\"http:\/\/www.tvturk.com\/index.php\/mhpnin-50-kurulus-yildonumu-dolayisiyla-ataturk-parkinda-celenk-sunuldu\/mhpnin-50-kurulus-yildonumu-dolayisiyla-ataturk-parkinda-celenk-sunuldu-4\/\" border=\"0\" itemprop=\"url\"> <meta itemprop=\"width\" content=\"246\"> <meta itemprop=\"height\" content=\"163\"> <img decoding=\"async\" class=\"\" data-attachment-id=\"14614\" data-orig-file=\"http:\/\/www.tvturk.com\/wp-content\/uploads\/2019\/02\/mhpnin-50-kurulus-yildonumu-dolayisiyla-ataturk-parkinda-celenk-sunuldu_17b5793.jpg\" data-orig-size=\"1000,662\" data-comments-opened=\"\" data-image-meta=\"{&quot;aperture&quot;:&quot;0&quot;,&quot;credit&quot;:&quot;IHA&quot;,&quot;camera&quot;:&quot;&quot;,&quot;caption&quot;:&quot;M\\u0130LL\\u0130YET\\u00c7\\u0130 HAREKET PART\\u0130S\\u0130 (MHP) KURULU\\u015eUNUN 50. YIL D\\u00d6N\\u00dcM\\u00dc DOLAYISIYLA D\\u00dcZENLENEN ETK\\u0130NL\\u0130KLER KAPSAMINDA MHP GENEL BA\\u015eKAN YARDIMCISI SEM\\u0130H YAL\\u00c7IN, ATAT\\u00dcRK PARKI\\u0027NDA BULUNAN ANITA \\u00c7ELENK SUNUMUNDA BULUNDU. (R\\u00dc\\u015eAN ANIL ATAR\\\/ADANA-\\u0130HA)&quot;,&quot;created_timestamp&quot;:&quot;0&quot;,&quot;copyright&quot;:&quot;\\u0130HLAS HABER AJANSI, www.iha.com.tr&quot;,&quot;focal_length&quot;:&quot;0&quot;,&quot;iso&quot;:&quot;0&quot;,&quot;shutter_speed&quot;:&quot;0&quot;,&quot;title&quot;:&quot;MHP\\u0027N\\u0130N 50. KURULU\\u015e YILD\\u00d6N\\u00dcM\\u00dc DOLAYISIYLA ATAT\\u00dcRK PARKI\\u0027NDA \\u00c7ELENK SUNULDU&quot;,&quot;orientation&quot;:&quot;0&quot;}\" data-image-title=\"MHP\u2019nin 50. kurulu\u015f y\u0131ld\u00f6n\u00fcm\u00fc dolay\u0131s\u0131yla Atat\u00fcrk Park\u0131\u2019nda \u00e7elenk sunuldu\" data-image-description=\"&lt;p&gt;MHP\u2019nin 50. kurulu\u015f y\u0131ld\u00f6n\u00fcm\u00fc dolay\u0131s\u0131yla Atat\u00fcrk Park\u0131\u2019nda \u00e7elenk sunuldu&lt;\/p&gt; \" data-medium-file=\"https:\/\/i0.wp.com\/www.tvturk.com\/wp-content\/uploads\/2019\/02\/mhpnin-50-kurulus-yildonumu-dolayisiyla-ataturk-parkinda-celenk-sunuldu_17b5793.jpg?fit=300%2C199\" data-large-file=\"https:\/\/i0.wp.com\/www.tvturk.com\/wp-content\/uploads\/2019\/02\/mhpnin-50-kurulus-yildonumu-dolayisiyla-ataturk-parkinda-celenk-sunuldu_17b5793.jpg?fit=1000%2C662\" src=\"https:\/\/i0.wp.com\/www.tvturk.com\/wp-content\/uploads\/2019\/02\/mhpnin-50-kurulus-yildonumu-dolayisiyla-ataturk-parkinda-celenk-sunuldu_17b5793.jpg?w=246&#038;h=163\" srcset=\"https:\/\/i0.wp.com\/www.tvturk.com\/wp-content\/uploads\/2019\/02\/mhpnin-50-kurulus-yildonumu-dolayisiyla-ataturk-parkinda-celenk-sunuldu_17b5793.jpg?w=1000 1000w, https:\/\/i0.wp.com\/www.tvturk.com\/wp-content\/uploads\/2019\/02\/mhpnin-50-kurulus-yildonumu-dolayisiyla-ataturk-parkinda-celenk-sunuldu_17b5793.jpg?resize=150%2C99 150w, https:\/\/i0.wp.com\/www.tvturk.com\/wp-content\/uploads\/2019\/02\/mhpnin-50-kurulus-yildonumu-dolayisiyla-ataturk-parkinda-celenk-sunuldu_17b5793.jpg?resize=300%2C200 300w, https:\/\/i0.wp.com\/www.tvturk.com\/wp-content\/uploads\/2019\/02\/mhpnin-50-kurulus-yildonumu-dolayisiyla-ataturk-parkinda-celenk-sunuldu_17b5793.jpg?resize=768%2C508 768w, https:\/\/i0.wp.com\/www.tvturk.com\/wp-content\/uploads\/2019\/02\/mhpnin-50-kurulus-yildonumu-dolayisiyla-ataturk-parkinda-celenk-sunuldu_17b5793.jpg?resize=170%2C113 170w, https:\/\/i0.wp.com\/www.tvturk.com\/wp-content\/uploads\/2019\/02\/mhpnin-50-kurulus-yildonumu-dolayisiyla-ataturk-parkinda-celenk-sunuldu_17b5793.jpg?resize=120%2C80 120w\" width=\"246\" height=\"163\" loading=\"lazy\" data-original-width=\"246\" data-original-height=\"163\" itemprop=\"http:\/\/schema.org\/image\" title=\"MHP\u2019nin 50. kurulu\u015f y\u0131ld\u00f6n\u00fcm\u00fc dolay\u0131s\u0131yla Atat\u00fcrk Park\u0131\u2019nda \u00e7elenk sunuldu\" alt=\"MHP\u2019nin 50. kurulu\u015f y\u0131ld\u00f6n\u00fcm\u00fc dolay\u0131s\u0131yla Atat\u00fcrk Park\u0131\u2019nda \u00e7elenk sunuldu\" style=\"width: 246px; height: 163px;\" \/> <\/a> <\/div> <\/div> <!-- close group --> <\/div> <!-- close row --> <\/div><\/p>\n","protected":false},"excerpt":{"rendered":"<p>M\u0130LL\u0130YET\u00c7\u0130 HAREKET PART\u0130S\u0130 (MHP) KURULU\u015eUNUN 50. YIL D\u00d6N\u00dcM\u00dc DOLAYISIYLA D\u00dcZENLENEN ETK\u0130NL\u0130KLER KAPSAMINDA MHP GENEL BA\u015eKAN YARDIMCISI SEM\u0130H YAL\u00c7IN, ATAT\u00dcRK PARKI&#8217;NDA BULUNAN ANITA \u00c7ELENK SUNUMUNDA BULUNDU.<\/p>\n","protected":false},"author":1,"featured_media":14612,"comment_status":"closed","ping_status":"open","sticky":false,"template":"","format":"standard","meta":{"jetpack_post_was_ever_published":false,"_jetpack_newsletter_access":"","_jetpack_dont_email_post_to_subs":false,"_jetpack_newsletter_tier_id":0,"_jetpack_memberships_contains_paywalled_content":false,"_jetpack_memberships_contains_paid_content":false,"footnotes":"","jetpack_publicize_message":"","jetpack_publicize_feature_enabled":true,"jetpack_social_post_already_shared":false,"jetpack_social_options":{"image_generator_settings":{"template":"highway","default_image_id":0,"font":"","enabled":false},"version":2}},"categories":[9],"tags":[5517,381,4430,5630,4037,5944,7158,744,3101],"class_list":["post-14611","post","type-post","status-publish","format-standard","has-post-thumbnail","hentry","category-siyaset","tag-5517","tag-ataturk","tag-celenk","tag-dolayisiyla","tag-kurulus","tag-mhpnin","tag-parkinda","tag-sunuldu","tag-yildonumu"],"jetpack_publicize_connections":[],"jetpack_featured_media_url":"https:\/\/i0.wp.com\/www.tvturk.com\/wp-content\/uploads\/2019\/02\/mhpnin-50-kurulus-yildonumu-dolayisiyla-ataturk-parkinda-celenk-sunuldu_3e1d6a7.jpg?fit=1000%2C662","jetpack_sharing_enabled":true,"jetpack_shortlink":"https:\/\/wp.me\/paKIfm-3NF","_links":{"self":[{"href":"http:\/\/www.tvturk.com\/index.php\/wp-json\/wp\/v2\/posts\/14611","targetHints":{"allow":["GET"]}}],"collection":[{"href":"http:\/\/www.tvturk.com\/index.php\/wp-json\/wp\/v2\/posts"}],"about":[{"href":"http:\/\/www.tvturk.com\/index.php\/wp-json\/wp\/v2\/types\/post"}],"author":[{"embeddable":true,"href":"http:\/\/www.tvturk.com\/index.php\/wp-json\/wp\/v2\/users\/1"}],"replies":[{"embeddable":true,"href":"http:\/\/www.tvturk.com\/index.php\/wp-json\/wp\/v2\/comments?post=14611"}],"version-history":[{"count":1,"href":"http:\/\/www.tvturk.com\/index.php\/wp-json\/wp\/v2\/posts\/14611\/revisions"}],"predecessor-version":[{"id":14615,"href":"http:\/\/www.tvturk.com\/index.php\/wp-json\/wp\/v2\/posts\/14611\/revisions\/14615"}],"wp:featuredmedia":[{"embeddable":true,"href":"http:\/\/www.tvturk.com\/index.php\/wp-json\/wp\/v2\/media\/14612"}],"wp:attachment":[{"href":"http:\/\/www.tvturk.com\/index.php\/wp-json\/wp\/v2\/media?parent=14611"}],"wp:term":[{"taxonomy":"category","embeddable":true,"href":"http:\/\/www.tvturk.com\/index.php\/wp-json\/wp\/v2\/categories?post=14611"},{"taxonomy":"post_tag","embeddable":true,"href":"http:\/\/www.tvturk.com\/index.php\/wp-json\/wp\/v2\/tags?post=14611"}],"curies":[{"name":"wp","href":"https:\/\/api.w.org\/{rel}","templated":true}]}}