{"id":146184,"date":"2019-04-21T22:19:52","date_gmt":"2019-04-21T19:19:52","guid":{"rendered":"http:\/\/www.tvturk.com\/index.php\/ukraynada-secimin-galibi-komedyen-zelenskiy\/"},"modified":"2019-04-21T22:19:57","modified_gmt":"2019-04-21T19:19:57","slug":"ukraynada-secimin-galibi-komedyen-zelenskiy","status":"publish","type":"post","link":"http:\/\/www.tvturk.com\/index.php\/ukraynada-secimin-galibi-komedyen-zelenskiy\/","title":{"rendered":"Ukrayna\u2019da se\u00e7imin galibi komedyen Zelenskiy"},"content":{"rendered":"<p>K\u0130EV (\u0130HA) \u2013 Ukrayna\u2019da sand\u0131k sonras\u0131 anket sonu\u00e7lar\u0131na g\u00f6re komedyen Vladimir Zelenskiy oylar\u0131n y\u00fczde 73\u2019\u00fcn\u00fc alarak se\u00e7imin galibi oldu.<\/p>\n<p>Ukrayna Devlet Ba\u015fkanl\u0131\u011f\u0131 se\u00e7imlerinin ikinci turunda saat 20.00\u2019de sand\u0131klar kapat\u0131ld\u0131. Sand\u0131k \u00e7\u0131k\u0131\u015f anketlerinde en g\u00fc\u00e7l\u00fc aday Vladimir Zelenskiy y\u00fczde 73 ile birinci oldu. Ukrayna Devlet Ba\u015fkan\u0131 Petro Poro\u015fenko, resmi sonu\u00e7lar a\u00e7\u0131klanmadan, sand\u0131k sonras\u0131 anket sonu\u00e7lar\u0131n\u0131n a\u00e7\u0131klanmas\u0131n\u0131n ard\u0131ndan yenilgisini kabullendi\u011fini duyurdu. Bas\u0131n toplant\u0131s\u0131nda konu\u015fan mevcut Devlet Ba\u015fkan\u0131 Poro\u015fenko yapt\u0131\u011f\u0131 a\u00e7\u0131klamada, &#8220;Anket sonu\u00e7lar\u0131na g\u00f6re Zelenskiy\u2019i aray\u0131p tebrik etmenin zaman\u0131 geldi. \u2019Hi\u00e7bir zaman vazge\u00e7me\u2019 s\u00f6zlerini duyuyorum. Ukrayna kanunlar\u0131na g\u00f6re ve bir\u00e7ok demokratik Avrupa \u00fclkesinde de oldu\u011fu gibi kendisini aray\u0131p tebrik etmem gerekiyor. Zelenskiy\u2019nin tak\u0131m\u0131 yar\u0131n 22 Nisan g\u00fcn\u00fcnden itibaren Ukrayna\u2019y\u0131 koruma g\u00f6revini devralacaklar. \u00d6n\u00fcm\u00fczdeki ay devlet ba\u015fkanl\u0131\u011f\u0131 g\u00f6revinden ayr\u0131laca\u011f\u0131m. Ukrayna halk\u0131 b\u00f6yle karar verdi ve bu karar\u0131 kabulleniyorum ama siyasette kalmaya devam edece\u011fim&#8221; ifadelerini kulland\u0131.<\/p>\n<p>Sosyal medya hesaplar\u0131ndan e\u015fi Marina Poro\u015fenko\u2019ya da seslenen Petro Poro\u015fenko, &#8220;Marina, sana, \u00e7ocuklar\u0131ma ve babama te\u015fekk\u00fcr ediyorum yan\u0131mda oldu\u011funuz i\u00e7in. \u00d6n\u00fcm\u00fczde beni psikolojik olarak zor g\u00fcnler bekliyor ama ben size g\u00fcveniyorum&#8221; mesaj\u0131n\u0131 payla\u015ft\u0131.<div class=\"tiled-gallery type-rectangular tiled-gallery-unresized\" data-original-width=\"500\" data-carousel-extra='null' itemscope itemtype=\"http:\/\/schema.org\/ImageGallery\" > <div class=\"gallery-row\" style=\"width: 500px; height: 238px;\" data-original-width=\"500\" data-original-height=\"238\" > <div class=\"gallery-group images-1\" style=\"width: 322px; height: 238px;\" data-original-width=\"322\" data-original-height=\"238\" > <div class=\"tiled-gallery-item tiled-gallery-item-large\" itemprop=\"associatedMedia\" itemscope itemtype=\"http:\/\/schema.org\/ImageObject\"> <a href=\"http:\/\/www.tvturk.com\/index.php\/ukraynada-secimin-galibi-komedyen-zelenskiy\/ukraynada-secimin-galibi-komedyen-zelenskiy-3\/\" border=\"0\" itemprop=\"url\"> <meta itemprop=\"width\" content=\"318\"> <meta itemprop=\"height\" content=\"234\"> <img decoding=\"async\" class=\"\" data-attachment-id=\"146186\" data-orig-file=\"http:\/\/www.tvturk.com\/wp-content\/uploads\/2019\/04\/ukraynada-secimin-galibi-komedyen-zelenskiy_97a100a.jpg\" data-orig-size=\"1000,736\" data-comments-opened=\"\" data-image-meta=\"{&quot;aperture&quot;:&quot;0&quot;,&quot;credit&quot;:&quot;IHA&quot;,&quot;camera&quot;:&quot;&quot;,&quot;caption&quot;:&quot;UKRAYNA\\u2019DA SANDIK SONRASI ANKET SONU\\u00c7LARINA G\\u00d6RE KOMEDYEN VLAD\\u0130M\\u0130R ZELENSK\\u0130Y OYLARIN Y\\u00dcZDE 73\\u0027\\u00dcN\\u00dc ALARAK SE\\u00c7\\u0130M\\u0130N GAL\\u0130B\\u0130 OLDU. (BEK\\u0130R KESK\\u0130N\\\/K\\u0130EV-\\u0130HA)&quot;,&quot;created_timestamp&quot;:&quot;0&quot;,&quot;copyright&quot;:&quot;\\u0130HLAS HABER AJANSI, www.iha.com.tr&quot;,&quot;focal_length&quot;:&quot;0&quot;,&quot;iso&quot;:&quot;0&quot;,&quot;shutter_speed&quot;:&quot;0&quot;,&quot;title&quot;:&quot;UKRAYNA\\u2019DA SE\\u00c7\\u0130M\\u0130N GAL\\u0130B\\u0130 KOMEDYEN ZELENSK\\u0130Y PORO\\u015eENKO: \\u201cUKRAYNA HALKI B\\u00d6YLE KARAR VERD\\u0130 VE BU KARARI KABULLEN\\u0130YORUM\\u201d&quot;,&quot;orientation&quot;:&quot;0&quot;}\" data-image-title=\"Ukrayna\u2019da se\u00e7imin galibi komedyen Zelenskiy\" data-image-description=\"&lt;p&gt;Ukrayna\u2019da se\u00e7imin galibi komedyen Zelenskiy&lt;\/p&gt; \" data-medium-file=\"https:\/\/i0.wp.com\/www.tvturk.com\/wp-content\/uploads\/2019\/04\/ukraynada-secimin-galibi-komedyen-zelenskiy_97a100a.jpg?fit=300%2C221\" data-large-file=\"https:\/\/i0.wp.com\/www.tvturk.com\/wp-content\/uploads\/2019\/04\/ukraynada-secimin-galibi-komedyen-zelenskiy_97a100a.jpg?fit=1000%2C736\" src=\"https:\/\/i0.wp.com\/www.tvturk.com\/wp-content\/uploads\/2019\/04\/ukraynada-secimin-galibi-komedyen-zelenskiy_97a100a.jpg?w=318&#038;h=234\" srcset=\"https:\/\/i0.wp.com\/www.tvturk.com\/wp-content\/uploads\/2019\/04\/ukraynada-secimin-galibi-komedyen-zelenskiy_97a100a.jpg?w=1000 1000w, https:\/\/i0.wp.com\/www.tvturk.com\/wp-content\/uploads\/2019\/04\/ukraynada-secimin-galibi-komedyen-zelenskiy_97a100a.jpg?resize=150%2C110 150w, https:\/\/i0.wp.com\/www.tvturk.com\/wp-content\/uploads\/2019\/04\/ukraynada-secimin-galibi-komedyen-zelenskiy_97a100a.jpg?resize=300%2C221 300w, https:\/\/i0.wp.com\/www.tvturk.com\/wp-content\/uploads\/2019\/04\/ukraynada-secimin-galibi-komedyen-zelenskiy_97a100a.jpg?resize=768%2C565 768w\" width=\"318\" height=\"234\" loading=\"lazy\" data-original-width=\"318\" data-original-height=\"234\" itemprop=\"http:\/\/schema.org\/image\" title=\"Ukrayna\u2019da se\u00e7imin galibi komedyen Zelenskiy\" alt=\"Ukrayna\u2019da se\u00e7imin galibi komedyen Zelenskiy\" style=\"width: 318px; height: 234px;\" \/> <\/a> <\/div> <\/div> <!-- close group --> <div class=\"gallery-group images-2\" style=\"width: 178px; height: 238px;\" data-original-width=\"178\" data-original-height=\"238\" > <div class=\"tiled-gallery-item tiled-gallery-item-small\" itemprop=\"associatedMedia\" itemscope itemtype=\"http:\/\/schema.org\/ImageObject\"> <a href=\"http:\/\/www.tvturk.com\/index.php\/ukraynada-secimin-galibi-komedyen-zelenskiy\/ukraynada-secimin-galibi-komedyen-zelenskiy-4\/\" border=\"0\" itemprop=\"url\"> <meta itemprop=\"width\" content=\"174\"> <meta itemprop=\"height\" content=\"111\"> <img decoding=\"async\" class=\"\" data-attachment-id=\"146187\" data-orig-file=\"http:\/\/www.tvturk.com\/wp-content\/uploads\/2019\/04\/ukraynada-secimin-galibi-komedyen-zelenskiy_2172834.jpg\" data-orig-size=\"1000,640\" data-comments-opened=\"\" data-image-meta=\"{&quot;aperture&quot;:&quot;0&quot;,&quot;credit&quot;:&quot;IHA&quot;,&quot;camera&quot;:&quot;&quot;,&quot;caption&quot;:&quot;PETRO PORO\\u015eENKO VE E\\u015e\\u0130 MAR\\u0130NA PORO\\u015eENKO (BEK\\u0130R KESK\\u0130N\\\/K\\u0130EV-\\u0130HA)&quot;,&quot;created_timestamp&quot;:&quot;0&quot;,&quot;copyright&quot;:&quot;\\u0130HLAS HABER AJANSI, www.iha.com.tr&quot;,&quot;focal_length&quot;:&quot;0&quot;,&quot;iso&quot;:&quot;0&quot;,&quot;shutter_speed&quot;:&quot;0&quot;,&quot;title&quot;:&quot;UKRAYNA\\u2019DA SE\\u00c7\\u0130M\\u0130N GAL\\u0130B\\u0130 KOMEDYEN ZELENSK\\u0130Y PORO\\u015eENKO: \\u201cUKRAYNA HALKI B\\u00d6YLE KARAR VERD\\u0130 VE BU KARARI KABULLEN\\u0130YORUM\\u201d&quot;,&quot;orientation&quot;:&quot;0&quot;}\" data-image-title=\"Ukrayna\u2019da se\u00e7imin galibi komedyen Zelenskiy\" data-image-description=\"&lt;p&gt;Ukrayna\u2019da se\u00e7imin galibi komedyen Zelenskiy&lt;\/p&gt; \" data-medium-file=\"https:\/\/i0.wp.com\/www.tvturk.com\/wp-content\/uploads\/2019\/04\/ukraynada-secimin-galibi-komedyen-zelenskiy_2172834.jpg?fit=300%2C192\" data-large-file=\"https:\/\/i0.wp.com\/www.tvturk.com\/wp-content\/uploads\/2019\/04\/ukraynada-secimin-galibi-komedyen-zelenskiy_2172834.jpg?fit=1000%2C640\" src=\"https:\/\/i0.wp.com\/www.tvturk.com\/wp-content\/uploads\/2019\/04\/ukraynada-secimin-galibi-komedyen-zelenskiy_2172834.jpg?w=174&#038;h=111\" srcset=\"https:\/\/i0.wp.com\/www.tvturk.com\/wp-content\/uploads\/2019\/04\/ukraynada-secimin-galibi-komedyen-zelenskiy_2172834.jpg?w=1000 1000w, https:\/\/i0.wp.com\/www.tvturk.com\/wp-content\/uploads\/2019\/04\/ukraynada-secimin-galibi-komedyen-zelenskiy_2172834.jpg?resize=150%2C96 150w, https:\/\/i0.wp.com\/www.tvturk.com\/wp-content\/uploads\/2019\/04\/ukraynada-secimin-galibi-komedyen-zelenskiy_2172834.jpg?resize=300%2C192 300w, https:\/\/i0.wp.com\/www.tvturk.com\/wp-content\/uploads\/2019\/04\/ukraynada-secimin-galibi-komedyen-zelenskiy_2172834.jpg?resize=768%2C492 768w, https:\/\/i0.wp.com\/www.tvturk.com\/wp-content\/uploads\/2019\/04\/ukraynada-secimin-galibi-komedyen-zelenskiy_2172834.jpg?resize=460%2C290 460w\" width=\"174\" height=\"111\" loading=\"lazy\" data-original-width=\"174\" data-original-height=\"111\" itemprop=\"http:\/\/schema.org\/image\" title=\"Ukrayna\u2019da se\u00e7imin galibi komedyen Zelenskiy\" alt=\"Ukrayna\u2019da se\u00e7imin galibi komedyen Zelenskiy\" style=\"width: 174px; height: 111px;\" \/> <\/a> <\/div> <div class=\"tiled-gallery-item tiled-gallery-item-small\" itemprop=\"associatedMedia\" itemscope itemtype=\"http:\/\/schema.org\/ImageObject\"> <a href=\"http:\/\/www.tvturk.com\/index.php\/ukraynada-secimin-galibi-komedyen-zelenskiy\/ukraynada-secimin-galibi-komedyen-zelenskiy-5\/\" border=\"0\" itemprop=\"url\"> <meta itemprop=\"width\" content=\"174\"> <meta itemprop=\"height\" content=\"119\"> <img decoding=\"async\" class=\"\" data-attachment-id=\"146188\" data-orig-file=\"http:\/\/www.tvturk.com\/wp-content\/uploads\/2019\/04\/ukraynada-secimin-galibi-komedyen-zelenskiy_8950313.jpg\" data-orig-size=\"1000,684\" data-comments-opened=\"\" data-image-meta=\"{&quot;aperture&quot;:&quot;0&quot;,&quot;credit&quot;:&quot;IHA&quot;,&quot;camera&quot;:&quot;&quot;,&quot;caption&quot;:&quot;UKRAYNA\\u2019DA SANDIK SONRASI ANKET SONU\\u00c7LARINA G\\u00d6RE KOMEDYEN VLAD\\u0130M\\u0130R ZELENSK\\u0130Y OYLARIN Y\\u00dcZDE 73\\u0027\\u00dcN\\u00dc ALARAK SE\\u00c7\\u0130M\\u0130N GAL\\u0130B\\u0130 OLDU. (BEK\\u0130R KESK\\u0130N\\\/K\\u0130EV-\\u0130HA)&quot;,&quot;created_timestamp&quot;:&quot;0&quot;,&quot;copyright&quot;:&quot;\\u0130HLAS HABER AJANSI, www.iha.com.tr&quot;,&quot;focal_length&quot;:&quot;0&quot;,&quot;iso&quot;:&quot;0&quot;,&quot;shutter_speed&quot;:&quot;0&quot;,&quot;title&quot;:&quot;UKRAYNA\\u2019DA SE\\u00c7\\u0130M\\u0130N GAL\\u0130B\\u0130 KOMEDYEN ZELENSK\\u0130Y PORO\\u015eENKO: \\u201cUKRAYNA HALKI B\\u00d6YLE KARAR VERD\\u0130 VE BU KARARI KABULLEN\\u0130YORUM\\u201d&quot;,&quot;orientation&quot;:&quot;0&quot;}\" data-image-title=\"Ukrayna\u2019da se\u00e7imin galibi komedyen Zelenskiy\" data-image-description=\"&lt;p&gt;Ukrayna\u2019da se\u00e7imin galibi komedyen Zelenskiy&lt;\/p&gt; \" data-medium-file=\"https:\/\/i0.wp.com\/www.tvturk.com\/wp-content\/uploads\/2019\/04\/ukraynada-secimin-galibi-komedyen-zelenskiy_8950313.jpg?fit=300%2C205\" data-large-file=\"https:\/\/i0.wp.com\/www.tvturk.com\/wp-content\/uploads\/2019\/04\/ukraynada-secimin-galibi-komedyen-zelenskiy_8950313.jpg?fit=1000%2C684\" src=\"https:\/\/i0.wp.com\/www.tvturk.com\/wp-content\/uploads\/2019\/04\/ukraynada-secimin-galibi-komedyen-zelenskiy_8950313.jpg?w=174&#038;h=119\" srcset=\"https:\/\/i0.wp.com\/www.tvturk.com\/wp-content\/uploads\/2019\/04\/ukraynada-secimin-galibi-komedyen-zelenskiy_8950313.jpg?w=1000 1000w, https:\/\/i0.wp.com\/www.tvturk.com\/wp-content\/uploads\/2019\/04\/ukraynada-secimin-galibi-komedyen-zelenskiy_8950313.jpg?resize=150%2C103 150w, https:\/\/i0.wp.com\/www.tvturk.com\/wp-content\/uploads\/2019\/04\/ukraynada-secimin-galibi-komedyen-zelenskiy_8950313.jpg?resize=300%2C205 300w, https:\/\/i0.wp.com\/www.tvturk.com\/wp-content\/uploads\/2019\/04\/ukraynada-secimin-galibi-komedyen-zelenskiy_8950313.jpg?resize=768%2C525 768w, https:\/\/i0.wp.com\/www.tvturk.com\/wp-content\/uploads\/2019\/04\/ukraynada-secimin-galibi-komedyen-zelenskiy_8950313.jpg?resize=80%2C55 80w\" width=\"174\" height=\"119\" loading=\"lazy\" data-original-width=\"174\" data-original-height=\"119\" itemprop=\"http:\/\/schema.org\/image\" title=\"Ukrayna\u2019da se\u00e7imin galibi komedyen Zelenskiy\" alt=\"Ukrayna\u2019da se\u00e7imin galibi komedyen Zelenskiy\" style=\"width: 174px; height: 119px;\" \/> <\/a> <\/div> <\/div> <!-- close group --> <\/div> <!-- close row --> <div class=\"gallery-row\" style=\"width: 500px; height: 203px;\" data-original-width=\"500\" data-original-height=\"203\" > <div class=\"gallery-group images-1\" style=\"width: 297px; height: 203px;\" data-original-width=\"297\" data-original-height=\"203\" > <div class=\"tiled-gallery-item tiled-gallery-item-large\" itemprop=\"associatedMedia\" itemscope itemtype=\"http:\/\/schema.org\/ImageObject\"> <a href=\"http:\/\/www.tvturk.com\/index.php\/ukraynada-secimin-galibi-komedyen-zelenskiy\/ukraynada-secimin-galibi-komedyen-zelenskiy-6\/\" border=\"0\" itemprop=\"url\"> <meta itemprop=\"width\" content=\"293\"> <meta itemprop=\"height\" content=\"199\"> <img decoding=\"async\" class=\"\" data-attachment-id=\"146189\" data-orig-file=\"http:\/\/www.tvturk.com\/wp-content\/uploads\/2019\/04\/ukraynada-secimin-galibi-komedyen-zelenskiy_b9f23fb.jpg\" data-orig-size=\"1000,680\" data-comments-opened=\"\" data-image-meta=\"{&quot;aperture&quot;:&quot;0&quot;,&quot;credit&quot;:&quot;IHA&quot;,&quot;camera&quot;:&quot;&quot;,&quot;caption&quot;:&quot;PORO\\u015eENKO: \\u201cUKRAYNA HALKI B\\u00d6YLE KARAR VERD\\u0130 VE BU KARARI KABULLEN\\u0130YORUM\\u201d (BEK\\u0130R KESK\\u0130N\\\/K\\u0130EV-\\u0130HA)&quot;,&quot;created_timestamp&quot;:&quot;0&quot;,&quot;copyright&quot;:&quot;\\u0130HLAS HABER AJANSI, www.iha.com.tr&quot;,&quot;focal_length&quot;:&quot;0&quot;,&quot;iso&quot;:&quot;0&quot;,&quot;shutter_speed&quot;:&quot;0&quot;,&quot;title&quot;:&quot;UKRAYNA\\u2019DA SE\\u00c7\\u0130M\\u0130N GAL\\u0130B\\u0130 KOMEDYEN ZELENSK\\u0130Y PORO\\u015eENKO: \\u201cUKRAYNA HALKI B\\u00d6YLE KARAR VERD\\u0130 VE BU KARARI KABULLEN\\u0130YORUM\\u201d&quot;,&quot;orientation&quot;:&quot;0&quot;}\" data-image-title=\"Ukrayna\u2019da se\u00e7imin galibi komedyen Zelenskiy\" data-image-description=\"&lt;p&gt;Ukrayna\u2019da se\u00e7imin galibi komedyen Zelenskiy&lt;\/p&gt; \" data-medium-file=\"https:\/\/i0.wp.com\/www.tvturk.com\/wp-content\/uploads\/2019\/04\/ukraynada-secimin-galibi-komedyen-zelenskiy_b9f23fb.jpg?fit=300%2C204\" data-large-file=\"https:\/\/i0.wp.com\/www.tvturk.com\/wp-content\/uploads\/2019\/04\/ukraynada-secimin-galibi-komedyen-zelenskiy_b9f23fb.jpg?fit=1000%2C680\" src=\"https:\/\/i0.wp.com\/www.tvturk.com\/wp-content\/uploads\/2019\/04\/ukraynada-secimin-galibi-komedyen-zelenskiy_b9f23fb.jpg?w=293&#038;h=199\" srcset=\"https:\/\/i0.wp.com\/www.tvturk.com\/wp-content\/uploads\/2019\/04\/ukraynada-secimin-galibi-komedyen-zelenskiy_b9f23fb.jpg?w=1000 1000w, https:\/\/i0.wp.com\/www.tvturk.com\/wp-content\/uploads\/2019\/04\/ukraynada-secimin-galibi-komedyen-zelenskiy_b9f23fb.jpg?resize=150%2C102 150w, https:\/\/i0.wp.com\/www.tvturk.com\/wp-content\/uploads\/2019\/04\/ukraynada-secimin-galibi-komedyen-zelenskiy_b9f23fb.jpg?resize=300%2C204 300w, https:\/\/i0.wp.com\/www.tvturk.com\/wp-content\/uploads\/2019\/04\/ukraynada-secimin-galibi-komedyen-zelenskiy_b9f23fb.jpg?resize=768%2C522 768w, https:\/\/i0.wp.com\/www.tvturk.com\/wp-content\/uploads\/2019\/04\/ukraynada-secimin-galibi-komedyen-zelenskiy_b9f23fb.jpg?resize=80%2C55 80w\" width=\"293\" height=\"199\" loading=\"lazy\" data-original-width=\"293\" data-original-height=\"199\" itemprop=\"http:\/\/schema.org\/image\" title=\"Ukrayna\u2019da se\u00e7imin galibi komedyen Zelenskiy\" alt=\"Ukrayna\u2019da se\u00e7imin galibi komedyen Zelenskiy\" style=\"width: 293px; height: 199px;\" \/> <\/a> <\/div> <\/div> <!-- close group --> <div class=\"gallery-group images-1\" style=\"width: 203px; height: 203px;\" data-original-width=\"203\" data-original-height=\"203\" > <div class=\"tiled-gallery-item tiled-gallery-item-small\" itemprop=\"associatedMedia\" itemscope itemtype=\"http:\/\/schema.org\/ImageObject\"> <a href=\"http:\/\/www.tvturk.com\/index.php\/ukraynada-secimin-galibi-komedyen-zelenskiy\/ukraynada-secimin-galibi-komedyen-zelenskiy-7\/\" border=\"0\" itemprop=\"url\"> <meta itemprop=\"width\" content=\"199\"> <meta itemprop=\"height\" content=\"199\"> <img decoding=\"async\" class=\"\" data-attachment-id=\"146190\" data-orig-file=\"http:\/\/www.tvturk.com\/wp-content\/uploads\/2019\/04\/ukraynada-secimin-galibi-komedyen-zelenskiy_d07da4a.jpg\" data-orig-size=\"1000,1000\" data-comments-opened=\"\" data-image-meta=\"{&quot;aperture&quot;:&quot;0&quot;,&quot;credit&quot;:&quot;IHA&quot;,&quot;camera&quot;:&quot;&quot;,&quot;caption&quot;:&quot;PETRO PORO\\u015eENKO VE E\\u015e\\u0130 MAR\\u0130NA PORO\\u015eENKO (BEK\\u0130R KESK\\u0130N\\\/K\\u0130EV-\\u0130HA)&quot;,&quot;created_timestamp&quot;:&quot;0&quot;,&quot;copyright&quot;:&quot;\\u0130HLAS HABER AJANSI, www.iha.com.tr&quot;,&quot;focal_length&quot;:&quot;0&quot;,&quot;iso&quot;:&quot;0&quot;,&quot;shutter_speed&quot;:&quot;0&quot;,&quot;title&quot;:&quot;UKRAYNA\\u2019DA SE\\u00c7\\u0130M\\u0130N GAL\\u0130B\\u0130 KOMEDYEN ZELENSK\\u0130Y PORO\\u015eENKO: \\u201cUKRAYNA HALKI B\\u00d6YLE KARAR VERD\\u0130 VE BU KARARI KABULLEN\\u0130YORUM\\u201d&quot;,&quot;orientation&quot;:&quot;0&quot;}\" data-image-title=\"Ukrayna\u2019da se\u00e7imin galibi komedyen Zelenskiy\" data-image-description=\"&lt;p&gt;Ukrayna\u2019da se\u00e7imin galibi komedyen Zelenskiy&lt;\/p&gt; \" data-medium-file=\"https:\/\/i0.wp.com\/www.tvturk.com\/wp-content\/uploads\/2019\/04\/ukraynada-secimin-galibi-komedyen-zelenskiy_d07da4a.jpg?fit=300%2C300\" data-large-file=\"https:\/\/i0.wp.com\/www.tvturk.com\/wp-content\/uploads\/2019\/04\/ukraynada-secimin-galibi-komedyen-zelenskiy_d07da4a.jpg?fit=1000%2C1000\" src=\"https:\/\/i0.wp.com\/www.tvturk.com\/wp-content\/uploads\/2019\/04\/ukraynada-secimin-galibi-komedyen-zelenskiy_d07da4a.jpg?w=199&#038;h=199&#038;crop=1\" srcset=\"https:\/\/i0.wp.com\/www.tvturk.com\/wp-content\/uploads\/2019\/04\/ukraynada-secimin-galibi-komedyen-zelenskiy_d07da4a.jpg?w=1000 1000w, https:\/\/i0.wp.com\/www.tvturk.com\/wp-content\/uploads\/2019\/04\/ukraynada-secimin-galibi-komedyen-zelenskiy_d07da4a.jpg?resize=150%2C150 150w, https:\/\/i0.wp.com\/www.tvturk.com\/wp-content\/uploads\/2019\/04\/ukraynada-secimin-galibi-komedyen-zelenskiy_d07da4a.jpg?resize=300%2C300 300w, https:\/\/i0.wp.com\/www.tvturk.com\/wp-content\/uploads\/2019\/04\/ukraynada-secimin-galibi-komedyen-zelenskiy_d07da4a.jpg?resize=768%2C768 768w\" width=\"199\" height=\"199\" loading=\"lazy\" data-original-width=\"199\" data-original-height=\"199\" itemprop=\"http:\/\/schema.org\/image\" title=\"Ukrayna\u2019da se\u00e7imin galibi komedyen Zelenskiy\" alt=\"Ukrayna\u2019da se\u00e7imin galibi komedyen Zelenskiy\" style=\"width: 199px; height: 199px;\" \/> <\/a> <\/div> <\/div> <!-- close group --> <\/div> <!-- close row --> <\/div><\/p>\n","protected":false},"excerpt":{"rendered":"<p>UKRAYNA\u2019DA SANDIK SONRASI ANKET SONU\u00c7LARINA G\u00d6RE KOMEDYEN VLAD\u0130M\u0130R ZELENSK\u0130Y OYLARIN Y\u00dcZDE 73&#8217;\u00dcN\u00dc ALARAK SE\u00c7\u0130M\u0130N GAL\u0130B\u0130 OLDU.<\/p>\n","protected":false},"author":1,"featured_media":146185,"comment_status":"closed","ping_status":"open","sticky":false,"template":"","format":"standard","meta":{"jetpack_post_was_ever_published":false,"_jetpack_newsletter_access":"","_jetpack_dont_email_post_to_subs":false,"_jetpack_newsletter_tier_id":0,"_jetpack_memberships_contains_paywalled_content":false,"_jetpack_memberships_contains_paid_content":false,"footnotes":"","jetpack_publicize_message":"","jetpack_publicize_feature_enabled":true,"jetpack_social_post_already_shared":true,"jetpack_social_options":{"image_generator_settings":{"template":"highway","default_image_id":0,"font":"","enabled":false},"version":2}},"categories":[10],"tags":[28968,14140,21663,24666,14308],"class_list":["post-146184","post","type-post","status-publish","format-standard","has-post-thumbnail","hentry","category-dunya","tag-zelenskiy","tag-galibi","tag-komedyen","tag-secimin","tag-ukraynada"],"jetpack_publicize_connections":[],"jetpack_featured_media_url":"https:\/\/i0.wp.com\/www.tvturk.com\/wp-content\/uploads\/2019\/04\/ukraynada-secimin-galibi-komedyen-zelenskiy_0e00354.jpg?fit=1000%2C762","jetpack_sharing_enabled":true,"jetpack_shortlink":"https:\/\/wp.me\/paKIfm-C1O","_links":{"self":[{"href":"http:\/\/www.tvturk.com\/index.php\/wp-json\/wp\/v2\/posts\/146184","targetHints":{"allow":["GET"]}}],"collection":[{"href":"http:\/\/www.tvturk.com\/index.php\/wp-json\/wp\/v2\/posts"}],"about":[{"href":"http:\/\/www.tvturk.com\/index.php\/wp-json\/wp\/v2\/types\/post"}],"author":[{"embeddable":true,"href":"http:\/\/www.tvturk.com\/index.php\/wp-json\/wp\/v2\/users\/1"}],"replies":[{"embeddable":true,"href":"http:\/\/www.tvturk.com\/index.php\/wp-json\/wp\/v2\/comments?post=146184"}],"version-history":[{"count":1,"href":"http:\/\/www.tvturk.com\/index.php\/wp-json\/wp\/v2\/posts\/146184\/revisions"}],"predecessor-version":[{"id":146191,"href":"http:\/\/www.tvturk.com\/index.php\/wp-json\/wp\/v2\/posts\/146184\/revisions\/146191"}],"wp:featuredmedia":[{"embeddable":true,"href":"http:\/\/www.tvturk.com\/index.php\/wp-json\/wp\/v2\/media\/146185"}],"wp:attachment":[{"href":"http:\/\/www.tvturk.com\/index.php\/wp-json\/wp\/v2\/media?parent=146184"}],"wp:term":[{"taxonomy":"category","embeddable":true,"href":"http:\/\/www.tvturk.com\/index.php\/wp-json\/wp\/v2\/categories?post=146184"},{"taxonomy":"post_tag","embeddable":true,"href":"http:\/\/www.tvturk.com\/index.php\/wp-json\/wp\/v2\/tags?post=146184"}],"curies":[{"name":"wp","href":"https:\/\/api.w.org\/{rel}","templated":true}]}}