{"id":146196,"date":"2019-04-22T00:11:19","date_gmt":"2019-04-21T21:11:19","guid":{"rendered":"http:\/\/www.tvturk.com\/index.php\/yaylada-kar-nedeniyle-mahsur-kalan-10-kisi-kurtarildi\/"},"modified":"2019-04-22T00:11:24","modified_gmt":"2019-04-21T21:11:24","slug":"yaylada-kar-nedeniyle-mahsur-kalan-10-kisi-kurtarildi","status":"publish","type":"post","link":"http:\/\/www.tvturk.com\/index.php\/yaylada-kar-nedeniyle-mahsur-kalan-10-kisi-kurtarildi\/","title":{"rendered":"Yaylada kar nedeniyle mahsur kalan 10 ki\u015fi kurtar\u0131ld\u0131"},"content":{"rendered":"<p>Sakarya\u2019n\u0131n Akyaz\u0131 il\u00e7esinde gezmek i\u00e7in gittikleri Acelle Yaylas\u0131\u2019nda kar ve tipi nedeniyle mahsur kalan 10 ki\u015fi ekiplerce kurtar\u0131ld\u0131.<\/p>\n<p>Acelle Yaylas\u0131\u2019na sabah saatlerinde ara\u00e7lar\u0131yla kamp yapmak amac\u0131 ile giden ve \u0130stanbul\u2019dan geldikleri \u00f6\u011frenilen S.A., \u00d6.P., S.\u0130., E.T., A.Y. ve A.E.K. isimli toplam 6 arkada\u015f yo\u011fun tipi ve ara\u00e7lar\u0131n\u0131n kara saplanmas\u0131 sonras\u0131nda mahsur kald\u0131. Mahsur kalan arkada\u015flar durumu yetkililere bildirdi. Konunun haber verilmesi \u00fczerine harekete ge\u00e7en Sakarya Arama Kurtarma ve Yang\u0131n Timi (SAKT\u0130M) ve Sakarya Radyo Amat\u00f6rler Derne\u011fi (SAKRAD) ekiplerince yakla\u015f\u0131k 4 saat s\u00fcren \u00e7al\u0131\u015fmalar sonucu 6 ki\u015fi ve ara\u00e7lar\u0131n\u0131 mahsur kald\u0131klar\u0131 yerden kurtar\u0131ld\u0131.<\/p>\n<p>Daha sonras\u0131nda ise Acella Yaylas\u0131\u2019nda M.\u00c7., B.\u00c7. ile \u0130.G. ve N.G. \u00e7iftlerinin kar nedeniyle yaylada mahsur kald\u0131\u011f\u0131 farkl\u0131 saatler i\u00e7erisinde ekiplere bildirildi. Konunun bildirilmesi \u00fczerine SAKT\u0130M ve Jandarma ekipleri harekete ge\u00e7ti. Ekiplerce yakla\u015f\u0131k 5 saat s\u00fcren \u00e7al\u0131\u015fmalar sonucu yaylada mahsur kalan \u00e7iftler de kurtar\u0131ld\u0131.<div class=\"tiled-gallery type-rectangular tiled-gallery-unresized\" data-original-width=\"500\" data-carousel-extra='null' itemscope itemtype=\"http:\/\/schema.org\/ImageGallery\" > <div class=\"gallery-row\" style=\"width: 500px; height: 251px;\" data-original-width=\"500\" data-original-height=\"251\" > <div class=\"gallery-group images-1\" style=\"width: 334px; height: 251px;\" data-original-width=\"334\" data-original-height=\"251\" > <div class=\"tiled-gallery-item tiled-gallery-item-large\" itemprop=\"associatedMedia\" itemscope itemtype=\"http:\/\/schema.org\/ImageObject\"> <a href=\"http:\/\/www.tvturk.com\/index.php\/yaylada-kar-nedeniyle-mahsur-kalan-10-kisi-kurtarildi\/yaylada-kar-nedeniyle-mahsur-kalan-10-kisi-kurtarildi-3\/\" border=\"0\" itemprop=\"url\"> <meta itemprop=\"width\" content=\"330\"> <meta itemprop=\"height\" content=\"247\"> <img decoding=\"async\" class=\"\" data-attachment-id=\"146198\" data-orig-file=\"http:\/\/www.tvturk.com\/wp-content\/uploads\/2019\/04\/yaylada-kar-nedeniyle-mahsur-kalan-10-kisi-kurtarildi_64d04c9.jpg\" data-orig-size=\"1000,750\" data-comments-opened=\"\" data-image-meta=\"{&quot;aperture&quot;:&quot;0&quot;,&quot;credit&quot;:&quot;IHA&quot;,&quot;camera&quot;:&quot;&quot;,&quot;caption&quot;:&quot;SAKARYA\\u2019NIN AKYAZI \\u0130L\\u00c7ES\\u0130NDE GEZMEK \\u0130\\u00c7\\u0130N G\\u0130TT\\u0130KLER\\u0130 ACELLE YAYLASINDA KAR VE T\\u0130P\\u0130 NEDEN\\u0130YLE MAHSUR KALAN TOPLAMDA 10 K\\u0130\\u015e\\u0130 EK\\u0130PLERCE KURTARILDI. (AL\\u0130 YILDIRIM\\\/SAKARYA-\\u0130HA)&quot;,&quot;created_timestamp&quot;:&quot;0&quot;,&quot;copyright&quot;:&quot;\\u0130HLAS HABER AJANSI, www.iha.com.tr&quot;,&quot;focal_length&quot;:&quot;0&quot;,&quot;iso&quot;:&quot;0&quot;,&quot;shutter_speed&quot;:&quot;0&quot;,&quot;title&quot;:&quot;YAYLADA KAR NEDEN\\u0130YLE MAHSUR KALAN 10 K\\u0130\\u015e\\u0130 KURTARILDI&quot;,&quot;orientation&quot;:&quot;0&quot;}\" data-image-title=\"Yaylada kar nedeniyle mahsur kalan 10 ki\u015fi kurtar\u0131ld\u0131\" data-image-description=\"&lt;p&gt;Yaylada kar nedeniyle mahsur kalan 10 ki\u015fi kurtar\u0131ld\u0131&lt;\/p&gt; \" data-medium-file=\"https:\/\/i0.wp.com\/www.tvturk.com\/wp-content\/uploads\/2019\/04\/yaylada-kar-nedeniyle-mahsur-kalan-10-kisi-kurtarildi_64d04c9.jpg?fit=300%2C225\" data-large-file=\"https:\/\/i0.wp.com\/www.tvturk.com\/wp-content\/uploads\/2019\/04\/yaylada-kar-nedeniyle-mahsur-kalan-10-kisi-kurtarildi_64d04c9.jpg?fit=1000%2C750\" src=\"https:\/\/i0.wp.com\/www.tvturk.com\/wp-content\/uploads\/2019\/04\/yaylada-kar-nedeniyle-mahsur-kalan-10-kisi-kurtarildi_64d04c9.jpg?w=330&#038;h=247\" srcset=\"https:\/\/i0.wp.com\/www.tvturk.com\/wp-content\/uploads\/2019\/04\/yaylada-kar-nedeniyle-mahsur-kalan-10-kisi-kurtarildi_64d04c9.jpg?w=1000 1000w, https:\/\/i0.wp.com\/www.tvturk.com\/wp-content\/uploads\/2019\/04\/yaylada-kar-nedeniyle-mahsur-kalan-10-kisi-kurtarildi_64d04c9.jpg?resize=150%2C113 150w, https:\/\/i0.wp.com\/www.tvturk.com\/wp-content\/uploads\/2019\/04\/yaylada-kar-nedeniyle-mahsur-kalan-10-kisi-kurtarildi_64d04c9.jpg?resize=300%2C225 300w, https:\/\/i0.wp.com\/www.tvturk.com\/wp-content\/uploads\/2019\/04\/yaylada-kar-nedeniyle-mahsur-kalan-10-kisi-kurtarildi_64d04c9.jpg?resize=768%2C576 768w\" width=\"330\" height=\"247\" loading=\"lazy\" data-original-width=\"330\" data-original-height=\"247\" itemprop=\"http:\/\/schema.org\/image\" title=\"Yaylada kar nedeniyle mahsur kalan 10 ki\u015fi kurtar\u0131ld\u0131\" alt=\"Yaylada kar nedeniyle mahsur kalan 10 ki\u015fi kurtar\u0131ld\u0131\" style=\"width: 330px; height: 247px;\" \/> <\/a> <\/div> <\/div> <!-- close group --> <div class=\"gallery-group images-2\" style=\"width: 166px; height: 251px;\" data-original-width=\"166\" data-original-height=\"251\" > <div class=\"tiled-gallery-item tiled-gallery-item-small\" itemprop=\"associatedMedia\" itemscope itemtype=\"http:\/\/schema.org\/ImageObject\"> <a href=\"http:\/\/www.tvturk.com\/index.php\/yaylada-kar-nedeniyle-mahsur-kalan-10-kisi-kurtarildi\/yaylada-kar-nedeniyle-mahsur-kalan-10-kisi-kurtarildi-4\/\" border=\"0\" itemprop=\"url\"> <meta itemprop=\"width\" content=\"162\"> <meta itemprop=\"height\" content=\"122\"> <img decoding=\"async\" class=\"\" data-attachment-id=\"146199\" data-orig-file=\"http:\/\/www.tvturk.com\/wp-content\/uploads\/2019\/04\/yaylada-kar-nedeniyle-mahsur-kalan-10-kisi-kurtarildi_c1b9512.jpg\" data-orig-size=\"1000,750\" data-comments-opened=\"\" data-image-meta=\"{&quot;aperture&quot;:&quot;0&quot;,&quot;credit&quot;:&quot;IHA&quot;,&quot;camera&quot;:&quot;&quot;,&quot;caption&quot;:&quot;SAKARYA\\u2019NIN AKYAZI \\u0130L\\u00c7ES\\u0130NDE GEZMEK \\u0130\\u00c7\\u0130N G\\u0130TT\\u0130KLER\\u0130 ACELLE YAYLASINDA KAR VE T\\u0130P\\u0130 NEDEN\\u0130YLE MAHSUR KALAN TOPLAMDA 10 K\\u0130\\u015e\\u0130 EK\\u0130PLERCE KURTARILDI. (AL\\u0130 YILDIRIM\\\/SAKARYA-\\u0130HA)&quot;,&quot;created_timestamp&quot;:&quot;0&quot;,&quot;copyright&quot;:&quot;\\u0130HLAS HABER AJANSI, www.iha.com.tr&quot;,&quot;focal_length&quot;:&quot;0&quot;,&quot;iso&quot;:&quot;0&quot;,&quot;shutter_speed&quot;:&quot;0&quot;,&quot;title&quot;:&quot;YAYLADA KAR NEDEN\\u0130YLE MAHSUR KALAN 10 K\\u0130\\u015e\\u0130 KURTARILDI&quot;,&quot;orientation&quot;:&quot;0&quot;}\" data-image-title=\"Yaylada kar nedeniyle mahsur kalan 10 ki\u015fi kurtar\u0131ld\u0131\" data-image-description=\"&lt;p&gt;Yaylada kar nedeniyle mahsur kalan 10 ki\u015fi kurtar\u0131ld\u0131&lt;\/p&gt; \" data-medium-file=\"https:\/\/i0.wp.com\/www.tvturk.com\/wp-content\/uploads\/2019\/04\/yaylada-kar-nedeniyle-mahsur-kalan-10-kisi-kurtarildi_c1b9512.jpg?fit=300%2C225\" data-large-file=\"https:\/\/i0.wp.com\/www.tvturk.com\/wp-content\/uploads\/2019\/04\/yaylada-kar-nedeniyle-mahsur-kalan-10-kisi-kurtarildi_c1b9512.jpg?fit=1000%2C750\" src=\"https:\/\/i0.wp.com\/www.tvturk.com\/wp-content\/uploads\/2019\/04\/yaylada-kar-nedeniyle-mahsur-kalan-10-kisi-kurtarildi_c1b9512.jpg?w=162&#038;h=122\" srcset=\"https:\/\/i0.wp.com\/www.tvturk.com\/wp-content\/uploads\/2019\/04\/yaylada-kar-nedeniyle-mahsur-kalan-10-kisi-kurtarildi_c1b9512.jpg?w=1000 1000w, https:\/\/i0.wp.com\/www.tvturk.com\/wp-content\/uploads\/2019\/04\/yaylada-kar-nedeniyle-mahsur-kalan-10-kisi-kurtarildi_c1b9512.jpg?resize=150%2C113 150w, https:\/\/i0.wp.com\/www.tvturk.com\/wp-content\/uploads\/2019\/04\/yaylada-kar-nedeniyle-mahsur-kalan-10-kisi-kurtarildi_c1b9512.jpg?resize=300%2C225 300w, https:\/\/i0.wp.com\/www.tvturk.com\/wp-content\/uploads\/2019\/04\/yaylada-kar-nedeniyle-mahsur-kalan-10-kisi-kurtarildi_c1b9512.jpg?resize=768%2C576 768w\" width=\"162\" height=\"122\" loading=\"lazy\" data-original-width=\"162\" data-original-height=\"122\" itemprop=\"http:\/\/schema.org\/image\" title=\"Yaylada kar nedeniyle mahsur kalan 10 ki\u015fi kurtar\u0131ld\u0131\" alt=\"Yaylada kar nedeniyle mahsur kalan 10 ki\u015fi kurtar\u0131ld\u0131\" style=\"width: 162px; height: 122px;\" \/> <\/a> <\/div> <div class=\"tiled-gallery-item tiled-gallery-item-small\" itemprop=\"associatedMedia\" itemscope itemtype=\"http:\/\/schema.org\/ImageObject\"> <a href=\"http:\/\/www.tvturk.com\/index.php\/yaylada-kar-nedeniyle-mahsur-kalan-10-kisi-kurtarildi\/yaylada-kar-nedeniyle-mahsur-kalan-10-kisi-kurtarildi-5\/\" border=\"0\" itemprop=\"url\"> <meta itemprop=\"width\" content=\"162\"> <meta itemprop=\"height\" content=\"121\"> <img decoding=\"async\" class=\"\" data-attachment-id=\"146200\" data-orig-file=\"http:\/\/www.tvturk.com\/wp-content\/uploads\/2019\/04\/yaylada-kar-nedeniyle-mahsur-kalan-10-kisi-kurtarildi_846348a.jpg\" data-orig-size=\"1000,750\" data-comments-opened=\"\" data-image-meta=\"{&quot;aperture&quot;:&quot;0&quot;,&quot;credit&quot;:&quot;IHA&quot;,&quot;camera&quot;:&quot;&quot;,&quot;caption&quot;:&quot;SAKARYA\\u2019NIN AKYAZI \\u0130L\\u00c7ES\\u0130NDE GEZMEK \\u0130\\u00c7\\u0130N G\\u0130TT\\u0130KLER\\u0130 ACELLE YAYLASINDA KAR VE T\\u0130P\\u0130 NEDEN\\u0130YLE MAHSUR KALAN TOPLAMDA 10 K\\u0130\\u015e\\u0130 EK\\u0130PLERCE KURTARILDI. (AL\\u0130 YILDIRIM\\\/SAKARYA-\\u0130HA)&quot;,&quot;created_timestamp&quot;:&quot;0&quot;,&quot;copyright&quot;:&quot;\\u0130HLAS HABER AJANSI, www.iha.com.tr&quot;,&quot;focal_length&quot;:&quot;0&quot;,&quot;iso&quot;:&quot;0&quot;,&quot;shutter_speed&quot;:&quot;0&quot;,&quot;title&quot;:&quot;YAYLADA KAR NEDEN\\u0130YLE MAHSUR KALAN 10 K\\u0130\\u015e\\u0130 KURTARILDI&quot;,&quot;orientation&quot;:&quot;0&quot;}\" data-image-title=\"Yaylada kar nedeniyle mahsur kalan 10 ki\u015fi kurtar\u0131ld\u0131\" data-image-description=\"&lt;p&gt;Yaylada kar nedeniyle mahsur kalan 10 ki\u015fi kurtar\u0131ld\u0131&lt;\/p&gt; \" data-medium-file=\"https:\/\/i0.wp.com\/www.tvturk.com\/wp-content\/uploads\/2019\/04\/yaylada-kar-nedeniyle-mahsur-kalan-10-kisi-kurtarildi_846348a.jpg?fit=300%2C225\" data-large-file=\"https:\/\/i0.wp.com\/www.tvturk.com\/wp-content\/uploads\/2019\/04\/yaylada-kar-nedeniyle-mahsur-kalan-10-kisi-kurtarildi_846348a.jpg?fit=1000%2C750\" src=\"https:\/\/i0.wp.com\/www.tvturk.com\/wp-content\/uploads\/2019\/04\/yaylada-kar-nedeniyle-mahsur-kalan-10-kisi-kurtarildi_846348a.jpg?w=162&#038;h=121\" srcset=\"https:\/\/i0.wp.com\/www.tvturk.com\/wp-content\/uploads\/2019\/04\/yaylada-kar-nedeniyle-mahsur-kalan-10-kisi-kurtarildi_846348a.jpg?w=1000 1000w, https:\/\/i0.wp.com\/www.tvturk.com\/wp-content\/uploads\/2019\/04\/yaylada-kar-nedeniyle-mahsur-kalan-10-kisi-kurtarildi_846348a.jpg?resize=150%2C113 150w, https:\/\/i0.wp.com\/www.tvturk.com\/wp-content\/uploads\/2019\/04\/yaylada-kar-nedeniyle-mahsur-kalan-10-kisi-kurtarildi_846348a.jpg?resize=300%2C225 300w, https:\/\/i0.wp.com\/www.tvturk.com\/wp-content\/uploads\/2019\/04\/yaylada-kar-nedeniyle-mahsur-kalan-10-kisi-kurtarildi_846348a.jpg?resize=768%2C576 768w\" width=\"162\" height=\"121\" loading=\"lazy\" data-original-width=\"162\" data-original-height=\"121\" itemprop=\"http:\/\/schema.org\/image\" title=\"Yaylada kar nedeniyle mahsur kalan 10 ki\u015fi kurtar\u0131ld\u0131\" alt=\"Yaylada kar nedeniyle mahsur kalan 10 ki\u015fi kurtar\u0131ld\u0131\" style=\"width: 162px; height: 121px;\" \/> <\/a> <\/div> <\/div> <!-- close group --> <\/div> <!-- close row --> <div class=\"gallery-row\" style=\"width: 500px; height: 189px;\" data-original-width=\"500\" data-original-height=\"189\" > <div class=\"gallery-group images-1\" style=\"width: 250px; height: 189px;\" data-original-width=\"250\" data-original-height=\"189\" > <div class=\"tiled-gallery-item tiled-gallery-item-small\" itemprop=\"associatedMedia\" itemscope itemtype=\"http:\/\/schema.org\/ImageObject\"> <a href=\"http:\/\/www.tvturk.com\/index.php\/yaylada-kar-nedeniyle-mahsur-kalan-10-kisi-kurtarildi\/yaylada-kar-nedeniyle-mahsur-kalan-10-kisi-kurtarildi-6\/\" border=\"0\" itemprop=\"url\"> <meta itemprop=\"width\" content=\"246\"> <meta itemprop=\"height\" content=\"185\"> <img decoding=\"async\" class=\"\" data-attachment-id=\"146201\" data-orig-file=\"http:\/\/www.tvturk.com\/wp-content\/uploads\/2019\/04\/yaylada-kar-nedeniyle-mahsur-kalan-10-kisi-kurtarildi_3ef6b61.jpg\" data-orig-size=\"1000,750\" data-comments-opened=\"\" data-image-meta=\"{&quot;aperture&quot;:&quot;0&quot;,&quot;credit&quot;:&quot;IHA&quot;,&quot;camera&quot;:&quot;&quot;,&quot;caption&quot;:&quot;SAKARYA\\u2019NIN AKYAZI \\u0130L\\u00c7ES\\u0130NDE GEZMEK \\u0130\\u00c7\\u0130N G\\u0130TT\\u0130KLER\\u0130 ACELLE YAYLASINDA KAR VE T\\u0130P\\u0130 NEDEN\\u0130YLE MAHSUR KALAN TOPLAMDA 10 K\\u0130\\u015e\\u0130 EK\\u0130PLERCE KURTARILDI. (AL\\u0130 YILDIRIM\\\/SAKARYA-\\u0130HA)&quot;,&quot;created_timestamp&quot;:&quot;0&quot;,&quot;copyright&quot;:&quot;\\u0130HLAS HABER AJANSI, www.iha.com.tr&quot;,&quot;focal_length&quot;:&quot;0&quot;,&quot;iso&quot;:&quot;0&quot;,&quot;shutter_speed&quot;:&quot;0&quot;,&quot;title&quot;:&quot;YAYLADA KAR NEDEN\\u0130YLE MAHSUR KALAN 10 K\\u0130\\u015e\\u0130 KURTARILDI&quot;,&quot;orientation&quot;:&quot;0&quot;}\" data-image-title=\"Yaylada kar nedeniyle mahsur kalan 10 ki\u015fi kurtar\u0131ld\u0131\" data-image-description=\"&lt;p&gt;Yaylada kar nedeniyle mahsur kalan 10 ki\u015fi kurtar\u0131ld\u0131&lt;\/p&gt; \" data-medium-file=\"https:\/\/i0.wp.com\/www.tvturk.com\/wp-content\/uploads\/2019\/04\/yaylada-kar-nedeniyle-mahsur-kalan-10-kisi-kurtarildi_3ef6b61.jpg?fit=300%2C225\" data-large-file=\"https:\/\/i0.wp.com\/www.tvturk.com\/wp-content\/uploads\/2019\/04\/yaylada-kar-nedeniyle-mahsur-kalan-10-kisi-kurtarildi_3ef6b61.jpg?fit=1000%2C750\" src=\"https:\/\/i0.wp.com\/www.tvturk.com\/wp-content\/uploads\/2019\/04\/yaylada-kar-nedeniyle-mahsur-kalan-10-kisi-kurtarildi_3ef6b61.jpg?w=246&#038;h=185\" srcset=\"https:\/\/i0.wp.com\/www.tvturk.com\/wp-content\/uploads\/2019\/04\/yaylada-kar-nedeniyle-mahsur-kalan-10-kisi-kurtarildi_3ef6b61.jpg?w=1000 1000w, https:\/\/i0.wp.com\/www.tvturk.com\/wp-content\/uploads\/2019\/04\/yaylada-kar-nedeniyle-mahsur-kalan-10-kisi-kurtarildi_3ef6b61.jpg?resize=150%2C113 150w, https:\/\/i0.wp.com\/www.tvturk.com\/wp-content\/uploads\/2019\/04\/yaylada-kar-nedeniyle-mahsur-kalan-10-kisi-kurtarildi_3ef6b61.jpg?resize=300%2C225 300w, https:\/\/i0.wp.com\/www.tvturk.com\/wp-content\/uploads\/2019\/04\/yaylada-kar-nedeniyle-mahsur-kalan-10-kisi-kurtarildi_3ef6b61.jpg?resize=768%2C576 768w\" width=\"246\" height=\"185\" loading=\"lazy\" data-original-width=\"246\" data-original-height=\"185\" itemprop=\"http:\/\/schema.org\/image\" title=\"Yaylada kar nedeniyle mahsur kalan 10 ki\u015fi kurtar\u0131ld\u0131\" alt=\"Yaylada kar nedeniyle mahsur kalan 10 ki\u015fi kurtar\u0131ld\u0131\" style=\"width: 246px; height: 185px;\" \/> <\/a> <\/div> <\/div> <!-- close group --> <div class=\"gallery-group images-1\" style=\"width: 250px; height: 189px;\" data-original-width=\"250\" data-original-height=\"189\" > <div class=\"tiled-gallery-item tiled-gallery-item-small\" itemprop=\"associatedMedia\" itemscope itemtype=\"http:\/\/schema.org\/ImageObject\"> <a href=\"http:\/\/www.tvturk.com\/index.php\/yaylada-kar-nedeniyle-mahsur-kalan-10-kisi-kurtarildi\/yaylada-kar-nedeniyle-mahsur-kalan-10-kisi-kurtarildi-7\/\" border=\"0\" itemprop=\"url\"> <meta itemprop=\"width\" content=\"246\"> <meta itemprop=\"height\" content=\"185\"> <img decoding=\"async\" class=\"\" data-attachment-id=\"146202\" data-orig-file=\"http:\/\/www.tvturk.com\/wp-content\/uploads\/2019\/04\/yaylada-kar-nedeniyle-mahsur-kalan-10-kisi-kurtarildi_75a036d.jpg\" data-orig-size=\"1000,750\" data-comments-opened=\"\" data-image-meta=\"{&quot;aperture&quot;:&quot;0&quot;,&quot;credit&quot;:&quot;IHA&quot;,&quot;camera&quot;:&quot;&quot;,&quot;caption&quot;:&quot;SAKARYA\\u2019NIN AKYAZI \\u0130L\\u00c7ES\\u0130NDE GEZMEK \\u0130\\u00c7\\u0130N G\\u0130TT\\u0130KLER\\u0130 ACELLE YAYLASINDA KAR VE T\\u0130P\\u0130 NEDEN\\u0130YLE MAHSUR KALAN TOPLAMDA 10 K\\u0130\\u015e\\u0130 EK\\u0130PLERCE KURTARILDI. (AL\\u0130 YILDIRIM\\\/SAKARYA-\\u0130HA)&quot;,&quot;created_timestamp&quot;:&quot;0&quot;,&quot;copyright&quot;:&quot;\\u0130HLAS HABER AJANSI, www.iha.com.tr&quot;,&quot;focal_length&quot;:&quot;0&quot;,&quot;iso&quot;:&quot;0&quot;,&quot;shutter_speed&quot;:&quot;0&quot;,&quot;title&quot;:&quot;YAYLADA KAR NEDEN\\u0130YLE MAHSUR KALAN 10 K\\u0130\\u015e\\u0130 KURTARILDI&quot;,&quot;orientation&quot;:&quot;0&quot;}\" data-image-title=\"Yaylada kar nedeniyle mahsur kalan 10 ki\u015fi kurtar\u0131ld\u0131\" data-image-description=\"&lt;p&gt;Yaylada kar nedeniyle mahsur kalan 10 ki\u015fi kurtar\u0131ld\u0131&lt;\/p&gt; \" data-medium-file=\"https:\/\/i0.wp.com\/www.tvturk.com\/wp-content\/uploads\/2019\/04\/yaylada-kar-nedeniyle-mahsur-kalan-10-kisi-kurtarildi_75a036d.jpg?fit=300%2C225\" data-large-file=\"https:\/\/i0.wp.com\/www.tvturk.com\/wp-content\/uploads\/2019\/04\/yaylada-kar-nedeniyle-mahsur-kalan-10-kisi-kurtarildi_75a036d.jpg?fit=1000%2C750\" src=\"https:\/\/i0.wp.com\/www.tvturk.com\/wp-content\/uploads\/2019\/04\/yaylada-kar-nedeniyle-mahsur-kalan-10-kisi-kurtarildi_75a036d.jpg?w=246&#038;h=185\" srcset=\"https:\/\/i0.wp.com\/www.tvturk.com\/wp-content\/uploads\/2019\/04\/yaylada-kar-nedeniyle-mahsur-kalan-10-kisi-kurtarildi_75a036d.jpg?w=1000 1000w, https:\/\/i0.wp.com\/www.tvturk.com\/wp-content\/uploads\/2019\/04\/yaylada-kar-nedeniyle-mahsur-kalan-10-kisi-kurtarildi_75a036d.jpg?resize=150%2C113 150w, https:\/\/i0.wp.com\/www.tvturk.com\/wp-content\/uploads\/2019\/04\/yaylada-kar-nedeniyle-mahsur-kalan-10-kisi-kurtarildi_75a036d.jpg?resize=300%2C225 300w, https:\/\/i0.wp.com\/www.tvturk.com\/wp-content\/uploads\/2019\/04\/yaylada-kar-nedeniyle-mahsur-kalan-10-kisi-kurtarildi_75a036d.jpg?resize=768%2C576 768w\" width=\"246\" height=\"185\" loading=\"lazy\" data-original-width=\"246\" data-original-height=\"185\" itemprop=\"http:\/\/schema.org\/image\" title=\"Yaylada kar nedeniyle mahsur kalan 10 ki\u015fi kurtar\u0131ld\u0131\" alt=\"Yaylada kar nedeniyle mahsur kalan 10 ki\u015fi kurtar\u0131ld\u0131\" style=\"width: 246px; height: 185px;\" \/> <\/a> <\/div> <\/div> <!-- close group --> <\/div> <!-- close row --> <\/div><\/p>\n","protected":false},"excerpt":{"rendered":"<p>SAKARYA\u2019NIN AKYAZI \u0130L\u00c7ES\u0130NDE GEZMEK \u0130\u00c7\u0130N G\u0130TT\u0130KLER\u0130 ACELLE YAYLASINDA KAR VE T\u0130P\u0130 NEDEN\u0130YLE MAHSUR KALAN TOPLAMDA 10 K\u0130\u015e\u0130 EK\u0130PLERCE KURTARILDI.<\/p>\n","protected":false},"author":1,"featured_media":146197,"comment_status":"closed","ping_status":"open","sticky":false,"template":"","format":"standard","meta":{"jetpack_post_was_ever_published":false,"_jetpack_newsletter_access":"","_jetpack_dont_email_post_to_subs":false,"_jetpack_newsletter_tier_id":0,"_jetpack_memberships_contains_paywalled_content":false,"_jetpack_memberships_contains_paid_content":false,"footnotes":"","jetpack_publicize_message":"","jetpack_publicize_feature_enabled":true,"jetpack_social_post_already_shared":true,"jetpack_social_options":{"image_generator_settings":{"template":"highway","default_image_id":0,"font":"","enabled":false},"version":2}},"categories":[1],"tags":[1274,878,1012,766,2381,413,7159],"class_list":["post-146196","post","type-post","status-publish","format-standard","has-post-thumbnail","hentry","category-genel","tag-kalan","tag-kar","tag-kisi","tag-kurtarildi","tag-mahsur","tag-nedeniyle","tag-yaylada"],"jetpack_publicize_connections":[],"jetpack_featured_media_url":"https:\/\/i0.wp.com\/www.tvturk.com\/wp-content\/uploads\/2019\/04\/yaylada-kar-nedeniyle-mahsur-kalan-10-kisi-kurtarildi_d6e63aa.jpg?fit=1000%2C750","jetpack_sharing_enabled":true,"jetpack_shortlink":"https:\/\/wp.me\/paKIfm-C20","_links":{"self":[{"href":"http:\/\/www.tvturk.com\/index.php\/wp-json\/wp\/v2\/posts\/146196","targetHints":{"allow":["GET"]}}],"collection":[{"href":"http:\/\/www.tvturk.com\/index.php\/wp-json\/wp\/v2\/posts"}],"about":[{"href":"http:\/\/www.tvturk.com\/index.php\/wp-json\/wp\/v2\/types\/post"}],"author":[{"embeddable":true,"href":"http:\/\/www.tvturk.com\/index.php\/wp-json\/wp\/v2\/users\/1"}],"replies":[{"embeddable":true,"href":"http:\/\/www.tvturk.com\/index.php\/wp-json\/wp\/v2\/comments?post=146196"}],"version-history":[{"count":1,"href":"http:\/\/www.tvturk.com\/index.php\/wp-json\/wp\/v2\/posts\/146196\/revisions"}],"predecessor-version":[{"id":146203,"href":"http:\/\/www.tvturk.com\/index.php\/wp-json\/wp\/v2\/posts\/146196\/revisions\/146203"}],"wp:featuredmedia":[{"embeddable":true,"href":"http:\/\/www.tvturk.com\/index.php\/wp-json\/wp\/v2\/media\/146197"}],"wp:attachment":[{"href":"http:\/\/www.tvturk.com\/index.php\/wp-json\/wp\/v2\/media?parent=146196"}],"wp:term":[{"taxonomy":"category","embeddable":true,"href":"http:\/\/www.tvturk.com\/index.php\/wp-json\/wp\/v2\/categories?post=146196"},{"taxonomy":"post_tag","embeddable":true,"href":"http:\/\/www.tvturk.com\/index.php\/wp-json\/wp\/v2\/tags?post=146196"}],"curies":[{"name":"wp","href":"https:\/\/api.w.org\/{rel}","templated":true}]}}