{"id":146276,"date":"2019-04-22T09:22:55","date_gmt":"2019-04-22T06:22:55","guid":{"rendered":"http:\/\/www.tvturk.com\/index.php\/canakkalede-toren-alanlari-hazirlaniyor\/"},"modified":"2019-04-22T09:23:07","modified_gmt":"2019-04-22T06:23:07","slug":"canakkalede-toren-alanlari-hazirlaniyor","status":"publish","type":"post","link":"http:\/\/www.tvturk.com\/index.php\/canakkalede-toren-alanlari-hazirlaniyor\/","title":{"rendered":"\u00c7anakkale\u2019de t\u00f6ren alanlar\u0131 haz\u0131rlan\u0131yor"},"content":{"rendered":"<p>24-25 Nisan tarihlerinde ger\u00e7ekle\u015ftirilecek olan \u00c7anakkale Kara Sava\u015flar\u0131\u2019n\u0131n 104. y\u0131l\u0131 etkinlikleri kapsam\u0131nda Gelibolu Yar\u0131madas\u0131ndaki t\u00f6ren alanlar\u0131 haz\u0131rlan\u0131yor.<\/p>\n<p>\u00c7anakkale Kara Sava\u015flar\u0131n\u0131n 104. y\u0131l anma t\u00f6renleri, 24-25 Nisan tarihlerinde yap\u0131lacak. 24 Nisan g\u00fcn\u00fc ilk t\u00f6ren \u015eehitler abidesinde d\u00fczenlenecek.  T\u00f6renlerin ger\u00e7ekle\u015ftirilece\u011fi \u015eehitler Abidesinde haz\u0131rl\u0131klar s\u00fcr\u00fcyor.<\/p>\n<p>Ayn\u0131 g\u00fcn Frans\u0131z Mezarl\u0131\u011f\u0131, \u0130ngiliz (Cape Helles) An\u0131t\u0131 ve 57. Alay Piyade \u015fehitli\u011finde de birer t\u00f6ren d\u00fczenlenecek.<\/p>\n<p>24 Nisan\u2019\u0131 25 Nisan\u2019a ba\u011flayan gece, Anzak koyunda Avustralya ve Yeni Zelandal\u0131lar\u0131n kat\u0131laca\u011f\u0131 \u015eafak Ayini d\u00fczenlenecek. Anzak birliklerinin \u00e7\u0131karma yapt\u0131\u011f\u0131 \u015fafak vaktinde ger\u00e7ekle\u015ftirilecek t\u00f6renler i\u00e7in de b\u00f6lgede haz\u0131rl\u0131klar s\u00fcr\u00fcyor.<\/p>\n<p>25 Nisan\u2019da t\u00f6renlerin yap\u0131laca\u011f\u0131 Avustralya Lone Pine (Tek \u00c7am) ve Conkbay\u0131r\u0131\u2019nda yer alan Yeni Zelanda An\u0131t\u0131\u2019nda da haz\u0131rl\u0131klar s\u00fcr\u00fcyor.<\/p>\n<p>\u00c7anakkale Sava\u015flar\u0131 Gelibolu Tarihi Alan Ba\u015fkan\u0131 \u0130smail Ka\u015fdemir, \u201cBu sene \u00c7anakkale Kara Sava\u015flar\u0131\u2019n\u0131n 104\u2019\u00fcnc\u00fc y\u0131ld\u00f6n\u00fcm\u00fcn\u00fc yine t\u00f6renlerle,  anmalarla, etkinliklerle anaca\u011f\u0131z. Ge\u00e7mi\u015f y\u0131llarda oldu\u011fu gibi yine bu y\u0131lda b\u00fcy\u00fck bir huzur i\u00e7erisinde g\u00fcvenle atalar\u0131m\u0131z\u0131, ecdad\u0131m\u0131z\u0131, rahmetle, minnetle, \u015f\u00fckranla yad etmi\u015f olaca\u011f\u0131z. \u00c7anakkale ruhunun do\u011fdu\u011fu bu topraklar, \u015fuan da burada bulundu\u011fumuz yerde 104 y\u0131l \u00f6nce  bir k\u0131yametin koptu\u011fu, bize haks\u0131zca sald\u0131ranlar\u0131 durdurdu\u011fumuz mekanlar. Mehmet\u00e7i\u011fin destan yazd\u0131\u011f\u0131 o adeta yok olacak denen  milletin nas\u0131l var oldu\u011fu, nas\u0131l o k\u00fcllerinden do\u011fdu\u011fu, nas\u0131l aya\u011fa kalkt\u0131\u011f\u0131 yerlerdeyiz \u015fuanda. O y\u00fczden biz buralar\u0131n hat\u0131ralar\u0131n\u0131 \u00e7ok iyi biliyoruz. Bizde o b\u00fcy\u00fck kahramanl\u0131\u011f\u0131 \u00e7ok sevdi\u011fimizi, unutmad\u0131\u011f\u0131m\u0131z\u0131, unutturmayaca\u011f\u0131m\u0131z\u0131 da yapm\u0131\u015f oldu\u011fumuz t\u00f6renlerle tekrar tekrar hat\u0131rl\u0131yoruz ve bu t\u00f6renleri de yapmaya devam edece\u011fiz. Bu y\u0131l 104\u2019\u00fcnc\u00fc y\u0131ld\u00f6n\u00fcm\u00fc. Yine 57. Alay y\u00fcr\u00fcy\u00fc\u015f\u00fc olacak.  57. Alay\u2019\u0131n o sefere \u00e7\u0131kt\u0131\u011f\u0131, cepheye gitmek i\u00e7in o kahramanl\u0131k destan\u0131n\u0131 yazd\u0131\u011f\u0131 s\u00fcrecin ba\u015flang\u0131c\u0131ndan hep beraber binlerce gencimizle birlikte y\u00fcr\u00fcy\u00fc\u015f yapaca\u011f\u0131z ve 57. Alay\u2019\u0131n en son geldi\u011fi nokta Conkbay\u0131r\u0131\u2019nda t\u00f6renlerimizi yapm\u0131\u015f olaca\u011f\u0131z. Yine ayn\u0131 \u015fekilde \u00c7anakkale Cephesi\u2019nin di\u011fer b\u00f6lgelerinde kahramanl\u0131k yapan, gazi olan, \u015fehit olan atalar\u0131m\u0131z\u0131 da hep beraber yad etmi\u015f olaca\u011f\u0131z. Dolay\u0131s\u0131yla bu hakl\u0131 gururu b\u00fct\u00fcn milletimizle birlikte ya\u015fayaca\u011f\u0131z. 104 y\u0131ldan beride biz bu t\u00f6renleri yap\u0131yoruz.  \u0130n\u015fallah yine yapaca\u011f\u0131z.  \u00c7anakkale Destan\u0131, \u00c7anakkale kahramanl\u0131\u011f\u0131 bizim i\u00e7in \u00e7ok k\u0131ymetli. Seyir Onba\u015f\u0131, Ezineli Yahya \u00c7avu\u015f, Esat Pa\u015fa, Cevat Pa\u015fa, Gazi Mustafa Kemal Atat\u00fcrk herkes buradayd\u0131 ve \u00e7ok b\u00fcy\u00fck i\u015fler ba\u015fard\u0131lar. Bizde onlar\u0131n torunlar\u0131 olarak da bu kahramanl\u0131\u011f\u0131 asla unutmay\u0131p gelecek ku\u015faklara aktaraca\u011f\u0131z.  Tabi biz burada ecdad\u0131m\u0131z\u0131, o  kahramanlar\u0131m\u0131z\u0131 anarken bir taraftan da yabanc\u0131larda burada olacaklar. Yine Avusturyal\u0131lar, Yeni Zelandal\u0131lar, \u0130ngilizler, Frans\u0131zlar yani o d\u00f6nemin \u0130tilaf Devletleri\u2019nin askerlerinin torunlar\u0131 da burada olacak. Onlarda T\u00fcrkiye\u2019de \u00fclkemizde huzur ve g\u00fcven i\u00e7erisinde bundan \u00f6nce oldu\u011fu gibi bu y\u0131lda anma t\u00f6renlerini ger\u00e7ekle\u015ftirecekler. Biz yine onlara daha \u00f6nceki y\u0131llarda oldu\u011fu gibi bu y\u0131lda T\u00fcrk misafirperverli\u011fini g\u00f6sterece\u011fiz.  Onlar\u0131 en iyi \u015fekilde a\u011f\u0131rlayaca\u011f\u0131z\u201d dedi.<\/p>\n<p>T\u00f6renlere ilginin ge\u00e7en y\u0131la oranla daha iyi oldu\u011funu belirten Ka\u015fdemir, \u201cBu y\u0131l ge\u00e7ti\u011fimiz y\u0131ldaki rakamlardan daha fazla kat\u0131l\u0131mc\u0131 bekliyoruz.  Yap\u0131lan rezervasyonlara bakt\u0131\u011f\u0131m\u0131z zaman ge\u00e7mi\u015f y\u0131ldan daha fazla bir yabanc\u0131 kat\u0131l\u0131mc\u0131 s\u00f6z konusu\u201d \u015feklinde konu\u015ftu.<div class=\"tiled-gallery type-rectangular tiled-gallery-unresized\" data-original-width=\"500\" data-carousel-extra='null' itemscope itemtype=\"http:\/\/schema.org\/ImageGallery\" > <div class=\"gallery-row\" style=\"width: 500px; height: 248px;\" data-original-width=\"500\" data-original-height=\"248\" > <div class=\"gallery-group images-1\" style=\"width: 329px; height: 248px;\" data-original-width=\"329\" data-original-height=\"248\" > <div class=\"tiled-gallery-item tiled-gallery-item-large\" itemprop=\"associatedMedia\" itemscope itemtype=\"http:\/\/schema.org\/ImageObject\"> <a href=\"http:\/\/www.tvturk.com\/index.php\/canakkalede-toren-alanlari-hazirlaniyor\/canakkalede-toren-alanlari-hazirlaniyor-3\/\" border=\"0\" itemprop=\"url\"> <meta itemprop=\"width\" content=\"325\"> <meta itemprop=\"height\" content=\"244\"> <img decoding=\"async\" class=\"\" data-attachment-id=\"146278\" data-orig-file=\"http:\/\/www.tvturk.com\/wp-content\/uploads\/2019\/04\/canakkalede-toren-alanlari-hazirlaniyor_2f1c460.jpg\" data-orig-size=\"1000,750\" data-comments-opened=\"\" data-image-meta=\"{&quot;aperture&quot;:&quot;0&quot;,&quot;credit&quot;:&quot;IHA&quot;,&quot;camera&quot;:&quot;&quot;,&quot;caption&quot;:&quot;24-25 N\\u0130SAN TAR\\u0130HLER\\u0130NDE GER\\u00c7EKLE\\u015eT\\u0130R\\u0130LECEK OLAN \\u00c7ANAKKALE KARA SAVA\\u015eLARI\\u0027NIN 104. YILI ETK\\u0130NL\\u0130KLER\\u0130 KAPSAMINDA GEL\\u0130BOLU YARIMADASINDAK\\u0130 T\\u00d6REN ALANLARI HAZIRLANIYOR. (MURAT Y\\u00dcKSEL - UTKU YA\\u015eAR C\\u00dcCE\\\/\\u00c7ANAKKALE-\\u0130HA)&quot;,&quot;created_timestamp&quot;:&quot;0&quot;,&quot;copyright&quot;:&quot;\\u0130HLAS HABER AJANSI, www.iha.com.tr&quot;,&quot;focal_length&quot;:&quot;0&quot;,&quot;iso&quot;:&quot;0&quot;,&quot;shutter_speed&quot;:&quot;0&quot;,&quot;title&quot;:&quot;\\u00c7ANAKKALE\\u0027DE T\\u00d6REN ALANLARI HAZIRLANIYOR&quot;,&quot;orientation&quot;:&quot;0&quot;}\" data-image-title=\"\u00c7anakkale\u2019de t\u00f6ren alanlar\u0131 haz\u0131rlan\u0131yor\" data-image-description=\"&lt;p&gt;\u00c7anakkale\u2019de t\u00f6ren alanlar\u0131 haz\u0131rlan\u0131yor&lt;\/p&gt; \" data-medium-file=\"https:\/\/i0.wp.com\/www.tvturk.com\/wp-content\/uploads\/2019\/04\/canakkalede-toren-alanlari-hazirlaniyor_2f1c460.jpg?fit=300%2C225\" data-large-file=\"https:\/\/i0.wp.com\/www.tvturk.com\/wp-content\/uploads\/2019\/04\/canakkalede-toren-alanlari-hazirlaniyor_2f1c460.jpg?fit=1000%2C750\" src=\"https:\/\/i0.wp.com\/www.tvturk.com\/wp-content\/uploads\/2019\/04\/canakkalede-toren-alanlari-hazirlaniyor_2f1c460.jpg?w=325&#038;h=244\" srcset=\"https:\/\/i0.wp.com\/www.tvturk.com\/wp-content\/uploads\/2019\/04\/canakkalede-toren-alanlari-hazirlaniyor_2f1c460.jpg?w=1000 1000w, https:\/\/i0.wp.com\/www.tvturk.com\/wp-content\/uploads\/2019\/04\/canakkalede-toren-alanlari-hazirlaniyor_2f1c460.jpg?resize=150%2C113 150w, https:\/\/i0.wp.com\/www.tvturk.com\/wp-content\/uploads\/2019\/04\/canakkalede-toren-alanlari-hazirlaniyor_2f1c460.jpg?resize=300%2C225 300w, https:\/\/i0.wp.com\/www.tvturk.com\/wp-content\/uploads\/2019\/04\/canakkalede-toren-alanlari-hazirlaniyor_2f1c460.jpg?resize=768%2C576 768w\" width=\"325\" height=\"244\" loading=\"lazy\" data-original-width=\"325\" data-original-height=\"244\" itemprop=\"http:\/\/schema.org\/image\" title=\"\u00c7anakkale\u2019de t\u00f6ren alanlar\u0131 haz\u0131rlan\u0131yor\" alt=\"\u00c7anakkale\u2019de t\u00f6ren alanlar\u0131 haz\u0131rlan\u0131yor\" style=\"width: 325px; height: 244px;\" \/> <\/a> <\/div> <\/div> <!-- close group --> <div class=\"gallery-group images-2\" style=\"width: 171px; height: 248px;\" data-original-width=\"171\" data-original-height=\"248\" > <div class=\"tiled-gallery-item tiled-gallery-item-small\" itemprop=\"associatedMedia\" itemscope itemtype=\"http:\/\/schema.org\/ImageObject\"> <a href=\"http:\/\/www.tvturk.com\/index.php\/canakkalede-toren-alanlari-hazirlaniyor\/canakkalede-toren-alanlari-hazirlaniyor-4\/\" border=\"0\" itemprop=\"url\"> <meta itemprop=\"width\" content=\"167\"> <meta itemprop=\"height\" content=\"125\"> <img decoding=\"async\" class=\"\" data-attachment-id=\"146279\" data-orig-file=\"http:\/\/www.tvturk.com\/wp-content\/uploads\/2019\/04\/canakkalede-toren-alanlari-hazirlaniyor_0c6d175.jpg\" data-orig-size=\"1000,750\" data-comments-opened=\"\" data-image-meta=\"{&quot;aperture&quot;:&quot;0&quot;,&quot;credit&quot;:&quot;IHA&quot;,&quot;camera&quot;:&quot;&quot;,&quot;caption&quot;:&quot;24-25 N\\u0130SAN TAR\\u0130HLER\\u0130NDE GER\\u00c7EKLE\\u015eT\\u0130R\\u0130LECEK OLAN \\u00c7ANAKKALE KARA SAVA\\u015eLARI\\u0027NIN 104. YILI ETK\\u0130NL\\u0130KLER\\u0130 KAPSAMINDA GEL\\u0130BOLU YARIMADASINDAK\\u0130 T\\u00d6REN ALANLARI HAZIRLANIYOR. (MURAT Y\\u00dcKSEL - UTKU YA\\u015eAR C\\u00dcCE\\\/\\u00c7ANAKKALE-\\u0130HA)&quot;,&quot;created_timestamp&quot;:&quot;0&quot;,&quot;copyright&quot;:&quot;\\u0130HLAS HABER AJANSI, www.iha.com.tr&quot;,&quot;focal_length&quot;:&quot;0&quot;,&quot;iso&quot;:&quot;0&quot;,&quot;shutter_speed&quot;:&quot;0&quot;,&quot;title&quot;:&quot;\\u00c7ANAKKALE\\u0027DE T\\u00d6REN ALANLARI HAZIRLANIYOR&quot;,&quot;orientation&quot;:&quot;0&quot;}\" data-image-title=\"\u00c7anakkale\u2019de t\u00f6ren alanlar\u0131 haz\u0131rlan\u0131yor\" data-image-description=\"&lt;p&gt;\u00c7anakkale\u2019de t\u00f6ren alanlar\u0131 haz\u0131rlan\u0131yor&lt;\/p&gt; \" data-medium-file=\"https:\/\/i0.wp.com\/www.tvturk.com\/wp-content\/uploads\/2019\/04\/canakkalede-toren-alanlari-hazirlaniyor_0c6d175.jpg?fit=300%2C225\" data-large-file=\"https:\/\/i0.wp.com\/www.tvturk.com\/wp-content\/uploads\/2019\/04\/canakkalede-toren-alanlari-hazirlaniyor_0c6d175.jpg?fit=1000%2C750\" src=\"https:\/\/i0.wp.com\/www.tvturk.com\/wp-content\/uploads\/2019\/04\/canakkalede-toren-alanlari-hazirlaniyor_0c6d175.jpg?w=167&#038;h=125\" srcset=\"https:\/\/i0.wp.com\/www.tvturk.com\/wp-content\/uploads\/2019\/04\/canakkalede-toren-alanlari-hazirlaniyor_0c6d175.jpg?w=1000 1000w, https:\/\/i0.wp.com\/www.tvturk.com\/wp-content\/uploads\/2019\/04\/canakkalede-toren-alanlari-hazirlaniyor_0c6d175.jpg?resize=150%2C113 150w, https:\/\/i0.wp.com\/www.tvturk.com\/wp-content\/uploads\/2019\/04\/canakkalede-toren-alanlari-hazirlaniyor_0c6d175.jpg?resize=300%2C225 300w, https:\/\/i0.wp.com\/www.tvturk.com\/wp-content\/uploads\/2019\/04\/canakkalede-toren-alanlari-hazirlaniyor_0c6d175.jpg?resize=768%2C576 768w\" width=\"167\" height=\"125\" loading=\"lazy\" data-original-width=\"167\" data-original-height=\"125\" itemprop=\"http:\/\/schema.org\/image\" title=\"\u00c7anakkale\u2019de t\u00f6ren alanlar\u0131 haz\u0131rlan\u0131yor\" alt=\"\u00c7anakkale\u2019de t\u00f6ren alanlar\u0131 haz\u0131rlan\u0131yor\" style=\"width: 167px; height: 125px;\" \/> <\/a> <\/div> <div class=\"tiled-gallery-item tiled-gallery-item-small\" itemprop=\"associatedMedia\" itemscope itemtype=\"http:\/\/schema.org\/ImageObject\"> <a href=\"http:\/\/www.tvturk.com\/index.php\/canakkalede-toren-alanlari-hazirlaniyor\/canakkalede-toren-alanlari-hazirlaniyor-5\/\" border=\"0\" itemprop=\"url\"> <meta itemprop=\"width\" content=\"167\"> <meta itemprop=\"height\" content=\"115\"> <img decoding=\"async\" class=\"\" data-attachment-id=\"146280\" data-orig-file=\"http:\/\/www.tvturk.com\/wp-content\/uploads\/2019\/04\/canakkalede-toren-alanlari-hazirlaniyor_cc5d906.jpg\" data-orig-size=\"1000,692\" data-comments-opened=\"\" data-image-meta=\"{&quot;aperture&quot;:&quot;0&quot;,&quot;credit&quot;:&quot;IHA&quot;,&quot;camera&quot;:&quot;&quot;,&quot;caption&quot;:&quot;24-25 N\\u0130SAN TAR\\u0130HLER\\u0130NDE GER\\u00c7EKLE\\u015eT\\u0130R\\u0130LECEK OLAN \\u00c7ANAKKALE KARA SAVA\\u015eLARI\\u0027NIN 104. YILI ETK\\u0130NL\\u0130KLER\\u0130 KAPSAMINDA GEL\\u0130BOLU YARIMADASINDAK\\u0130 T\\u00d6REN ALANLARI HAZIRLANIYOR. (MURAT Y\\u00dcKSEL - UTKU YA\\u015eAR C\\u00dcCE\\\/\\u00c7ANAKKALE-\\u0130HA)&quot;,&quot;created_timestamp&quot;:&quot;0&quot;,&quot;copyright&quot;:&quot;\\u0130HLAS HABER AJANSI, www.iha.com.tr&quot;,&quot;focal_length&quot;:&quot;0&quot;,&quot;iso&quot;:&quot;0&quot;,&quot;shutter_speed&quot;:&quot;0&quot;,&quot;title&quot;:&quot;\\u00c7ANAKKALE\\u0027DE T\\u00d6REN ALANLARI HAZIRLANIYOR&quot;,&quot;orientation&quot;:&quot;0&quot;}\" data-image-title=\"\u00c7anakkale\u2019de t\u00f6ren alanlar\u0131 haz\u0131rlan\u0131yor\" data-image-description=\"&lt;p&gt;\u00c7anakkale\u2019de t\u00f6ren alanlar\u0131 haz\u0131rlan\u0131yor&lt;\/p&gt; \" data-medium-file=\"https:\/\/i0.wp.com\/www.tvturk.com\/wp-content\/uploads\/2019\/04\/canakkalede-toren-alanlari-hazirlaniyor_cc5d906.jpg?fit=300%2C208\" data-large-file=\"https:\/\/i0.wp.com\/www.tvturk.com\/wp-content\/uploads\/2019\/04\/canakkalede-toren-alanlari-hazirlaniyor_cc5d906.jpg?fit=1000%2C692\" src=\"https:\/\/i0.wp.com\/www.tvturk.com\/wp-content\/uploads\/2019\/04\/canakkalede-toren-alanlari-hazirlaniyor_cc5d906.jpg?w=167&#038;h=115\" srcset=\"https:\/\/i0.wp.com\/www.tvturk.com\/wp-content\/uploads\/2019\/04\/canakkalede-toren-alanlari-hazirlaniyor_cc5d906.jpg?w=1000 1000w, https:\/\/i0.wp.com\/www.tvturk.com\/wp-content\/uploads\/2019\/04\/canakkalede-toren-alanlari-hazirlaniyor_cc5d906.jpg?resize=150%2C104 150w, https:\/\/i0.wp.com\/www.tvturk.com\/wp-content\/uploads\/2019\/04\/canakkalede-toren-alanlari-hazirlaniyor_cc5d906.jpg?resize=300%2C208 300w, https:\/\/i0.wp.com\/www.tvturk.com\/wp-content\/uploads\/2019\/04\/canakkalede-toren-alanlari-hazirlaniyor_cc5d906.jpg?resize=768%2C531 768w, https:\/\/i0.wp.com\/www.tvturk.com\/wp-content\/uploads\/2019\/04\/canakkalede-toren-alanlari-hazirlaniyor_cc5d906.jpg?resize=80%2C55 80w\" width=\"167\" height=\"115\" loading=\"lazy\" data-original-width=\"167\" data-original-height=\"115\" itemprop=\"http:\/\/schema.org\/image\" title=\"\u00c7anakkale\u2019de t\u00f6ren alanlar\u0131 haz\u0131rlan\u0131yor\" alt=\"\u00c7anakkale\u2019de t\u00f6ren alanlar\u0131 haz\u0131rlan\u0131yor\" style=\"width: 167px; height: 115px;\" \/> <\/a> <\/div> <\/div> <!-- close group --> <\/div> <!-- close row --> <div class=\"gallery-row\" style=\"width: 500px; height: 228px;\" data-original-width=\"500\" data-original-height=\"228\" > <div class=\"gallery-group images-2\" style=\"width: 159px; height: 228px;\" data-original-width=\"159\" data-original-height=\"228\" > <div class=\"tiled-gallery-item tiled-gallery-item-small\" itemprop=\"associatedMedia\" itemscope itemtype=\"http:\/\/schema.org\/ImageObject\"> <a href=\"http:\/\/www.tvturk.com\/index.php\/canakkalede-toren-alanlari-hazirlaniyor\/canakkalede-toren-alanlari-hazirlaniyor-6\/\" border=\"0\" itemprop=\"url\"> <meta itemprop=\"width\" content=\"155\"> <meta itemprop=\"height\" content=\"117\"> <img decoding=\"async\" class=\"\" data-attachment-id=\"146281\" data-orig-file=\"http:\/\/www.tvturk.com\/wp-content\/uploads\/2019\/04\/canakkalede-toren-alanlari-hazirlaniyor_002963a.jpg\" data-orig-size=\"1000,750\" data-comments-opened=\"\" data-image-meta=\"{&quot;aperture&quot;:&quot;0&quot;,&quot;credit&quot;:&quot;IHA&quot;,&quot;camera&quot;:&quot;&quot;,&quot;caption&quot;:&quot;24-25 N\\u0130SAN TAR\\u0130HLER\\u0130NDE GER\\u00c7EKLE\\u015eT\\u0130R\\u0130LECEK OLAN \\u00c7ANAKKALE KARA SAVA\\u015eLARI\\u0027NIN 104. YILI ETK\\u0130NL\\u0130KLER\\u0130 KAPSAMINDA GEL\\u0130BOLU YARIMADASINDAK\\u0130 T\\u00d6REN ALANLARI HAZIRLANIYOR. (MURAT Y\\u00dcKSEL - UTKU YA\\u015eAR C\\u00dcCE\\\/\\u00c7ANAKKALE-\\u0130HA)&quot;,&quot;created_timestamp&quot;:&quot;0&quot;,&quot;copyright&quot;:&quot;\\u0130HLAS HABER AJANSI, www.iha.com.tr&quot;,&quot;focal_length&quot;:&quot;0&quot;,&quot;iso&quot;:&quot;0&quot;,&quot;shutter_speed&quot;:&quot;0&quot;,&quot;title&quot;:&quot;\\u00c7ANAKKALE\\u0027DE T\\u00d6REN ALANLARI HAZIRLANIYOR&quot;,&quot;orientation&quot;:&quot;0&quot;}\" data-image-title=\"\u00c7anakkale\u2019de t\u00f6ren alanlar\u0131 haz\u0131rlan\u0131yor\" data-image-description=\"&lt;p&gt;\u00c7anakkale\u2019de t\u00f6ren alanlar\u0131 haz\u0131rlan\u0131yor&lt;\/p&gt; \" data-medium-file=\"https:\/\/i0.wp.com\/www.tvturk.com\/wp-content\/uploads\/2019\/04\/canakkalede-toren-alanlari-hazirlaniyor_002963a.jpg?fit=300%2C225\" data-large-file=\"https:\/\/i0.wp.com\/www.tvturk.com\/wp-content\/uploads\/2019\/04\/canakkalede-toren-alanlari-hazirlaniyor_002963a.jpg?fit=1000%2C750\" src=\"https:\/\/i0.wp.com\/www.tvturk.com\/wp-content\/uploads\/2019\/04\/canakkalede-toren-alanlari-hazirlaniyor_002963a.jpg?w=155&#038;h=117\" srcset=\"https:\/\/i0.wp.com\/www.tvturk.com\/wp-content\/uploads\/2019\/04\/canakkalede-toren-alanlari-hazirlaniyor_002963a.jpg?w=1000 1000w, https:\/\/i0.wp.com\/www.tvturk.com\/wp-content\/uploads\/2019\/04\/canakkalede-toren-alanlari-hazirlaniyor_002963a.jpg?resize=150%2C113 150w, https:\/\/i0.wp.com\/www.tvturk.com\/wp-content\/uploads\/2019\/04\/canakkalede-toren-alanlari-hazirlaniyor_002963a.jpg?resize=300%2C225 300w, https:\/\/i0.wp.com\/www.tvturk.com\/wp-content\/uploads\/2019\/04\/canakkalede-toren-alanlari-hazirlaniyor_002963a.jpg?resize=768%2C576 768w\" width=\"155\" height=\"117\" loading=\"lazy\" data-original-width=\"155\" data-original-height=\"117\" itemprop=\"http:\/\/schema.org\/image\" title=\"\u00c7anakkale\u2019de t\u00f6ren alanlar\u0131 haz\u0131rlan\u0131yor\" alt=\"\u00c7anakkale\u2019de t\u00f6ren alanlar\u0131 haz\u0131rlan\u0131yor\" style=\"width: 155px; height: 117px;\" \/> <\/a> <\/div> <div class=\"tiled-gallery-item tiled-gallery-item-small\" itemprop=\"associatedMedia\" itemscope itemtype=\"http:\/\/schema.org\/ImageObject\"> <a href=\"http:\/\/www.tvturk.com\/index.php\/canakkalede-toren-alanlari-hazirlaniyor\/canakkalede-toren-alanlari-hazirlaniyor-7\/\" border=\"0\" itemprop=\"url\"> <meta itemprop=\"width\" content=\"155\"> <meta itemprop=\"height\" content=\"103\"> <img decoding=\"async\" class=\"\" data-attachment-id=\"146282\" data-orig-file=\"http:\/\/www.tvturk.com\/wp-content\/uploads\/2019\/04\/canakkalede-toren-alanlari-hazirlaniyor_e33d3f5.jpg\" data-orig-size=\"1000,666\" data-comments-opened=\"\" data-image-meta=\"{&quot;aperture&quot;:&quot;0&quot;,&quot;credit&quot;:&quot;IHA&quot;,&quot;camera&quot;:&quot;&quot;,&quot;caption&quot;:&quot;24-25 N\\u0130SAN TAR\\u0130HLER\\u0130NDE GER\\u00c7EKLE\\u015eT\\u0130R\\u0130LECEK OLAN \\u00c7ANAKKALE KARA SAVA\\u015eLARI\\u0027NIN 104. YILI ETK\\u0130NL\\u0130KLER\\u0130 KAPSAMINDA GEL\\u0130BOLU YARIMADASINDAK\\u0130 T\\u00d6REN ALANLARI HAZIRLANIYOR. (MURAT Y\\u00dcKSEL - UTKU YA\\u015eAR C\\u00dcCE\\\/\\u00c7ANAKKALE-\\u0130HA)&quot;,&quot;created_timestamp&quot;:&quot;0&quot;,&quot;copyright&quot;:&quot;\\u0130HLAS HABER AJANSI, www.iha.com.tr&quot;,&quot;focal_length&quot;:&quot;0&quot;,&quot;iso&quot;:&quot;0&quot;,&quot;shutter_speed&quot;:&quot;0&quot;,&quot;title&quot;:&quot;\\u00c7ANAKKALE\\u0027DE T\\u00d6REN ALANLARI HAZIRLANIYOR&quot;,&quot;orientation&quot;:&quot;0&quot;}\" data-image-title=\"\u00c7anakkale\u2019de t\u00f6ren alanlar\u0131 haz\u0131rlan\u0131yor\" data-image-description=\"&lt;p&gt;\u00c7anakkale\u2019de t\u00f6ren alanlar\u0131 haz\u0131rlan\u0131yor&lt;\/p&gt; \" data-medium-file=\"https:\/\/i0.wp.com\/www.tvturk.com\/wp-content\/uploads\/2019\/04\/canakkalede-toren-alanlari-hazirlaniyor_e33d3f5.jpg?fit=300%2C200\" data-large-file=\"https:\/\/i0.wp.com\/www.tvturk.com\/wp-content\/uploads\/2019\/04\/canakkalede-toren-alanlari-hazirlaniyor_e33d3f5.jpg?fit=1000%2C666\" src=\"https:\/\/i0.wp.com\/www.tvturk.com\/wp-content\/uploads\/2019\/04\/canakkalede-toren-alanlari-hazirlaniyor_e33d3f5.jpg?w=155&#038;h=103\" srcset=\"https:\/\/i0.wp.com\/www.tvturk.com\/wp-content\/uploads\/2019\/04\/canakkalede-toren-alanlari-hazirlaniyor_e33d3f5.jpg?w=1000 1000w, https:\/\/i0.wp.com\/www.tvturk.com\/wp-content\/uploads\/2019\/04\/canakkalede-toren-alanlari-hazirlaniyor_e33d3f5.jpg?resize=150%2C100 150w, https:\/\/i0.wp.com\/www.tvturk.com\/wp-content\/uploads\/2019\/04\/canakkalede-toren-alanlari-hazirlaniyor_e33d3f5.jpg?resize=300%2C200 300w, https:\/\/i0.wp.com\/www.tvturk.com\/wp-content\/uploads\/2019\/04\/canakkalede-toren-alanlari-hazirlaniyor_e33d3f5.jpg?resize=768%2C511 768w, https:\/\/i0.wp.com\/www.tvturk.com\/wp-content\/uploads\/2019\/04\/canakkalede-toren-alanlari-hazirlaniyor_e33d3f5.jpg?resize=170%2C113 170w, https:\/\/i0.wp.com\/www.tvturk.com\/wp-content\/uploads\/2019\/04\/canakkalede-toren-alanlari-hazirlaniyor_e33d3f5.jpg?resize=120%2C80 120w\" width=\"155\" height=\"103\" loading=\"lazy\" data-original-width=\"155\" data-original-height=\"103\" itemprop=\"http:\/\/schema.org\/image\" title=\"\u00c7anakkale\u2019de t\u00f6ren alanlar\u0131 haz\u0131rlan\u0131yor\" alt=\"\u00c7anakkale\u2019de t\u00f6ren alanlar\u0131 haz\u0131rlan\u0131yor\" style=\"width: 155px; height: 103px;\" \/> <\/a> <\/div> <\/div> <!-- close group --> <div class=\"gallery-group images-1\" style=\"width: 341px; height: 228px;\" data-original-width=\"341\" data-original-height=\"228\" > <div class=\"tiled-gallery-item tiled-gallery-item-large\" itemprop=\"associatedMedia\" itemscope itemtype=\"http:\/\/schema.org\/ImageObject\"> <a href=\"http:\/\/www.tvturk.com\/index.php\/canakkalede-toren-alanlari-hazirlaniyor\/canakkalede-toren-alanlari-hazirlaniyor-8\/\" border=\"0\" itemprop=\"url\"> <meta itemprop=\"width\" content=\"337\"> <meta itemprop=\"height\" content=\"224\"> <img decoding=\"async\" class=\"\" data-attachment-id=\"146283\" data-orig-file=\"http:\/\/www.tvturk.com\/wp-content\/uploads\/2019\/04\/canakkalede-toren-alanlari-hazirlaniyor_9d84310.jpg\" data-orig-size=\"1000,666\" data-comments-opened=\"\" data-image-meta=\"{&quot;aperture&quot;:&quot;0&quot;,&quot;credit&quot;:&quot;IHA&quot;,&quot;camera&quot;:&quot;&quot;,&quot;caption&quot;:&quot;24-25 N\\u0130SAN TAR\\u0130HLER\\u0130NDE GER\\u00c7EKLE\\u015eT\\u0130R\\u0130LECEK OLAN \\u00c7ANAKKALE KARA SAVA\\u015eLARI\\u0027NIN 104. YILI ETK\\u0130NL\\u0130KLER\\u0130 KAPSAMINDA GEL\\u0130BOLU YARIMADASINDAK\\u0130 T\\u00d6REN ALANLARI HAZIRLANIYOR. (MURAT Y\\u00dcKSEL - UTKU YA\\u015eAR C\\u00dcCE\\\/\\u00c7ANAKKALE-\\u0130HA)&quot;,&quot;created_timestamp&quot;:&quot;0&quot;,&quot;copyright&quot;:&quot;\\u0130HLAS HABER AJANSI, www.iha.com.tr&quot;,&quot;focal_length&quot;:&quot;0&quot;,&quot;iso&quot;:&quot;0&quot;,&quot;shutter_speed&quot;:&quot;0&quot;,&quot;title&quot;:&quot;\\u00c7ANAKKALE\\u0027DE T\\u00d6REN ALANLARI HAZIRLANIYOR&quot;,&quot;orientation&quot;:&quot;0&quot;}\" data-image-title=\"\u00c7anakkale\u2019de t\u00f6ren alanlar\u0131 haz\u0131rlan\u0131yor\" data-image-description=\"&lt;p&gt;\u00c7anakkale\u2019de t\u00f6ren alanlar\u0131 haz\u0131rlan\u0131yor&lt;\/p&gt; \" data-medium-file=\"https:\/\/i0.wp.com\/www.tvturk.com\/wp-content\/uploads\/2019\/04\/canakkalede-toren-alanlari-hazirlaniyor_9d84310.jpg?fit=300%2C200\" data-large-file=\"https:\/\/i0.wp.com\/www.tvturk.com\/wp-content\/uploads\/2019\/04\/canakkalede-toren-alanlari-hazirlaniyor_9d84310.jpg?fit=1000%2C666\" src=\"https:\/\/i0.wp.com\/www.tvturk.com\/wp-content\/uploads\/2019\/04\/canakkalede-toren-alanlari-hazirlaniyor_9d84310.jpg?w=337&#038;h=224\" srcset=\"https:\/\/i0.wp.com\/www.tvturk.com\/wp-content\/uploads\/2019\/04\/canakkalede-toren-alanlari-hazirlaniyor_9d84310.jpg?w=1000 1000w, https:\/\/i0.wp.com\/www.tvturk.com\/wp-content\/uploads\/2019\/04\/canakkalede-toren-alanlari-hazirlaniyor_9d84310.jpg?resize=150%2C100 150w, https:\/\/i0.wp.com\/www.tvturk.com\/wp-content\/uploads\/2019\/04\/canakkalede-toren-alanlari-hazirlaniyor_9d84310.jpg?resize=300%2C200 300w, https:\/\/i0.wp.com\/www.tvturk.com\/wp-content\/uploads\/2019\/04\/canakkalede-toren-alanlari-hazirlaniyor_9d84310.jpg?resize=768%2C511 768w, https:\/\/i0.wp.com\/www.tvturk.com\/wp-content\/uploads\/2019\/04\/canakkalede-toren-alanlari-hazirlaniyor_9d84310.jpg?resize=170%2C113 170w, https:\/\/i0.wp.com\/www.tvturk.com\/wp-content\/uploads\/2019\/04\/canakkalede-toren-alanlari-hazirlaniyor_9d84310.jpg?resize=120%2C80 120w\" width=\"337\" height=\"224\" loading=\"lazy\" data-original-width=\"337\" data-original-height=\"224\" itemprop=\"http:\/\/schema.org\/image\" title=\"\u00c7anakkale\u2019de t\u00f6ren alanlar\u0131 haz\u0131rlan\u0131yor\" alt=\"\u00c7anakkale\u2019de t\u00f6ren alanlar\u0131 haz\u0131rlan\u0131yor\" style=\"width: 337px; height: 224px;\" \/> <\/a> <\/div> <\/div> <!-- close group --> <\/div> <!-- close row --> <div class=\"gallery-row\" style=\"width: 500px; height: 112px;\" data-original-width=\"500\" data-original-height=\"112\" > <div class=\"gallery-group images-1\" style=\"width: 167px; height: 112px;\" data-original-width=\"167\" data-original-height=\"112\" > <div class=\"tiled-gallery-item tiled-gallery-item-small\" itemprop=\"associatedMedia\" itemscope itemtype=\"http:\/\/schema.org\/ImageObject\"> <a href=\"http:\/\/www.tvturk.com\/index.php\/canakkalede-toren-alanlari-hazirlaniyor\/canakkalede-toren-alanlari-hazirlaniyor-9\/\" border=\"0\" itemprop=\"url\"> <meta itemprop=\"width\" content=\"163\"> <meta itemprop=\"height\" content=\"108\"> <img decoding=\"async\" class=\"\" data-attachment-id=\"146284\" data-orig-file=\"http:\/\/www.tvturk.com\/wp-content\/uploads\/2019\/04\/canakkalede-toren-alanlari-hazirlaniyor_1aaaba5.jpg\" data-orig-size=\"1000,666\" data-comments-opened=\"\" data-image-meta=\"{&quot;aperture&quot;:&quot;0&quot;,&quot;credit&quot;:&quot;IHA&quot;,&quot;camera&quot;:&quot;&quot;,&quot;caption&quot;:&quot;24-25 N\\u0130SAN TAR\\u0130HLER\\u0130NDE GER\\u00c7EKLE\\u015eT\\u0130R\\u0130LECEK OLAN \\u00c7ANAKKALE KARA SAVA\\u015eLARI\\u0027NIN 104. YILI ETK\\u0130NL\\u0130KLER\\u0130 KAPSAMINDA GEL\\u0130BOLU YARIMADASINDAK\\u0130 T\\u00d6REN ALANLARI HAZIRLANIYOR. (MURAT Y\\u00dcKSEL - UTKU YA\\u015eAR C\\u00dcCE\\\/\\u00c7ANAKKALE-\\u0130HA)&quot;,&quot;created_timestamp&quot;:&quot;0&quot;,&quot;copyright&quot;:&quot;\\u0130HLAS HABER AJANSI, www.iha.com.tr&quot;,&quot;focal_length&quot;:&quot;0&quot;,&quot;iso&quot;:&quot;0&quot;,&quot;shutter_speed&quot;:&quot;0&quot;,&quot;title&quot;:&quot;\\u00c7ANAKKALE\\u0027DE T\\u00d6REN ALANLARI HAZIRLANIYOR&quot;,&quot;orientation&quot;:&quot;0&quot;}\" data-image-title=\"\u00c7anakkale\u2019de t\u00f6ren alanlar\u0131 haz\u0131rlan\u0131yor\" data-image-description=\"&lt;p&gt;\u00c7anakkale\u2019de t\u00f6ren alanlar\u0131 haz\u0131rlan\u0131yor&lt;\/p&gt; \" data-medium-file=\"https:\/\/i0.wp.com\/www.tvturk.com\/wp-content\/uploads\/2019\/04\/canakkalede-toren-alanlari-hazirlaniyor_1aaaba5.jpg?fit=300%2C200\" data-large-file=\"https:\/\/i0.wp.com\/www.tvturk.com\/wp-content\/uploads\/2019\/04\/canakkalede-toren-alanlari-hazirlaniyor_1aaaba5.jpg?fit=1000%2C666\" src=\"https:\/\/i0.wp.com\/www.tvturk.com\/wp-content\/uploads\/2019\/04\/canakkalede-toren-alanlari-hazirlaniyor_1aaaba5.jpg?w=163&#038;h=108\" srcset=\"https:\/\/i0.wp.com\/www.tvturk.com\/wp-content\/uploads\/2019\/04\/canakkalede-toren-alanlari-hazirlaniyor_1aaaba5.jpg?w=1000 1000w, https:\/\/i0.wp.com\/www.tvturk.com\/wp-content\/uploads\/2019\/04\/canakkalede-toren-alanlari-hazirlaniyor_1aaaba5.jpg?resize=150%2C100 150w, https:\/\/i0.wp.com\/www.tvturk.com\/wp-content\/uploads\/2019\/04\/canakkalede-toren-alanlari-hazirlaniyor_1aaaba5.jpg?resize=300%2C200 300w, https:\/\/i0.wp.com\/www.tvturk.com\/wp-content\/uploads\/2019\/04\/canakkalede-toren-alanlari-hazirlaniyor_1aaaba5.jpg?resize=768%2C511 768w, https:\/\/i0.wp.com\/www.tvturk.com\/wp-content\/uploads\/2019\/04\/canakkalede-toren-alanlari-hazirlaniyor_1aaaba5.jpg?resize=170%2C113 170w, https:\/\/i0.wp.com\/www.tvturk.com\/wp-content\/uploads\/2019\/04\/canakkalede-toren-alanlari-hazirlaniyor_1aaaba5.jpg?resize=120%2C80 120w\" width=\"163\" height=\"108\" loading=\"lazy\" data-original-width=\"163\" data-original-height=\"108\" itemprop=\"http:\/\/schema.org\/image\" title=\"\u00c7anakkale\u2019de t\u00f6ren alanlar\u0131 haz\u0131rlan\u0131yor\" alt=\"\u00c7anakkale\u2019de t\u00f6ren alanlar\u0131 haz\u0131rlan\u0131yor\" style=\"width: 163px; height: 108px;\" \/> <\/a> <\/div> <\/div> <!-- close group --> <div class=\"gallery-group images-1\" style=\"width: 167px; height: 112px;\" data-original-width=\"167\" data-original-height=\"112\" > <div class=\"tiled-gallery-item tiled-gallery-item-small\" itemprop=\"associatedMedia\" itemscope itemtype=\"http:\/\/schema.org\/ImageObject\"> <a href=\"http:\/\/www.tvturk.com\/index.php\/canakkalede-toren-alanlari-hazirlaniyor\/canakkalede-toren-alanlari-hazirlaniyor-10\/\" border=\"0\" itemprop=\"url\"> <meta itemprop=\"width\" content=\"163\"> <meta itemprop=\"height\" content=\"108\"> <img decoding=\"async\" class=\"\" data-attachment-id=\"146285\" data-orig-file=\"http:\/\/www.tvturk.com\/wp-content\/uploads\/2019\/04\/canakkalede-toren-alanlari-hazirlaniyor_5925884.jpg\" data-orig-size=\"1000,666\" data-comments-opened=\"\" data-image-meta=\"{&quot;aperture&quot;:&quot;0&quot;,&quot;credit&quot;:&quot;IHA&quot;,&quot;camera&quot;:&quot;&quot;,&quot;caption&quot;:&quot;24-25 N\\u0130SAN TAR\\u0130HLER\\u0130NDE GER\\u00c7EKLE\\u015eT\\u0130R\\u0130LECEK OLAN \\u00c7ANAKKALE KARA SAVA\\u015eLARI\\u0027NIN 104. YILI ETK\\u0130NL\\u0130KLER\\u0130 KAPSAMINDA GEL\\u0130BOLU YARIMADASINDAK\\u0130 T\\u00d6REN ALANLARI HAZIRLANIYOR. (MURAT Y\\u00dcKSEL - UTKU YA\\u015eAR C\\u00dcCE\\\/\\u00c7ANAKKALE-\\u0130HA)&quot;,&quot;created_timestamp&quot;:&quot;0&quot;,&quot;copyright&quot;:&quot;\\u0130HLAS HABER AJANSI, www.iha.com.tr&quot;,&quot;focal_length&quot;:&quot;0&quot;,&quot;iso&quot;:&quot;0&quot;,&quot;shutter_speed&quot;:&quot;0&quot;,&quot;title&quot;:&quot;\\u00c7ANAKKALE\\u0027DE T\\u00d6REN ALANLARI HAZIRLANIYOR&quot;,&quot;orientation&quot;:&quot;0&quot;}\" data-image-title=\"\u00c7anakkale\u2019de t\u00f6ren alanlar\u0131 haz\u0131rlan\u0131yor\" data-image-description=\"&lt;p&gt;\u00c7anakkale\u2019de t\u00f6ren alanlar\u0131 haz\u0131rlan\u0131yor&lt;\/p&gt; \" data-medium-file=\"https:\/\/i0.wp.com\/www.tvturk.com\/wp-content\/uploads\/2019\/04\/canakkalede-toren-alanlari-hazirlaniyor_5925884.jpg?fit=300%2C200\" data-large-file=\"https:\/\/i0.wp.com\/www.tvturk.com\/wp-content\/uploads\/2019\/04\/canakkalede-toren-alanlari-hazirlaniyor_5925884.jpg?fit=1000%2C666\" src=\"https:\/\/i0.wp.com\/www.tvturk.com\/wp-content\/uploads\/2019\/04\/canakkalede-toren-alanlari-hazirlaniyor_5925884.jpg?w=163&#038;h=108\" srcset=\"https:\/\/i0.wp.com\/www.tvturk.com\/wp-content\/uploads\/2019\/04\/canakkalede-toren-alanlari-hazirlaniyor_5925884.jpg?w=1000 1000w, https:\/\/i0.wp.com\/www.tvturk.com\/wp-content\/uploads\/2019\/04\/canakkalede-toren-alanlari-hazirlaniyor_5925884.jpg?resize=150%2C100 150w, https:\/\/i0.wp.com\/www.tvturk.com\/wp-content\/uploads\/2019\/04\/canakkalede-toren-alanlari-hazirlaniyor_5925884.jpg?resize=300%2C200 300w, https:\/\/i0.wp.com\/www.tvturk.com\/wp-content\/uploads\/2019\/04\/canakkalede-toren-alanlari-hazirlaniyor_5925884.jpg?resize=768%2C511 768w, https:\/\/i0.wp.com\/www.tvturk.com\/wp-content\/uploads\/2019\/04\/canakkalede-toren-alanlari-hazirlaniyor_5925884.jpg?resize=170%2C113 170w, https:\/\/i0.wp.com\/www.tvturk.com\/wp-content\/uploads\/2019\/04\/canakkalede-toren-alanlari-hazirlaniyor_5925884.jpg?resize=120%2C80 120w\" width=\"163\" height=\"108\" loading=\"lazy\" data-original-width=\"163\" data-original-height=\"108\" itemprop=\"http:\/\/schema.org\/image\" title=\"\u00c7anakkale\u2019de t\u00f6ren alanlar\u0131 haz\u0131rlan\u0131yor\" alt=\"\u00c7anakkale\u2019de t\u00f6ren alanlar\u0131 haz\u0131rlan\u0131yor\" style=\"width: 163px; height: 108px;\" \/> <\/a> <\/div> <\/div> <!-- close group --> <div class=\"gallery-group images-1\" style=\"width: 166px; height: 112px;\" data-original-width=\"166\" data-original-height=\"112\" > <div class=\"tiled-gallery-item tiled-gallery-item-small\" itemprop=\"associatedMedia\" itemscope itemtype=\"http:\/\/schema.org\/ImageObject\"> <a href=\"http:\/\/www.tvturk.com\/index.php\/canakkalede-toren-alanlari-hazirlaniyor\/canakkalede-toren-alanlari-hazirlaniyor-11\/\" border=\"0\" itemprop=\"url\"> <meta itemprop=\"width\" content=\"162\"> <meta itemprop=\"height\" content=\"108\"> <img decoding=\"async\" class=\"\" data-attachment-id=\"146286\" data-orig-file=\"http:\/\/www.tvturk.com\/wp-content\/uploads\/2019\/04\/canakkalede-toren-alanlari-hazirlaniyor_4a00231.jpg\" data-orig-size=\"1000,666\" data-comments-opened=\"\" data-image-meta=\"{&quot;aperture&quot;:&quot;0&quot;,&quot;credit&quot;:&quot;IHA&quot;,&quot;camera&quot;:&quot;&quot;,&quot;caption&quot;:&quot;24-25 N\\u0130SAN TAR\\u0130HLER\\u0130NDE GER\\u00c7EKLE\\u015eT\\u0130R\\u0130LECEK OLAN \\u00c7ANAKKALE KARA SAVA\\u015eLARI\\u0027NIN 104. YILI ETK\\u0130NL\\u0130KLER\\u0130 KAPSAMINDA GEL\\u0130BOLU YARIMADASINDAK\\u0130 T\\u00d6REN ALANLARI HAZIRLANIYOR. (MURAT Y\\u00dcKSEL - UTKU YA\\u015eAR C\\u00dcCE\\\/\\u00c7ANAKKALE-\\u0130HA)&quot;,&quot;created_timestamp&quot;:&quot;0&quot;,&quot;copyright&quot;:&quot;\\u0130HLAS HABER AJANSI, www.iha.com.tr&quot;,&quot;focal_length&quot;:&quot;0&quot;,&quot;iso&quot;:&quot;0&quot;,&quot;shutter_speed&quot;:&quot;0&quot;,&quot;title&quot;:&quot;\\u00c7ANAKKALE\\u0027DE T\\u00d6REN ALANLARI HAZIRLANIYOR&quot;,&quot;orientation&quot;:&quot;0&quot;}\" data-image-title=\"\u00c7anakkale\u2019de t\u00f6ren alanlar\u0131 haz\u0131rlan\u0131yor\" data-image-description=\"&lt;p&gt;\u00c7anakkale\u2019de t\u00f6ren alanlar\u0131 haz\u0131rlan\u0131yor&lt;\/p&gt; \" data-medium-file=\"https:\/\/i0.wp.com\/www.tvturk.com\/wp-content\/uploads\/2019\/04\/canakkalede-toren-alanlari-hazirlaniyor_4a00231.jpg?fit=300%2C200\" data-large-file=\"https:\/\/i0.wp.com\/www.tvturk.com\/wp-content\/uploads\/2019\/04\/canakkalede-toren-alanlari-hazirlaniyor_4a00231.jpg?fit=1000%2C666\" src=\"https:\/\/i0.wp.com\/www.tvturk.com\/wp-content\/uploads\/2019\/04\/canakkalede-toren-alanlari-hazirlaniyor_4a00231.jpg?w=162&#038;h=108\" srcset=\"https:\/\/i0.wp.com\/www.tvturk.com\/wp-content\/uploads\/2019\/04\/canakkalede-toren-alanlari-hazirlaniyor_4a00231.jpg?w=1000 1000w, https:\/\/i0.wp.com\/www.tvturk.com\/wp-content\/uploads\/2019\/04\/canakkalede-toren-alanlari-hazirlaniyor_4a00231.jpg?resize=150%2C100 150w, https:\/\/i0.wp.com\/www.tvturk.com\/wp-content\/uploads\/2019\/04\/canakkalede-toren-alanlari-hazirlaniyor_4a00231.jpg?resize=300%2C200 300w, https:\/\/i0.wp.com\/www.tvturk.com\/wp-content\/uploads\/2019\/04\/canakkalede-toren-alanlari-hazirlaniyor_4a00231.jpg?resize=768%2C511 768w, https:\/\/i0.wp.com\/www.tvturk.com\/wp-content\/uploads\/2019\/04\/canakkalede-toren-alanlari-hazirlaniyor_4a00231.jpg?resize=170%2C113 170w, https:\/\/i0.wp.com\/www.tvturk.com\/wp-content\/uploads\/2019\/04\/canakkalede-toren-alanlari-hazirlaniyor_4a00231.jpg?resize=120%2C80 120w\" width=\"162\" height=\"108\" loading=\"lazy\" data-original-width=\"162\" data-original-height=\"108\" itemprop=\"http:\/\/schema.org\/image\" title=\"\u00c7anakkale\u2019de t\u00f6ren alanlar\u0131 haz\u0131rlan\u0131yor\" alt=\"\u00c7anakkale\u2019de t\u00f6ren alanlar\u0131 haz\u0131rlan\u0131yor\" style=\"width: 162px; height: 108px;\" \/> <\/a> <\/div> <\/div> <!-- close group --> <\/div> <!-- close row --> <div class=\"gallery-row\" style=\"width: 500px; height: 168px;\" data-original-width=\"500\" data-original-height=\"168\" > <div class=\"gallery-group images-1\" style=\"width: 250px; height: 168px;\" data-original-width=\"250\" data-original-height=\"168\" > <div class=\"tiled-gallery-item tiled-gallery-item-small\" itemprop=\"associatedMedia\" itemscope itemtype=\"http:\/\/schema.org\/ImageObject\"> <a href=\"http:\/\/www.tvturk.com\/index.php\/canakkalede-toren-alanlari-hazirlaniyor\/canakkalede-toren-alanlari-hazirlaniyor-12\/\" border=\"0\" itemprop=\"url\"> <meta itemprop=\"width\" content=\"246\"> <meta itemprop=\"height\" content=\"164\"> <img decoding=\"async\" class=\"\" data-attachment-id=\"146287\" data-orig-file=\"http:\/\/www.tvturk.com\/wp-content\/uploads\/2019\/04\/canakkalede-toren-alanlari-hazirlaniyor_e3a5f46.jpg\" data-orig-size=\"1000,666\" data-comments-opened=\"\" data-image-meta=\"{&quot;aperture&quot;:&quot;0&quot;,&quot;credit&quot;:&quot;IHA&quot;,&quot;camera&quot;:&quot;&quot;,&quot;caption&quot;:&quot;24-25 N\\u0130SAN TAR\\u0130HLER\\u0130NDE GER\\u00c7EKLE\\u015eT\\u0130R\\u0130LECEK OLAN \\u00c7ANAKKALE KARA SAVA\\u015eLARI\\u0027NIN 104. YILI ETK\\u0130NL\\u0130KLER\\u0130 KAPSAMINDA GEL\\u0130BOLU YARIMADASINDAK\\u0130 T\\u00d6REN ALANLARI HAZIRLANIYOR. (MURAT Y\\u00dcKSEL - UTKU YA\\u015eAR C\\u00dcCE\\\/\\u00c7ANAKKALE-\\u0130HA)&quot;,&quot;created_timestamp&quot;:&quot;0&quot;,&quot;copyright&quot;:&quot;\\u0130HLAS HABER AJANSI, www.iha.com.tr&quot;,&quot;focal_length&quot;:&quot;0&quot;,&quot;iso&quot;:&quot;0&quot;,&quot;shutter_speed&quot;:&quot;0&quot;,&quot;title&quot;:&quot;\\u00c7ANAKKALE\\u0027DE T\\u00d6REN ALANLARI HAZIRLANIYOR&quot;,&quot;orientation&quot;:&quot;0&quot;}\" data-image-title=\"\u00c7anakkale\u2019de t\u00f6ren alanlar\u0131 haz\u0131rlan\u0131yor\" data-image-description=\"&lt;p&gt;\u00c7anakkale\u2019de t\u00f6ren alanlar\u0131 haz\u0131rlan\u0131yor&lt;\/p&gt; \" data-medium-file=\"https:\/\/i0.wp.com\/www.tvturk.com\/wp-content\/uploads\/2019\/04\/canakkalede-toren-alanlari-hazirlaniyor_e3a5f46.jpg?fit=300%2C200\" data-large-file=\"https:\/\/i0.wp.com\/www.tvturk.com\/wp-content\/uploads\/2019\/04\/canakkalede-toren-alanlari-hazirlaniyor_e3a5f46.jpg?fit=1000%2C666\" src=\"https:\/\/i0.wp.com\/www.tvturk.com\/wp-content\/uploads\/2019\/04\/canakkalede-toren-alanlari-hazirlaniyor_e3a5f46.jpg?w=246&#038;h=164\" srcset=\"https:\/\/i0.wp.com\/www.tvturk.com\/wp-content\/uploads\/2019\/04\/canakkalede-toren-alanlari-hazirlaniyor_e3a5f46.jpg?w=1000 1000w, https:\/\/i0.wp.com\/www.tvturk.com\/wp-content\/uploads\/2019\/04\/canakkalede-toren-alanlari-hazirlaniyor_e3a5f46.jpg?resize=150%2C100 150w, https:\/\/i0.wp.com\/www.tvturk.com\/wp-content\/uploads\/2019\/04\/canakkalede-toren-alanlari-hazirlaniyor_e3a5f46.jpg?resize=300%2C200 300w, https:\/\/i0.wp.com\/www.tvturk.com\/wp-content\/uploads\/2019\/04\/canakkalede-toren-alanlari-hazirlaniyor_e3a5f46.jpg?resize=768%2C511 768w, https:\/\/i0.wp.com\/www.tvturk.com\/wp-content\/uploads\/2019\/04\/canakkalede-toren-alanlari-hazirlaniyor_e3a5f46.jpg?resize=170%2C113 170w, https:\/\/i0.wp.com\/www.tvturk.com\/wp-content\/uploads\/2019\/04\/canakkalede-toren-alanlari-hazirlaniyor_e3a5f46.jpg?resize=120%2C80 120w\" width=\"246\" height=\"164\" loading=\"lazy\" data-original-width=\"246\" data-original-height=\"164\" itemprop=\"http:\/\/schema.org\/image\" title=\"\u00c7anakkale\u2019de t\u00f6ren alanlar\u0131 haz\u0131rlan\u0131yor\" alt=\"\u00c7anakkale\u2019de t\u00f6ren alanlar\u0131 haz\u0131rlan\u0131yor\" style=\"width: 246px; height: 164px;\" \/> <\/a> <\/div> <\/div> <!-- close group --> <div class=\"gallery-group images-1\" style=\"width: 250px; height: 168px;\" data-original-width=\"250\" data-original-height=\"168\" > <div class=\"tiled-gallery-item tiled-gallery-item-small\" itemprop=\"associatedMedia\" itemscope itemtype=\"http:\/\/schema.org\/ImageObject\"> <a href=\"http:\/\/www.tvturk.com\/index.php\/canakkalede-toren-alanlari-hazirlaniyor\/canakkalede-toren-alanlari-hazirlaniyor-13\/\" border=\"0\" itemprop=\"url\"> <meta itemprop=\"width\" content=\"246\"> <meta itemprop=\"height\" content=\"164\"> <img decoding=\"async\" class=\"\" data-attachment-id=\"146288\" data-orig-file=\"http:\/\/www.tvturk.com\/wp-content\/uploads\/2019\/04\/canakkalede-toren-alanlari-hazirlaniyor_fc0e570.jpg\" data-orig-size=\"1000,666\" data-comments-opened=\"\" data-image-meta=\"{&quot;aperture&quot;:&quot;0&quot;,&quot;credit&quot;:&quot;IHA&quot;,&quot;camera&quot;:&quot;&quot;,&quot;caption&quot;:&quot;24-25 N\\u0130SAN TAR\\u0130HLER\\u0130NDE GER\\u00c7EKLE\\u015eT\\u0130R\\u0130LECEK OLAN \\u00c7ANAKKALE KARA SAVA\\u015eLARI\\u0027NIN 104. YILI ETK\\u0130NL\\u0130KLER\\u0130 KAPSAMINDA GEL\\u0130BOLU YARIMADASINDAK\\u0130 T\\u00d6REN ALANLARI HAZIRLANIYOR. (MURAT Y\\u00dcKSEL - UTKU YA\\u015eAR C\\u00dcCE\\\/\\u00c7ANAKKALE-\\u0130HA)&quot;,&quot;created_timestamp&quot;:&quot;0&quot;,&quot;copyright&quot;:&quot;\\u0130HLAS HABER AJANSI, www.iha.com.tr&quot;,&quot;focal_length&quot;:&quot;0&quot;,&quot;iso&quot;:&quot;0&quot;,&quot;shutter_speed&quot;:&quot;0&quot;,&quot;title&quot;:&quot;\\u00c7ANAKKALE\\u0027DE T\\u00d6REN ALANLARI HAZIRLANIYOR&quot;,&quot;orientation&quot;:&quot;0&quot;}\" data-image-title=\"\u00c7anakkale\u2019de t\u00f6ren alanlar\u0131 haz\u0131rlan\u0131yor\" data-image-description=\"&lt;p&gt;\u00c7anakkale\u2019de t\u00f6ren alanlar\u0131 haz\u0131rlan\u0131yor&lt;\/p&gt; \" data-medium-file=\"https:\/\/i0.wp.com\/www.tvturk.com\/wp-content\/uploads\/2019\/04\/canakkalede-toren-alanlari-hazirlaniyor_fc0e570.jpg?fit=300%2C200\" data-large-file=\"https:\/\/i0.wp.com\/www.tvturk.com\/wp-content\/uploads\/2019\/04\/canakkalede-toren-alanlari-hazirlaniyor_fc0e570.jpg?fit=1000%2C666\" src=\"https:\/\/i0.wp.com\/www.tvturk.com\/wp-content\/uploads\/2019\/04\/canakkalede-toren-alanlari-hazirlaniyor_fc0e570.jpg?w=246&#038;h=164\" srcset=\"https:\/\/i0.wp.com\/www.tvturk.com\/wp-content\/uploads\/2019\/04\/canakkalede-toren-alanlari-hazirlaniyor_fc0e570.jpg?w=1000 1000w, https:\/\/i0.wp.com\/www.tvturk.com\/wp-content\/uploads\/2019\/04\/canakkalede-toren-alanlari-hazirlaniyor_fc0e570.jpg?resize=150%2C100 150w, https:\/\/i0.wp.com\/www.tvturk.com\/wp-content\/uploads\/2019\/04\/canakkalede-toren-alanlari-hazirlaniyor_fc0e570.jpg?resize=300%2C200 300w, https:\/\/i0.wp.com\/www.tvturk.com\/wp-content\/uploads\/2019\/04\/canakkalede-toren-alanlari-hazirlaniyor_fc0e570.jpg?resize=768%2C511 768w, https:\/\/i0.wp.com\/www.tvturk.com\/wp-content\/uploads\/2019\/04\/canakkalede-toren-alanlari-hazirlaniyor_fc0e570.jpg?resize=170%2C113 170w, https:\/\/i0.wp.com\/www.tvturk.com\/wp-content\/uploads\/2019\/04\/canakkalede-toren-alanlari-hazirlaniyor_fc0e570.jpg?resize=120%2C80 120w\" width=\"246\" height=\"164\" loading=\"lazy\" data-original-width=\"246\" data-original-height=\"164\" itemprop=\"http:\/\/schema.org\/image\" title=\"\u00c7anakkale\u2019de t\u00f6ren alanlar\u0131 haz\u0131rlan\u0131yor\" alt=\"\u00c7anakkale\u2019de t\u00f6ren alanlar\u0131 haz\u0131rlan\u0131yor\" style=\"width: 246px; height: 164px;\" \/> <\/a> <\/div> <\/div> <!-- close group --> <\/div> <!-- close row --> <div class=\"gallery-row\" style=\"width: 500px; height: 428px;\" data-original-width=\"500\" data-original-height=\"428\" > <div class=\"gallery-group images-3\" style=\"width: 214px; height: 428px;\" data-original-width=\"214\" data-original-height=\"428\" > <div class=\"tiled-gallery-item tiled-gallery-item-small\" itemprop=\"associatedMedia\" itemscope itemtype=\"http:\/\/schema.org\/ImageObject\"> <a href=\"http:\/\/www.tvturk.com\/index.php\/canakkalede-toren-alanlari-hazirlaniyor\/canakkalede-toren-alanlari-hazirlaniyor-14\/\" border=\"0\" itemprop=\"url\"> <meta itemprop=\"width\" content=\"210\"> <meta itemprop=\"height\" content=\"118\"> <img decoding=\"async\" class=\"\" data-attachment-id=\"146289\" data-orig-file=\"http:\/\/www.tvturk.com\/wp-content\/uploads\/2019\/04\/canakkalede-toren-alanlari-hazirlaniyor_bd64012.jpg\" data-orig-size=\"1000,561\" data-comments-opened=\"\" data-image-meta=\"{&quot;aperture&quot;:&quot;0&quot;,&quot;credit&quot;:&quot;IHA&quot;,&quot;camera&quot;:&quot;&quot;,&quot;caption&quot;:&quot;24-25 N\\u0130SAN TAR\\u0130HLER\\u0130NDE GER\\u00c7EKLE\\u015eT\\u0130R\\u0130LECEK OLAN \\u00c7ANAKKALE KARA SAVA\\u015eLARI\\u0027NIN 104. YILI ETK\\u0130NL\\u0130KLER\\u0130 KAPSAMINDA GEL\\u0130BOLU YARIMADASINDAK\\u0130 T\\u00d6REN ALANLARI HAZIRLANIYOR. (MURAT Y\\u00dcKSEL - UTKU YA\\u015eAR C\\u00dcCE\\\/\\u00c7ANAKKALE-\\u0130HA)&quot;,&quot;created_timestamp&quot;:&quot;0&quot;,&quot;copyright&quot;:&quot;\\u0130HLAS HABER AJANSI, www.iha.com.tr&quot;,&quot;focal_length&quot;:&quot;0&quot;,&quot;iso&quot;:&quot;0&quot;,&quot;shutter_speed&quot;:&quot;0&quot;,&quot;title&quot;:&quot;\\u00c7ANAKKALE\\u0027DE T\\u00d6REN ALANLARI HAZIRLANIYOR&quot;,&quot;orientation&quot;:&quot;0&quot;}\" data-image-title=\"\u00c7anakkale\u2019de t\u00f6ren alanlar\u0131 haz\u0131rlan\u0131yor\" data-image-description=\"&lt;p&gt;\u00c7anakkale\u2019de t\u00f6ren alanlar\u0131 haz\u0131rlan\u0131yor&lt;\/p&gt; \" data-medium-file=\"https:\/\/i0.wp.com\/www.tvturk.com\/wp-content\/uploads\/2019\/04\/canakkalede-toren-alanlari-hazirlaniyor_bd64012.jpg?fit=300%2C168\" data-large-file=\"https:\/\/i0.wp.com\/www.tvturk.com\/wp-content\/uploads\/2019\/04\/canakkalede-toren-alanlari-hazirlaniyor_bd64012.jpg?fit=1000%2C561\" src=\"https:\/\/i0.wp.com\/www.tvturk.com\/wp-content\/uploads\/2019\/04\/canakkalede-toren-alanlari-hazirlaniyor_bd64012.jpg?w=210&#038;h=118\" srcset=\"https:\/\/i0.wp.com\/www.tvturk.com\/wp-content\/uploads\/2019\/04\/canakkalede-toren-alanlari-hazirlaniyor_bd64012.jpg?w=1000 1000w, https:\/\/i0.wp.com\/www.tvturk.com\/wp-content\/uploads\/2019\/04\/canakkalede-toren-alanlari-hazirlaniyor_bd64012.jpg?resize=150%2C84 150w, https:\/\/i0.wp.com\/www.tvturk.com\/wp-content\/uploads\/2019\/04\/canakkalede-toren-alanlari-hazirlaniyor_bd64012.jpg?resize=300%2C168 300w, https:\/\/i0.wp.com\/www.tvturk.com\/wp-content\/uploads\/2019\/04\/canakkalede-toren-alanlari-hazirlaniyor_bd64012.jpg?resize=768%2C431 768w, https:\/\/i0.wp.com\/www.tvturk.com\/wp-content\/uploads\/2019\/04\/canakkalede-toren-alanlari-hazirlaniyor_bd64012.jpg?resize=200%2C113 200w\" width=\"210\" height=\"118\" loading=\"lazy\" data-original-width=\"210\" data-original-height=\"118\" itemprop=\"http:\/\/schema.org\/image\" title=\"\u00c7anakkale\u2019de t\u00f6ren alanlar\u0131 haz\u0131rlan\u0131yor\" alt=\"\u00c7anakkale\u2019de t\u00f6ren alanlar\u0131 haz\u0131rlan\u0131yor\" style=\"width: 210px; height: 118px;\" \/> <\/a> <\/div> <div class=\"tiled-gallery-item tiled-gallery-item-small\" itemprop=\"associatedMedia\" itemscope itemtype=\"http:\/\/schema.org\/ImageObject\"> <a href=\"http:\/\/www.tvturk.com\/index.php\/canakkalede-toren-alanlari-hazirlaniyor\/canakkalede-toren-alanlari-hazirlaniyor-15\/\" border=\"0\" itemprop=\"url\"> <meta itemprop=\"width\" content=\"210\"> <meta itemprop=\"height\" content=\"140\"> <img decoding=\"async\" class=\"\" data-attachment-id=\"146290\" data-orig-file=\"http:\/\/www.tvturk.com\/wp-content\/uploads\/2019\/04\/canakkalede-toren-alanlari-hazirlaniyor_876f3f0.jpg\" data-orig-size=\"1000,666\" data-comments-opened=\"\" data-image-meta=\"{&quot;aperture&quot;:&quot;0&quot;,&quot;credit&quot;:&quot;IHA&quot;,&quot;camera&quot;:&quot;&quot;,&quot;caption&quot;:&quot;24-25 N\\u0130SAN TAR\\u0130HLER\\u0130NDE GER\\u00c7EKLE\\u015eT\\u0130R\\u0130LECEK OLAN \\u00c7ANAKKALE KARA SAVA\\u015eLARI\\u0027NIN 104. YILI ETK\\u0130NL\\u0130KLER\\u0130 KAPSAMINDA GEL\\u0130BOLU YARIMADASINDAK\\u0130 T\\u00d6REN ALANLARI HAZIRLANIYOR. (MURAT Y\\u00dcKSEL - UTKU YA\\u015eAR C\\u00dcCE\\\/\\u00c7ANAKKALE-\\u0130HA)&quot;,&quot;created_timestamp&quot;:&quot;0&quot;,&quot;copyright&quot;:&quot;\\u0130HLAS HABER AJANSI, www.iha.com.tr&quot;,&quot;focal_length&quot;:&quot;0&quot;,&quot;iso&quot;:&quot;0&quot;,&quot;shutter_speed&quot;:&quot;0&quot;,&quot;title&quot;:&quot;\\u00c7ANAKKALE\\u0027DE T\\u00d6REN ALANLARI HAZIRLANIYOR&quot;,&quot;orientation&quot;:&quot;0&quot;}\" data-image-title=\"\u00c7anakkale\u2019de t\u00f6ren alanlar\u0131 haz\u0131rlan\u0131yor\" data-image-description=\"&lt;p&gt;\u00c7anakkale\u2019de t\u00f6ren alanlar\u0131 haz\u0131rlan\u0131yor&lt;\/p&gt; \" data-medium-file=\"https:\/\/i0.wp.com\/www.tvturk.com\/wp-content\/uploads\/2019\/04\/canakkalede-toren-alanlari-hazirlaniyor_876f3f0.jpg?fit=300%2C200\" data-large-file=\"https:\/\/i0.wp.com\/www.tvturk.com\/wp-content\/uploads\/2019\/04\/canakkalede-toren-alanlari-hazirlaniyor_876f3f0.jpg?fit=1000%2C666\" src=\"https:\/\/i0.wp.com\/www.tvturk.com\/wp-content\/uploads\/2019\/04\/canakkalede-toren-alanlari-hazirlaniyor_876f3f0.jpg?w=210&#038;h=140\" srcset=\"https:\/\/i0.wp.com\/www.tvturk.com\/wp-content\/uploads\/2019\/04\/canakkalede-toren-alanlari-hazirlaniyor_876f3f0.jpg?w=1000 1000w, https:\/\/i0.wp.com\/www.tvturk.com\/wp-content\/uploads\/2019\/04\/canakkalede-toren-alanlari-hazirlaniyor_876f3f0.jpg?resize=150%2C100 150w, https:\/\/i0.wp.com\/www.tvturk.com\/wp-content\/uploads\/2019\/04\/canakkalede-toren-alanlari-hazirlaniyor_876f3f0.jpg?resize=300%2C200 300w, https:\/\/i0.wp.com\/www.tvturk.com\/wp-content\/uploads\/2019\/04\/canakkalede-toren-alanlari-hazirlaniyor_876f3f0.jpg?resize=768%2C511 768w, https:\/\/i0.wp.com\/www.tvturk.com\/wp-content\/uploads\/2019\/04\/canakkalede-toren-alanlari-hazirlaniyor_876f3f0.jpg?resize=170%2C113 170w, https:\/\/i0.wp.com\/www.tvturk.com\/wp-content\/uploads\/2019\/04\/canakkalede-toren-alanlari-hazirlaniyor_876f3f0.jpg?resize=120%2C80 120w\" width=\"210\" height=\"140\" loading=\"lazy\" data-original-width=\"210\" data-original-height=\"140\" itemprop=\"http:\/\/schema.org\/image\" title=\"\u00c7anakkale\u2019de t\u00f6ren alanlar\u0131 haz\u0131rlan\u0131yor\" alt=\"\u00c7anakkale\u2019de t\u00f6ren alanlar\u0131 haz\u0131rlan\u0131yor\" style=\"width: 210px; height: 140px;\" \/> <\/a> <\/div> <div class=\"tiled-gallery-item tiled-gallery-item-small\" itemprop=\"associatedMedia\" itemscope itemtype=\"http:\/\/schema.org\/ImageObject\"> <a href=\"http:\/\/www.tvturk.com\/index.php\/canakkalede-toren-alanlari-hazirlaniyor\/canakkalede-toren-alanlari-hazirlaniyor-16\/\" border=\"0\" itemprop=\"url\"> <meta itemprop=\"width\" content=\"210\"> <meta itemprop=\"height\" content=\"158\"> <img decoding=\"async\" class=\"\" data-attachment-id=\"146291\" data-orig-file=\"http:\/\/www.tvturk.com\/wp-content\/uploads\/2019\/04\/canakkalede-toren-alanlari-hazirlaniyor_0380ca3.jpg\" data-orig-size=\"1000,756\" data-comments-opened=\"\" data-image-meta=\"{&quot;aperture&quot;:&quot;0&quot;,&quot;credit&quot;:&quot;IHA&quot;,&quot;camera&quot;:&quot;&quot;,&quot;caption&quot;:&quot;\\u00c7ANAKKALE SAVA\\u015eLARI GEL\\u0130BOLU TAR\\u0130H\\u0130 ALAN BA\\u015eKANI \\u0130SMA\\u0130L KA\\u015eDEM\\u0130R, \\u201cBU SENE \\u00c7ANAKKALE KARA SAVA\\u015eLARI\\u2019NIN 104\\u2019\\u00dcNC\\u00dc YILD\\u00d6N\\u00dcM\\u00dcN\\u00dc Y\\u0130NE T\\u00d6RENLERLE, ANMALARLA, ETK\\u0130NL\\u0130KLERLE ANACA\\u011eIZ. GE\\u00c7M\\u0130\\u015e YILLARDA OLDU\\u011eU G\\u0130B\\u0130 Y\\u0130NE BU YILDA B\\u00dcY\\u00dcK B\\u0130R HUZUR \\u0130\\u00c7ER\\u0130S\\u0130NDE G\\u00dcVENLE ATALARIMIZI, ECDADIMIZI, RAHMETLE, M\\u0130NNETLE, \\u015e\\u00dcKRANLA YAD ETM\\u0130\\u015e OLACA\\u011eIZ\\u0022 DED\\u0130. (MURAT Y\\u00dcKSEL - UTKU YA\\u015eAR C\\u00dcCE\\\/\\u00c7ANAKKALE-\\u0130HA)&quot;,&quot;created_timestamp&quot;:&quot;0&quot;,&quot;copyright&quot;:&quot;\\u0130HLAS HABER AJANSI, www.iha.com.tr&quot;,&quot;focal_length&quot;:&quot;0&quot;,&quot;iso&quot;:&quot;0&quot;,&quot;shutter_speed&quot;:&quot;0&quot;,&quot;title&quot;:&quot;\\u00c7ANAKKALE\\u0027DE T\\u00d6REN ALANLARI HAZIRLANIYOR&quot;,&quot;orientation&quot;:&quot;0&quot;}\" data-image-title=\"\u00c7anakkale\u2019de t\u00f6ren alanlar\u0131 haz\u0131rlan\u0131yor\" data-image-description=\"&lt;p&gt;\u00c7anakkale\u2019de t\u00f6ren alanlar\u0131 haz\u0131rlan\u0131yor&lt;\/p&gt; \" data-medium-file=\"https:\/\/i0.wp.com\/www.tvturk.com\/wp-content\/uploads\/2019\/04\/canakkalede-toren-alanlari-hazirlaniyor_0380ca3.jpg?fit=300%2C227\" data-large-file=\"https:\/\/i0.wp.com\/www.tvturk.com\/wp-content\/uploads\/2019\/04\/canakkalede-toren-alanlari-hazirlaniyor_0380ca3.jpg?fit=1000%2C756\" src=\"https:\/\/i0.wp.com\/www.tvturk.com\/wp-content\/uploads\/2019\/04\/canakkalede-toren-alanlari-hazirlaniyor_0380ca3.jpg?w=210&#038;h=158\" srcset=\"https:\/\/i0.wp.com\/www.tvturk.com\/wp-content\/uploads\/2019\/04\/canakkalede-toren-alanlari-hazirlaniyor_0380ca3.jpg?w=1000 1000w, https:\/\/i0.wp.com\/www.tvturk.com\/wp-content\/uploads\/2019\/04\/canakkalede-toren-alanlari-hazirlaniyor_0380ca3.jpg?resize=150%2C113 150w, https:\/\/i0.wp.com\/www.tvturk.com\/wp-content\/uploads\/2019\/04\/canakkalede-toren-alanlari-hazirlaniyor_0380ca3.jpg?resize=300%2C227 300w, https:\/\/i0.wp.com\/www.tvturk.com\/wp-content\/uploads\/2019\/04\/canakkalede-toren-alanlari-hazirlaniyor_0380ca3.jpg?resize=768%2C581 768w\" width=\"210\" height=\"158\" loading=\"lazy\" data-original-width=\"210\" data-original-height=\"158\" itemprop=\"http:\/\/schema.org\/image\" title=\"\u00c7anakkale\u2019de t\u00f6ren alanlar\u0131 haz\u0131rlan\u0131yor\" alt=\"\u00c7anakkale\u2019de t\u00f6ren alanlar\u0131 haz\u0131rlan\u0131yor\" style=\"width: 210px; height: 158px;\" \/> <\/a> <\/div> <\/div> <!-- close group --> <div class=\"gallery-group images-1\" style=\"width: 286px; height: 428px;\" data-original-width=\"286\" data-original-height=\"428\" > <div class=\"tiled-gallery-item tiled-gallery-item-large\" itemprop=\"associatedMedia\" itemscope itemtype=\"http:\/\/schema.org\/ImageObject\"> <a href=\"http:\/\/www.tvturk.com\/index.php\/canakkalede-toren-alanlari-hazirlaniyor\/canakkalede-toren-alanlari-hazirlaniyor-17\/\" border=\"0\" itemprop=\"url\"> <meta itemprop=\"width\" content=\"282\"> <meta itemprop=\"height\" content=\"424\"> <img decoding=\"async\" class=\"\" data-attachment-id=\"146292\" data-orig-file=\"http:\/\/www.tvturk.com\/wp-content\/uploads\/2019\/04\/canakkalede-toren-alanlari-hazirlaniyor_80f42e6.jpg\" data-orig-size=\"666,1000\" data-comments-opened=\"\" data-image-meta=\"{&quot;aperture&quot;:&quot;0&quot;,&quot;credit&quot;:&quot;IHA&quot;,&quot;camera&quot;:&quot;&quot;,&quot;caption&quot;:&quot;24-25 N\\u0130SAN TAR\\u0130HLER\\u0130NDE GER\\u00c7EKLE\\u015eT\\u0130R\\u0130LECEK OLAN \\u00c7ANAKKALE KARA SAVA\\u015eLARI\\u0027NIN 104. YILI ETK\\u0130NL\\u0130KLER\\u0130 KAPSAMINDA GEL\\u0130BOLU YARIMADASINDAK\\u0130 T\\u00d6REN ALANLARI HAZIRLANIYOR. (MURAT Y\\u00dcKSEL - UTKU YA\\u015eAR C\\u00dcCE\\\/\\u00c7ANAKKALE-\\u0130HA)&quot;,&quot;created_timestamp&quot;:&quot;0&quot;,&quot;copyright&quot;:&quot;\\u0130HLAS HABER AJANSI, www.iha.com.tr&quot;,&quot;focal_length&quot;:&quot;0&quot;,&quot;iso&quot;:&quot;0&quot;,&quot;shutter_speed&quot;:&quot;0&quot;,&quot;title&quot;:&quot;\\u00c7ANAKKALE\\u0027DE T\\u00d6REN ALANLARI HAZIRLANIYOR&quot;,&quot;orientation&quot;:&quot;0&quot;}\" data-image-title=\"\u00c7anakkale\u2019de t\u00f6ren alanlar\u0131 haz\u0131rlan\u0131yor\" data-image-description=\"&lt;p&gt;\u00c7anakkale\u2019de t\u00f6ren alanlar\u0131 haz\u0131rlan\u0131yor&lt;\/p&gt; \" data-medium-file=\"https:\/\/i0.wp.com\/www.tvturk.com\/wp-content\/uploads\/2019\/04\/canakkalede-toren-alanlari-hazirlaniyor_80f42e6.jpg?fit=200%2C300\" data-large-file=\"https:\/\/i0.wp.com\/www.tvturk.com\/wp-content\/uploads\/2019\/04\/canakkalede-toren-alanlari-hazirlaniyor_80f42e6.jpg?fit=666%2C1000\" src=\"https:\/\/i0.wp.com\/www.tvturk.com\/wp-content\/uploads\/2019\/04\/canakkalede-toren-alanlari-hazirlaniyor_80f42e6.jpg?w=282&#038;h=424\" srcset=\"https:\/\/i0.wp.com\/www.tvturk.com\/wp-content\/uploads\/2019\/04\/canakkalede-toren-alanlari-hazirlaniyor_80f42e6.jpg?w=666 666w, https:\/\/i0.wp.com\/www.tvturk.com\/wp-content\/uploads\/2019\/04\/canakkalede-toren-alanlari-hazirlaniyor_80f42e6.jpg?resize=100%2C150 100w, https:\/\/i0.wp.com\/www.tvturk.com\/wp-content\/uploads\/2019\/04\/canakkalede-toren-alanlari-hazirlaniyor_80f42e6.jpg?resize=200%2C300 200w\" width=\"282\" height=\"424\" loading=\"lazy\" data-original-width=\"282\" data-original-height=\"424\" itemprop=\"http:\/\/schema.org\/image\" title=\"\u00c7anakkale\u2019de t\u00f6ren alanlar\u0131 haz\u0131rlan\u0131yor\" alt=\"\u00c7anakkale\u2019de t\u00f6ren alanlar\u0131 haz\u0131rlan\u0131yor\" style=\"width: 282px; height: 424px;\" \/> <\/a> <\/div> <\/div> <!-- close group --> <\/div> <!-- close row --> <\/div><\/p>\n","protected":false},"excerpt":{"rendered":"<p>24-25 N\u0130SAN TAR\u0130HLER\u0130NDE GER\u00c7EKLE\u015eT\u0130R\u0130LECEK OLAN \u00c7ANAKKALE KARA SAVA\u015eLARI&#8217;NIN 104. YILI ETK\u0130NL\u0130KLER\u0130 KAPSAMINDA GEL\u0130BOLU YARIMADASINDAK\u0130 T\u00d6REN ALANLARI HAZIRLANIYOR.<\/p>\n","protected":false},"author":1,"featured_media":146277,"comment_status":"closed","ping_status":"open","sticky":false,"template":"","format":"standard","meta":{"jetpack_post_was_ever_published":false,"_jetpack_newsletter_access":"","_jetpack_dont_email_post_to_subs":false,"_jetpack_newsletter_tier_id":0,"_jetpack_memberships_contains_paywalled_content":false,"_jetpack_memberships_contains_paid_content":false,"footnotes":"","jetpack_publicize_message":"","jetpack_publicize_feature_enabled":true,"jetpack_social_post_already_shared":true,"jetpack_social_options":{"image_generator_settings":{"template":"highway","default_image_id":0,"font":"","enabled":false},"version":2}},"categories":[1],"tags":[157,8544,297,15266],"class_list":["post-146276","post","type-post","status-publish","format-standard","has-post-thumbnail","hentry","category-genel","tag-alanlari","tag-canakkalede","tag-hazirlaniyor","tag-toren"],"jetpack_publicize_connections":[],"jetpack_featured_media_url":"https:\/\/i0.wp.com\/www.tvturk.com\/wp-content\/uploads\/2019\/04\/canakkalede-toren-alanlari-hazirlaniyor_a1f2b5e.jpg?fit=1000%2C750","jetpack_sharing_enabled":true,"jetpack_shortlink":"https:\/\/wp.me\/paKIfm-C3i","_links":{"self":[{"href":"http:\/\/www.tvturk.com\/index.php\/wp-json\/wp\/v2\/posts\/146276","targetHints":{"allow":["GET"]}}],"collection":[{"href":"http:\/\/www.tvturk.com\/index.php\/wp-json\/wp\/v2\/posts"}],"about":[{"href":"http:\/\/www.tvturk.com\/index.php\/wp-json\/wp\/v2\/types\/post"}],"author":[{"embeddable":true,"href":"http:\/\/www.tvturk.com\/index.php\/wp-json\/wp\/v2\/users\/1"}],"replies":[{"embeddable":true,"href":"http:\/\/www.tvturk.com\/index.php\/wp-json\/wp\/v2\/comments?post=146276"}],"version-history":[{"count":1,"href":"http:\/\/www.tvturk.com\/index.php\/wp-json\/wp\/v2\/posts\/146276\/revisions"}],"predecessor-version":[{"id":146293,"href":"http:\/\/www.tvturk.com\/index.php\/wp-json\/wp\/v2\/posts\/146276\/revisions\/146293"}],"wp:featuredmedia":[{"embeddable":true,"href":"http:\/\/www.tvturk.com\/index.php\/wp-json\/wp\/v2\/media\/146277"}],"wp:attachment":[{"href":"http:\/\/www.tvturk.com\/index.php\/wp-json\/wp\/v2\/media?parent=146276"}],"wp:term":[{"taxonomy":"category","embeddable":true,"href":"http:\/\/www.tvturk.com\/index.php\/wp-json\/wp\/v2\/categories?post=146276"},{"taxonomy":"post_tag","embeddable":true,"href":"http:\/\/www.tvturk.com\/index.php\/wp-json\/wp\/v2\/tags?post=146276"}],"curies":[{"name":"wp","href":"https:\/\/api.w.org\/{rel}","templated":true}]}}