{"id":146517,"date":"2019-04-22T10:52:09","date_gmt":"2019-04-22T07:52:09","guid":{"rendered":"http:\/\/www.tvturk.com\/index.php\/kadikoyde-yelkenler-bu-kez-hayat-icin-acildi\/"},"modified":"2019-04-22T10:52:21","modified_gmt":"2019-04-22T07:52:21","slug":"kadikoyde-yelkenler-bu-kez-hayat-icin-acildi","status":"publish","type":"post","link":"http:\/\/www.tvturk.com\/index.php\/kadikoyde-yelkenler-bu-kez-hayat-icin-acildi\/","title":{"rendered":"Kad\u0131k\u00f6y\u2019de yelkenler bu kez hayat i\u00e7in a\u00e7\u0131ld\u0131"},"content":{"rendered":"<p>Organ Nakilleri Bilin\u00e7lendirme ve Geli\u015ftirme Derne\u011finin ger\u00e7ekle\u015ftirdi\u011fin \u201cHayata Yelken A\u00e7\u201d yelken yar\u0131\u015f\u0131n\u0131n 3.\u2019s\u00fc ger\u00e7ekle\u015ftirildi. Organ ba\u011f\u0131\u015f\u0131 konusunda toplumsal fark\u0131ndal\u0131k olu\u015fturmay\u0131 ama\u00e7layan etkinli\u011fe \u00fcnl\u00fc simalar da kat\u0131ld\u0131. Etkinlikte ger\u00e7ekle\u015ftirilen yar\u0131\u015fta yelkenler yine \u2018hayat i\u00e7in fora\u2019 dedi.<\/p>\n<p>Kad\u0131k\u00f6y\u2019de sosyal sorumluluk amac\u0131yla anlaml\u0131 bir etkinli\u011fe imza at\u0131ld\u0131. Organ Nakilleri Bilin\u00e7lendirme ve Geli\u015ftirme Derne\u011finin ger\u00e7ekle\u015ftirdi\u011fi ve organ ba\u011f\u0131\u015f\u0131 konusunda en \u00f6nemli organizasyonlardan birisi olan \u201cHayata Yelken A\u00e7\u201d etkinli\u011fine bir\u00e7ok sanat\u00e7\u0131 ve sporcu kat\u0131larak organ nakli konusunda dikkat \u00e7ekmeye \u00e7al\u0131\u015ft\u0131.<\/p>\n<p>\u201cRotam\u0131z Yeni Hayat\u201d slogan\u0131 ile hayata ge\u00e7irilen proje \u00fclkemizde organ bekleyen on binlerce insan olmas\u0131na ra\u011fmen yetersiz olan organ ba\u011f\u0131\u015f\u0131 konusuna dikkatleri \u00e7ekmeyi ve bu insanlara yeni bir umut olmay\u0131 ama\u00e7l\u0131yor.<\/p>\n<p>Organ Nakilleri Bilin\u00e7lendirme ve Geli\u015ftirme Derne\u011fi Ba\u015fkan\u0131 ve Memorial Ata\u015fehir Hastanesi Organ Nakli Merkezi Ba\u015fkan\u0131 Prof. Dr. Kamil Yal\u00e7\u0131n Polat, T\u00fcrkiye\u2019nin organ nakli konusunda son 15 y\u0131lda \u00e7ok \u00f6nemli bir mesafe kat etti\u011fine dikkat \u00e7ekerek, \u201cDevlet tabii \u00e7ok destek oluyor. Bu tedavi \u00e7ok a\u011f\u0131r bir tedavi, pahal\u0131 bir tedavi. D\u00fcnyan\u0131n her yerinde oldu\u011fu gibi, \u00f6nemli olan \u015fey yeterli organ\u0131 bulabilmek. Kadavra organ nakli T\u00fcrkiye\u2019de hala az say\u0131da. A\u011f\u0131rl\u0131kl\u0131 hep canl\u0131dan yap\u0131yoruz \u00e7\u00fcnk\u00fc kadavra organ ba\u011f\u0131\u015f\u0131 yetersiz. Bunun i\u00e7in bunu g\u00fcndemde tutmak gerekiyor. Biz de Organ Nakilleri Bilin\u00e7lendirme ve Geli\u015ftirme Derne\u011fi olarak aktivasyonlar d\u00fczenliyoruz. Zaman zaman bilimsel toplant\u0131lar d\u00fczenliyoruz.\u2018Hayata Yelken A\u00e7\u2019 projesine de bunlardan biri. Bu y\u0131l 3\u2019\u00fcnc\u00fcs\u00fcn\u00fc d\u00fczenliyoruz. Umar\u0131m insanlar bunu bir kez daha d\u00fc\u015f\u00fcn\u00fcr, organ ba\u011f\u0131\u015f\u0131n\u0131 kendi g\u00fcndemlerine al\u0131rlar. Bekleyen binlerce hastam\u0131za \u00e7are olurlar \u015fifa olurlar diye d\u00fc\u015f\u00fcn\u00fcyorum\u201d ifadelerini kulland\u0131.<\/p>\n<p>D\u00fczenlenen etkinli\u011fe, Prof. Dr. Kamil Yal\u00e7\u0131n Polat ve ekibi taraf\u0131ndan karaci\u011fer nakli ger\u00e7ekle\u015ftirilen Muhammet Yusuf Diken ve ailesi de kat\u0131ld\u0131. Kendisine nakledilen karaci\u011fer sayesinde hayata tekrar tutunan Muhammet Yusuf Diken\u2019in Prof. Dr. Kamil Yal\u00e7\u0131n Polat\u2019\u0131 g\u00f6rd\u00fc\u011f\u00fcnde ko\u015farak sar\u0131lmas\u0131 duygusal anlar\u0131n ya\u015fanmas\u0131na neden oldu. Organ ba\u011f\u0131\u015f\u0131 hakk\u0131nda konu\u015fan baba Zeydi Diken, \u201cOrgan ba\u011f\u0131\u015f\u0131 hayat kurtar\u0131yor. Ben \u015fahsen b\u00fct\u00fcn organlar\u0131m\u0131 ba\u011f\u0131\u015fl\u0131yorum\u201d dedi.<\/p>\n<p>Etkinli\u011fe \u00fcnl\u00fc oyuncu Zeynep Be\u015ferler \u0130\u00e7g\u00f6ren de kat\u0131larak toplumsal fark\u0131ndal\u0131k olu\u015fturma konusunda destek oldu. T\u00fcrkiye\u2019de organ ba\u011f\u0131\u015f\u0131 konusunun \u00f6nemine vurgu yapmak amac\u0131yla etkinli\u011fin d\u00fczenlendi\u011fini belirten Zeynep Be\u015ferler \u0130\u00e7g\u00f6ren, \u201cAmac\u0131m\u0131z organ ba\u011f\u0131\u015f\u0131n\u0131n herkesin akl\u0131nda olmas\u0131 ve organ ba\u011f\u0131\u015flaman\u0131n ne kadar \u00f6nemli oldu\u011funu, T\u00fcrkiye\u2019de bu kadar organ bekleyen insan varken bunun \u00f6nemini vurgulamak. \u0130n\u015fallah birilerine gidiyordur yapt\u0131\u011f\u0131m\u0131z i\u015f, \u0130n\u015fallah birilerine dokunabiliyordur. Ke\u015fke daha \u00e7ok kat\u0131l\u0131m olsa, maalesef istedi\u011fimiz kat\u0131l\u0131m\u0131 her zaman elde edemiyoruz. Tabii vakit \u00e7ekimler o bu her \u015fey \u00e7ok yo\u011fun ama hayat\u0131n ba\u015fka bir taraf\u0131 var. Biraz belki bu konuda duyarl\u0131 olmak gerekir diye d\u00fc\u015f\u00fcn\u00fcyorum\u201d diye konu\u015ftu.<\/p>\n<p>Etkinli\u011fe \u00fcnl\u00fc moda tasar\u0131mc\u0131s\u0131 Tanju Babacan da kat\u0131ld\u0131. Organ ba\u011f\u0131\u015f\u0131n\u0131n \u00f6nemine dikkat \u00e7eken Babacan, \u201cHepimiz potansiyel ihtiya\u00e7 sahibiyiz, biraz korkuyoruz galiba diye d\u00fc\u015f\u00fcn\u00fcyorum. Ama bu \u00e7o\u011fulu kimseyi sorgulayarak de\u011fil kendimi sorgulayarak ba\u015flad\u0131m. Ben organlar\u0131m\u0131 ba\u011f\u0131\u015flamaya haz\u0131r m\u0131y\u0131m? Ben bir sonraki level ad\u0131n\u0131 takt\u0131\u011f\u0131m \u00f6l\u00fcmden sonraki fikir ve d\u00fc\u015f\u00fcncelerim inan\u00e7lar\u0131m nedir, inan\u00e7lar\u0131ma acaba benim d\u00fcnyada b\u00f6yle bir iyilik yapmama engel te\u015fkil ediyor mu? Baz\u0131 organlar\u0131n\u0131n birilerine fayda g\u00f6stermesi d\u0131\u015f\u0131nda, \u00e7ok sevdi\u011finiz geride b\u0131rakt\u0131\u011f\u0131n\u0131z organlar insanlar o organlarla yine size dokunuyor olabilirler\u201d dedi.<\/p>\n<p>&#8220;\u2018Hayata Yelken A\u00e7\u2019 adl\u0131 proje i\u00e7in bu kadar insan\u0131n bir araya gelmi\u015f olmas\u0131 \u00e7ok \u00f6zel&#8221;<\/p>\n<p>Etkinli\u011fe kat\u0131lan spor yazar\u0131 ve sunucu Merve Toy, &#8220;Spor, organ ba\u011f\u0131\u015f\u0131 gibi anlaml\u0131 ve \u00f6nemli bir konuda insanlar\u0131 bilin\u00e7lendirmek ve bunun duyurusunu yapmakla birle\u015fince \u00e7ok daha anlaml\u0131 oluyor. O y\u00fczden b\u00f6yle organizasyonlar tabii ki daha \u00e7ok kat\u0131lmaya ve duyurulmas\u0131na hassasiyet g\u00f6sterdi\u011fimiz organizasyonlar. Organ nakli ve organ ba\u011f\u0131\u015f\u0131 ile ilgili \u2018Hayata Yelken A\u00e7\u2019 adl\u0131 proje i\u00e7in bu kadar insan\u0131n bir araya gelmi\u015f olmas\u0131 ve bu mesaj i\u00e7in yar\u0131\u015f\u0131lacak olmas\u0131 \u00e7ok \u00f6zel. Umar\u0131m organ nakli ile ilgili ba\u011f\u0131\u015f\u0131 ile ilgili mesajlar yerini bulur&#8221; \u015feklinde konu\u015ftu.<\/p>\n<p>Etkinlikte daha sonra bir\u00e7ok yelken yar\u0131\u015f\u0131 sporcusu ile kat\u0131l\u0131mc\u0131lar, yelkenli teknelerine binerek denize a\u00e7\u0131ld\u0131. Bir\u00e7ok yelkenli tekne burada k\u0131yas\u0131ya bir yar\u0131\u015f ger\u00e7ekle\u015ftirdi. Anlaml\u0131 etkinlikte yap\u0131lan yar\u0131\u015fta bu kez yelkenler \u2018hayat i\u00e7in\u2019 a\u00e7\u0131ld\u0131.<\/p>\n<p>IRC 0 s\u0131n\u0131f\u0131 birincisi \u201cOrient Express 6\u201d, IRC 1 s\u0131n\u0131f\u0131 birincisi \u201cMad X\u201d, IRC 2 s\u0131n\u0131f\u0131 birincisi \u201cPalamut\u201d, IRC 3 s\u0131n\u0131f\u0131 birincisi \u201cKeyfim 3,5-Columbia Alize\u201d, IRC 4 s\u0131n\u0131f\u0131 birincisi \u201cAda- Pupa Adrenalin Wind 4 Speed\u201d, Gezi s\u0131n\u0131f\u0131 birincisi ise \u201cModa Deniz Kul\u00fcb\u00fc\u201d tak\u0131mlar\u0131 oldu.<div class=\"tiled-gallery type-rectangular tiled-gallery-unresized\" data-original-width=\"500\" data-carousel-extra='null' itemscope itemtype=\"http:\/\/schema.org\/ImageGallery\" > <div class=\"gallery-row\" style=\"width: 500px; height: 231px;\" data-original-width=\"500\" data-original-height=\"231\" > <div class=\"gallery-group images-1\" style=\"width: 345px; height: 231px;\" data-original-width=\"345\" data-original-height=\"231\" > <div class=\"tiled-gallery-item tiled-gallery-item-large\" itemprop=\"associatedMedia\" itemscope itemtype=\"http:\/\/schema.org\/ImageObject\"> <a href=\"http:\/\/www.tvturk.com\/index.php\/kadikoyde-yelkenler-bu-kez-hayat-icin-acildi\/kadikoyde-yelkenler-bu-kez-hayat-icin-acildi-3\/\" border=\"0\" itemprop=\"url\"> <meta itemprop=\"width\" content=\"341\"> <meta itemprop=\"height\" content=\"227\"> <img decoding=\"async\" class=\"\" data-attachment-id=\"146519\" data-orig-file=\"http:\/\/www.tvturk.com\/wp-content\/uploads\/2019\/04\/kadikoyde-yelkenler-bu-kez-hayat-icin-acildi_e1aca92.jpg\" data-orig-size=\"1000,664\" data-comments-opened=\"\" data-image-meta=\"{&quot;aperture&quot;:&quot;0&quot;,&quot;credit&quot;:&quot;IHA&quot;,&quot;camera&quot;:&quot;&quot;,&quot;caption&quot;:&quot;ORGAN NAK\\u0130LLER\\u0130 B\\u0130L\\u0130N\\u00c7LEND\\u0130RME VE GEL\\u0130\\u015eT\\u0130RME DERNE\\u011e\\u0130N\\u0130N GER\\u00c7EKLE\\u015eT\\u0130RD\\u0130\\u011e\\u0130 VE ORGAN BA\\u011eI\\u015eI KONUSUNDA EN \\u00d6NEML\\u0130 ORGAN\\u0130ZASYONLARDAN B\\u0130R\\u0130S\\u0130 OLAN \\u201cHAYATA YELKEN A\\u00c7\\u201d ETK\\u0130NL\\u0130\\u011e\\u0130NE B\\u0130R\\u00c7OK SANAT\\u00c7I VE SPORCU KATILARAK ORGAN NAKL\\u0130 KONUSUNDA D\\u0130KKAT \\u00c7EKMEYE \\u00c7ALI\\u015eTI. (MET\\u0130N BA\\u015eAR\\\/\\u0130STANBUL-\\u0130HA)&quot;,&quot;created_timestamp&quot;:&quot;0&quot;,&quot;copyright&quot;:&quot;\\u0130HLAS HABER AJANSI, www.iha.com.tr&quot;,&quot;focal_length&quot;:&quot;0&quot;,&quot;iso&quot;:&quot;0&quot;,&quot;shutter_speed&quot;:&quot;0&quot;,&quot;title&quot;:&quot;KADIK\\u00d6Y\\u2019DE YELKENLER BU KEZ HAYAT \\u0130\\u00c7\\u0130N A\\u00c7ILDI ORGAN NAK\\u0130LLER\\u0130 B\\u0130L\\u0130N\\u00c7LEND\\u0130RME VE GEL\\u0130\\u015eT\\u0130RME DERNE\\u011e\\u0130 TARAFINDAN \\u201cHAYATA YELKEN A\\u00c7\\u201d YELKEN YARI\\u015eININ 3\\u2019\\u00dcNC\\u00dcS\\u00dc D\\u00dcZENLEND\\u0130 ORGAN BA\\u011eI\\u015eI KONUSUNDA TOPLUMSAL FARKINDALIK OLU\\u015eTURULMAK \\u0130\\u00c7\\u0130N GER\\u00c7EKLE\\u015eT\\u0130R\\u0130LEN ETK\\u0130NL\\u0130K RENKL\\u0130 ANLARA SAHNE OLDU \\u00dcNL\\u00dc \\u0130S\\u0130MLER HAYATA YELKEN A\\u00c7TI&quot;,&quot;orientation&quot;:&quot;0&quot;}\" data-image-title=\"Kad\u0131k\u00f6y\u2019de yelkenler bu kez hayat i\u00e7in a\u00e7\u0131ld\u0131\" data-image-description=\"&lt;p&gt;Kad\u0131k\u00f6y\u2019de yelkenler bu kez hayat i\u00e7in a\u00e7\u0131ld\u0131&lt;\/p&gt; \" data-medium-file=\"https:\/\/i0.wp.com\/www.tvturk.com\/wp-content\/uploads\/2019\/04\/kadikoyde-yelkenler-bu-kez-hayat-icin-acildi_e1aca92.jpg?fit=300%2C199\" data-large-file=\"https:\/\/i0.wp.com\/www.tvturk.com\/wp-content\/uploads\/2019\/04\/kadikoyde-yelkenler-bu-kez-hayat-icin-acildi_e1aca92.jpg?fit=1000%2C664\" src=\"https:\/\/i0.wp.com\/www.tvturk.com\/wp-content\/uploads\/2019\/04\/kadikoyde-yelkenler-bu-kez-hayat-icin-acildi_e1aca92.jpg?w=341&#038;h=227\" srcset=\"https:\/\/i0.wp.com\/www.tvturk.com\/wp-content\/uploads\/2019\/04\/kadikoyde-yelkenler-bu-kez-hayat-icin-acildi_e1aca92.jpg?w=1000 1000w, https:\/\/i0.wp.com\/www.tvturk.com\/wp-content\/uploads\/2019\/04\/kadikoyde-yelkenler-bu-kez-hayat-icin-acildi_e1aca92.jpg?resize=150%2C100 150w, https:\/\/i0.wp.com\/www.tvturk.com\/wp-content\/uploads\/2019\/04\/kadikoyde-yelkenler-bu-kez-hayat-icin-acildi_e1aca92.jpg?resize=300%2C200 300w, https:\/\/i0.wp.com\/www.tvturk.com\/wp-content\/uploads\/2019\/04\/kadikoyde-yelkenler-bu-kez-hayat-icin-acildi_e1aca92.jpg?resize=768%2C510 768w, https:\/\/i0.wp.com\/www.tvturk.com\/wp-content\/uploads\/2019\/04\/kadikoyde-yelkenler-bu-kez-hayat-icin-acildi_e1aca92.jpg?resize=170%2C113 170w, https:\/\/i0.wp.com\/www.tvturk.com\/wp-content\/uploads\/2019\/04\/kadikoyde-yelkenler-bu-kez-hayat-icin-acildi_e1aca92.jpg?resize=120%2C80 120w\" width=\"341\" height=\"227\" loading=\"lazy\" data-original-width=\"341\" data-original-height=\"227\" itemprop=\"http:\/\/schema.org\/image\" title=\"Kad\u0131k\u00f6y\u2019de yelkenler bu kez hayat i\u00e7in a\u00e7\u0131ld\u0131\" alt=\"Kad\u0131k\u00f6y\u2019de yelkenler bu kez hayat i\u00e7in a\u00e7\u0131ld\u0131\" style=\"width: 341px; height: 227px;\" \/> <\/a> <\/div> <\/div> <!-- close group --> <div class=\"gallery-group images-2\" style=\"width: 155px; height: 231px;\" data-original-width=\"155\" data-original-height=\"231\" > <div class=\"tiled-gallery-item tiled-gallery-item-small\" itemprop=\"associatedMedia\" itemscope itemtype=\"http:\/\/schema.org\/ImageObject\"> <a href=\"http:\/\/www.tvturk.com\/index.php\/kadikoyde-yelkenler-bu-kez-hayat-icin-acildi\/kadikoyde-yelkenler-bu-kez-hayat-icin-acildi-4\/\" border=\"0\" itemprop=\"url\"> <meta itemprop=\"width\" content=\"151\"> <meta itemprop=\"height\" content=\"123\"> <img decoding=\"async\" class=\"\" data-attachment-id=\"146520\" data-orig-file=\"http:\/\/www.tvturk.com\/wp-content\/uploads\/2019\/04\/kadikoyde-yelkenler-bu-kez-hayat-icin-acildi_0c6d175.jpg\" data-orig-size=\"1000,813\" data-comments-opened=\"\" data-image-meta=\"{&quot;aperture&quot;:&quot;0&quot;,&quot;credit&quot;:&quot;IHA&quot;,&quot;camera&quot;:&quot;&quot;,&quot;caption&quot;:&quot;ORGAN NAK\\u0130LLER\\u0130 B\\u0130L\\u0130N\\u00c7LEND\\u0130RME VE GEL\\u0130\\u015eT\\u0130RME DERNE\\u011e\\u0130N\\u0130N GER\\u00c7EKLE\\u015eT\\u0130RD\\u0130\\u011e\\u0130N \\u201cHAYATA YELKEN A\\u00c7\\u201d YELKEN YARI\\u015eININ 3.\\u2019S\\u00dc GER\\u00c7EKLE\\u015eT\\u0130R\\u0130LD\\u0130. ORGAN BA\\u011eI\\u015eI KONUSUNDA TOPLUMSAL FARKINDALIK OLU\\u015eTURMAYI AMA\\u00c7LAYAN ETK\\u0130NL\\u0130\\u011eE \\u00dcNL\\u00dc S\\u0130MALAR DA KATILDI. (MET\\u0130N BA\\u015eAR\\\/\\u0130STANBUL-\\u0130HA)&quot;,&quot;created_timestamp&quot;:&quot;0&quot;,&quot;copyright&quot;:&quot;\\u0130HLAS HABER AJANSI, www.iha.com.tr&quot;,&quot;focal_length&quot;:&quot;0&quot;,&quot;iso&quot;:&quot;0&quot;,&quot;shutter_speed&quot;:&quot;0&quot;,&quot;title&quot;:&quot;KADIK\\u00d6Y\\u2019DE YELKENLER BU KEZ HAYAT \\u0130\\u00c7\\u0130N A\\u00c7ILDI ORGAN NAK\\u0130LLER\\u0130 B\\u0130L\\u0130N\\u00c7LEND\\u0130RME VE GEL\\u0130\\u015eT\\u0130RME DERNE\\u011e\\u0130 TARAFINDAN \\u201cHAYATA YELKEN A\\u00c7\\u201d YELKEN YARI\\u015eININ 3\\u2019\\u00dcNC\\u00dcS\\u00dc D\\u00dcZENLEND\\u0130 ORGAN BA\\u011eI\\u015eI KONUSUNDA TOPLUMSAL FARKINDALIK OLU\\u015eTURULMAK \\u0130\\u00c7\\u0130N GER\\u00c7EKLE\\u015eT\\u0130R\\u0130LEN ETK\\u0130NL\\u0130K RENKL\\u0130 ANLARA SAHNE OLDU \\u00dcNL\\u00dc \\u0130S\\u0130MLER HAYATA YELKEN A\\u00c7TI&quot;,&quot;orientation&quot;:&quot;0&quot;}\" data-image-title=\"Kad\u0131k\u00f6y\u2019de yelkenler bu kez hayat i\u00e7in a\u00e7\u0131ld\u0131\" data-image-description=\"&lt;p&gt;Kad\u0131k\u00f6y\u2019de yelkenler bu kez hayat i\u00e7in a\u00e7\u0131ld\u0131&lt;\/p&gt; \" data-medium-file=\"https:\/\/i0.wp.com\/www.tvturk.com\/wp-content\/uploads\/2019\/04\/kadikoyde-yelkenler-bu-kez-hayat-icin-acildi_0c6d175.jpg?fit=300%2C244\" data-large-file=\"https:\/\/i0.wp.com\/www.tvturk.com\/wp-content\/uploads\/2019\/04\/kadikoyde-yelkenler-bu-kez-hayat-icin-acildi_0c6d175.jpg?fit=1000%2C813\" src=\"https:\/\/i0.wp.com\/www.tvturk.com\/wp-content\/uploads\/2019\/04\/kadikoyde-yelkenler-bu-kez-hayat-icin-acildi_0c6d175.jpg?w=151&#038;h=123\" srcset=\"https:\/\/i0.wp.com\/www.tvturk.com\/wp-content\/uploads\/2019\/04\/kadikoyde-yelkenler-bu-kez-hayat-icin-acildi_0c6d175.jpg?w=1000 1000w, https:\/\/i0.wp.com\/www.tvturk.com\/wp-content\/uploads\/2019\/04\/kadikoyde-yelkenler-bu-kez-hayat-icin-acildi_0c6d175.jpg?resize=150%2C122 150w, https:\/\/i0.wp.com\/www.tvturk.com\/wp-content\/uploads\/2019\/04\/kadikoyde-yelkenler-bu-kez-hayat-icin-acildi_0c6d175.jpg?resize=300%2C244 300w, https:\/\/i0.wp.com\/www.tvturk.com\/wp-content\/uploads\/2019\/04\/kadikoyde-yelkenler-bu-kez-hayat-icin-acildi_0c6d175.jpg?resize=768%2C624 768w\" width=\"151\" height=\"123\" loading=\"lazy\" data-original-width=\"151\" data-original-height=\"123\" itemprop=\"http:\/\/schema.org\/image\" title=\"Kad\u0131k\u00f6y\u2019de yelkenler bu kez hayat i\u00e7in a\u00e7\u0131ld\u0131\" alt=\"Kad\u0131k\u00f6y\u2019de yelkenler bu kez hayat i\u00e7in a\u00e7\u0131ld\u0131\" style=\"width: 151px; height: 123px;\" \/> <\/a> <\/div> <div class=\"tiled-gallery-item tiled-gallery-item-small\" itemprop=\"associatedMedia\" itemscope itemtype=\"http:\/\/schema.org\/ImageObject\"> <a href=\"http:\/\/www.tvturk.com\/index.php\/kadikoyde-yelkenler-bu-kez-hayat-icin-acildi\/kadikoyde-yelkenler-bu-kez-hayat-icin-acildi-5\/\" border=\"0\" itemprop=\"url\"> <meta itemprop=\"width\" content=\"151\"> <meta itemprop=\"height\" content=\"100\"> <img decoding=\"async\" class=\"\" data-attachment-id=\"146521\" data-orig-file=\"http:\/\/www.tvturk.com\/wp-content\/uploads\/2019\/04\/kadikoyde-yelkenler-bu-kez-hayat-icin-acildi_a612dec.jpg\" data-orig-size=\"1000,664\" data-comments-opened=\"\" data-image-meta=\"{&quot;aperture&quot;:&quot;0&quot;,&quot;credit&quot;:&quot;IHA&quot;,&quot;camera&quot;:&quot;&quot;,&quot;caption&quot;:&quot;ORGAN NAK\\u0130LLER\\u0130 B\\u0130L\\u0130N\\u00c7LEND\\u0130RME VE GEL\\u0130\\u015eT\\u0130RME DERNE\\u011e\\u0130N\\u0130N GER\\u00c7EKLE\\u015eT\\u0130RD\\u0130\\u011e\\u0130N \\u201cHAYATA YELKEN A\\u00c7\\u201d YELKEN YARI\\u015eININ 3.\\u2019S\\u00dc GER\\u00c7EKLE\\u015eT\\u0130R\\u0130LD\\u0130. ORGAN BA\\u011eI\\u015eI KONUSUNDA TOPLUMSAL FARKINDALIK OLU\\u015eTURMAYI AMA\\u00c7LAYAN ETK\\u0130NL\\u0130\\u011eE \\u00dcNL\\u00dc S\\u0130MALAR DA KATILDI. (MET\\u0130N BA\\u015eAR\\\/\\u0130STANBUL-\\u0130HA)&quot;,&quot;created_timestamp&quot;:&quot;0&quot;,&quot;copyright&quot;:&quot;\\u0130HLAS HABER AJANSI, www.iha.com.tr&quot;,&quot;focal_length&quot;:&quot;0&quot;,&quot;iso&quot;:&quot;0&quot;,&quot;shutter_speed&quot;:&quot;0&quot;,&quot;title&quot;:&quot;KADIK\\u00d6Y\\u2019DE YELKENLER BU KEZ HAYAT \\u0130\\u00c7\\u0130N A\\u00c7ILDI ORGAN NAK\\u0130LLER\\u0130 B\\u0130L\\u0130N\\u00c7LEND\\u0130RME VE GEL\\u0130\\u015eT\\u0130RME DERNE\\u011e\\u0130 TARAFINDAN \\u201cHAYATA YELKEN A\\u00c7\\u201d YELKEN YARI\\u015eININ 3\\u2019\\u00dcNC\\u00dcS\\u00dc D\\u00dcZENLEND\\u0130 ORGAN BA\\u011eI\\u015eI KONUSUNDA TOPLUMSAL FARKINDALIK OLU\\u015eTURULMAK \\u0130\\u00c7\\u0130N GER\\u00c7EKLE\\u015eT\\u0130R\\u0130LEN ETK\\u0130NL\\u0130K RENKL\\u0130 ANLARA SAHNE OLDU \\u00dcNL\\u00dc \\u0130S\\u0130MLER HAYATA YELKEN A\\u00c7TI&quot;,&quot;orientation&quot;:&quot;0&quot;}\" data-image-title=\"Kad\u0131k\u00f6y\u2019de yelkenler bu kez hayat i\u00e7in a\u00e7\u0131ld\u0131\" data-image-description=\"&lt;p&gt;Kad\u0131k\u00f6y\u2019de yelkenler bu kez hayat i\u00e7in a\u00e7\u0131ld\u0131&lt;\/p&gt; \" data-medium-file=\"https:\/\/i0.wp.com\/www.tvturk.com\/wp-content\/uploads\/2019\/04\/kadikoyde-yelkenler-bu-kez-hayat-icin-acildi_a612dec.jpg?fit=300%2C199\" data-large-file=\"https:\/\/i0.wp.com\/www.tvturk.com\/wp-content\/uploads\/2019\/04\/kadikoyde-yelkenler-bu-kez-hayat-icin-acildi_a612dec.jpg?fit=1000%2C664\" src=\"https:\/\/i0.wp.com\/www.tvturk.com\/wp-content\/uploads\/2019\/04\/kadikoyde-yelkenler-bu-kez-hayat-icin-acildi_a612dec.jpg?w=151&#038;h=100\" srcset=\"https:\/\/i0.wp.com\/www.tvturk.com\/wp-content\/uploads\/2019\/04\/kadikoyde-yelkenler-bu-kez-hayat-icin-acildi_a612dec.jpg?w=1000 1000w, https:\/\/i0.wp.com\/www.tvturk.com\/wp-content\/uploads\/2019\/04\/kadikoyde-yelkenler-bu-kez-hayat-icin-acildi_a612dec.jpg?resize=150%2C100 150w, https:\/\/i0.wp.com\/www.tvturk.com\/wp-content\/uploads\/2019\/04\/kadikoyde-yelkenler-bu-kez-hayat-icin-acildi_a612dec.jpg?resize=300%2C200 300w, https:\/\/i0.wp.com\/www.tvturk.com\/wp-content\/uploads\/2019\/04\/kadikoyde-yelkenler-bu-kez-hayat-icin-acildi_a612dec.jpg?resize=768%2C510 768w, https:\/\/i0.wp.com\/www.tvturk.com\/wp-content\/uploads\/2019\/04\/kadikoyde-yelkenler-bu-kez-hayat-icin-acildi_a612dec.jpg?resize=170%2C113 170w, https:\/\/i0.wp.com\/www.tvturk.com\/wp-content\/uploads\/2019\/04\/kadikoyde-yelkenler-bu-kez-hayat-icin-acildi_a612dec.jpg?resize=120%2C80 120w\" width=\"151\" height=\"100\" loading=\"lazy\" data-original-width=\"151\" data-original-height=\"100\" itemprop=\"http:\/\/schema.org\/image\" title=\"Kad\u0131k\u00f6y\u2019de yelkenler bu kez hayat i\u00e7in a\u00e7\u0131ld\u0131\" alt=\"Kad\u0131k\u00f6y\u2019de yelkenler bu kez hayat i\u00e7in a\u00e7\u0131ld\u0131\" style=\"width: 151px; height: 100px;\" \/> <\/a> <\/div> <\/div> <!-- close group --> <\/div> <!-- close row --> <div class=\"gallery-row\" style=\"width: 500px; height: 224px;\" data-original-width=\"500\" data-original-height=\"224\" > <div class=\"gallery-group images-2\" style=\"width: 169px; height: 224px;\" data-original-width=\"169\" data-original-height=\"224\" > <div class=\"tiled-gallery-item tiled-gallery-item-small\" itemprop=\"associatedMedia\" itemscope itemtype=\"http:\/\/schema.org\/ImageObject\"> <a href=\"http:\/\/www.tvturk.com\/index.php\/kadikoyde-yelkenler-bu-kez-hayat-icin-acildi\/kadikoyde-yelkenler-bu-kez-hayat-icin-acildi-6\/\" border=\"0\" itemprop=\"url\"> <meta itemprop=\"width\" content=\"165\"> <meta itemprop=\"height\" content=\"106\"> <img decoding=\"async\" class=\"\" data-attachment-id=\"146522\" data-orig-file=\"http:\/\/www.tvturk.com\/wp-content\/uploads\/2019\/04\/kadikoyde-yelkenler-bu-kez-hayat-icin-acildi_aa2750c.jpg\" data-orig-size=\"1000,644\" data-comments-opened=\"\" data-image-meta=\"{&quot;aperture&quot;:&quot;0&quot;,&quot;credit&quot;:&quot;IHA&quot;,&quot;camera&quot;:&quot;&quot;,&quot;caption&quot;:&quot;ORGAN NAK\\u0130LLER\\u0130 B\\u0130L\\u0130N\\u00c7LEND\\u0130RME VE GEL\\u0130\\u015eT\\u0130RME DERNE\\u011e\\u0130N\\u0130N GER\\u00c7EKLE\\u015eT\\u0130RD\\u0130\\u011e\\u0130N \\u201cHAYATA YELKEN A\\u00c7\\u201d YELKEN YARI\\u015eININ 3.\\u2019S\\u00dc GER\\u00c7EKLE\\u015eT\\u0130R\\u0130LD\\u0130. ORGAN BA\\u011eI\\u015eI KONUSUNDA TOPLUMSAL FARKINDALIK OLU\\u015eTURMAYI AMA\\u00c7LAYAN ETK\\u0130NL\\u0130\\u011eE \\u00dcNL\\u00dc S\\u0130MALAR DA KATILDI. (MET\\u0130N BA\\u015eAR\\\/\\u0130STANBUL-\\u0130HA)&quot;,&quot;created_timestamp&quot;:&quot;0&quot;,&quot;copyright&quot;:&quot;\\u0130HLAS HABER AJANSI, www.iha.com.tr&quot;,&quot;focal_length&quot;:&quot;0&quot;,&quot;iso&quot;:&quot;0&quot;,&quot;shutter_speed&quot;:&quot;0&quot;,&quot;title&quot;:&quot;KADIK\\u00d6Y\\u2019DE YELKENLER BU KEZ HAYAT \\u0130\\u00c7\\u0130N A\\u00c7ILDI ORGAN NAK\\u0130LLER\\u0130 B\\u0130L\\u0130N\\u00c7LEND\\u0130RME VE GEL\\u0130\\u015eT\\u0130RME DERNE\\u011e\\u0130 TARAFINDAN \\u201cHAYATA YELKEN A\\u00c7\\u201d YELKEN YARI\\u015eININ 3\\u2019\\u00dcNC\\u00dcS\\u00dc D\\u00dcZENLEND\\u0130 ORGAN BA\\u011eI\\u015eI KONUSUNDA TOPLUMSAL FARKINDALIK OLU\\u015eTURULMAK \\u0130\\u00c7\\u0130N GER\\u00c7EKLE\\u015eT\\u0130R\\u0130LEN ETK\\u0130NL\\u0130K RENKL\\u0130 ANLARA SAHNE OLDU \\u00dcNL\\u00dc \\u0130S\\u0130MLER HAYATA YELKEN A\\u00c7TI&quot;,&quot;orientation&quot;:&quot;0&quot;}\" data-image-title=\"Kad\u0131k\u00f6y\u2019de yelkenler bu kez hayat i\u00e7in a\u00e7\u0131ld\u0131\" data-image-description=\"&lt;p&gt;Kad\u0131k\u00f6y\u2019de yelkenler bu kez hayat i\u00e7in a\u00e7\u0131ld\u0131&lt;\/p&gt; \" data-medium-file=\"https:\/\/i0.wp.com\/www.tvturk.com\/wp-content\/uploads\/2019\/04\/kadikoyde-yelkenler-bu-kez-hayat-icin-acildi_aa2750c.jpg?fit=300%2C193\" data-large-file=\"https:\/\/i0.wp.com\/www.tvturk.com\/wp-content\/uploads\/2019\/04\/kadikoyde-yelkenler-bu-kez-hayat-icin-acildi_aa2750c.jpg?fit=1000%2C644\" src=\"https:\/\/i0.wp.com\/www.tvturk.com\/wp-content\/uploads\/2019\/04\/kadikoyde-yelkenler-bu-kez-hayat-icin-acildi_aa2750c.jpg?w=165&#038;h=106\" srcset=\"https:\/\/i0.wp.com\/www.tvturk.com\/wp-content\/uploads\/2019\/04\/kadikoyde-yelkenler-bu-kez-hayat-icin-acildi_aa2750c.jpg?w=1000 1000w, https:\/\/i0.wp.com\/www.tvturk.com\/wp-content\/uploads\/2019\/04\/kadikoyde-yelkenler-bu-kez-hayat-icin-acildi_aa2750c.jpg?resize=150%2C97 150w, https:\/\/i0.wp.com\/www.tvturk.com\/wp-content\/uploads\/2019\/04\/kadikoyde-yelkenler-bu-kez-hayat-icin-acildi_aa2750c.jpg?resize=300%2C193 300w, https:\/\/i0.wp.com\/www.tvturk.com\/wp-content\/uploads\/2019\/04\/kadikoyde-yelkenler-bu-kez-hayat-icin-acildi_aa2750c.jpg?resize=768%2C495 768w, https:\/\/i0.wp.com\/www.tvturk.com\/wp-content\/uploads\/2019\/04\/kadikoyde-yelkenler-bu-kez-hayat-icin-acildi_aa2750c.jpg?resize=510%2C330 510w\" width=\"165\" height=\"106\" loading=\"lazy\" data-original-width=\"165\" data-original-height=\"106\" itemprop=\"http:\/\/schema.org\/image\" title=\"Kad\u0131k\u00f6y\u2019de yelkenler bu kez hayat i\u00e7in a\u00e7\u0131ld\u0131\" alt=\"Kad\u0131k\u00f6y\u2019de yelkenler bu kez hayat i\u00e7in a\u00e7\u0131ld\u0131\" style=\"width: 165px; height: 106px;\" \/> <\/a> <\/div> <div class=\"tiled-gallery-item tiled-gallery-item-small\" itemprop=\"associatedMedia\" itemscope itemtype=\"http:\/\/schema.org\/ImageObject\"> <a href=\"http:\/\/www.tvturk.com\/index.php\/kadikoyde-yelkenler-bu-kez-hayat-icin-acildi\/kadikoyde-yelkenler-bu-kez-hayat-icin-acildi-7\/\" border=\"0\" itemprop=\"url\"> <meta itemprop=\"width\" content=\"165\"> <meta itemprop=\"height\" content=\"110\"> <img decoding=\"async\" class=\"\" data-attachment-id=\"146523\" data-orig-file=\"http:\/\/www.tvturk.com\/wp-content\/uploads\/2019\/04\/kadikoyde-yelkenler-bu-kez-hayat-icin-acildi_3ef6b61.jpg\" data-orig-size=\"1000,664\" data-comments-opened=\"\" data-image-meta=\"{&quot;aperture&quot;:&quot;0&quot;,&quot;credit&quot;:&quot;IHA&quot;,&quot;camera&quot;:&quot;&quot;,&quot;caption&quot;:&quot;ORGAN NAK\\u0130LLER\\u0130 B\\u0130L\\u0130N\\u00c7LEND\\u0130RME VE GEL\\u0130\\u015eT\\u0130RME DERNE\\u011e\\u0130N\\u0130N GER\\u00c7EKLE\\u015eT\\u0130RD\\u0130\\u011e\\u0130 VE ORGAN BA\\u011eI\\u015eI KONUSUNDA EN \\u00d6NEML\\u0130 ORGAN\\u0130ZASYONLARDAN B\\u0130R\\u0130S\\u0130 OLAN \\u201cHAYATA YELKEN A\\u00c7\\u201d ETK\\u0130NL\\u0130\\u011e\\u0130NE B\\u0130R\\u00c7OK SANAT\\u00c7I VE SPORCU KATILARAK ORGAN NAKL\\u0130 KONUSUNDA D\\u0130KKAT \\u00c7EKMEYE \\u00c7ALI\\u015eTI. (MET\\u0130N BA\\u015eAR\\\/\\u0130STANBUL-\\u0130HA)&quot;,&quot;created_timestamp&quot;:&quot;0&quot;,&quot;copyright&quot;:&quot;\\u0130HLAS HABER AJANSI, www.iha.com.tr&quot;,&quot;focal_length&quot;:&quot;0&quot;,&quot;iso&quot;:&quot;0&quot;,&quot;shutter_speed&quot;:&quot;0&quot;,&quot;title&quot;:&quot;KADIK\\u00d6Y\\u2019DE YELKENLER BU KEZ HAYAT \\u0130\\u00c7\\u0130N A\\u00c7ILDI ORGAN NAK\\u0130LLER\\u0130 B\\u0130L\\u0130N\\u00c7LEND\\u0130RME VE GEL\\u0130\\u015eT\\u0130RME DERNE\\u011e\\u0130 TARAFINDAN \\u201cHAYATA YELKEN A\\u00c7\\u201d YELKEN YARI\\u015eININ 3\\u2019\\u00dcNC\\u00dcS\\u00dc D\\u00dcZENLEND\\u0130 ORGAN BA\\u011eI\\u015eI KONUSUNDA TOPLUMSAL FARKINDALIK OLU\\u015eTURULMAK \\u0130\\u00c7\\u0130N GER\\u00c7EKLE\\u015eT\\u0130R\\u0130LEN ETK\\u0130NL\\u0130K RENKL\\u0130 ANLARA SAHNE OLDU \\u00dcNL\\u00dc \\u0130S\\u0130MLER HAYATA YELKEN A\\u00c7TI&quot;,&quot;orientation&quot;:&quot;0&quot;}\" data-image-title=\"Kad\u0131k\u00f6y\u2019de yelkenler bu kez hayat i\u00e7in a\u00e7\u0131ld\u0131\" data-image-description=\"&lt;p&gt;Kad\u0131k\u00f6y\u2019de yelkenler bu kez hayat i\u00e7in a\u00e7\u0131ld\u0131&lt;\/p&gt; \" data-medium-file=\"https:\/\/i0.wp.com\/www.tvturk.com\/wp-content\/uploads\/2019\/04\/kadikoyde-yelkenler-bu-kez-hayat-icin-acildi_3ef6b61.jpg?fit=300%2C199\" data-large-file=\"https:\/\/i0.wp.com\/www.tvturk.com\/wp-content\/uploads\/2019\/04\/kadikoyde-yelkenler-bu-kez-hayat-icin-acildi_3ef6b61.jpg?fit=1000%2C664\" src=\"https:\/\/i0.wp.com\/www.tvturk.com\/wp-content\/uploads\/2019\/04\/kadikoyde-yelkenler-bu-kez-hayat-icin-acildi_3ef6b61.jpg?w=165&#038;h=110\" srcset=\"https:\/\/i0.wp.com\/www.tvturk.com\/wp-content\/uploads\/2019\/04\/kadikoyde-yelkenler-bu-kez-hayat-icin-acildi_3ef6b61.jpg?w=1000 1000w, https:\/\/i0.wp.com\/www.tvturk.com\/wp-content\/uploads\/2019\/04\/kadikoyde-yelkenler-bu-kez-hayat-icin-acildi_3ef6b61.jpg?resize=150%2C100 150w, https:\/\/i0.wp.com\/www.tvturk.com\/wp-content\/uploads\/2019\/04\/kadikoyde-yelkenler-bu-kez-hayat-icin-acildi_3ef6b61.jpg?resize=300%2C200 300w, https:\/\/i0.wp.com\/www.tvturk.com\/wp-content\/uploads\/2019\/04\/kadikoyde-yelkenler-bu-kez-hayat-icin-acildi_3ef6b61.jpg?resize=768%2C510 768w, https:\/\/i0.wp.com\/www.tvturk.com\/wp-content\/uploads\/2019\/04\/kadikoyde-yelkenler-bu-kez-hayat-icin-acildi_3ef6b61.jpg?resize=170%2C113 170w, https:\/\/i0.wp.com\/www.tvturk.com\/wp-content\/uploads\/2019\/04\/kadikoyde-yelkenler-bu-kez-hayat-icin-acildi_3ef6b61.jpg?resize=120%2C80 120w\" width=\"165\" height=\"110\" loading=\"lazy\" data-original-width=\"165\" data-original-height=\"110\" itemprop=\"http:\/\/schema.org\/image\" title=\"Kad\u0131k\u00f6y\u2019de yelkenler bu kez hayat i\u00e7in a\u00e7\u0131ld\u0131\" alt=\"Kad\u0131k\u00f6y\u2019de yelkenler bu kez hayat i\u00e7in a\u00e7\u0131ld\u0131\" style=\"width: 165px; height: 110px;\" \/> <\/a> <\/div> <\/div> <!-- close group --> <div class=\"gallery-group images-1\" style=\"width: 331px; height: 224px;\" data-original-width=\"331\" data-original-height=\"224\" > <div class=\"tiled-gallery-item tiled-gallery-item-large\" itemprop=\"associatedMedia\" itemscope itemtype=\"http:\/\/schema.org\/ImageObject\"> <a href=\"http:\/\/www.tvturk.com\/index.php\/kadikoyde-yelkenler-bu-kez-hayat-icin-acildi\/kadikoyde-yelkenler-bu-kez-hayat-icin-acildi-8\/\" border=\"0\" itemprop=\"url\"> <meta itemprop=\"width\" content=\"327\"> <meta itemprop=\"height\" content=\"220\"> <img decoding=\"async\" class=\"\" data-attachment-id=\"146524\" data-orig-file=\"http:\/\/www.tvturk.com\/wp-content\/uploads\/2019\/04\/kadikoyde-yelkenler-bu-kez-hayat-icin-acildi_e86157b.jpg\" data-orig-size=\"1000,673\" data-comments-opened=\"\" data-image-meta=\"{&quot;aperture&quot;:&quot;0&quot;,&quot;credit&quot;:&quot;IHA&quot;,&quot;camera&quot;:&quot;&quot;,&quot;caption&quot;:&quot;ORGAN NAK\\u0130LLER\\u0130 B\\u0130L\\u0130N\\u00c7LEND\\u0130RME VE GEL\\u0130\\u015eT\\u0130RME DERNE\\u011e\\u0130N\\u0130N GER\\u00c7EKLE\\u015eT\\u0130RD\\u0130\\u011e\\u0130 VE ORGAN BA\\u011eI\\u015eI KONUSUNDA EN \\u00d6NEML\\u0130 ORGAN\\u0130ZASYONLARDAN B\\u0130R\\u0130S\\u0130 OLAN \\u201cHAYATA YELKEN A\\u00c7\\u201d ETK\\u0130NL\\u0130\\u011e\\u0130NE B\\u0130R\\u00c7OK SANAT\\u00c7I VE SPORCU KATILARAK ORGAN NAKL\\u0130 KONUSUNDA D\\u0130KKAT \\u00c7EKMEYE \\u00c7ALI\\u015eTI. (MET\\u0130N BA\\u015eAR\\\/\\u0130STANBUL-\\u0130HA)&quot;,&quot;created_timestamp&quot;:&quot;0&quot;,&quot;copyright&quot;:&quot;\\u0130HLAS HABER AJANSI, www.iha.com.tr&quot;,&quot;focal_length&quot;:&quot;0&quot;,&quot;iso&quot;:&quot;0&quot;,&quot;shutter_speed&quot;:&quot;0&quot;,&quot;title&quot;:&quot;KADIK\\u00d6Y\\u2019DE YELKENLER BU KEZ HAYAT \\u0130\\u00c7\\u0130N A\\u00c7ILDI ORGAN NAK\\u0130LLER\\u0130 B\\u0130L\\u0130N\\u00c7LEND\\u0130RME VE GEL\\u0130\\u015eT\\u0130RME DERNE\\u011e\\u0130 TARAFINDAN \\u201cHAYATA YELKEN A\\u00c7\\u201d YELKEN YARI\\u015eININ 3\\u2019\\u00dcNC\\u00dcS\\u00dc D\\u00dcZENLEND\\u0130 ORGAN BA\\u011eI\\u015eI KONUSUNDA TOPLUMSAL FARKINDALIK OLU\\u015eTURULMAK \\u0130\\u00c7\\u0130N GER\\u00c7EKLE\\u015eT\\u0130R\\u0130LEN ETK\\u0130NL\\u0130K RENKL\\u0130 ANLARA SAHNE OLDU \\u00dcNL\\u00dc \\u0130S\\u0130MLER HAYATA YELKEN A\\u00c7TI&quot;,&quot;orientation&quot;:&quot;0&quot;}\" data-image-title=\"Kad\u0131k\u00f6y\u2019de yelkenler bu kez hayat i\u00e7in a\u00e7\u0131ld\u0131\" data-image-description=\"&lt;p&gt;Kad\u0131k\u00f6y\u2019de yelkenler bu kez hayat i\u00e7in a\u00e7\u0131ld\u0131&lt;\/p&gt; \" data-medium-file=\"https:\/\/i0.wp.com\/www.tvturk.com\/wp-content\/uploads\/2019\/04\/kadikoyde-yelkenler-bu-kez-hayat-icin-acildi_e86157b.jpg?fit=300%2C202\" data-large-file=\"https:\/\/i0.wp.com\/www.tvturk.com\/wp-content\/uploads\/2019\/04\/kadikoyde-yelkenler-bu-kez-hayat-icin-acildi_e86157b.jpg?fit=1000%2C673\" src=\"https:\/\/i0.wp.com\/www.tvturk.com\/wp-content\/uploads\/2019\/04\/kadikoyde-yelkenler-bu-kez-hayat-icin-acildi_e86157b.jpg?w=327&#038;h=220\" srcset=\"https:\/\/i0.wp.com\/www.tvturk.com\/wp-content\/uploads\/2019\/04\/kadikoyde-yelkenler-bu-kez-hayat-icin-acildi_e86157b.jpg?w=1000 1000w, https:\/\/i0.wp.com\/www.tvturk.com\/wp-content\/uploads\/2019\/04\/kadikoyde-yelkenler-bu-kez-hayat-icin-acildi_e86157b.jpg?resize=150%2C101 150w, https:\/\/i0.wp.com\/www.tvturk.com\/wp-content\/uploads\/2019\/04\/kadikoyde-yelkenler-bu-kez-hayat-icin-acildi_e86157b.jpg?resize=300%2C202 300w, https:\/\/i0.wp.com\/www.tvturk.com\/wp-content\/uploads\/2019\/04\/kadikoyde-yelkenler-bu-kez-hayat-icin-acildi_e86157b.jpg?resize=768%2C517 768w, https:\/\/i0.wp.com\/www.tvturk.com\/wp-content\/uploads\/2019\/04\/kadikoyde-yelkenler-bu-kez-hayat-icin-acildi_e86157b.jpg?resize=170%2C113 170w, https:\/\/i0.wp.com\/www.tvturk.com\/wp-content\/uploads\/2019\/04\/kadikoyde-yelkenler-bu-kez-hayat-icin-acildi_e86157b.jpg?resize=120%2C80 120w, https:\/\/i0.wp.com\/www.tvturk.com\/wp-content\/uploads\/2019\/04\/kadikoyde-yelkenler-bu-kez-hayat-icin-acildi_e86157b.jpg?resize=80%2C55 80w\" width=\"327\" height=\"220\" loading=\"lazy\" data-original-width=\"327\" data-original-height=\"220\" itemprop=\"http:\/\/schema.org\/image\" title=\"Kad\u0131k\u00f6y\u2019de yelkenler bu kez hayat i\u00e7in a\u00e7\u0131ld\u0131\" alt=\"Kad\u0131k\u00f6y\u2019de yelkenler bu kez hayat i\u00e7in a\u00e7\u0131ld\u0131\" style=\"width: 327px; height: 220px;\" \/> <\/a> <\/div> <\/div> <!-- close group --> <\/div> <!-- close row --> <div class=\"gallery-row\" style=\"width: 500px; height: 112px;\" data-original-width=\"500\" data-original-height=\"112\" > <div class=\"gallery-group images-1\" style=\"width: 167px; height: 112px;\" data-original-width=\"167\" data-original-height=\"112\" > <div class=\"tiled-gallery-item tiled-gallery-item-small\" itemprop=\"associatedMedia\" itemscope itemtype=\"http:\/\/schema.org\/ImageObject\"> <a href=\"http:\/\/www.tvturk.com\/index.php\/kadikoyde-yelkenler-bu-kez-hayat-icin-acildi\/kadikoyde-yelkenler-bu-kez-hayat-icin-acildi-9\/\" border=\"0\" itemprop=\"url\"> <meta itemprop=\"width\" content=\"163\"> <meta itemprop=\"height\" content=\"108\"> <img decoding=\"async\" class=\"\" data-attachment-id=\"146525\" data-orig-file=\"http:\/\/www.tvturk.com\/wp-content\/uploads\/2019\/04\/kadikoyde-yelkenler-bu-kez-hayat-icin-acildi_d47d412.jpg\" data-orig-size=\"1000,664\" data-comments-opened=\"\" data-image-meta=\"{&quot;aperture&quot;:&quot;0&quot;,&quot;credit&quot;:&quot;IHA&quot;,&quot;camera&quot;:&quot;&quot;,&quot;caption&quot;:&quot;ORGAN NAK\\u0130LLER\\u0130 B\\u0130L\\u0130N\\u00c7LEND\\u0130RME VE GEL\\u0130\\u015eT\\u0130RME DERNE\\u011e\\u0130N\\u0130N GER\\u00c7EKLE\\u015eT\\u0130RD\\u0130\\u011e\\u0130N \\u201cHAYATA YELKEN A\\u00c7\\u201d YELKEN YARI\\u015eININ 3.\\u2019S\\u00dc GER\\u00c7EKLE\\u015eT\\u0130R\\u0130LD\\u0130. ORGAN BA\\u011eI\\u015eI KONUSUNDA TOPLUMSAL FARKINDALIK OLU\\u015eTURMAYI AMA\\u00c7LAYAN ETK\\u0130NL\\u0130\\u011eE \\u00dcNL\\u00dc S\\u0130MALAR DA KATILDI. (MET\\u0130N BA\\u015eAR\\\/\\u0130STANBUL-\\u0130HA)&quot;,&quot;created_timestamp&quot;:&quot;0&quot;,&quot;copyright&quot;:&quot;\\u0130HLAS HABER AJANSI, www.iha.com.tr&quot;,&quot;focal_length&quot;:&quot;0&quot;,&quot;iso&quot;:&quot;0&quot;,&quot;shutter_speed&quot;:&quot;0&quot;,&quot;title&quot;:&quot;KADIK\\u00d6Y\\u2019DE YELKENLER BU KEZ HAYAT \\u0130\\u00c7\\u0130N A\\u00c7ILDI ORGAN NAK\\u0130LLER\\u0130 B\\u0130L\\u0130N\\u00c7LEND\\u0130RME VE GEL\\u0130\\u015eT\\u0130RME DERNE\\u011e\\u0130 TARAFINDAN \\u201cHAYATA YELKEN A\\u00c7\\u201d YELKEN YARI\\u015eININ 3\\u2019\\u00dcNC\\u00dcS\\u00dc D\\u00dcZENLEND\\u0130 ORGAN BA\\u011eI\\u015eI KONUSUNDA TOPLUMSAL FARKINDALIK OLU\\u015eTURULMAK \\u0130\\u00c7\\u0130N GER\\u00c7EKLE\\u015eT\\u0130R\\u0130LEN ETK\\u0130NL\\u0130K RENKL\\u0130 ANLARA SAHNE OLDU \\u00dcNL\\u00dc \\u0130S\\u0130MLER HAYATA YELKEN A\\u00c7TI&quot;,&quot;orientation&quot;:&quot;0&quot;}\" data-image-title=\"Kad\u0131k\u00f6y\u2019de yelkenler bu kez hayat i\u00e7in a\u00e7\u0131ld\u0131\" data-image-description=\"&lt;p&gt;Kad\u0131k\u00f6y\u2019de yelkenler bu kez hayat i\u00e7in a\u00e7\u0131ld\u0131&lt;\/p&gt; \" data-medium-file=\"https:\/\/i0.wp.com\/www.tvturk.com\/wp-content\/uploads\/2019\/04\/kadikoyde-yelkenler-bu-kez-hayat-icin-acildi_d47d412.jpg?fit=300%2C199\" data-large-file=\"https:\/\/i0.wp.com\/www.tvturk.com\/wp-content\/uploads\/2019\/04\/kadikoyde-yelkenler-bu-kez-hayat-icin-acildi_d47d412.jpg?fit=1000%2C664\" src=\"https:\/\/i0.wp.com\/www.tvturk.com\/wp-content\/uploads\/2019\/04\/kadikoyde-yelkenler-bu-kez-hayat-icin-acildi_d47d412.jpg?w=163&#038;h=108\" srcset=\"https:\/\/i0.wp.com\/www.tvturk.com\/wp-content\/uploads\/2019\/04\/kadikoyde-yelkenler-bu-kez-hayat-icin-acildi_d47d412.jpg?w=1000 1000w, https:\/\/i0.wp.com\/www.tvturk.com\/wp-content\/uploads\/2019\/04\/kadikoyde-yelkenler-bu-kez-hayat-icin-acildi_d47d412.jpg?resize=150%2C100 150w, https:\/\/i0.wp.com\/www.tvturk.com\/wp-content\/uploads\/2019\/04\/kadikoyde-yelkenler-bu-kez-hayat-icin-acildi_d47d412.jpg?resize=300%2C200 300w, https:\/\/i0.wp.com\/www.tvturk.com\/wp-content\/uploads\/2019\/04\/kadikoyde-yelkenler-bu-kez-hayat-icin-acildi_d47d412.jpg?resize=768%2C510 768w, https:\/\/i0.wp.com\/www.tvturk.com\/wp-content\/uploads\/2019\/04\/kadikoyde-yelkenler-bu-kez-hayat-icin-acildi_d47d412.jpg?resize=170%2C113 170w, https:\/\/i0.wp.com\/www.tvturk.com\/wp-content\/uploads\/2019\/04\/kadikoyde-yelkenler-bu-kez-hayat-icin-acildi_d47d412.jpg?resize=120%2C80 120w\" width=\"163\" height=\"108\" loading=\"lazy\" data-original-width=\"163\" data-original-height=\"108\" itemprop=\"http:\/\/schema.org\/image\" title=\"Kad\u0131k\u00f6y\u2019de yelkenler bu kez hayat i\u00e7in a\u00e7\u0131ld\u0131\" alt=\"Kad\u0131k\u00f6y\u2019de yelkenler bu kez hayat i\u00e7in a\u00e7\u0131ld\u0131\" style=\"width: 163px; height: 108px;\" \/> <\/a> <\/div> <\/div> <!-- close group --> <div class=\"gallery-group images-1\" style=\"width: 167px; height: 112px;\" data-original-width=\"167\" data-original-height=\"112\" > <div class=\"tiled-gallery-item tiled-gallery-item-small\" itemprop=\"associatedMedia\" itemscope itemtype=\"http:\/\/schema.org\/ImageObject\"> <a href=\"http:\/\/www.tvturk.com\/index.php\/kadikoyde-yelkenler-bu-kez-hayat-icin-acildi\/kadikoyde-yelkenler-bu-kez-hayat-icin-acildi-10\/\" border=\"0\" itemprop=\"url\"> <meta itemprop=\"width\" content=\"163\"> <meta itemprop=\"height\" content=\"108\"> <img decoding=\"async\" class=\"\" data-attachment-id=\"146526\" data-orig-file=\"http:\/\/www.tvturk.com\/wp-content\/uploads\/2019\/04\/kadikoyde-yelkenler-bu-kez-hayat-icin-acildi_b990c9d.jpg\" data-orig-size=\"1000,664\" data-comments-opened=\"\" data-image-meta=\"{&quot;aperture&quot;:&quot;0&quot;,&quot;credit&quot;:&quot;IHA&quot;,&quot;camera&quot;:&quot;&quot;,&quot;caption&quot;:&quot;ORGAN NAK\\u0130LLER\\u0130 B\\u0130L\\u0130N\\u00c7LEND\\u0130RME VE GEL\\u0130\\u015eT\\u0130RME DERNE\\u011e\\u0130N\\u0130N GER\\u00c7EKLE\\u015eT\\u0130RD\\u0130\\u011e\\u0130N \\u201cHAYATA YELKEN A\\u00c7\\u201d YELKEN YARI\\u015eININ 3.\\u2019S\\u00dc GER\\u00c7EKLE\\u015eT\\u0130R\\u0130LD\\u0130. ORGAN BA\\u011eI\\u015eI KONUSUNDA TOPLUMSAL FARKINDALIK OLU\\u015eTURMAYI AMA\\u00c7LAYAN ETK\\u0130NL\\u0130\\u011eE \\u00dcNL\\u00dc S\\u0130MALAR DA KATILDI. (MET\\u0130N BA\\u015eAR\\\/\\u0130STANBUL-\\u0130HA)&quot;,&quot;created_timestamp&quot;:&quot;0&quot;,&quot;copyright&quot;:&quot;\\u0130HLAS HABER AJANSI, www.iha.com.tr&quot;,&quot;focal_length&quot;:&quot;0&quot;,&quot;iso&quot;:&quot;0&quot;,&quot;shutter_speed&quot;:&quot;0&quot;,&quot;title&quot;:&quot;KADIK\\u00d6Y\\u2019DE YELKENLER BU KEZ HAYAT \\u0130\\u00c7\\u0130N A\\u00c7ILDI ORGAN NAK\\u0130LLER\\u0130 B\\u0130L\\u0130N\\u00c7LEND\\u0130RME VE GEL\\u0130\\u015eT\\u0130RME DERNE\\u011e\\u0130 TARAFINDAN \\u201cHAYATA YELKEN A\\u00c7\\u201d YELKEN YARI\\u015eININ 3\\u2019\\u00dcNC\\u00dcS\\u00dc D\\u00dcZENLEND\\u0130 ORGAN BA\\u011eI\\u015eI KONUSUNDA TOPLUMSAL FARKINDALIK OLU\\u015eTURULMAK \\u0130\\u00c7\\u0130N GER\\u00c7EKLE\\u015eT\\u0130R\\u0130LEN ETK\\u0130NL\\u0130K RENKL\\u0130 ANLARA SAHNE OLDU \\u00dcNL\\u00dc \\u0130S\\u0130MLER HAYATA YELKEN A\\u00c7TI&quot;,&quot;orientation&quot;:&quot;0&quot;}\" data-image-title=\"Kad\u0131k\u00f6y\u2019de yelkenler bu kez hayat i\u00e7in a\u00e7\u0131ld\u0131\" data-image-description=\"&lt;p&gt;Kad\u0131k\u00f6y\u2019de yelkenler bu kez hayat i\u00e7in a\u00e7\u0131ld\u0131&lt;\/p&gt; \" data-medium-file=\"https:\/\/i0.wp.com\/www.tvturk.com\/wp-content\/uploads\/2019\/04\/kadikoyde-yelkenler-bu-kez-hayat-icin-acildi_b990c9d.jpg?fit=300%2C199\" data-large-file=\"https:\/\/i0.wp.com\/www.tvturk.com\/wp-content\/uploads\/2019\/04\/kadikoyde-yelkenler-bu-kez-hayat-icin-acildi_b990c9d.jpg?fit=1000%2C664\" src=\"https:\/\/i0.wp.com\/www.tvturk.com\/wp-content\/uploads\/2019\/04\/kadikoyde-yelkenler-bu-kez-hayat-icin-acildi_b990c9d.jpg?w=163&#038;h=108\" srcset=\"https:\/\/i0.wp.com\/www.tvturk.com\/wp-content\/uploads\/2019\/04\/kadikoyde-yelkenler-bu-kez-hayat-icin-acildi_b990c9d.jpg?w=1000 1000w, https:\/\/i0.wp.com\/www.tvturk.com\/wp-content\/uploads\/2019\/04\/kadikoyde-yelkenler-bu-kez-hayat-icin-acildi_b990c9d.jpg?resize=150%2C100 150w, https:\/\/i0.wp.com\/www.tvturk.com\/wp-content\/uploads\/2019\/04\/kadikoyde-yelkenler-bu-kez-hayat-icin-acildi_b990c9d.jpg?resize=300%2C200 300w, https:\/\/i0.wp.com\/www.tvturk.com\/wp-content\/uploads\/2019\/04\/kadikoyde-yelkenler-bu-kez-hayat-icin-acildi_b990c9d.jpg?resize=768%2C510 768w, https:\/\/i0.wp.com\/www.tvturk.com\/wp-content\/uploads\/2019\/04\/kadikoyde-yelkenler-bu-kez-hayat-icin-acildi_b990c9d.jpg?resize=170%2C113 170w, https:\/\/i0.wp.com\/www.tvturk.com\/wp-content\/uploads\/2019\/04\/kadikoyde-yelkenler-bu-kez-hayat-icin-acildi_b990c9d.jpg?resize=120%2C80 120w\" width=\"163\" height=\"108\" loading=\"lazy\" data-original-width=\"163\" data-original-height=\"108\" itemprop=\"http:\/\/schema.org\/image\" title=\"Kad\u0131k\u00f6y\u2019de yelkenler bu kez hayat i\u00e7in a\u00e7\u0131ld\u0131\" alt=\"Kad\u0131k\u00f6y\u2019de yelkenler bu kez hayat i\u00e7in a\u00e7\u0131ld\u0131\" style=\"width: 163px; height: 108px;\" \/> <\/a> <\/div> <\/div> <!-- close group --> <div class=\"gallery-group images-1\" style=\"width: 166px; height: 112px;\" data-original-width=\"166\" data-original-height=\"112\" > <div class=\"tiled-gallery-item tiled-gallery-item-small\" itemprop=\"associatedMedia\" itemscope itemtype=\"http:\/\/schema.org\/ImageObject\"> <a href=\"http:\/\/www.tvturk.com\/index.php\/kadikoyde-yelkenler-bu-kez-hayat-icin-acildi\/kadikoyde-yelkenler-bu-kez-hayat-icin-acildi-11\/\" border=\"0\" itemprop=\"url\"> <meta itemprop=\"width\" content=\"162\"> <meta itemprop=\"height\" content=\"108\"> <img decoding=\"async\" class=\"\" data-attachment-id=\"146527\" data-orig-file=\"http:\/\/www.tvturk.com\/wp-content\/uploads\/2019\/04\/kadikoyde-yelkenler-bu-kez-hayat-icin-acildi_29eae7a.jpg\" data-orig-size=\"1000,664\" data-comments-opened=\"\" data-image-meta=\"{&quot;aperture&quot;:&quot;0&quot;,&quot;credit&quot;:&quot;IHA&quot;,&quot;camera&quot;:&quot;&quot;,&quot;caption&quot;:&quot;ORGAN NAK\\u0130LLER\\u0130 B\\u0130L\\u0130N\\u00c7LEND\\u0130RME VE GEL\\u0130\\u015eT\\u0130RME DERNE\\u011e\\u0130N\\u0130N GER\\u00c7EKLE\\u015eT\\u0130RD\\u0130\\u011e\\u0130N \\u201cHAYATA YELKEN A\\u00c7\\u201d YELKEN YARI\\u015eININ 3.\\u2019S\\u00dc GER\\u00c7EKLE\\u015eT\\u0130R\\u0130LD\\u0130. ORGAN BA\\u011eI\\u015eI KONUSUNDA TOPLUMSAL FARKINDALIK OLU\\u015eTURMAYI AMA\\u00c7LAYAN ETK\\u0130NL\\u0130\\u011eE \\u00dcNL\\u00dc S\\u0130MALAR DA KATILDI. (MET\\u0130N BA\\u015eAR\\\/\\u0130STANBUL-\\u0130HA)&quot;,&quot;created_timestamp&quot;:&quot;0&quot;,&quot;copyright&quot;:&quot;\\u0130HLAS HABER AJANSI, www.iha.com.tr&quot;,&quot;focal_length&quot;:&quot;0&quot;,&quot;iso&quot;:&quot;0&quot;,&quot;shutter_speed&quot;:&quot;0&quot;,&quot;title&quot;:&quot;KADIK\\u00d6Y\\u2019DE YELKENLER BU KEZ HAYAT \\u0130\\u00c7\\u0130N A\\u00c7ILDI ORGAN NAK\\u0130LLER\\u0130 B\\u0130L\\u0130N\\u00c7LEND\\u0130RME VE GEL\\u0130\\u015eT\\u0130RME DERNE\\u011e\\u0130 TARAFINDAN \\u201cHAYATA YELKEN A\\u00c7\\u201d YELKEN YARI\\u015eININ 3\\u2019\\u00dcNC\\u00dcS\\u00dc D\\u00dcZENLEND\\u0130 ORGAN BA\\u011eI\\u015eI KONUSUNDA TOPLUMSAL FARKINDALIK OLU\\u015eTURULMAK \\u0130\\u00c7\\u0130N GER\\u00c7EKLE\\u015eT\\u0130R\\u0130LEN ETK\\u0130NL\\u0130K RENKL\\u0130 ANLARA SAHNE OLDU \\u00dcNL\\u00dc \\u0130S\\u0130MLER HAYATA YELKEN A\\u00c7TI&quot;,&quot;orientation&quot;:&quot;0&quot;}\" data-image-title=\"Kad\u0131k\u00f6y\u2019de yelkenler bu kez hayat i\u00e7in a\u00e7\u0131ld\u0131\" data-image-description=\"&lt;p&gt;Kad\u0131k\u00f6y\u2019de yelkenler bu kez hayat i\u00e7in a\u00e7\u0131ld\u0131&lt;\/p&gt; \" data-medium-file=\"https:\/\/i0.wp.com\/www.tvturk.com\/wp-content\/uploads\/2019\/04\/kadikoyde-yelkenler-bu-kez-hayat-icin-acildi_29eae7a.jpg?fit=300%2C199\" data-large-file=\"https:\/\/i0.wp.com\/www.tvturk.com\/wp-content\/uploads\/2019\/04\/kadikoyde-yelkenler-bu-kez-hayat-icin-acildi_29eae7a.jpg?fit=1000%2C664\" src=\"https:\/\/i0.wp.com\/www.tvturk.com\/wp-content\/uploads\/2019\/04\/kadikoyde-yelkenler-bu-kez-hayat-icin-acildi_29eae7a.jpg?w=162&#038;h=108\" srcset=\"https:\/\/i0.wp.com\/www.tvturk.com\/wp-content\/uploads\/2019\/04\/kadikoyde-yelkenler-bu-kez-hayat-icin-acildi_29eae7a.jpg?w=1000 1000w, https:\/\/i0.wp.com\/www.tvturk.com\/wp-content\/uploads\/2019\/04\/kadikoyde-yelkenler-bu-kez-hayat-icin-acildi_29eae7a.jpg?resize=150%2C100 150w, https:\/\/i0.wp.com\/www.tvturk.com\/wp-content\/uploads\/2019\/04\/kadikoyde-yelkenler-bu-kez-hayat-icin-acildi_29eae7a.jpg?resize=300%2C200 300w, https:\/\/i0.wp.com\/www.tvturk.com\/wp-content\/uploads\/2019\/04\/kadikoyde-yelkenler-bu-kez-hayat-icin-acildi_29eae7a.jpg?resize=768%2C510 768w, https:\/\/i0.wp.com\/www.tvturk.com\/wp-content\/uploads\/2019\/04\/kadikoyde-yelkenler-bu-kez-hayat-icin-acildi_29eae7a.jpg?resize=170%2C113 170w, https:\/\/i0.wp.com\/www.tvturk.com\/wp-content\/uploads\/2019\/04\/kadikoyde-yelkenler-bu-kez-hayat-icin-acildi_29eae7a.jpg?resize=120%2C80 120w\" width=\"162\" height=\"108\" loading=\"lazy\" data-original-width=\"162\" data-original-height=\"108\" itemprop=\"http:\/\/schema.org\/image\" title=\"Kad\u0131k\u00f6y\u2019de yelkenler bu kez hayat i\u00e7in a\u00e7\u0131ld\u0131\" alt=\"Kad\u0131k\u00f6y\u2019de yelkenler bu kez hayat i\u00e7in a\u00e7\u0131ld\u0131\" style=\"width: 162px; height: 108px;\" \/> <\/a> <\/div> <\/div> <!-- close group --> <\/div> <!-- close row --> <div class=\"gallery-row\" style=\"width: 500px; height: 107px;\" data-original-width=\"500\" data-original-height=\"107\" > <div class=\"gallery-group images-1\" style=\"width: 159px; height: 107px;\" data-original-width=\"159\" data-original-height=\"107\" > <div class=\"tiled-gallery-item tiled-gallery-item-small\" itemprop=\"associatedMedia\" itemscope itemtype=\"http:\/\/schema.org\/ImageObject\"> <a href=\"http:\/\/www.tvturk.com\/index.php\/kadikoyde-yelkenler-bu-kez-hayat-icin-acildi\/kadikoyde-yelkenler-bu-kez-hayat-icin-acildi-12\/\" border=\"0\" itemprop=\"url\"> <meta itemprop=\"width\" content=\"155\"> <meta itemprop=\"height\" content=\"103\"> <img decoding=\"async\" class=\"\" data-attachment-id=\"146528\" data-orig-file=\"http:\/\/www.tvturk.com\/wp-content\/uploads\/2019\/04\/kadikoyde-yelkenler-bu-kez-hayat-icin-acildi_71b5ec1.jpg\" data-orig-size=\"1000,664\" data-comments-opened=\"\" data-image-meta=\"{&quot;aperture&quot;:&quot;0&quot;,&quot;credit&quot;:&quot;IHA&quot;,&quot;camera&quot;:&quot;&quot;,&quot;caption&quot;:&quot;ORGAN NAK\\u0130LLER\\u0130 B\\u0130L\\u0130N\\u00c7LEND\\u0130RME VE GEL\\u0130\\u015eT\\u0130RME DERNE\\u011e\\u0130N\\u0130N GER\\u00c7EKLE\\u015eT\\u0130RD\\u0130\\u011e\\u0130N \\u201cHAYATA YELKEN A\\u00c7\\u201d YELKEN YARI\\u015eININ 3.\\u2019S\\u00dc GER\\u00c7EKLE\\u015eT\\u0130R\\u0130LD\\u0130. ORGAN BA\\u011eI\\u015eI KONUSUNDA TOPLUMSAL FARKINDALIK OLU\\u015eTURMAYI AMA\\u00c7LAYAN ETK\\u0130NL\\u0130\\u011eE \\u00dcNL\\u00dc S\\u0130MALAR DA KATILDI. (MET\\u0130N BA\\u015eAR\\\/\\u0130STANBUL-\\u0130HA)&quot;,&quot;created_timestamp&quot;:&quot;0&quot;,&quot;copyright&quot;:&quot;\\u0130HLAS HABER AJANSI, www.iha.com.tr&quot;,&quot;focal_length&quot;:&quot;0&quot;,&quot;iso&quot;:&quot;0&quot;,&quot;shutter_speed&quot;:&quot;0&quot;,&quot;title&quot;:&quot;KADIK\\u00d6Y\\u2019DE YELKENLER BU KEZ HAYAT \\u0130\\u00c7\\u0130N A\\u00c7ILDI ORGAN NAK\\u0130LLER\\u0130 B\\u0130L\\u0130N\\u00c7LEND\\u0130RME VE GEL\\u0130\\u015eT\\u0130RME DERNE\\u011e\\u0130 TARAFINDAN \\u201cHAYATA YELKEN A\\u00c7\\u201d YELKEN YARI\\u015eININ 3\\u2019\\u00dcNC\\u00dcS\\u00dc D\\u00dcZENLEND\\u0130 ORGAN BA\\u011eI\\u015eI KONUSUNDA TOPLUMSAL FARKINDALIK OLU\\u015eTURULMAK \\u0130\\u00c7\\u0130N GER\\u00c7EKLE\\u015eT\\u0130R\\u0130LEN ETK\\u0130NL\\u0130K RENKL\\u0130 ANLARA SAHNE OLDU \\u00dcNL\\u00dc \\u0130S\\u0130MLER HAYATA YELKEN A\\u00c7TI&quot;,&quot;orientation&quot;:&quot;0&quot;}\" data-image-title=\"Kad\u0131k\u00f6y\u2019de yelkenler bu kez hayat i\u00e7in a\u00e7\u0131ld\u0131\" data-image-description=\"&lt;p&gt;Kad\u0131k\u00f6y\u2019de yelkenler bu kez hayat i\u00e7in a\u00e7\u0131ld\u0131&lt;\/p&gt; \" data-medium-file=\"https:\/\/i0.wp.com\/www.tvturk.com\/wp-content\/uploads\/2019\/04\/kadikoyde-yelkenler-bu-kez-hayat-icin-acildi_71b5ec1.jpg?fit=300%2C199\" data-large-file=\"https:\/\/i0.wp.com\/www.tvturk.com\/wp-content\/uploads\/2019\/04\/kadikoyde-yelkenler-bu-kez-hayat-icin-acildi_71b5ec1.jpg?fit=1000%2C664\" src=\"https:\/\/i0.wp.com\/www.tvturk.com\/wp-content\/uploads\/2019\/04\/kadikoyde-yelkenler-bu-kez-hayat-icin-acildi_71b5ec1.jpg?w=155&#038;h=103\" srcset=\"https:\/\/i0.wp.com\/www.tvturk.com\/wp-content\/uploads\/2019\/04\/kadikoyde-yelkenler-bu-kez-hayat-icin-acildi_71b5ec1.jpg?w=1000 1000w, https:\/\/i0.wp.com\/www.tvturk.com\/wp-content\/uploads\/2019\/04\/kadikoyde-yelkenler-bu-kez-hayat-icin-acildi_71b5ec1.jpg?resize=150%2C100 150w, https:\/\/i0.wp.com\/www.tvturk.com\/wp-content\/uploads\/2019\/04\/kadikoyde-yelkenler-bu-kez-hayat-icin-acildi_71b5ec1.jpg?resize=300%2C200 300w, https:\/\/i0.wp.com\/www.tvturk.com\/wp-content\/uploads\/2019\/04\/kadikoyde-yelkenler-bu-kez-hayat-icin-acildi_71b5ec1.jpg?resize=768%2C510 768w, https:\/\/i0.wp.com\/www.tvturk.com\/wp-content\/uploads\/2019\/04\/kadikoyde-yelkenler-bu-kez-hayat-icin-acildi_71b5ec1.jpg?resize=170%2C113 170w, https:\/\/i0.wp.com\/www.tvturk.com\/wp-content\/uploads\/2019\/04\/kadikoyde-yelkenler-bu-kez-hayat-icin-acildi_71b5ec1.jpg?resize=120%2C80 120w\" width=\"155\" height=\"103\" loading=\"lazy\" data-original-width=\"155\" data-original-height=\"103\" itemprop=\"http:\/\/schema.org\/image\" title=\"Kad\u0131k\u00f6y\u2019de yelkenler bu kez hayat i\u00e7in a\u00e7\u0131ld\u0131\" alt=\"Kad\u0131k\u00f6y\u2019de yelkenler bu kez hayat i\u00e7in a\u00e7\u0131ld\u0131\" style=\"width: 155px; height: 103px;\" \/> <\/a> <\/div> <\/div> <!-- close group --> <div class=\"gallery-group images-1\" style=\"width: 159px; height: 107px;\" data-original-width=\"159\" data-original-height=\"107\" > <div class=\"tiled-gallery-item tiled-gallery-item-small\" itemprop=\"associatedMedia\" itemscope itemtype=\"http:\/\/schema.org\/ImageObject\"> <a href=\"http:\/\/www.tvturk.com\/index.php\/kadikoyde-yelkenler-bu-kez-hayat-icin-acildi\/kadikoyde-yelkenler-bu-kez-hayat-icin-acildi-13\/\" border=\"0\" itemprop=\"url\"> <meta itemprop=\"width\" content=\"155\"> <meta itemprop=\"height\" content=\"103\"> <img decoding=\"async\" class=\"\" data-attachment-id=\"146529\" data-orig-file=\"http:\/\/www.tvturk.com\/wp-content\/uploads\/2019\/04\/kadikoyde-yelkenler-bu-kez-hayat-icin-acildi_b46820b.jpg\" data-orig-size=\"1000,664\" data-comments-opened=\"\" data-image-meta=\"{&quot;aperture&quot;:&quot;0&quot;,&quot;credit&quot;:&quot;IHA&quot;,&quot;camera&quot;:&quot;&quot;,&quot;caption&quot;:&quot;ORGAN NAK\\u0130LLER\\u0130 B\\u0130L\\u0130N\\u00c7LEND\\u0130RME VE GEL\\u0130\\u015eT\\u0130RME DERNE\\u011e\\u0130N\\u0130N GER\\u00c7EKLE\\u015eT\\u0130RD\\u0130\\u011e\\u0130N \\u201cHAYATA YELKEN A\\u00c7\\u201d YELKEN YARI\\u015eININ 3.\\u2019S\\u00dc GER\\u00c7EKLE\\u015eT\\u0130R\\u0130LD\\u0130. ORGAN BA\\u011eI\\u015eI KONUSUNDA TOPLUMSAL FARKINDALIK OLU\\u015eTURMAYI AMA\\u00c7LAYAN ETK\\u0130NL\\u0130\\u011eE \\u00dcNL\\u00dc S\\u0130MALAR DA KATILDI. (MET\\u0130N BA\\u015eAR\\\/\\u0130STANBUL-\\u0130HA)&quot;,&quot;created_timestamp&quot;:&quot;0&quot;,&quot;copyright&quot;:&quot;\\u0130HLAS HABER AJANSI, www.iha.com.tr&quot;,&quot;focal_length&quot;:&quot;0&quot;,&quot;iso&quot;:&quot;0&quot;,&quot;shutter_speed&quot;:&quot;0&quot;,&quot;title&quot;:&quot;KADIK\\u00d6Y\\u2019DE YELKENLER BU KEZ HAYAT \\u0130\\u00c7\\u0130N A\\u00c7ILDI ORGAN NAK\\u0130LLER\\u0130 B\\u0130L\\u0130N\\u00c7LEND\\u0130RME VE GEL\\u0130\\u015eT\\u0130RME DERNE\\u011e\\u0130 TARAFINDAN \\u201cHAYATA YELKEN A\\u00c7\\u201d YELKEN YARI\\u015eININ 3\\u2019\\u00dcNC\\u00dcS\\u00dc D\\u00dcZENLEND\\u0130 ORGAN BA\\u011eI\\u015eI KONUSUNDA TOPLUMSAL FARKINDALIK OLU\\u015eTURULMAK \\u0130\\u00c7\\u0130N GER\\u00c7EKLE\\u015eT\\u0130R\\u0130LEN ETK\\u0130NL\\u0130K RENKL\\u0130 ANLARA SAHNE OLDU \\u00dcNL\\u00dc \\u0130S\\u0130MLER HAYATA YELKEN A\\u00c7TI&quot;,&quot;orientation&quot;:&quot;0&quot;}\" data-image-title=\"Kad\u0131k\u00f6y\u2019de yelkenler bu kez hayat i\u00e7in a\u00e7\u0131ld\u0131\" data-image-description=\"&lt;p&gt;Kad\u0131k\u00f6y\u2019de yelkenler bu kez hayat i\u00e7in a\u00e7\u0131ld\u0131&lt;\/p&gt; \" data-medium-file=\"https:\/\/i0.wp.com\/www.tvturk.com\/wp-content\/uploads\/2019\/04\/kadikoyde-yelkenler-bu-kez-hayat-icin-acildi_b46820b.jpg?fit=300%2C199\" data-large-file=\"https:\/\/i0.wp.com\/www.tvturk.com\/wp-content\/uploads\/2019\/04\/kadikoyde-yelkenler-bu-kez-hayat-icin-acildi_b46820b.jpg?fit=1000%2C664\" src=\"https:\/\/i0.wp.com\/www.tvturk.com\/wp-content\/uploads\/2019\/04\/kadikoyde-yelkenler-bu-kez-hayat-icin-acildi_b46820b.jpg?w=155&#038;h=103\" srcset=\"https:\/\/i0.wp.com\/www.tvturk.com\/wp-content\/uploads\/2019\/04\/kadikoyde-yelkenler-bu-kez-hayat-icin-acildi_b46820b.jpg?w=1000 1000w, https:\/\/i0.wp.com\/www.tvturk.com\/wp-content\/uploads\/2019\/04\/kadikoyde-yelkenler-bu-kez-hayat-icin-acildi_b46820b.jpg?resize=150%2C100 150w, https:\/\/i0.wp.com\/www.tvturk.com\/wp-content\/uploads\/2019\/04\/kadikoyde-yelkenler-bu-kez-hayat-icin-acildi_b46820b.jpg?resize=300%2C200 300w, https:\/\/i0.wp.com\/www.tvturk.com\/wp-content\/uploads\/2019\/04\/kadikoyde-yelkenler-bu-kez-hayat-icin-acildi_b46820b.jpg?resize=768%2C510 768w, https:\/\/i0.wp.com\/www.tvturk.com\/wp-content\/uploads\/2019\/04\/kadikoyde-yelkenler-bu-kez-hayat-icin-acildi_b46820b.jpg?resize=170%2C113 170w, https:\/\/i0.wp.com\/www.tvturk.com\/wp-content\/uploads\/2019\/04\/kadikoyde-yelkenler-bu-kez-hayat-icin-acildi_b46820b.jpg?resize=120%2C80 120w\" width=\"155\" height=\"103\" loading=\"lazy\" data-original-width=\"155\" data-original-height=\"103\" itemprop=\"http:\/\/schema.org\/image\" title=\"Kad\u0131k\u00f6y\u2019de yelkenler bu kez hayat i\u00e7in a\u00e7\u0131ld\u0131\" alt=\"Kad\u0131k\u00f6y\u2019de yelkenler bu kez hayat i\u00e7in a\u00e7\u0131ld\u0131\" style=\"width: 155px; height: 103px;\" \/> <\/a> <\/div> <\/div> <!-- close group --> <div class=\"gallery-group images-1\" style=\"width: 98px; height: 107px;\" data-original-width=\"98\" data-original-height=\"107\" > <div class=\"tiled-gallery-item tiled-gallery-item-small\" itemprop=\"associatedMedia\" itemscope itemtype=\"http:\/\/schema.org\/ImageObject\"> <a href=\"http:\/\/www.tvturk.com\/index.php\/kadikoyde-yelkenler-bu-kez-hayat-icin-acildi\/kadikoyde-yelkenler-bu-kez-hayat-icin-acildi-14\/\" border=\"0\" itemprop=\"url\"> <meta itemprop=\"width\" content=\"94\"> <meta itemprop=\"height\" content=\"103\"> <img decoding=\"async\" class=\"\" data-attachment-id=\"146530\" data-orig-file=\"http:\/\/www.tvturk.com\/wp-content\/uploads\/2019\/04\/kadikoyde-yelkenler-bu-kez-hayat-icin-acildi_61af90c.jpg\" data-orig-size=\"907,1000\" data-comments-opened=\"\" data-image-meta=\"{&quot;aperture&quot;:&quot;0&quot;,&quot;credit&quot;:&quot;IHA&quot;,&quot;camera&quot;:&quot;&quot;,&quot;caption&quot;:&quot;ORGAN NAK\\u0130LLER\\u0130 B\\u0130L\\u0130N\\u00c7LEND\\u0130RME VE GEL\\u0130\\u015eT\\u0130RME DERNE\\u011e\\u0130N\\u0130N GER\\u00c7EKLE\\u015eT\\u0130RD\\u0130\\u011e\\u0130N \\u201cHAYATA YELKEN A\\u00c7\\u201d YELKEN YARI\\u015eININ 3.\\u2019S\\u00dc GER\\u00c7EKLE\\u015eT\\u0130R\\u0130LD\\u0130. ORGAN BA\\u011eI\\u015eI KONUSUNDA TOPLUMSAL FARKINDALIK OLU\\u015eTURMAYI AMA\\u00c7LAYAN ETK\\u0130NL\\u0130\\u011eE \\u00dcNL\\u00dc S\\u0130MALAR DA KATILDI. (MET\\u0130N BA\\u015eAR\\\/\\u0130STANBUL-\\u0130HA)&quot;,&quot;created_timestamp&quot;:&quot;0&quot;,&quot;copyright&quot;:&quot;\\u0130HLAS HABER AJANSI, www.iha.com.tr&quot;,&quot;focal_length&quot;:&quot;0&quot;,&quot;iso&quot;:&quot;0&quot;,&quot;shutter_speed&quot;:&quot;0&quot;,&quot;title&quot;:&quot;KADIK\\u00d6Y\\u2019DE YELKENLER BU KEZ HAYAT \\u0130\\u00c7\\u0130N A\\u00c7ILDI ORGAN NAK\\u0130LLER\\u0130 B\\u0130L\\u0130N\\u00c7LEND\\u0130RME VE GEL\\u0130\\u015eT\\u0130RME DERNE\\u011e\\u0130 TARAFINDAN \\u201cHAYATA YELKEN A\\u00c7\\u201d YELKEN YARI\\u015eININ 3\\u2019\\u00dcNC\\u00dcS\\u00dc D\\u00dcZENLEND\\u0130 ORGAN BA\\u011eI\\u015eI KONUSUNDA TOPLUMSAL FARKINDALIK OLU\\u015eTURULMAK \\u0130\\u00c7\\u0130N GER\\u00c7EKLE\\u015eT\\u0130R\\u0130LEN ETK\\u0130NL\\u0130K RENKL\\u0130 ANLARA SAHNE OLDU \\u00dcNL\\u00dc \\u0130S\\u0130MLER HAYATA YELKEN A\\u00c7TI&quot;,&quot;orientation&quot;:&quot;0&quot;}\" data-image-title=\"Kad\u0131k\u00f6y\u2019de yelkenler bu kez hayat i\u00e7in a\u00e7\u0131ld\u0131\" data-image-description=\"&lt;p&gt;Kad\u0131k\u00f6y\u2019de yelkenler bu kez hayat i\u00e7in a\u00e7\u0131ld\u0131&lt;\/p&gt; \" data-medium-file=\"https:\/\/i0.wp.com\/www.tvturk.com\/wp-content\/uploads\/2019\/04\/kadikoyde-yelkenler-bu-kez-hayat-icin-acildi_61af90c.jpg?fit=272%2C300\" data-large-file=\"https:\/\/i0.wp.com\/www.tvturk.com\/wp-content\/uploads\/2019\/04\/kadikoyde-yelkenler-bu-kez-hayat-icin-acildi_61af90c.jpg?fit=907%2C1000\" src=\"https:\/\/i0.wp.com\/www.tvturk.com\/wp-content\/uploads\/2019\/04\/kadikoyde-yelkenler-bu-kez-hayat-icin-acildi_61af90c.jpg?w=94&#038;h=103\" srcset=\"https:\/\/i0.wp.com\/www.tvturk.com\/wp-content\/uploads\/2019\/04\/kadikoyde-yelkenler-bu-kez-hayat-icin-acildi_61af90c.jpg?w=907 907w, https:\/\/i0.wp.com\/www.tvturk.com\/wp-content\/uploads\/2019\/04\/kadikoyde-yelkenler-bu-kez-hayat-icin-acildi_61af90c.jpg?resize=136%2C150 136w, https:\/\/i0.wp.com\/www.tvturk.com\/wp-content\/uploads\/2019\/04\/kadikoyde-yelkenler-bu-kez-hayat-icin-acildi_61af90c.jpg?resize=272%2C300 272w, https:\/\/i0.wp.com\/www.tvturk.com\/wp-content\/uploads\/2019\/04\/kadikoyde-yelkenler-bu-kez-hayat-icin-acildi_61af90c.jpg?resize=768%2C847 768w\" width=\"94\" height=\"103\" loading=\"lazy\" data-original-width=\"94\" data-original-height=\"103\" itemprop=\"http:\/\/schema.org\/image\" title=\"Kad\u0131k\u00f6y\u2019de yelkenler bu kez hayat i\u00e7in a\u00e7\u0131ld\u0131\" alt=\"Kad\u0131k\u00f6y\u2019de yelkenler bu kez hayat i\u00e7in a\u00e7\u0131ld\u0131\" style=\"width: 94px; height: 103px;\" \/> <\/a> <\/div> <\/div> <!-- close group --> <div class=\"gallery-group images-1\" style=\"width: 84px; height: 107px;\" data-original-width=\"84\" data-original-height=\"107\" > <div class=\"tiled-gallery-item tiled-gallery-item-small\" itemprop=\"associatedMedia\" itemscope itemtype=\"http:\/\/schema.org\/ImageObject\"> <a href=\"http:\/\/www.tvturk.com\/index.php\/kadikoyde-yelkenler-bu-kez-hayat-icin-acildi\/kadikoyde-yelkenler-bu-kez-hayat-icin-acildi-15\/\" border=\"0\" itemprop=\"url\"> <meta itemprop=\"width\" content=\"80\"> <meta itemprop=\"height\" content=\"103\"> <img decoding=\"async\" class=\"\" data-attachment-id=\"146531\" data-orig-file=\"http:\/\/www.tvturk.com\/wp-content\/uploads\/2019\/04\/kadikoyde-yelkenler-bu-kez-hayat-icin-acildi_15286ba.jpg\" data-orig-size=\"775,1000\" data-comments-opened=\"\" data-image-meta=\"{&quot;aperture&quot;:&quot;0&quot;,&quot;credit&quot;:&quot;IHA&quot;,&quot;camera&quot;:&quot;&quot;,&quot;caption&quot;:&quot;ORGAN NAK\\u0130LLER\\u0130 B\\u0130L\\u0130N\\u00c7LEND\\u0130RME VE GEL\\u0130\\u015eT\\u0130RME DERNE\\u011e\\u0130N\\u0130N GER\\u00c7EKLE\\u015eT\\u0130RD\\u0130\\u011e\\u0130 VE ORGAN BA\\u011eI\\u015eI KONUSUNDA EN \\u00d6NEML\\u0130 ORGAN\\u0130ZASYONLARDAN B\\u0130R\\u0130S\\u0130 OLAN \\u201cHAYATA YELKEN A\\u00c7\\u201d ETK\\u0130NL\\u0130\\u011e\\u0130NE B\\u0130R\\u00c7OK SANAT\\u00c7I VE SPORCU KATILARAK ORGAN NAKL\\u0130 KONUSUNDA D\\u0130KKAT \\u00c7EKMEYE \\u00c7ALI\\u015eTI. (MET\\u0130N BA\\u015eAR\\\/\\u0130STANBUL-\\u0130HA)&quot;,&quot;created_timestamp&quot;:&quot;0&quot;,&quot;copyright&quot;:&quot;\\u0130HLAS HABER AJANSI, www.iha.com.tr&quot;,&quot;focal_length&quot;:&quot;0&quot;,&quot;iso&quot;:&quot;0&quot;,&quot;shutter_speed&quot;:&quot;0&quot;,&quot;title&quot;:&quot;KADIK\\u00d6Y\\u2019DE YELKENLER BU KEZ HAYAT \\u0130\\u00c7\\u0130N A\\u00c7ILDI ORGAN NAK\\u0130LLER\\u0130 B\\u0130L\\u0130N\\u00c7LEND\\u0130RME VE GEL\\u0130\\u015eT\\u0130RME DERNE\\u011e\\u0130 TARAFINDAN \\u201cHAYATA YELKEN A\\u00c7\\u201d YELKEN YARI\\u015eININ 3\\u2019\\u00dcNC\\u00dcS\\u00dc D\\u00dcZENLEND\\u0130 ORGAN BA\\u011eI\\u015eI KONUSUNDA TOPLUMSAL FARKINDALIK OLU\\u015eTURULMAK \\u0130\\u00c7\\u0130N GER\\u00c7EKLE\\u015eT\\u0130R\\u0130LEN ETK\\u0130NL\\u0130K RENKL\\u0130 ANLARA SAHNE OLDU \\u00dcNL\\u00dc \\u0130S\\u0130MLER HAYATA YELKEN A\\u00c7TI&quot;,&quot;orientation&quot;:&quot;0&quot;}\" data-image-title=\"Kad\u0131k\u00f6y\u2019de yelkenler bu kez hayat i\u00e7in a\u00e7\u0131ld\u0131\" data-image-description=\"&lt;p&gt;Kad\u0131k\u00f6y\u2019de yelkenler bu kez hayat i\u00e7in a\u00e7\u0131ld\u0131&lt;\/p&gt; \" data-medium-file=\"https:\/\/i0.wp.com\/www.tvturk.com\/wp-content\/uploads\/2019\/04\/kadikoyde-yelkenler-bu-kez-hayat-icin-acildi_15286ba.jpg?fit=233%2C300\" data-large-file=\"https:\/\/i0.wp.com\/www.tvturk.com\/wp-content\/uploads\/2019\/04\/kadikoyde-yelkenler-bu-kez-hayat-icin-acildi_15286ba.jpg?fit=775%2C1000\" src=\"https:\/\/i0.wp.com\/www.tvturk.com\/wp-content\/uploads\/2019\/04\/kadikoyde-yelkenler-bu-kez-hayat-icin-acildi_15286ba.jpg?w=80&#038;h=103\" srcset=\"https:\/\/i0.wp.com\/www.tvturk.com\/wp-content\/uploads\/2019\/04\/kadikoyde-yelkenler-bu-kez-hayat-icin-acildi_15286ba.jpg?w=775 775w, https:\/\/i0.wp.com\/www.tvturk.com\/wp-content\/uploads\/2019\/04\/kadikoyde-yelkenler-bu-kez-hayat-icin-acildi_15286ba.jpg?resize=116%2C150 116w, https:\/\/i0.wp.com\/www.tvturk.com\/wp-content\/uploads\/2019\/04\/kadikoyde-yelkenler-bu-kez-hayat-icin-acildi_15286ba.jpg?resize=233%2C300 233w, https:\/\/i0.wp.com\/www.tvturk.com\/wp-content\/uploads\/2019\/04\/kadikoyde-yelkenler-bu-kez-hayat-icin-acildi_15286ba.jpg?resize=768%2C991 768w\" width=\"80\" height=\"103\" loading=\"lazy\" data-original-width=\"80\" data-original-height=\"103\" itemprop=\"http:\/\/schema.org\/image\" title=\"Kad\u0131k\u00f6y\u2019de yelkenler bu kez hayat i\u00e7in a\u00e7\u0131ld\u0131\" alt=\"Kad\u0131k\u00f6y\u2019de yelkenler bu kez hayat i\u00e7in a\u00e7\u0131ld\u0131\" style=\"width: 80px; height: 103px;\" \/> <\/a> <\/div> <\/div> <!-- close group --> <\/div> <!-- close row --> <\/div><\/p>\n","protected":false},"excerpt":{"rendered":"<p>ORGAN NAK\u0130LLER\u0130 B\u0130L\u0130N\u00c7LEND\u0130RME VE GEL\u0130\u015eT\u0130RME DERNE\u011e\u0130N\u0130N GER\u00c7EKLE\u015eT\u0130RD\u0130\u011e\u0130N \u201cHAYATA YELKEN A\u00c7\u201d YELKEN YARI\u015eININ 3.\u2019S\u00dc GER\u00c7EKLE\u015eT\u0130R\u0130LD\u0130. ORGAN BA\u011eI\u015eI KONUSUNDA TOPLUMSAL FARKINDALIK OLU\u015eTURMAYI AMA\u00c7LAYAN ETK\u0130NL\u0130\u011eE \u00dcNL\u00dc S\u0130MALAR DA KATILDI.<\/p>\n","protected":false},"author":1,"featured_media":146518,"comment_status":"closed","ping_status":"open","sticky":false,"template":"","format":"standard","meta":{"jetpack_post_was_ever_published":false,"_jetpack_newsletter_access":"","_jetpack_dont_email_post_to_subs":false,"_jetpack_newsletter_tier_id":0,"_jetpack_memberships_contains_paywalled_content":false,"_jetpack_memberships_contains_paid_content":false,"footnotes":"","jetpack_publicize_message":"","jetpack_publicize_feature_enabled":true,"jetpack_social_post_already_shared":true,"jetpack_social_options":{"image_generator_settings":{"template":"highway","default_image_id":0,"font":"","enabled":false},"version":2}},"categories":[1],"tags":[288,606,44,12548,1497,29820],"class_list":["post-146517","post","type-post","status-publish","format-standard","has-post-thumbnail","hentry","category-genel","tag-acildi","tag-hayat","tag-icin","tag-kadikoyde","tag-kez","tag-yelkenler"],"jetpack_publicize_connections":[],"jetpack_featured_media_url":"https:\/\/i0.wp.com\/www.tvturk.com\/wp-content\/uploads\/2019\/04\/kadikoyde-yelkenler-bu-kez-hayat-icin-acildi_2f10e08.jpg?fit=1000%2C687","jetpack_sharing_enabled":true,"jetpack_shortlink":"https:\/\/wp.me\/paKIfm-C7b","_links":{"self":[{"href":"http:\/\/www.tvturk.com\/index.php\/wp-json\/wp\/v2\/posts\/146517","targetHints":{"allow":["GET"]}}],"collection":[{"href":"http:\/\/www.tvturk.com\/index.php\/wp-json\/wp\/v2\/posts"}],"about":[{"href":"http:\/\/www.tvturk.com\/index.php\/wp-json\/wp\/v2\/types\/post"}],"author":[{"embeddable":true,"href":"http:\/\/www.tvturk.com\/index.php\/wp-json\/wp\/v2\/users\/1"}],"replies":[{"embeddable":true,"href":"http:\/\/www.tvturk.com\/index.php\/wp-json\/wp\/v2\/comments?post=146517"}],"version-history":[{"count":1,"href":"http:\/\/www.tvturk.com\/index.php\/wp-json\/wp\/v2\/posts\/146517\/revisions"}],"predecessor-version":[{"id":146532,"href":"http:\/\/www.tvturk.com\/index.php\/wp-json\/wp\/v2\/posts\/146517\/revisions\/146532"}],"wp:featuredmedia":[{"embeddable":true,"href":"http:\/\/www.tvturk.com\/index.php\/wp-json\/wp\/v2\/media\/146518"}],"wp:attachment":[{"href":"http:\/\/www.tvturk.com\/index.php\/wp-json\/wp\/v2\/media?parent=146517"}],"wp:term":[{"taxonomy":"category","embeddable":true,"href":"http:\/\/www.tvturk.com\/index.php\/wp-json\/wp\/v2\/categories?post=146517"},{"taxonomy":"post_tag","embeddable":true,"href":"http:\/\/www.tvturk.com\/index.php\/wp-json\/wp\/v2\/tags?post=146517"}],"curies":[{"name":"wp","href":"https:\/\/api.w.org\/{rel}","templated":true}]}}