{"id":146672,"date":"2019-04-22T11:58:12","date_gmt":"2019-04-22T08:58:12","guid":{"rendered":"http:\/\/www.tvturk.com\/index.php\/jandarmadan-kurulusunun-180inci-yildonumunde-kizilaya-anlamli-bagis\/"},"modified":"2019-04-22T11:58:18","modified_gmt":"2019-04-22T08:58:18","slug":"jandarmadan-kurulusunun-180inci-yildonumunde-kizilaya-anlamli-bagis","status":"publish","type":"post","link":"http:\/\/www.tvturk.com\/index.php\/jandarmadan-kurulusunun-180inci-yildonumunde-kizilaya-anlamli-bagis\/","title":{"rendered":"Jandarmadan kurulu\u015funun 180\u2019inci y\u0131ld\u00f6n\u00fcm\u00fcnde K\u0131z\u0131lay\u2019a anlaml\u0131 ba\u011f\u0131\u015f"},"content":{"rendered":"<p>Jandarma Genel Komutanl\u0131\u011f\u0131n\u0131n kurulu\u015funun 180\u2019inci y\u0131ld\u00f6n\u00fcm\u00fcnde \u0130stanbul \u0130l Jandarma Komutanl\u0131\u011f\u0131 personeli T\u00fcrk K\u0131z\u0131lay\u0131\u2019na kan ba\u011f\u0131\u015f\u0131nda bulundu.<\/p>\n<p>Kurulu\u015funun 180\u2019inci y\u0131ld\u00f6n\u00fcm\u00fcnde her sene oldu\u011fu gibi bu sene de T\u00fcrk K\u0131z\u0131lay\u0131\u2019na kan ba\u011f\u0131\u015f\u0131nda bulunan \u0130stanbul \u0130l Jandarma Komutanl\u0131\u011f\u0131 personeli, Balmumcu K\u0131\u015flas\u0131\u2019nda g\u00f6n\u00fcll\u00fc olarak kan ba\u011f\u0131\u015f\u0131nda bulundu. Etkinlikle g\u00f6n\u00fcll\u00fc kan ba\u011f\u0131\u015f\u0131n\u0131n \u00f6nemine dikkat \u00e7ekilirken kan ba\u011f\u0131\u015f\u0131 yaparak hastalara umut olunmas\u0131 ve bir\u00e7ok hayat\u0131n kurtar\u0131lmas\u0131na katk\u0131 sa\u011flanmas\u0131 ama\u00e7land\u0131\u011f\u0131 kaydedildi. Organizasyonda 180 \u00fcnite kan ba\u011f\u0131\u015f\u0131 al\u0131n\u0131rken, yetkililer duyarl\u0131l\u0131klar\u0131 nedeniyle \u0130l Jandarma Komutanl\u0131\u011f\u0131na te\u015fekk\u00fcr etti.<div class=\"tiled-gallery type-rectangular tiled-gallery-unresized\" data-original-width=\"500\" data-carousel-extra='null' itemscope itemtype=\"http:\/\/schema.org\/ImageGallery\" > <div class=\"gallery-row\" style=\"width: 500px; height: 251px;\" data-original-width=\"500\" data-original-height=\"251\" > <div class=\"gallery-group images-1\" style=\"width: 334px; height: 251px;\" data-original-width=\"334\" data-original-height=\"251\" > <div class=\"tiled-gallery-item tiled-gallery-item-large\" itemprop=\"associatedMedia\" itemscope itemtype=\"http:\/\/schema.org\/ImageObject\"> <a href=\"http:\/\/www.tvturk.com\/index.php\/jandarmadan-kurulusunun-180inci-yildonumunde-kizilaya-anlamli-bagis\/jandarmadan-kurulusunun-180inci-yildonumunde-kizilaya-anlamli-bagis-3\/\" border=\"0\" itemprop=\"url\"> <meta itemprop=\"width\" content=\"330\"> <meta itemprop=\"height\" content=\"247\"> <img decoding=\"async\" class=\"\" data-attachment-id=\"146674\" data-orig-file=\"http:\/\/www.tvturk.com\/wp-content\/uploads\/2019\/04\/jandarmadan-kurulusunun-180inci-yildonumunde-kizilaya-anlamli-bagis_3016884.jpg\" data-orig-size=\"1000,750\" data-comments-opened=\"\" data-image-meta=\"{&quot;aperture&quot;:&quot;0&quot;,&quot;credit&quot;:&quot;IHA&quot;,&quot;camera&quot;:&quot;&quot;,&quot;caption&quot;:&quot;JANDARMA GENEL KOMUTANLI\\u011eININ KURULU\\u015eUNUN 180\\u2019\\u0130NC\\u0130 YILD\\u00d6N\\u00dcM\\u00dcNDE \\u0130STANBUL \\u0130L JANDARMA KOMUTANLI\\u011eI PERSONEL\\u0130 T\\u00dcRK KIZILAYI\\u2019NA KAN BA\\u011eI\\u015eINDA BULUNDU. (DO\\u011eAN CAN CESUR - YUNUS EMRE \\u015eEKER\\\/\\u0130STANBUL-\\u0130HA)&quot;,&quot;created_timestamp&quot;:&quot;0&quot;,&quot;copyright&quot;:&quot;\\u0130HLAS HABER AJANSI, www.iha.com.tr&quot;,&quot;focal_length&quot;:&quot;0&quot;,&quot;iso&quot;:&quot;0&quot;,&quot;shutter_speed&quot;:&quot;0&quot;,&quot;title&quot;:&quot;JANDARMADAN KURULU\\u015eUNUN 180\\u2019\\u0130NC\\u0130 YILD\\u00d6N\\u00dcM\\u00dcNDE KIZILAY\\u2019A ANLAMLI BA\\u011eI\\u015e \\u0130STANBUL \\u0130L JANDARMA KOMUTANLI\\u011eI PERSONEL\\u0130 KIZILAY\\u0027A KAN BA\\u011eI\\u015eINDA BULUNDU&quot;,&quot;orientation&quot;:&quot;0&quot;}\" data-image-title=\"Jandarmadan kurulu\u015funun 180\u2019inci y\u0131ld\u00f6n\u00fcm\u00fcnde K\u0131z\u0131lay\u2019a anlaml\u0131 ba\u011f\u0131\u015f\" data-image-description=\"&lt;p&gt;Jandarmadan kurulu\u015funun 180\u2019inci y\u0131ld\u00f6n\u00fcm\u00fcnde K\u0131z\u0131lay\u2019a anlaml\u0131 ba\u011f\u0131\u015f&lt;\/p&gt; \" data-medium-file=\"https:\/\/i0.wp.com\/www.tvturk.com\/wp-content\/uploads\/2019\/04\/jandarmadan-kurulusunun-180inci-yildonumunde-kizilaya-anlamli-bagis_3016884.jpg?fit=300%2C225\" data-large-file=\"https:\/\/i0.wp.com\/www.tvturk.com\/wp-content\/uploads\/2019\/04\/jandarmadan-kurulusunun-180inci-yildonumunde-kizilaya-anlamli-bagis_3016884.jpg?fit=1000%2C750\" src=\"https:\/\/i0.wp.com\/www.tvturk.com\/wp-content\/uploads\/2019\/04\/jandarmadan-kurulusunun-180inci-yildonumunde-kizilaya-anlamli-bagis_3016884.jpg?w=330&#038;h=247\" srcset=\"https:\/\/i0.wp.com\/www.tvturk.com\/wp-content\/uploads\/2019\/04\/jandarmadan-kurulusunun-180inci-yildonumunde-kizilaya-anlamli-bagis_3016884.jpg?w=1000 1000w, https:\/\/i0.wp.com\/www.tvturk.com\/wp-content\/uploads\/2019\/04\/jandarmadan-kurulusunun-180inci-yildonumunde-kizilaya-anlamli-bagis_3016884.jpg?resize=150%2C113 150w, https:\/\/i0.wp.com\/www.tvturk.com\/wp-content\/uploads\/2019\/04\/jandarmadan-kurulusunun-180inci-yildonumunde-kizilaya-anlamli-bagis_3016884.jpg?resize=300%2C225 300w, https:\/\/i0.wp.com\/www.tvturk.com\/wp-content\/uploads\/2019\/04\/jandarmadan-kurulusunun-180inci-yildonumunde-kizilaya-anlamli-bagis_3016884.jpg?resize=768%2C576 768w\" width=\"330\" height=\"247\" loading=\"lazy\" data-original-width=\"330\" data-original-height=\"247\" itemprop=\"http:\/\/schema.org\/image\" title=\"Jandarmadan kurulu\u015funun 180\u2019inci y\u0131ld\u00f6n\u00fcm\u00fcnde K\u0131z\u0131lay\u2019a anlaml\u0131 ba\u011f\u0131\u015f\" alt=\"Jandarmadan kurulu\u015funun 180\u2019inci y\u0131ld\u00f6n\u00fcm\u00fcnde K\u0131z\u0131lay\u2019a anlaml\u0131 ba\u011f\u0131\u015f\" style=\"width: 330px; height: 247px;\" \/> <\/a> <\/div> <\/div> <!-- close group --> <div class=\"gallery-group images-2\" style=\"width: 166px; height: 251px;\" data-original-width=\"166\" data-original-height=\"251\" > <div class=\"tiled-gallery-item tiled-gallery-item-small\" itemprop=\"associatedMedia\" itemscope itemtype=\"http:\/\/schema.org\/ImageObject\"> <a href=\"http:\/\/www.tvturk.com\/index.php\/jandarmadan-kurulusunun-180inci-yildonumunde-kizilaya-anlamli-bagis\/jandarmadan-kurulusunun-180inci-yildonumunde-kizilaya-anlamli-bagis-4\/\" border=\"0\" itemprop=\"url\"> <meta itemprop=\"width\" content=\"162\"> <meta itemprop=\"height\" content=\"122\"> <img decoding=\"async\" class=\"\" data-attachment-id=\"146675\" data-orig-file=\"http:\/\/www.tvturk.com\/wp-content\/uploads\/2019\/04\/jandarmadan-kurulusunun-180inci-yildonumunde-kizilaya-anlamli-bagis_5bc903a.jpg\" data-orig-size=\"1000,750\" data-comments-opened=\"\" data-image-meta=\"{&quot;aperture&quot;:&quot;0&quot;,&quot;credit&quot;:&quot;IHA&quot;,&quot;camera&quot;:&quot;&quot;,&quot;caption&quot;:&quot;JANDARMA GENEL KOMUTANLI\\u011eININ KURULU\\u015eUNUN 180\\u2019\\u0130NC\\u0130 YILD\\u00d6N\\u00dcM\\u00dcNDE \\u0130STANBUL \\u0130L JANDARMA KOMUTANLI\\u011eI PERSONEL\\u0130 T\\u00dcRK KIZILAYI\\u2019NA KAN BA\\u011eI\\u015eINDA BULUNDU. (DO\\u011eAN CAN CESUR - YUNUS EMRE \\u015eEKER\\\/\\u0130STANBUL-\\u0130HA)&quot;,&quot;created_timestamp&quot;:&quot;0&quot;,&quot;copyright&quot;:&quot;\\u0130HLAS HABER AJANSI, www.iha.com.tr&quot;,&quot;focal_length&quot;:&quot;0&quot;,&quot;iso&quot;:&quot;0&quot;,&quot;shutter_speed&quot;:&quot;0&quot;,&quot;title&quot;:&quot;JANDARMADAN KURULU\\u015eUNUN 180\\u2019\\u0130NC\\u0130 YILD\\u00d6N\\u00dcM\\u00dcNDE KIZILAY\\u2019A ANLAMLI BA\\u011eI\\u015e \\u0130STANBUL \\u0130L JANDARMA KOMUTANLI\\u011eI PERSONEL\\u0130 KIZILAY\\u0027A KAN BA\\u011eI\\u015eINDA BULUNDU&quot;,&quot;orientation&quot;:&quot;0&quot;}\" data-image-title=\"Jandarmadan kurulu\u015funun 180\u2019inci y\u0131ld\u00f6n\u00fcm\u00fcnde K\u0131z\u0131lay\u2019a anlaml\u0131 ba\u011f\u0131\u015f\" data-image-description=\"&lt;p&gt;Jandarmadan kurulu\u015funun 180\u2019inci y\u0131ld\u00f6n\u00fcm\u00fcnde K\u0131z\u0131lay\u2019a anlaml\u0131 ba\u011f\u0131\u015f&lt;\/p&gt; \" data-medium-file=\"https:\/\/i0.wp.com\/www.tvturk.com\/wp-content\/uploads\/2019\/04\/jandarmadan-kurulusunun-180inci-yildonumunde-kizilaya-anlamli-bagis_5bc903a.jpg?fit=300%2C225\" data-large-file=\"https:\/\/i0.wp.com\/www.tvturk.com\/wp-content\/uploads\/2019\/04\/jandarmadan-kurulusunun-180inci-yildonumunde-kizilaya-anlamli-bagis_5bc903a.jpg?fit=1000%2C750\" src=\"https:\/\/i0.wp.com\/www.tvturk.com\/wp-content\/uploads\/2019\/04\/jandarmadan-kurulusunun-180inci-yildonumunde-kizilaya-anlamli-bagis_5bc903a.jpg?w=162&#038;h=122\" srcset=\"https:\/\/i0.wp.com\/www.tvturk.com\/wp-content\/uploads\/2019\/04\/jandarmadan-kurulusunun-180inci-yildonumunde-kizilaya-anlamli-bagis_5bc903a.jpg?w=1000 1000w, https:\/\/i0.wp.com\/www.tvturk.com\/wp-content\/uploads\/2019\/04\/jandarmadan-kurulusunun-180inci-yildonumunde-kizilaya-anlamli-bagis_5bc903a.jpg?resize=150%2C113 150w, https:\/\/i0.wp.com\/www.tvturk.com\/wp-content\/uploads\/2019\/04\/jandarmadan-kurulusunun-180inci-yildonumunde-kizilaya-anlamli-bagis_5bc903a.jpg?resize=300%2C225 300w, https:\/\/i0.wp.com\/www.tvturk.com\/wp-content\/uploads\/2019\/04\/jandarmadan-kurulusunun-180inci-yildonumunde-kizilaya-anlamli-bagis_5bc903a.jpg?resize=768%2C576 768w\" width=\"162\" height=\"122\" loading=\"lazy\" data-original-width=\"162\" data-original-height=\"122\" itemprop=\"http:\/\/schema.org\/image\" title=\"Jandarmadan kurulu\u015funun 180\u2019inci y\u0131ld\u00f6n\u00fcm\u00fcnde K\u0131z\u0131lay\u2019a anlaml\u0131 ba\u011f\u0131\u015f\" alt=\"Jandarmadan kurulu\u015funun 180\u2019inci y\u0131ld\u00f6n\u00fcm\u00fcnde K\u0131z\u0131lay\u2019a anlaml\u0131 ba\u011f\u0131\u015f\" style=\"width: 162px; height: 122px;\" \/> <\/a> <\/div> <div class=\"tiled-gallery-item tiled-gallery-item-small\" itemprop=\"associatedMedia\" itemscope itemtype=\"http:\/\/schema.org\/ImageObject\"> <a href=\"http:\/\/www.tvturk.com\/index.php\/jandarmadan-kurulusunun-180inci-yildonumunde-kizilaya-anlamli-bagis\/jandarmadan-kurulusunun-180inci-yildonumunde-kizilaya-anlamli-bagis-5\/\" border=\"0\" itemprop=\"url\"> <meta itemprop=\"width\" content=\"162\"> <meta itemprop=\"height\" content=\"121\"> <img decoding=\"async\" class=\"\" data-attachment-id=\"146676\" data-orig-file=\"http:\/\/www.tvturk.com\/wp-content\/uploads\/2019\/04\/jandarmadan-kurulusunun-180inci-yildonumunde-kizilaya-anlamli-bagis_1915a81.jpg\" data-orig-size=\"1000,750\" data-comments-opened=\"\" data-image-meta=\"{&quot;aperture&quot;:&quot;0&quot;,&quot;credit&quot;:&quot;IHA&quot;,&quot;camera&quot;:&quot;&quot;,&quot;caption&quot;:&quot;JANDARMA GENEL KOMUTANLI\\u011eININ KURULU\\u015eUNUN 180\\u2019\\u0130NC\\u0130 YILD\\u00d6N\\u00dcM\\u00dcNDE \\u0130STANBUL \\u0130L JANDARMA KOMUTANLI\\u011eI PERSONEL\\u0130 T\\u00dcRK KIZILAYI\\u2019NA KAN BA\\u011eI\\u015eINDA BULUNDU. (DO\\u011eAN CAN CESUR - YUNUS EMRE \\u015eEKER\\\/\\u0130STANBUL-\\u0130HA)&quot;,&quot;created_timestamp&quot;:&quot;0&quot;,&quot;copyright&quot;:&quot;\\u0130HLAS HABER AJANSI, www.iha.com.tr&quot;,&quot;focal_length&quot;:&quot;0&quot;,&quot;iso&quot;:&quot;0&quot;,&quot;shutter_speed&quot;:&quot;0&quot;,&quot;title&quot;:&quot;JANDARMADAN KURULU\\u015eUNUN 180\\u2019\\u0130NC\\u0130 YILD\\u00d6N\\u00dcM\\u00dcNDE KIZILAY\\u2019A ANLAMLI BA\\u011eI\\u015e \\u0130STANBUL \\u0130L JANDARMA KOMUTANLI\\u011eI PERSONEL\\u0130 KIZILAY\\u0027A KAN BA\\u011eI\\u015eINDA BULUNDU&quot;,&quot;orientation&quot;:&quot;0&quot;}\" data-image-title=\"Jandarmadan kurulu\u015funun 180\u2019inci y\u0131ld\u00f6n\u00fcm\u00fcnde K\u0131z\u0131lay\u2019a anlaml\u0131 ba\u011f\u0131\u015f\" data-image-description=\"&lt;p&gt;Jandarmadan kurulu\u015funun 180\u2019inci y\u0131ld\u00f6n\u00fcm\u00fcnde K\u0131z\u0131lay\u2019a anlaml\u0131 ba\u011f\u0131\u015f&lt;\/p&gt; \" data-medium-file=\"https:\/\/i0.wp.com\/www.tvturk.com\/wp-content\/uploads\/2019\/04\/jandarmadan-kurulusunun-180inci-yildonumunde-kizilaya-anlamli-bagis_1915a81.jpg?fit=300%2C225\" data-large-file=\"https:\/\/i0.wp.com\/www.tvturk.com\/wp-content\/uploads\/2019\/04\/jandarmadan-kurulusunun-180inci-yildonumunde-kizilaya-anlamli-bagis_1915a81.jpg?fit=1000%2C750\" src=\"https:\/\/i0.wp.com\/www.tvturk.com\/wp-content\/uploads\/2019\/04\/jandarmadan-kurulusunun-180inci-yildonumunde-kizilaya-anlamli-bagis_1915a81.jpg?w=162&#038;h=121\" srcset=\"https:\/\/i0.wp.com\/www.tvturk.com\/wp-content\/uploads\/2019\/04\/jandarmadan-kurulusunun-180inci-yildonumunde-kizilaya-anlamli-bagis_1915a81.jpg?w=1000 1000w, https:\/\/i0.wp.com\/www.tvturk.com\/wp-content\/uploads\/2019\/04\/jandarmadan-kurulusunun-180inci-yildonumunde-kizilaya-anlamli-bagis_1915a81.jpg?resize=150%2C113 150w, https:\/\/i0.wp.com\/www.tvturk.com\/wp-content\/uploads\/2019\/04\/jandarmadan-kurulusunun-180inci-yildonumunde-kizilaya-anlamli-bagis_1915a81.jpg?resize=300%2C225 300w, https:\/\/i0.wp.com\/www.tvturk.com\/wp-content\/uploads\/2019\/04\/jandarmadan-kurulusunun-180inci-yildonumunde-kizilaya-anlamli-bagis_1915a81.jpg?resize=768%2C576 768w\" width=\"162\" height=\"121\" loading=\"lazy\" data-original-width=\"162\" data-original-height=\"121\" itemprop=\"http:\/\/schema.org\/image\" title=\"Jandarmadan kurulu\u015funun 180\u2019inci y\u0131ld\u00f6n\u00fcm\u00fcnde K\u0131z\u0131lay\u2019a anlaml\u0131 ba\u011f\u0131\u015f\" alt=\"Jandarmadan kurulu\u015funun 180\u2019inci y\u0131ld\u00f6n\u00fcm\u00fcnde K\u0131z\u0131lay\u2019a anlaml\u0131 ba\u011f\u0131\u015f\" style=\"width: 162px; height: 121px;\" \/> <\/a> <\/div> <\/div> <!-- close group --> <\/div> <!-- close row --> <div class=\"gallery-row\" style=\"width: 500px; height: 126px;\" data-original-width=\"500\" data-original-height=\"126\" > <div class=\"gallery-group images-1\" style=\"width: 167px; height: 126px;\" data-original-width=\"167\" data-original-height=\"126\" > <div class=\"tiled-gallery-item tiled-gallery-item-small\" itemprop=\"associatedMedia\" itemscope itemtype=\"http:\/\/schema.org\/ImageObject\"> <a href=\"http:\/\/www.tvturk.com\/index.php\/jandarmadan-kurulusunun-180inci-yildonumunde-kizilaya-anlamli-bagis\/jandarmadan-kurulusunun-180inci-yildonumunde-kizilaya-anlamli-bagis-6\/\" border=\"0\" itemprop=\"url\"> <meta itemprop=\"width\" content=\"163\"> <meta itemprop=\"height\" content=\"122\"> <img decoding=\"async\" class=\"\" data-attachment-id=\"146677\" data-orig-file=\"http:\/\/www.tvturk.com\/wp-content\/uploads\/2019\/04\/jandarmadan-kurulusunun-180inci-yildonumunde-kizilaya-anlamli-bagis_03b0761.jpg\" data-orig-size=\"1000,750\" data-comments-opened=\"\" data-image-meta=\"{&quot;aperture&quot;:&quot;0&quot;,&quot;credit&quot;:&quot;IHA&quot;,&quot;camera&quot;:&quot;&quot;,&quot;caption&quot;:&quot;JANDARMA GENEL KOMUTANLI\\u011eININ KURULU\\u015eUNUN 180\\u2019\\u0130NC\\u0130 YILD\\u00d6N\\u00dcM\\u00dcNDE \\u0130STANBUL \\u0130L JANDARMA KOMUTANLI\\u011eI PERSONEL\\u0130 T\\u00dcRK KIZILAYI\\u2019NA KAN BA\\u011eI\\u015eINDA BULUNDU. (DO\\u011eAN CAN CESUR - YUNUS EMRE \\u015eEKER\\\/\\u0130STANBUL-\\u0130HA)&quot;,&quot;created_timestamp&quot;:&quot;0&quot;,&quot;copyright&quot;:&quot;\\u0130HLAS HABER AJANSI, www.iha.com.tr&quot;,&quot;focal_length&quot;:&quot;0&quot;,&quot;iso&quot;:&quot;0&quot;,&quot;shutter_speed&quot;:&quot;0&quot;,&quot;title&quot;:&quot;JANDARMADAN KURULU\\u015eUNUN 180\\u2019\\u0130NC\\u0130 YILD\\u00d6N\\u00dcM\\u00dcNDE KIZILAY\\u2019A ANLAMLI BA\\u011eI\\u015e \\u0130STANBUL \\u0130L JANDARMA KOMUTANLI\\u011eI PERSONEL\\u0130 KIZILAY\\u0027A KAN BA\\u011eI\\u015eINDA BULUNDU&quot;,&quot;orientation&quot;:&quot;0&quot;}\" data-image-title=\"Jandarmadan kurulu\u015funun 180\u2019inci y\u0131ld\u00f6n\u00fcm\u00fcnde K\u0131z\u0131lay\u2019a anlaml\u0131 ba\u011f\u0131\u015f\" data-image-description=\"&lt;p&gt;Jandarmadan kurulu\u015funun 180\u2019inci y\u0131ld\u00f6n\u00fcm\u00fcnde K\u0131z\u0131lay\u2019a anlaml\u0131 ba\u011f\u0131\u015f&lt;\/p&gt; \" data-medium-file=\"https:\/\/i0.wp.com\/www.tvturk.com\/wp-content\/uploads\/2019\/04\/jandarmadan-kurulusunun-180inci-yildonumunde-kizilaya-anlamli-bagis_03b0761.jpg?fit=300%2C225\" data-large-file=\"https:\/\/i0.wp.com\/www.tvturk.com\/wp-content\/uploads\/2019\/04\/jandarmadan-kurulusunun-180inci-yildonumunde-kizilaya-anlamli-bagis_03b0761.jpg?fit=1000%2C750\" src=\"https:\/\/i0.wp.com\/www.tvturk.com\/wp-content\/uploads\/2019\/04\/jandarmadan-kurulusunun-180inci-yildonumunde-kizilaya-anlamli-bagis_03b0761.jpg?w=163&#038;h=122\" srcset=\"https:\/\/i0.wp.com\/www.tvturk.com\/wp-content\/uploads\/2019\/04\/jandarmadan-kurulusunun-180inci-yildonumunde-kizilaya-anlamli-bagis_03b0761.jpg?w=1000 1000w, https:\/\/i0.wp.com\/www.tvturk.com\/wp-content\/uploads\/2019\/04\/jandarmadan-kurulusunun-180inci-yildonumunde-kizilaya-anlamli-bagis_03b0761.jpg?resize=150%2C113 150w, https:\/\/i0.wp.com\/www.tvturk.com\/wp-content\/uploads\/2019\/04\/jandarmadan-kurulusunun-180inci-yildonumunde-kizilaya-anlamli-bagis_03b0761.jpg?resize=300%2C225 300w, https:\/\/i0.wp.com\/www.tvturk.com\/wp-content\/uploads\/2019\/04\/jandarmadan-kurulusunun-180inci-yildonumunde-kizilaya-anlamli-bagis_03b0761.jpg?resize=768%2C576 768w\" width=\"163\" height=\"122\" loading=\"lazy\" data-original-width=\"163\" data-original-height=\"122\" itemprop=\"http:\/\/schema.org\/image\" title=\"Jandarmadan kurulu\u015funun 180\u2019inci y\u0131ld\u00f6n\u00fcm\u00fcnde K\u0131z\u0131lay\u2019a anlaml\u0131 ba\u011f\u0131\u015f\" alt=\"Jandarmadan kurulu\u015funun 180\u2019inci y\u0131ld\u00f6n\u00fcm\u00fcnde K\u0131z\u0131lay\u2019a anlaml\u0131 ba\u011f\u0131\u015f\" style=\"width: 163px; height: 122px;\" \/> <\/a> <\/div> <\/div> <!-- close group --> <div class=\"gallery-group images-1\" style=\"width: 167px; height: 126px;\" data-original-width=\"167\" data-original-height=\"126\" > <div class=\"tiled-gallery-item tiled-gallery-item-small\" itemprop=\"associatedMedia\" itemscope itemtype=\"http:\/\/schema.org\/ImageObject\"> <a href=\"http:\/\/www.tvturk.com\/index.php\/jandarmadan-kurulusunun-180inci-yildonumunde-kizilaya-anlamli-bagis\/jandarmadan-kurulusunun-180inci-yildonumunde-kizilaya-anlamli-bagis-7\/\" border=\"0\" itemprop=\"url\"> <meta itemprop=\"width\" content=\"163\"> <meta itemprop=\"height\" content=\"122\"> <img decoding=\"async\" class=\"\" data-attachment-id=\"146678\" data-orig-file=\"http:\/\/www.tvturk.com\/wp-content\/uploads\/2019\/04\/jandarmadan-kurulusunun-180inci-yildonumunde-kizilaya-anlamli-bagis_90d8267.jpg\" data-orig-size=\"1000,750\" data-comments-opened=\"\" data-image-meta=\"{&quot;aperture&quot;:&quot;0&quot;,&quot;credit&quot;:&quot;IHA&quot;,&quot;camera&quot;:&quot;&quot;,&quot;caption&quot;:&quot;JANDARMA GENEL KOMUTANLI\\u011eININ KURULU\\u015eUNUN 180\\u2019\\u0130NC\\u0130 YILD\\u00d6N\\u00dcM\\u00dcNDE \\u0130STANBUL \\u0130L JANDARMA KOMUTANLI\\u011eI PERSONEL\\u0130 T\\u00dcRK KIZILAYI\\u2019NA KAN BA\\u011eI\\u015eINDA BULUNDU. (DO\\u011eAN CAN CESUR - YUNUS EMRE \\u015eEKER\\\/\\u0130STANBUL-\\u0130HA)&quot;,&quot;created_timestamp&quot;:&quot;0&quot;,&quot;copyright&quot;:&quot;\\u0130HLAS HABER AJANSI, www.iha.com.tr&quot;,&quot;focal_length&quot;:&quot;0&quot;,&quot;iso&quot;:&quot;0&quot;,&quot;shutter_speed&quot;:&quot;0&quot;,&quot;title&quot;:&quot;JANDARMADAN KURULU\\u015eUNUN 180\\u2019\\u0130NC\\u0130 YILD\\u00d6N\\u00dcM\\u00dcNDE KIZILAY\\u2019A ANLAMLI BA\\u011eI\\u015e \\u0130STANBUL \\u0130L JANDARMA KOMUTANLI\\u011eI PERSONEL\\u0130 KIZILAY\\u0027A KAN BA\\u011eI\\u015eINDA BULUNDU&quot;,&quot;orientation&quot;:&quot;0&quot;}\" data-image-title=\"Jandarmadan kurulu\u015funun 180\u2019inci y\u0131ld\u00f6n\u00fcm\u00fcnde K\u0131z\u0131lay\u2019a anlaml\u0131 ba\u011f\u0131\u015f\" data-image-description=\"&lt;p&gt;Jandarmadan kurulu\u015funun 180\u2019inci y\u0131ld\u00f6n\u00fcm\u00fcnde K\u0131z\u0131lay\u2019a anlaml\u0131 ba\u011f\u0131\u015f&lt;\/p&gt; \" data-medium-file=\"https:\/\/i0.wp.com\/www.tvturk.com\/wp-content\/uploads\/2019\/04\/jandarmadan-kurulusunun-180inci-yildonumunde-kizilaya-anlamli-bagis_90d8267.jpg?fit=300%2C225\" data-large-file=\"https:\/\/i0.wp.com\/www.tvturk.com\/wp-content\/uploads\/2019\/04\/jandarmadan-kurulusunun-180inci-yildonumunde-kizilaya-anlamli-bagis_90d8267.jpg?fit=1000%2C750\" src=\"https:\/\/i0.wp.com\/www.tvturk.com\/wp-content\/uploads\/2019\/04\/jandarmadan-kurulusunun-180inci-yildonumunde-kizilaya-anlamli-bagis_90d8267.jpg?w=163&#038;h=122\" srcset=\"https:\/\/i0.wp.com\/www.tvturk.com\/wp-content\/uploads\/2019\/04\/jandarmadan-kurulusunun-180inci-yildonumunde-kizilaya-anlamli-bagis_90d8267.jpg?w=1000 1000w, https:\/\/i0.wp.com\/www.tvturk.com\/wp-content\/uploads\/2019\/04\/jandarmadan-kurulusunun-180inci-yildonumunde-kizilaya-anlamli-bagis_90d8267.jpg?resize=150%2C113 150w, https:\/\/i0.wp.com\/www.tvturk.com\/wp-content\/uploads\/2019\/04\/jandarmadan-kurulusunun-180inci-yildonumunde-kizilaya-anlamli-bagis_90d8267.jpg?resize=300%2C225 300w, https:\/\/i0.wp.com\/www.tvturk.com\/wp-content\/uploads\/2019\/04\/jandarmadan-kurulusunun-180inci-yildonumunde-kizilaya-anlamli-bagis_90d8267.jpg?resize=768%2C576 768w\" width=\"163\" height=\"122\" loading=\"lazy\" data-original-width=\"163\" data-original-height=\"122\" itemprop=\"http:\/\/schema.org\/image\" title=\"Jandarmadan kurulu\u015funun 180\u2019inci y\u0131ld\u00f6n\u00fcm\u00fcnde K\u0131z\u0131lay\u2019a anlaml\u0131 ba\u011f\u0131\u015f\" alt=\"Jandarmadan kurulu\u015funun 180\u2019inci y\u0131ld\u00f6n\u00fcm\u00fcnde K\u0131z\u0131lay\u2019a anlaml\u0131 ba\u011f\u0131\u015f\" style=\"width: 163px; height: 122px;\" \/> <\/a> <\/div> <\/div> <!-- close group --> <div class=\"gallery-group images-1\" style=\"width: 166px; height: 126px;\" data-original-width=\"166\" data-original-height=\"126\" > <div class=\"tiled-gallery-item tiled-gallery-item-small\" itemprop=\"associatedMedia\" itemscope itemtype=\"http:\/\/schema.org\/ImageObject\"> <a href=\"http:\/\/www.tvturk.com\/index.php\/jandarmadan-kurulusunun-180inci-yildonumunde-kizilaya-anlamli-bagis\/jandarmadan-kurulusunun-180inci-yildonumunde-kizilaya-anlamli-bagis-8\/\" border=\"0\" itemprop=\"url\"> <meta itemprop=\"width\" content=\"162\"> <meta itemprop=\"height\" content=\"122\"> <img decoding=\"async\" class=\"\" data-attachment-id=\"146679\" data-orig-file=\"http:\/\/www.tvturk.com\/wp-content\/uploads\/2019\/04\/jandarmadan-kurulusunun-180inci-yildonumunde-kizilaya-anlamli-bagis_f544c73.jpg\" data-orig-size=\"1000,750\" data-comments-opened=\"\" data-image-meta=\"{&quot;aperture&quot;:&quot;0&quot;,&quot;credit&quot;:&quot;IHA&quot;,&quot;camera&quot;:&quot;&quot;,&quot;caption&quot;:&quot;JANDARMA GENEL KOMUTANLI\\u011eININ KURULU\\u015eUNUN 180\\u2019\\u0130NC\\u0130 YILD\\u00d6N\\u00dcM\\u00dcNDE \\u0130STANBUL \\u0130L JANDARMA KOMUTANLI\\u011eI PERSONEL\\u0130 T\\u00dcRK KIZILAYI\\u2019NA KAN BA\\u011eI\\u015eINDA BULUNDU. (DO\\u011eAN CAN CESUR - YUNUS EMRE \\u015eEKER\\\/\\u0130STANBUL-\\u0130HA)&quot;,&quot;created_timestamp&quot;:&quot;0&quot;,&quot;copyright&quot;:&quot;\\u0130HLAS HABER AJANSI, www.iha.com.tr&quot;,&quot;focal_length&quot;:&quot;0&quot;,&quot;iso&quot;:&quot;0&quot;,&quot;shutter_speed&quot;:&quot;0&quot;,&quot;title&quot;:&quot;JANDARMADAN KURULU\\u015eUNUN 180\\u2019\\u0130NC\\u0130 YILD\\u00d6N\\u00dcM\\u00dcNDE KIZILAY\\u2019A ANLAMLI BA\\u011eI\\u015e \\u0130STANBUL \\u0130L JANDARMA KOMUTANLI\\u011eI PERSONEL\\u0130 KIZILAY\\u0027A KAN BA\\u011eI\\u015eINDA BULUNDU&quot;,&quot;orientation&quot;:&quot;0&quot;}\" data-image-title=\"Jandarmadan kurulu\u015funun 180\u2019inci y\u0131ld\u00f6n\u00fcm\u00fcnde K\u0131z\u0131lay\u2019a anlaml\u0131 ba\u011f\u0131\u015f\" data-image-description=\"&lt;p&gt;Jandarmadan kurulu\u015funun 180\u2019inci y\u0131ld\u00f6n\u00fcm\u00fcnde K\u0131z\u0131lay\u2019a anlaml\u0131 ba\u011f\u0131\u015f&lt;\/p&gt; \" data-medium-file=\"https:\/\/i0.wp.com\/www.tvturk.com\/wp-content\/uploads\/2019\/04\/jandarmadan-kurulusunun-180inci-yildonumunde-kizilaya-anlamli-bagis_f544c73.jpg?fit=300%2C225\" data-large-file=\"https:\/\/i0.wp.com\/www.tvturk.com\/wp-content\/uploads\/2019\/04\/jandarmadan-kurulusunun-180inci-yildonumunde-kizilaya-anlamli-bagis_f544c73.jpg?fit=1000%2C750\" src=\"https:\/\/i0.wp.com\/www.tvturk.com\/wp-content\/uploads\/2019\/04\/jandarmadan-kurulusunun-180inci-yildonumunde-kizilaya-anlamli-bagis_f544c73.jpg?w=162&#038;h=122\" srcset=\"https:\/\/i0.wp.com\/www.tvturk.com\/wp-content\/uploads\/2019\/04\/jandarmadan-kurulusunun-180inci-yildonumunde-kizilaya-anlamli-bagis_f544c73.jpg?w=1000 1000w, https:\/\/i0.wp.com\/www.tvturk.com\/wp-content\/uploads\/2019\/04\/jandarmadan-kurulusunun-180inci-yildonumunde-kizilaya-anlamli-bagis_f544c73.jpg?resize=150%2C113 150w, https:\/\/i0.wp.com\/www.tvturk.com\/wp-content\/uploads\/2019\/04\/jandarmadan-kurulusunun-180inci-yildonumunde-kizilaya-anlamli-bagis_f544c73.jpg?resize=300%2C225 300w, https:\/\/i0.wp.com\/www.tvturk.com\/wp-content\/uploads\/2019\/04\/jandarmadan-kurulusunun-180inci-yildonumunde-kizilaya-anlamli-bagis_f544c73.jpg?resize=768%2C576 768w\" width=\"162\" height=\"122\" loading=\"lazy\" data-original-width=\"162\" data-original-height=\"122\" itemprop=\"http:\/\/schema.org\/image\" title=\"Jandarmadan kurulu\u015funun 180\u2019inci y\u0131ld\u00f6n\u00fcm\u00fcnde K\u0131z\u0131lay\u2019a anlaml\u0131 ba\u011f\u0131\u015f\" alt=\"Jandarmadan kurulu\u015funun 180\u2019inci y\u0131ld\u00f6n\u00fcm\u00fcnde K\u0131z\u0131lay\u2019a anlaml\u0131 ba\u011f\u0131\u015f\" style=\"width: 162px; height: 122px;\" \/> <\/a> <\/div> <\/div> <!-- close group --> <\/div> <!-- close row --> <\/div><\/p>\n","protected":false},"excerpt":{"rendered":"<p>JANDARMA GENEL KOMUTANLI\u011eININ KURULU\u015eUNUN 180\u2019\u0130NC\u0130 YILD\u00d6N\u00dcM\u00dcNDE \u0130STANBUL \u0130L JANDARMA KOMUTANLI\u011eI PERSONEL\u0130 T\u00dcRK KIZILAYI\u2019NA KAN BA\u011eI\u015eINDA BULUNDU.<\/p>\n","protected":false},"author":1,"featured_media":146673,"comment_status":"closed","ping_status":"open","sticky":false,"template":"","format":"standard","meta":{"jetpack_post_was_ever_published":false,"_jetpack_newsletter_access":"","_jetpack_dont_email_post_to_subs":false,"_jetpack_newsletter_tier_id":0,"_jetpack_memberships_contains_paywalled_content":false,"_jetpack_memberships_contains_paid_content":false,"footnotes":"","jetpack_publicize_message":"","jetpack_publicize_feature_enabled":true,"jetpack_social_post_already_shared":true,"jetpack_social_options":{"image_generator_settings":{"template":"highway","default_image_id":0,"font":"","enabled":false},"version":2}},"categories":[1],"tags":[24085,3059,3952,1155,3646,7613,12727],"class_list":["post-146672","post","type-post","status-publish","format-standard","has-post-thumbnail","hentry","category-genel","tag-180inci","tag-anlamli","tag-bagis","tag-jandarmadan","tag-kizilaya","tag-kurulusunun","tag-yildonumunde"],"jetpack_publicize_connections":[],"jetpack_featured_media_url":"https:\/\/i0.wp.com\/www.tvturk.com\/wp-content\/uploads\/2019\/04\/jandarmadan-kurulusunun-180inci-yildonumunde-kizilaya-anlamli-bagis_f38ef75.jpg?fit=1000%2C750","jetpack_sharing_enabled":true,"jetpack_shortlink":"https:\/\/wp.me\/paKIfm-C9G","_links":{"self":[{"href":"http:\/\/www.tvturk.com\/index.php\/wp-json\/wp\/v2\/posts\/146672","targetHints":{"allow":["GET"]}}],"collection":[{"href":"http:\/\/www.tvturk.com\/index.php\/wp-json\/wp\/v2\/posts"}],"about":[{"href":"http:\/\/www.tvturk.com\/index.php\/wp-json\/wp\/v2\/types\/post"}],"author":[{"embeddable":true,"href":"http:\/\/www.tvturk.com\/index.php\/wp-json\/wp\/v2\/users\/1"}],"replies":[{"embeddable":true,"href":"http:\/\/www.tvturk.com\/index.php\/wp-json\/wp\/v2\/comments?post=146672"}],"version-history":[{"count":1,"href":"http:\/\/www.tvturk.com\/index.php\/wp-json\/wp\/v2\/posts\/146672\/revisions"}],"predecessor-version":[{"id":146680,"href":"http:\/\/www.tvturk.com\/index.php\/wp-json\/wp\/v2\/posts\/146672\/revisions\/146680"}],"wp:featuredmedia":[{"embeddable":true,"href":"http:\/\/www.tvturk.com\/index.php\/wp-json\/wp\/v2\/media\/146673"}],"wp:attachment":[{"href":"http:\/\/www.tvturk.com\/index.php\/wp-json\/wp\/v2\/media?parent=146672"}],"wp:term":[{"taxonomy":"category","embeddable":true,"href":"http:\/\/www.tvturk.com\/index.php\/wp-json\/wp\/v2\/categories?post=146672"},{"taxonomy":"post_tag","embeddable":true,"href":"http:\/\/www.tvturk.com\/index.php\/wp-json\/wp\/v2\/tags?post=146672"}],"curies":[{"name":"wp","href":"https:\/\/api.w.org\/{rel}","templated":true}]}}