{"id":146822,"date":"2019-04-22T12:56:17","date_gmt":"2019-04-22T09:56:17","guid":{"rendered":"http:\/\/www.tvturk.com\/index.php\/erzurum-valiliginden-kayip-furkan-ile-ilgili-aciklama\/"},"modified":"2019-04-22T12:56:17","modified_gmt":"2019-04-22T09:56:17","slug":"erzurum-valiliginden-kayip-furkan-ile-ilgili-aciklama","status":"publish","type":"post","link":"http:\/\/www.tvturk.com\/index.php\/erzurum-valiliginden-kayip-furkan-ile-ilgili-aciklama\/","title":{"rendered":"Erzurum Valili\u011finden kay\u0131p Furkan ile ilgili a\u00e7\u0131klama"},"content":{"rendered":"<p>Erzurum Valisi Okay Memi\u015f, Kara\u00e7oban il\u00e7esinde 6 g\u00fcn \u00f6nce kaybolan 4 ya\u015f\u0131nda ki Furkan Yi\u011fit ile ilgili a\u00e7\u0131klamalarda bulundu. Vali Memi\u015f, ailenin \u00e7eli\u015fkili ifadeler verdi\u011fini belirterek \u201c\u00c7eli\u015fkili ifadelerden kay\u0131p olmad\u0131\u011f\u0131 konusunda vefat etmi\u015f olabilece\u011fi konusunda ifadeleri oldu. Soru\u015fturma devam ediyor\u201d dedi.<\/p>\n<p>Kara\u00e7oban il\u00e7esinde 4 ya\u015f\u0131nda ki Furkan Yi\u011fit\u2019in kayboldu\u011fu g\u00fcnden itibaren \u00e7al\u0131\u015fmalar\u0131n devam etti\u011fini ifade eden Vali Okay Memi\u015f, \u201cKara\u00e7oban il\u00e7emizde 4 ya\u015f\u0131nda ki bir \u00e7ocu\u011fun kayboldu ihbar\u0131 geldi. \u0130hbar \u00fczerine biz b\u00fct\u00fcn ekiplerimizi seferber ettik. Jandarma, AFAD, k\u00f6y halk\u0131, uzman k\u00f6pekler, droneler,  dalg\u0131\u00e7lar, di\u011fer ekiplerimizle konuya duyarl\u0131 bir \u015fekilde yakla\u015ft\u0131k. \u015euanda da arama, tarama \u00e7al\u0131\u015fmalar\u0131 devam ediyor\u201d diye konu\u015ftu.<\/p>\n<p>\u201cKay\u0131p de\u011fil, vefat etmi\u015f olabilece\u011fi y\u00f6n\u00fcnde ifadeler var\u201d<\/p>\n<p>Kay\u0131p \u00e7ocu\u011fun ailesinin bir tak\u0131m \u00e7eli\u015fkili ifadelerinin oldu\u011funu belirten Vali Memi\u015f \u015fu a\u00e7\u0131klamalarda bulundu:<\/p>\n<p>\u201c\u015euan soru\u015fturma devam ediyor. Yarg\u0131 da m\u00fcdahil oldu. Gizlilik ve yay\u0131n yasa\u011f\u0131 ile ilgili bir durum var. \u015euan da \u0130l Jandarma ve \u0130l Emniyet M\u00fcd\u00fcrl\u00fc\u011f\u00fcm\u00fczden uzman ekiplerimiz konuyu soru\u015fturuyorlar. Biz bu ge\u00e7en s\u00fcre i\u00e7erisinde devlet yetkilileri olarak kay\u0131p \u00e7ocu\u011fu bulmak y\u00f6n\u00fcnde b\u00fcy\u00fck \u00e7aba sarf ettik. Kar\u0131\u015f kar\u0131\u015f, metre metre dere yata\u011f\u0131, k\u00f6y\u00fcn etraf\u0131n\u0131 arad\u0131k tarad\u0131k. B\u0131kmadan usanamadan ara vermeden devam ettik. \u00d6nce ki g\u00fcn itibariyle \u00e7ocu\u011fun ailesinin farkl\u0131 beyanlar\u0131 oldu. Ancak tam netle\u015fmedik\u00e7e payla\u015famay\u0131z. Ama bug\u00fcn yar\u0131n netle\u015fecektir. \u0130stismar y\u00f6n\u00fcnde bir \u015fey yok. O y\u00f6nde bir de\u011ferlendirmemiz bir bulgumuz yok. \u00c7eli\u015fkili ifadelerden kay\u0131p olmad\u0131\u011f\u0131 konusunda vefat etmi\u015f olabilece\u011fi konusunda ifadeleri oldu. Soru\u015fturma devam ediyor. Bu bizim a\u00e7\u0131m\u0131zdan \u015f\u00fcphe uyand\u0131r\u0131r bir ifade oldu. Dolay\u0131s\u0131yla konuyu geni\u015f bir \u015fekilde takip ediyoruz. Hassas bir konu \u00e7ocuk olmas\u0131ndan dolay\u0131 di\u011fer vatanda\u015flar\u0131 infiale u\u011fratacak bir konu oldu\u011fu i\u00e7in bu konular\u0131 ciddiyetle y\u00fcr\u00fctmek zorunday\u0131z. Bizzat kendim takip ediyorum. B\u00fct\u00fcn safahatlar\u0131n\u0131 takip ediyoruz. Farkl\u0131 sonu\u00e7larla kar\u015f\u0131la\u015fabiliriz o y\u00fczden detaya girmek istemiyorum.\u201d<\/p>\n","protected":false},"excerpt":{"rendered":"<p>ERZURUM VAL\u0130S\u0130 OKAY MEM\u0130\u015e, KAYIP FURKAN Y\u0130\u011e\u0130T \u0130LE \u0130LG\u0130L\u0130 A\u0130LEN\u0130N \u00c7EL\u0130\u015eK\u0130L\u0130 \u0130FADELER VERD\u0130\u011e\u0130N\u0130 BEL\u0130RTEREK \u201c\u00c7EL\u0130\u015eK\u0130L\u0130 \u0130FADELERDEN KAYIP OLMADI\u011eI KONUSUNDA, VEFAT ETM\u0130\u015e OLAB\u0130LECE\u011e\u0130 KONUSUNDA \u0130FADELER\u0130 OLDU. SORU\u015eTURMA DEVAM ED\u0130YOR\u201d DED\u0130.<\/p>\n","protected":false},"author":1,"featured_media":146823,"comment_status":"closed","ping_status":"open","sticky":false,"template":"","format":"standard","meta":{"jetpack_post_was_ever_published":false,"_jetpack_newsletter_access":"","_jetpack_dont_email_post_to_subs":false,"_jetpack_newsletter_tier_id":0,"_jetpack_memberships_contains_paywalled_content":false,"_jetpack_memberships_contains_paid_content":false,"footnotes":"","jetpack_publicize_message":"","jetpack_publicize_feature_enabled":true,"jetpack_social_post_already_shared":true,"jetpack_social_options":{"image_generator_settings":{"template":"highway","default_image_id":0,"font":"","enabled":false},"version":2}},"categories":[1],"tags":[3349,2294,19402,192,3012,952,306],"class_list":["post-146822","post","type-post","status-publish","format-standard","has-post-thumbnail","hentry","category-genel","tag-aciklama","tag-erzurum","tag-furkan","tag-ile","tag-ilgili","tag-kayip","tag-valiliginden"],"jetpack_publicize_connections":[],"jetpack_featured_media_url":"https:\/\/i0.wp.com\/www.tvturk.com\/wp-content\/uploads\/2019\/04\/erzurum-valiliginden-kayip-furkan-ile-ilgili-aciklama_dbd66e7.jpg?fit=1000%2C666","jetpack_sharing_enabled":true,"jetpack_shortlink":"https:\/\/wp.me\/paKIfm-Cc6","_links":{"self":[{"href":"http:\/\/www.tvturk.com\/index.php\/wp-json\/wp\/v2\/posts\/146822","targetHints":{"allow":["GET"]}}],"collection":[{"href":"http:\/\/www.tvturk.com\/index.php\/wp-json\/wp\/v2\/posts"}],"about":[{"href":"http:\/\/www.tvturk.com\/index.php\/wp-json\/wp\/v2\/types\/post"}],"author":[{"embeddable":true,"href":"http:\/\/www.tvturk.com\/index.php\/wp-json\/wp\/v2\/users\/1"}],"replies":[{"embeddable":true,"href":"http:\/\/www.tvturk.com\/index.php\/wp-json\/wp\/v2\/comments?post=146822"}],"version-history":[{"count":0,"href":"http:\/\/www.tvturk.com\/index.php\/wp-json\/wp\/v2\/posts\/146822\/revisions"}],"wp:featuredmedia":[{"embeddable":true,"href":"http:\/\/www.tvturk.com\/index.php\/wp-json\/wp\/v2\/media\/146823"}],"wp:attachment":[{"href":"http:\/\/www.tvturk.com\/index.php\/wp-json\/wp\/v2\/media?parent=146822"}],"wp:term":[{"taxonomy":"category","embeddable":true,"href":"http:\/\/www.tvturk.com\/index.php\/wp-json\/wp\/v2\/categories?post=146822"},{"taxonomy":"post_tag","embeddable":true,"href":"http:\/\/www.tvturk.com\/index.php\/wp-json\/wp\/v2\/tags?post=146822"}],"curies":[{"name":"wp","href":"https:\/\/api.w.org\/{rel}","templated":true}]}}