{"id":146899,"date":"2019-04-22T13:39:14","date_gmt":"2019-04-22T10:39:14","guid":{"rendered":"http:\/\/www.tvturk.com\/index.php\/akkuzulu-koyu-muhtarindan-kilicdarogluna-saldiriyla-ilgili-aciklama\/"},"modified":"2019-04-22T13:39:19","modified_gmt":"2019-04-22T10:39:19","slug":"akkuzulu-koyu-muhtarindan-kilicdarogluna-saldiriyla-ilgili-aciklama","status":"publish","type":"post","link":"http:\/\/www.tvturk.com\/index.php\/akkuzulu-koyu-muhtarindan-kilicdarogluna-saldiriyla-ilgili-aciklama\/","title":{"rendered":"Akkuzulu k\u00f6y\u00fc muhtar\u0131ndan K\u0131l\u0131\u00e7daro\u011flu\u2019na sald\u0131r\u0131yla ilgili a\u00e7\u0131klama"},"content":{"rendered":"<p>ANKARA (\u0130HA) \u2013 Ankara\u2019n\u0131n \u00c7ubuk il\u00e7esine ba\u011fl\u0131 Akkuzulu k\u00f6y\u00fc Muhtar\u0131 Halil K\u00f6kmen, \u015fehit askerin cenazesinde CHP Genel Ba\u015fkan\u0131 Kemal K\u0131l\u0131\u00e7daro\u011flu\u2019na y\u00f6nelik yap\u0131lan sald\u0131r\u0131yla ilgili a\u00e7\u0131klamalarda bulundu.<\/p>\n<p>Akkuzulu k\u00f6y\u00fc Muhtar\u0131 Halil K\u00f6kmen, \u015fehidin cenaze namaz\u0131n\u0131n k\u0131l\u0131nmas\u0131n\u0131n ard\u0131ndan mezarl\u0131\u011fa ge\u00e7tiklerini, K\u0131l\u0131\u00e7daro\u011flu\u2019na y\u00f6nelik sald\u0131r\u0131 oldu\u011funu duyup k\u00f6ye d\u00f6nd\u00fc\u011f\u00fcn\u00fc belirtti. K\u00f6kmen, \u201cYolda birilerinin, Kemal K\u0131l\u0131\u00e7daro\u011flu\u2019na \u2018Niye k\u00f6ye getirdiniz, Neden geldi bu adam, \u015eehit cenazesine niye geldi bu adam\u2019 \u015feklinde laf att\u0131\u011f\u0131n\u0131 s\u00f6ylediler. Onlar \u00e7ok \u00fczg\u00fcn olduklar\u0131 i\u00e7in, \u015fehidin ac\u0131s\u0131yla bir anda olan bir \u015fey bu yani, orada bir organizasyon yok. K\u00f6y halk\u0131 taraf\u0131ndan bir organizasyon yok\u201d \u015feklinde konu\u015ftu.<\/p>\n<p>Olay\u0131 ger\u00e7ekle\u015ftirenlerin hem k\u00f6yden hem de d\u0131\u015far\u0131dan vatanda\u015flar oldu\u011funu s\u00f6yleyen K\u00f6kmen, \u201cOlay\u0131 ger\u00e7ekle\u015ftiren k\u00f6yden olanlar da var, d\u0131\u015far\u0131dan Ankara\u2019dan gelenler de var. Olayla hi\u00e7 alakas\u0131 olmayan ki\u015filer de var. Olaydan sonra Kemal beyle birlikte \u00e7\u0131kt\u0131k zaten k\u00f6yden, Kemal beyden k\u00f6y\u00fcm ad\u0131na \u00f6z\u00fcr diledim. Orada onlara kurulmu\u015f bir tezgah yok. Halk bir anda patlad\u0131\u201d ifadelerini kulland\u0131.<\/p>\n<p>\u015eehit Yener K\u0131r\u0131kc\u0131\u2019n\u0131n yak\u0131n\u0131 oldu\u011funu ve K\u0131l\u0131\u00e7daro\u011flu\u2019nun cenazeye kat\u0131laca\u011f\u0131ndan \u015fehit ailesinin de bilgisi olmad\u0131\u011f\u0131n\u0131 s\u00f6yleyen K\u00f6kmen, &#8220;Orada Mansur bey de vard\u0131. Mansur beye herhangi bir tepki falan olmad\u0131. Kemal bey\u2019e birka\u00e7 ki\u015fi ba\u011f\u0131rd\u0131. \u2018PKK ile birlik olmay\u0131n, bar\u0131nd\u0131rmay\u0131n, PKK bizim evlatlar\u0131m\u0131z\u0131 \u015fehit ediyor, siz daha bununla birlik oluyorsunuz\u2019 diye orada ba\u011fr\u0131\u015fmalar oldu. Sonra mezarl\u0131k yolunda, Kemal bey mezarl\u0131\u011fa gelece\u011fini s\u00f6ylemi\u015f. Cami ile mezarl\u0131k aras\u0131nda bir tart\u0131\u015fma olmu\u015f\u201d ifadelerini kaydetti.<\/p>\n<p>K\u00f6yden olmayan iki ki\u015finin vatanda\u015flar\u0131 galeyana getirdi\u011fini belirten K\u00f6kmen, &#8220;(\u0130fade i\u00e7in g\u00f6zalt\u0131na al\u0131nanlarla alakal\u0131) Emniyet listede 20 ki\u015fi oldu\u011funu s\u00f6yl\u00fcyor. Ald\u0131lar, onlar\u0131nda ifadeleri al\u0131n\u0131yor \u015fu anda, Emniyet g\u00fc\u00e7lerimiz g\u00f6revini yap\u0131yor\u201d diye konu\u015ftu.<div class=\"tiled-gallery type-rectangular tiled-gallery-unresized\" data-original-width=\"500\" data-carousel-extra='null' itemscope itemtype=\"http:\/\/schema.org\/ImageGallery\" > <div class=\"gallery-row\" style=\"width: 500px; height: 224px;\" data-original-width=\"500\" data-original-height=\"224\" > <div class=\"gallery-group images-1\" style=\"width: 334px; height: 224px;\" data-original-width=\"334\" data-original-height=\"224\" > <div class=\"tiled-gallery-item tiled-gallery-item-large\" itemprop=\"associatedMedia\" itemscope itemtype=\"http:\/\/schema.org\/ImageObject\"> <a href=\"http:\/\/www.tvturk.com\/index.php\/akkuzulu-koyu-muhtarindan-kilicdarogluna-saldiriyla-ilgili-aciklama\/akkuzulu-koyu-muhtarindan-kilicdarogluna-saldiriyla-ilgili-aciklama-3\/\" border=\"0\" itemprop=\"url\"> <meta itemprop=\"width\" content=\"330\"> <meta itemprop=\"height\" content=\"220\"> <img decoding=\"async\" class=\"\" data-attachment-id=\"146901\" data-orig-file=\"http:\/\/www.tvturk.com\/wp-content\/uploads\/2019\/04\/akkuzulu-koyu-muhtarindan-kilicdarogluna-saldiriyla-ilgili-aciklama_1d8026a.jpg\" data-orig-size=\"1000,666\" data-comments-opened=\"\" data-image-meta=\"{&quot;aperture&quot;:&quot;0&quot;,&quot;credit&quot;:&quot;IHA&quot;,&quot;camera&quot;:&quot;&quot;,&quot;caption&quot;:&quot;\\u015eEH\\u0130T CENAZES\\u0130NDE KILI\\u00c7DARO\\u011eLU\\u2019NA Y\\u00d6NEL\\u0130K YAPILAN SALDIRIYLA ALAKALI, AKKUZULU K\\u00d6Y\\u00dc MUHTARI HAL\\u0130L K\\u00d6KMEN A\\u00c7IKLAMALARDA BULUNDU. (MEVL\\u00dcT HASG\\u00dcL\\\/ANKARA-\\u0130HA)&quot;,&quot;created_timestamp&quot;:&quot;0&quot;,&quot;copyright&quot;:&quot;\\u0130HLAS HABER AJANSI, www.iha.com.tr&quot;,&quot;focal_length&quot;:&quot;0&quot;,&quot;iso&quot;:&quot;0&quot;,&quot;shutter_speed&quot;:&quot;0&quot;,&quot;title&quot;:&quot;AKKUZULU K\\u00d6Y\\u00dc MUHTARINDAN KILI\\u00c7DARO\\u011eLU\\u2019NA SALDIRIYLA \\u0130LG\\u0130L\\u0130 A\\u00c7IKLAMA&quot;,&quot;orientation&quot;:&quot;0&quot;}\" data-image-title=\"Akkuzulu k\u00f6y\u00fc muhtar\u0131ndan K\u0131l\u0131\u00e7daro\u011flu\u2019na sald\u0131r\u0131yla ilgili a\u00e7\u0131klama\" data-image-description=\"&lt;p&gt;Akkuzulu k\u00f6y\u00fc muhtar\u0131ndan K\u0131l\u0131\u00e7daro\u011flu\u2019na sald\u0131r\u0131yla ilgili a\u00e7\u0131klama&lt;\/p&gt; \" data-medium-file=\"https:\/\/i0.wp.com\/www.tvturk.com\/wp-content\/uploads\/2019\/04\/akkuzulu-koyu-muhtarindan-kilicdarogluna-saldiriyla-ilgili-aciklama_1d8026a.jpg?fit=300%2C200\" data-large-file=\"https:\/\/i0.wp.com\/www.tvturk.com\/wp-content\/uploads\/2019\/04\/akkuzulu-koyu-muhtarindan-kilicdarogluna-saldiriyla-ilgili-aciklama_1d8026a.jpg?fit=1000%2C666\" src=\"https:\/\/i0.wp.com\/www.tvturk.com\/wp-content\/uploads\/2019\/04\/akkuzulu-koyu-muhtarindan-kilicdarogluna-saldiriyla-ilgili-aciklama_1d8026a.jpg?w=330&#038;h=220\" srcset=\"https:\/\/i0.wp.com\/www.tvturk.com\/wp-content\/uploads\/2019\/04\/akkuzulu-koyu-muhtarindan-kilicdarogluna-saldiriyla-ilgili-aciklama_1d8026a.jpg?w=1000 1000w, https:\/\/i0.wp.com\/www.tvturk.com\/wp-content\/uploads\/2019\/04\/akkuzulu-koyu-muhtarindan-kilicdarogluna-saldiriyla-ilgili-aciklama_1d8026a.jpg?resize=150%2C100 150w, https:\/\/i0.wp.com\/www.tvturk.com\/wp-content\/uploads\/2019\/04\/akkuzulu-koyu-muhtarindan-kilicdarogluna-saldiriyla-ilgili-aciklama_1d8026a.jpg?resize=300%2C200 300w, https:\/\/i0.wp.com\/www.tvturk.com\/wp-content\/uploads\/2019\/04\/akkuzulu-koyu-muhtarindan-kilicdarogluna-saldiriyla-ilgili-aciklama_1d8026a.jpg?resize=768%2C511 768w, https:\/\/i0.wp.com\/www.tvturk.com\/wp-content\/uploads\/2019\/04\/akkuzulu-koyu-muhtarindan-kilicdarogluna-saldiriyla-ilgili-aciklama_1d8026a.jpg?resize=170%2C113 170w, https:\/\/i0.wp.com\/www.tvturk.com\/wp-content\/uploads\/2019\/04\/akkuzulu-koyu-muhtarindan-kilicdarogluna-saldiriyla-ilgili-aciklama_1d8026a.jpg?resize=120%2C80 120w\" width=\"330\" height=\"220\" loading=\"lazy\" data-original-width=\"330\" data-original-height=\"220\" itemprop=\"http:\/\/schema.org\/image\" title=\"Akkuzulu k\u00f6y\u00fc muhtar\u0131ndan K\u0131l\u0131\u00e7daro\u011flu\u2019na sald\u0131r\u0131yla ilgili a\u00e7\u0131klama\" alt=\"Akkuzulu k\u00f6y\u00fc muhtar\u0131ndan K\u0131l\u0131\u00e7daro\u011flu\u2019na sald\u0131r\u0131yla ilgili a\u00e7\u0131klama\" style=\"width: 330px; height: 220px;\" \/> <\/a> <\/div> <\/div> <!-- close group --> <div class=\"gallery-group images-2\" style=\"width: 166px; height: 224px;\" data-original-width=\"166\" data-original-height=\"224\" > <div class=\"tiled-gallery-item tiled-gallery-item-small\" itemprop=\"associatedMedia\" itemscope itemtype=\"http:\/\/schema.org\/ImageObject\"> <a href=\"http:\/\/www.tvturk.com\/index.php\/akkuzulu-koyu-muhtarindan-kilicdarogluna-saldiriyla-ilgili-aciklama\/akkuzulu-koyu-muhtarindan-kilicdarogluna-saldiriyla-ilgili-aciklama-4\/\" border=\"0\" itemprop=\"url\"> <meta itemprop=\"width\" content=\"162\"> <meta itemprop=\"height\" content=\"108\"> <img decoding=\"async\" class=\"\" data-attachment-id=\"146902\" data-orig-file=\"http:\/\/www.tvturk.com\/wp-content\/uploads\/2019\/04\/akkuzulu-koyu-muhtarindan-kilicdarogluna-saldiriyla-ilgili-aciklama_22d4358.jpg\" data-orig-size=\"1000,666\" data-comments-opened=\"\" data-image-meta=\"{&quot;aperture&quot;:&quot;0&quot;,&quot;credit&quot;:&quot;IHA&quot;,&quot;camera&quot;:&quot;&quot;,&quot;caption&quot;:&quot;\\u015eEH\\u0130T CENAZES\\u0130NDE KILI\\u00c7DARO\\u011eLU\\u2019NA Y\\u00d6NEL\\u0130K YAPILAN SALDIRIYLA ALAKALI, AKKUZULU K\\u00d6Y\\u00dc MUHTARI HAL\\u0130L K\\u00d6KMEN A\\u00c7IKLAMALARDA BULUNDU. (MEVL\\u00dcT HASG\\u00dcL\\\/ANKARA-\\u0130HA)&quot;,&quot;created_timestamp&quot;:&quot;0&quot;,&quot;copyright&quot;:&quot;\\u0130HLAS HABER AJANSI, www.iha.com.tr&quot;,&quot;focal_length&quot;:&quot;0&quot;,&quot;iso&quot;:&quot;0&quot;,&quot;shutter_speed&quot;:&quot;0&quot;,&quot;title&quot;:&quot;AKKUZULU K\\u00d6Y\\u00dc MUHTARINDAN KILI\\u00c7DARO\\u011eLU\\u2019NA SALDIRIYLA \\u0130LG\\u0130L\\u0130 A\\u00c7IKLAMA&quot;,&quot;orientation&quot;:&quot;0&quot;}\" data-image-title=\"Akkuzulu k\u00f6y\u00fc muhtar\u0131ndan K\u0131l\u0131\u00e7daro\u011flu\u2019na sald\u0131r\u0131yla ilgili a\u00e7\u0131klama\" data-image-description=\"&lt;p&gt;Akkuzulu k\u00f6y\u00fc muhtar\u0131ndan K\u0131l\u0131\u00e7daro\u011flu\u2019na sald\u0131r\u0131yla ilgili a\u00e7\u0131klama&lt;\/p&gt; \" data-medium-file=\"https:\/\/i0.wp.com\/www.tvturk.com\/wp-content\/uploads\/2019\/04\/akkuzulu-koyu-muhtarindan-kilicdarogluna-saldiriyla-ilgili-aciklama_22d4358.jpg?fit=300%2C200\" data-large-file=\"https:\/\/i0.wp.com\/www.tvturk.com\/wp-content\/uploads\/2019\/04\/akkuzulu-koyu-muhtarindan-kilicdarogluna-saldiriyla-ilgili-aciklama_22d4358.jpg?fit=1000%2C666\" src=\"https:\/\/i0.wp.com\/www.tvturk.com\/wp-content\/uploads\/2019\/04\/akkuzulu-koyu-muhtarindan-kilicdarogluna-saldiriyla-ilgili-aciklama_22d4358.jpg?w=162&#038;h=108\" srcset=\"https:\/\/i0.wp.com\/www.tvturk.com\/wp-content\/uploads\/2019\/04\/akkuzulu-koyu-muhtarindan-kilicdarogluna-saldiriyla-ilgili-aciklama_22d4358.jpg?w=1000 1000w, https:\/\/i0.wp.com\/www.tvturk.com\/wp-content\/uploads\/2019\/04\/akkuzulu-koyu-muhtarindan-kilicdarogluna-saldiriyla-ilgili-aciklama_22d4358.jpg?resize=150%2C100 150w, https:\/\/i0.wp.com\/www.tvturk.com\/wp-content\/uploads\/2019\/04\/akkuzulu-koyu-muhtarindan-kilicdarogluna-saldiriyla-ilgili-aciklama_22d4358.jpg?resize=300%2C200 300w, https:\/\/i0.wp.com\/www.tvturk.com\/wp-content\/uploads\/2019\/04\/akkuzulu-koyu-muhtarindan-kilicdarogluna-saldiriyla-ilgili-aciklama_22d4358.jpg?resize=768%2C511 768w, https:\/\/i0.wp.com\/www.tvturk.com\/wp-content\/uploads\/2019\/04\/akkuzulu-koyu-muhtarindan-kilicdarogluna-saldiriyla-ilgili-aciklama_22d4358.jpg?resize=170%2C113 170w, https:\/\/i0.wp.com\/www.tvturk.com\/wp-content\/uploads\/2019\/04\/akkuzulu-koyu-muhtarindan-kilicdarogluna-saldiriyla-ilgili-aciklama_22d4358.jpg?resize=120%2C80 120w\" width=\"162\" height=\"108\" loading=\"lazy\" data-original-width=\"162\" data-original-height=\"108\" itemprop=\"http:\/\/schema.org\/image\" title=\"Akkuzulu k\u00f6y\u00fc muhtar\u0131ndan K\u0131l\u0131\u00e7daro\u011flu\u2019na sald\u0131r\u0131yla ilgili a\u00e7\u0131klama\" alt=\"Akkuzulu k\u00f6y\u00fc muhtar\u0131ndan K\u0131l\u0131\u00e7daro\u011flu\u2019na sald\u0131r\u0131yla ilgili a\u00e7\u0131klama\" style=\"width: 162px; height: 108px;\" \/> <\/a> <\/div> <div class=\"tiled-gallery-item tiled-gallery-item-small\" itemprop=\"associatedMedia\" itemscope itemtype=\"http:\/\/schema.org\/ImageObject\"> <a href=\"http:\/\/www.tvturk.com\/index.php\/akkuzulu-koyu-muhtarindan-kilicdarogluna-saldiriyla-ilgili-aciklama\/akkuzulu-koyu-muhtarindan-kilicdarogluna-saldiriyla-ilgili-aciklama-5\/\" border=\"0\" itemprop=\"url\"> <meta itemprop=\"width\" content=\"162\"> <meta itemprop=\"height\" content=\"108\"> <img decoding=\"async\" class=\"\" data-attachment-id=\"146903\" data-orig-file=\"http:\/\/www.tvturk.com\/wp-content\/uploads\/2019\/04\/akkuzulu-koyu-muhtarindan-kilicdarogluna-saldiriyla-ilgili-aciklama_b1fa285.jpg\" data-orig-size=\"1000,666\" data-comments-opened=\"\" data-image-meta=\"{&quot;aperture&quot;:&quot;0&quot;,&quot;credit&quot;:&quot;IHA&quot;,&quot;camera&quot;:&quot;&quot;,&quot;caption&quot;:&quot;\\u015eEH\\u0130T CENAZES\\u0130NDE KILI\\u00c7DARO\\u011eLU\\u2019NA Y\\u00d6NEL\\u0130K YAPILAN SALDIRIYLA ALAKALI, AKKUZULU K\\u00d6Y\\u00dc MUHTARI HAL\\u0130L K\\u00d6KMEN A\\u00c7IKLAMALARDA BULUNDU. (MEVL\\u00dcT HASG\\u00dcL\\\/ANKARA-\\u0130HA)&quot;,&quot;created_timestamp&quot;:&quot;0&quot;,&quot;copyright&quot;:&quot;\\u0130HLAS HABER AJANSI, www.iha.com.tr&quot;,&quot;focal_length&quot;:&quot;0&quot;,&quot;iso&quot;:&quot;0&quot;,&quot;shutter_speed&quot;:&quot;0&quot;,&quot;title&quot;:&quot;AKKUZULU K\\u00d6Y\\u00dc MUHTARINDAN KILI\\u00c7DARO\\u011eLU\\u2019NA SALDIRIYLA \\u0130LG\\u0130L\\u0130 A\\u00c7IKLAMA&quot;,&quot;orientation&quot;:&quot;0&quot;}\" data-image-title=\"Akkuzulu k\u00f6y\u00fc muhtar\u0131ndan K\u0131l\u0131\u00e7daro\u011flu\u2019na sald\u0131r\u0131yla ilgili a\u00e7\u0131klama\" data-image-description=\"&lt;p&gt;Akkuzulu k\u00f6y\u00fc muhtar\u0131ndan K\u0131l\u0131\u00e7daro\u011flu\u2019na sald\u0131r\u0131yla ilgili a\u00e7\u0131klama&lt;\/p&gt; \" data-medium-file=\"https:\/\/i0.wp.com\/www.tvturk.com\/wp-content\/uploads\/2019\/04\/akkuzulu-koyu-muhtarindan-kilicdarogluna-saldiriyla-ilgili-aciklama_b1fa285.jpg?fit=300%2C200\" data-large-file=\"https:\/\/i0.wp.com\/www.tvturk.com\/wp-content\/uploads\/2019\/04\/akkuzulu-koyu-muhtarindan-kilicdarogluna-saldiriyla-ilgili-aciklama_b1fa285.jpg?fit=1000%2C666\" src=\"https:\/\/i0.wp.com\/www.tvturk.com\/wp-content\/uploads\/2019\/04\/akkuzulu-koyu-muhtarindan-kilicdarogluna-saldiriyla-ilgili-aciklama_b1fa285.jpg?w=162&#038;h=108\" srcset=\"https:\/\/i0.wp.com\/www.tvturk.com\/wp-content\/uploads\/2019\/04\/akkuzulu-koyu-muhtarindan-kilicdarogluna-saldiriyla-ilgili-aciklama_b1fa285.jpg?w=1000 1000w, https:\/\/i0.wp.com\/www.tvturk.com\/wp-content\/uploads\/2019\/04\/akkuzulu-koyu-muhtarindan-kilicdarogluna-saldiriyla-ilgili-aciklama_b1fa285.jpg?resize=150%2C100 150w, https:\/\/i0.wp.com\/www.tvturk.com\/wp-content\/uploads\/2019\/04\/akkuzulu-koyu-muhtarindan-kilicdarogluna-saldiriyla-ilgili-aciklama_b1fa285.jpg?resize=300%2C200 300w, https:\/\/i0.wp.com\/www.tvturk.com\/wp-content\/uploads\/2019\/04\/akkuzulu-koyu-muhtarindan-kilicdarogluna-saldiriyla-ilgili-aciklama_b1fa285.jpg?resize=768%2C511 768w, https:\/\/i0.wp.com\/www.tvturk.com\/wp-content\/uploads\/2019\/04\/akkuzulu-koyu-muhtarindan-kilicdarogluna-saldiriyla-ilgili-aciklama_b1fa285.jpg?resize=170%2C113 170w, https:\/\/i0.wp.com\/www.tvturk.com\/wp-content\/uploads\/2019\/04\/akkuzulu-koyu-muhtarindan-kilicdarogluna-saldiriyla-ilgili-aciklama_b1fa285.jpg?resize=120%2C80 120w\" width=\"162\" height=\"108\" loading=\"lazy\" data-original-width=\"162\" data-original-height=\"108\" itemprop=\"http:\/\/schema.org\/image\" title=\"Akkuzulu k\u00f6y\u00fc muhtar\u0131ndan K\u0131l\u0131\u00e7daro\u011flu\u2019na sald\u0131r\u0131yla ilgili a\u00e7\u0131klama\" alt=\"Akkuzulu k\u00f6y\u00fc muhtar\u0131ndan K\u0131l\u0131\u00e7daro\u011flu\u2019na sald\u0131r\u0131yla ilgili a\u00e7\u0131klama\" style=\"width: 162px; height: 108px;\" \/> <\/a> <\/div> <\/div> <!-- close group --> <\/div> <!-- close row --> <div class=\"gallery-row\" style=\"width: 500px; height: 231px;\" data-original-width=\"500\" data-original-height=\"231\" > <div class=\"gallery-group images-1\" style=\"width: 345px; height: 231px;\" data-original-width=\"345\" data-original-height=\"231\" > <div class=\"tiled-gallery-item tiled-gallery-item-large\" itemprop=\"associatedMedia\" itemscope itemtype=\"http:\/\/schema.org\/ImageObject\"> <a href=\"http:\/\/www.tvturk.com\/index.php\/akkuzulu-koyu-muhtarindan-kilicdarogluna-saldiriyla-ilgili-aciklama\/akkuzulu-koyu-muhtarindan-kilicdarogluna-saldiriyla-ilgili-aciklama-6\/\" border=\"0\" itemprop=\"url\"> <meta itemprop=\"width\" content=\"341\"> <meta itemprop=\"height\" content=\"227\"> <img decoding=\"async\" class=\"\" data-attachment-id=\"146904\" data-orig-file=\"http:\/\/www.tvturk.com\/wp-content\/uploads\/2019\/04\/akkuzulu-koyu-muhtarindan-kilicdarogluna-saldiriyla-ilgili-aciklama_355a333.jpg\" data-orig-size=\"1000,666\" data-comments-opened=\"\" data-image-meta=\"{&quot;aperture&quot;:&quot;0&quot;,&quot;credit&quot;:&quot;IHA&quot;,&quot;camera&quot;:&quot;&quot;,&quot;caption&quot;:&quot;\\u015eEH\\u0130T CENAZES\\u0130NDE KILI\\u00c7DARO\\u011eLU\\u2019NA Y\\u00d6NEL\\u0130K YAPILAN SALDIRIYLA ALAKALI, AKKUZULU K\\u00d6Y\\u00dc MUHTARI HAL\\u0130L K\\u00d6KMEN A\\u00c7IKLAMALARDA BULUNDU. (MEVL\\u00dcT HASG\\u00dcL\\\/ANKARA-\\u0130HA)&quot;,&quot;created_timestamp&quot;:&quot;0&quot;,&quot;copyright&quot;:&quot;\\u0130HLAS HABER AJANSI, www.iha.com.tr&quot;,&quot;focal_length&quot;:&quot;0&quot;,&quot;iso&quot;:&quot;0&quot;,&quot;shutter_speed&quot;:&quot;0&quot;,&quot;title&quot;:&quot;AKKUZULU K\\u00d6Y\\u00dc MUHTARINDAN KILI\\u00c7DARO\\u011eLU\\u2019NA SALDIRIYLA \\u0130LG\\u0130L\\u0130 A\\u00c7IKLAMA&quot;,&quot;orientation&quot;:&quot;0&quot;}\" data-image-title=\"Akkuzulu k\u00f6y\u00fc muhtar\u0131ndan K\u0131l\u0131\u00e7daro\u011flu\u2019na sald\u0131r\u0131yla ilgili a\u00e7\u0131klama\" data-image-description=\"&lt;p&gt;Akkuzulu k\u00f6y\u00fc muhtar\u0131ndan K\u0131l\u0131\u00e7daro\u011flu\u2019na sald\u0131r\u0131yla ilgili a\u00e7\u0131klama&lt;\/p&gt; \" data-medium-file=\"https:\/\/i0.wp.com\/www.tvturk.com\/wp-content\/uploads\/2019\/04\/akkuzulu-koyu-muhtarindan-kilicdarogluna-saldiriyla-ilgili-aciklama_355a333.jpg?fit=300%2C200\" data-large-file=\"https:\/\/i0.wp.com\/www.tvturk.com\/wp-content\/uploads\/2019\/04\/akkuzulu-koyu-muhtarindan-kilicdarogluna-saldiriyla-ilgili-aciklama_355a333.jpg?fit=1000%2C666\" src=\"https:\/\/i0.wp.com\/www.tvturk.com\/wp-content\/uploads\/2019\/04\/akkuzulu-koyu-muhtarindan-kilicdarogluna-saldiriyla-ilgili-aciklama_355a333.jpg?w=341&#038;h=227\" srcset=\"https:\/\/i0.wp.com\/www.tvturk.com\/wp-content\/uploads\/2019\/04\/akkuzulu-koyu-muhtarindan-kilicdarogluna-saldiriyla-ilgili-aciklama_355a333.jpg?w=1000 1000w, https:\/\/i0.wp.com\/www.tvturk.com\/wp-content\/uploads\/2019\/04\/akkuzulu-koyu-muhtarindan-kilicdarogluna-saldiriyla-ilgili-aciklama_355a333.jpg?resize=150%2C100 150w, https:\/\/i0.wp.com\/www.tvturk.com\/wp-content\/uploads\/2019\/04\/akkuzulu-koyu-muhtarindan-kilicdarogluna-saldiriyla-ilgili-aciklama_355a333.jpg?resize=300%2C200 300w, https:\/\/i0.wp.com\/www.tvturk.com\/wp-content\/uploads\/2019\/04\/akkuzulu-koyu-muhtarindan-kilicdarogluna-saldiriyla-ilgili-aciklama_355a333.jpg?resize=768%2C511 768w, https:\/\/i0.wp.com\/www.tvturk.com\/wp-content\/uploads\/2019\/04\/akkuzulu-koyu-muhtarindan-kilicdarogluna-saldiriyla-ilgili-aciklama_355a333.jpg?resize=170%2C113 170w, https:\/\/i0.wp.com\/www.tvturk.com\/wp-content\/uploads\/2019\/04\/akkuzulu-koyu-muhtarindan-kilicdarogluna-saldiriyla-ilgili-aciklama_355a333.jpg?resize=120%2C80 120w\" width=\"341\" height=\"227\" loading=\"lazy\" data-original-width=\"341\" data-original-height=\"227\" itemprop=\"http:\/\/schema.org\/image\" title=\"Akkuzulu k\u00f6y\u00fc muhtar\u0131ndan K\u0131l\u0131\u00e7daro\u011flu\u2019na sald\u0131r\u0131yla ilgili a\u00e7\u0131klama\" alt=\"Akkuzulu k\u00f6y\u00fc muhtar\u0131ndan K\u0131l\u0131\u00e7daro\u011flu\u2019na sald\u0131r\u0131yla ilgili a\u00e7\u0131klama\" style=\"width: 341px; height: 227px;\" \/> <\/a> <\/div> <\/div> <!-- close group --> <div class=\"gallery-group images-1\" style=\"width: 155px; height: 231px;\" data-original-width=\"155\" data-original-height=\"231\" > <div class=\"tiled-gallery-item tiled-gallery-item-small\" itemprop=\"associatedMedia\" itemscope itemtype=\"http:\/\/schema.org\/ImageObject\"> <a href=\"http:\/\/www.tvturk.com\/index.php\/akkuzulu-koyu-muhtarindan-kilicdarogluna-saldiriyla-ilgili-aciklama\/akkuzulu-koyu-muhtarindan-kilicdarogluna-saldiriyla-ilgili-aciklama-7\/\" border=\"0\" itemprop=\"url\"> <meta itemprop=\"width\" content=\"151\"> <meta itemprop=\"height\" content=\"227\"> <img decoding=\"async\" class=\"\" data-attachment-id=\"146905\" data-orig-file=\"http:\/\/www.tvturk.com\/wp-content\/uploads\/2019\/04\/akkuzulu-koyu-muhtarindan-kilicdarogluna-saldiriyla-ilgili-aciklama_1aac30e.jpg\" data-orig-size=\"666,1000\" data-comments-opened=\"\" data-image-meta=\"{&quot;aperture&quot;:&quot;0&quot;,&quot;credit&quot;:&quot;IHA&quot;,&quot;camera&quot;:&quot;&quot;,&quot;caption&quot;:&quot;\\u015eEH\\u0130T CENAZES\\u0130NDE KILI\\u00c7DARO\\u011eLU\\u2019NA Y\\u00d6NEL\\u0130K YAPILAN SALDIRIYLA ALAKALI, AKKUZULU K\\u00d6Y\\u00dc MUHTARI HAL\\u0130L K\\u00d6KMEN A\\u00c7IKLAMALARDA BULUNDU. (MEVL\\u00dcT HASG\\u00dcL\\\/ANKARA-\\u0130HA)&quot;,&quot;created_timestamp&quot;:&quot;0&quot;,&quot;copyright&quot;:&quot;\\u0130HLAS HABER AJANSI, www.iha.com.tr&quot;,&quot;focal_length&quot;:&quot;0&quot;,&quot;iso&quot;:&quot;0&quot;,&quot;shutter_speed&quot;:&quot;0&quot;,&quot;title&quot;:&quot;AKKUZULU K\\u00d6Y\\u00dc MUHTARINDAN KILI\\u00c7DARO\\u011eLU\\u2019NA SALDIRIYLA \\u0130LG\\u0130L\\u0130 A\\u00c7IKLAMA&quot;,&quot;orientation&quot;:&quot;0&quot;}\" data-image-title=\"Akkuzulu k\u00f6y\u00fc muhtar\u0131ndan K\u0131l\u0131\u00e7daro\u011flu\u2019na sald\u0131r\u0131yla ilgili a\u00e7\u0131klama\" data-image-description=\"&lt;p&gt;Akkuzulu k\u00f6y\u00fc muhtar\u0131ndan K\u0131l\u0131\u00e7daro\u011flu\u2019na sald\u0131r\u0131yla ilgili a\u00e7\u0131klama&lt;\/p&gt; \" data-medium-file=\"https:\/\/i0.wp.com\/www.tvturk.com\/wp-content\/uploads\/2019\/04\/akkuzulu-koyu-muhtarindan-kilicdarogluna-saldiriyla-ilgili-aciklama_1aac30e.jpg?fit=200%2C300\" data-large-file=\"https:\/\/i0.wp.com\/www.tvturk.com\/wp-content\/uploads\/2019\/04\/akkuzulu-koyu-muhtarindan-kilicdarogluna-saldiriyla-ilgili-aciklama_1aac30e.jpg?fit=666%2C1000\" src=\"https:\/\/i0.wp.com\/www.tvturk.com\/wp-content\/uploads\/2019\/04\/akkuzulu-koyu-muhtarindan-kilicdarogluna-saldiriyla-ilgili-aciklama_1aac30e.jpg?w=151&#038;h=227\" srcset=\"https:\/\/i0.wp.com\/www.tvturk.com\/wp-content\/uploads\/2019\/04\/akkuzulu-koyu-muhtarindan-kilicdarogluna-saldiriyla-ilgili-aciklama_1aac30e.jpg?w=666 666w, https:\/\/i0.wp.com\/www.tvturk.com\/wp-content\/uploads\/2019\/04\/akkuzulu-koyu-muhtarindan-kilicdarogluna-saldiriyla-ilgili-aciklama_1aac30e.jpg?resize=100%2C150 100w, https:\/\/i0.wp.com\/www.tvturk.com\/wp-content\/uploads\/2019\/04\/akkuzulu-koyu-muhtarindan-kilicdarogluna-saldiriyla-ilgili-aciklama_1aac30e.jpg?resize=200%2C300 200w\" width=\"151\" height=\"227\" loading=\"lazy\" data-original-width=\"151\" data-original-height=\"227\" itemprop=\"http:\/\/schema.org\/image\" title=\"Akkuzulu k\u00f6y\u00fc muhtar\u0131ndan K\u0131l\u0131\u00e7daro\u011flu\u2019na sald\u0131r\u0131yla ilgili a\u00e7\u0131klama\" alt=\"Akkuzulu k\u00f6y\u00fc muhtar\u0131ndan K\u0131l\u0131\u00e7daro\u011flu\u2019na sald\u0131r\u0131yla ilgili a\u00e7\u0131klama\" style=\"width: 151px; height: 227px;\" \/> <\/a> <\/div> <\/div> <!-- close group --> <\/div> <!-- close row --> <\/div><\/p>\n","protected":false},"excerpt":{"rendered":"<p>\u015eEH\u0130T CENAZES\u0130NDE KILI\u00c7DARO\u011eLU\u2019NA Y\u00d6NEL\u0130K YAPILAN SALDIRIYLA ALAKALI, AKKUZULU K\u00d6Y\u00dc MUHTARI HAL\u0130L K\u00d6KMEN A\u00c7IKLAMALARDA BULUNDU.<\/p>\n","protected":false},"author":1,"featured_media":146900,"comment_status":"closed","ping_status":"open","sticky":false,"template":"","format":"standard","meta":{"jetpack_post_was_ever_published":false,"_jetpack_newsletter_access":"","_jetpack_dont_email_post_to_subs":false,"_jetpack_newsletter_tier_id":0,"_jetpack_memberships_contains_paywalled_content":false,"_jetpack_memberships_contains_paid_content":false,"footnotes":"","jetpack_publicize_message":"","jetpack_publicize_feature_enabled":true,"jetpack_social_post_already_shared":true,"jetpack_social_options":{"image_generator_settings":{"template":"highway","default_image_id":0,"font":"","enabled":false},"version":2}},"categories":[1],"tags":[3349,32591,3012,2108,15786,32592,22863],"class_list":["post-146899","post","type-post","status-publish","format-standard","has-post-thumbnail","hentry","category-genel","tag-aciklama","tag-akkuzulu","tag-ilgili","tag-kilicdarogluna","tag-koyu","tag-muhtarindan","tag-saldiriyla"],"jetpack_publicize_connections":[],"jetpack_featured_media_url":"https:\/\/i0.wp.com\/www.tvturk.com\/wp-content\/uploads\/2019\/04\/akkuzulu-koyu-muhtarindan-kilicdarogluna-saldiriyla-ilgili-aciklama_b7f7840.jpg?fit=1000%2C666","jetpack_sharing_enabled":true,"jetpack_shortlink":"https:\/\/wp.me\/paKIfm-Cdl","_links":{"self":[{"href":"http:\/\/www.tvturk.com\/index.php\/wp-json\/wp\/v2\/posts\/146899","targetHints":{"allow":["GET"]}}],"collection":[{"href":"http:\/\/www.tvturk.com\/index.php\/wp-json\/wp\/v2\/posts"}],"about":[{"href":"http:\/\/www.tvturk.com\/index.php\/wp-json\/wp\/v2\/types\/post"}],"author":[{"embeddable":true,"href":"http:\/\/www.tvturk.com\/index.php\/wp-json\/wp\/v2\/users\/1"}],"replies":[{"embeddable":true,"href":"http:\/\/www.tvturk.com\/index.php\/wp-json\/wp\/v2\/comments?post=146899"}],"version-history":[{"count":1,"href":"http:\/\/www.tvturk.com\/index.php\/wp-json\/wp\/v2\/posts\/146899\/revisions"}],"predecessor-version":[{"id":146906,"href":"http:\/\/www.tvturk.com\/index.php\/wp-json\/wp\/v2\/posts\/146899\/revisions\/146906"}],"wp:featuredmedia":[{"embeddable":true,"href":"http:\/\/www.tvturk.com\/index.php\/wp-json\/wp\/v2\/media\/146900"}],"wp:attachment":[{"href":"http:\/\/www.tvturk.com\/index.php\/wp-json\/wp\/v2\/media?parent=146899"}],"wp:term":[{"taxonomy":"category","embeddable":true,"href":"http:\/\/www.tvturk.com\/index.php\/wp-json\/wp\/v2\/categories?post=146899"},{"taxonomy":"post_tag","embeddable":true,"href":"http:\/\/www.tvturk.com\/index.php\/wp-json\/wp\/v2\/tags?post=146899"}],"curies":[{"name":"wp","href":"https:\/\/api.w.org\/{rel}","templated":true}]}}