{"id":14719,"date":"2019-02-09T11:21:02","date_gmt":"2019-02-09T08:21:02","guid":{"rendered":"http:\/\/www.tvturk.com\/index.php\/karatay-yeniden-dunya-sampiyonu\/"},"modified":"2019-02-09T11:21:04","modified_gmt":"2019-02-09T08:21:04","slug":"karatay-yeniden-dunya-sampiyonu","status":"publish","type":"post","link":"http:\/\/www.tvturk.com\/index.php\/karatay-yeniden-dunya-sampiyonu\/","title":{"rendered":"Karatay, yeniden d\u00fcnya \u015fampiyonu"},"content":{"rendered":"<p>Kocaeli B\u00fcy\u00fck\u015fehir Belediye Ka\u011f\u0131tspor\u2019un taekwandocusu Ay\u015fe Dudu Karatay, 8. Para-Teakvondo D\u00fcnya \u015eampiyonas\u0131\u2019nda alt\u0131n madalya kazand\u0131.<\/p>\n<p>Kocaeli B\u00fcy\u00fck\u015fehir Belediye Ka\u011f\u0131tspor\u2019un ba\u015far\u0131l\u0131 taekwandocusu Ay\u015fe Dudu Karatay 68 \u00fclkeden 500 sporcunun kat\u0131l\u0131m\u0131yla d\u00fczenlenen 8. Para-Teakvondo D\u00fcnya \u015eampiyonas\u0131\u2019nda alt\u0131n madalya kazand\u0131. Antalya\u2019da d\u00fczenlenen \u015fampiyonada ay y\u0131ld\u0131zl\u0131 bayra\u011f\u0131 g\u00f6ndere \u00e7ektirmeyi ba\u015faran Karatay,2020 Paralimpik Olimpiyatlar\u0131 \u00f6ncesi iddial\u0131 oldu\u011funu g\u00f6sterdi.<\/p>\n<p>2018 y\u0131l\u0131nda d\u00fczenlenen Para-Teakvondo D\u00fcnya \u015eampiyonas\u0131nda \u015fampiyon olarak zirvede yer alan B\u00fcy\u00fck\u015fehir Ka\u011f\u0131tspor\u2019un ba\u015far\u0131l\u0131 sporcusu Karatay, 2019 y\u0131l\u0131nda da ba\u015far\u0131lar\u0131n\u0131 s\u00fcrd\u00fcrmeye ba\u015flad\u0131.  Milli tak\u0131m\u0131n ve B\u00fcy\u00fck\u015fehir Ka\u011f\u0131tspor\u2019un gururu ba\u015far\u0131l\u0131 sporcusu ilk \u00f6nemli s\u0131nav\u0131n\u0131 Para-Tekvando D\u00fcnya \u015eampiyonas\u0131nda sergiledi.<div class=\"tiled-gallery type-rectangular tiled-gallery-unresized\" data-original-width=\"500\" data-carousel-extra='null' itemscope itemtype=\"http:\/\/schema.org\/ImageGallery\" > <div class=\"gallery-row\" style=\"width: 500px; height: 285px;\" data-original-width=\"500\" data-original-height=\"285\" > <div class=\"gallery-group images-1\" style=\"width: 215px; height: 285px;\" data-original-width=\"215\" data-original-height=\"285\" > <div class=\"tiled-gallery-item tiled-gallery-item-small\" itemprop=\"associatedMedia\" itemscope itemtype=\"http:\/\/schema.org\/ImageObject\"> <a href=\"http:\/\/www.tvturk.com\/index.php\/karatay-yeniden-dunya-sampiyonu\/karatay-yeniden-dunya-sampiyonu-3\/\" border=\"0\" itemprop=\"url\"> <meta itemprop=\"width\" content=\"211\"> <meta itemprop=\"height\" content=\"281\"> <img decoding=\"async\" class=\"\" data-attachment-id=\"14721\" data-orig-file=\"http:\/\/www.tvturk.com\/wp-content\/uploads\/2019\/02\/karatay-yeniden-dunya-sampiyonu_51ddcd9.jpg\" data-orig-size=\"750,1000\" data-comments-opened=\"\" data-image-meta=\"{&quot;aperture&quot;:&quot;0&quot;,&quot;credit&quot;:&quot;IHA&quot;,&quot;camera&quot;:&quot;&quot;,&quot;caption&quot;:&quot;KOCAEL\\u0130 B\\u00dcY\\u00dcK\\u015eEH\\u0130R BELED\\u0130YE KA\\u011eITSPOR\\u0027UN TAEKWANDOCUSU AY\\u015eE DUDU KARATAY, 8. PARA-TEAKVONDO D\\u00dcNYA \\u015eAMP\\u0130YONASI\\u2019NDA ALTIN MADALYA KAZANDI. (C\\u0130HAN AT\\u0130K\\\/KOCAEL\\u0130-\\u0130HA)&quot;,&quot;created_timestamp&quot;:&quot;0&quot;,&quot;copyright&quot;:&quot;\\u0130HLAS HABER AJANSI, www.iha.com.tr&quot;,&quot;focal_length&quot;:&quot;0&quot;,&quot;iso&quot;:&quot;0&quot;,&quot;shutter_speed&quot;:&quot;0&quot;,&quot;title&quot;:&quot;KARATAY, YEN\\u0130DEN D\\u00dcNYA \\u015eAMP\\u0130YONU&quot;,&quot;orientation&quot;:&quot;0&quot;}\" data-image-title=\"Karatay, yeniden d\u00fcnya \u015fampiyonu\" data-image-description=\"&lt;p&gt;Karatay, yeniden d\u00fcnya \u015fampiyonu&lt;\/p&gt; \" data-medium-file=\"https:\/\/i0.wp.com\/www.tvturk.com\/wp-content\/uploads\/2019\/02\/karatay-yeniden-dunya-sampiyonu_51ddcd9.jpg?fit=225%2C300\" data-large-file=\"https:\/\/i0.wp.com\/www.tvturk.com\/wp-content\/uploads\/2019\/02\/karatay-yeniden-dunya-sampiyonu_51ddcd9.jpg?fit=750%2C1000\" src=\"https:\/\/i0.wp.com\/www.tvturk.com\/wp-content\/uploads\/2019\/02\/karatay-yeniden-dunya-sampiyonu_51ddcd9.jpg?w=211&#038;h=281\" srcset=\"https:\/\/i0.wp.com\/www.tvturk.com\/wp-content\/uploads\/2019\/02\/karatay-yeniden-dunya-sampiyonu_51ddcd9.jpg?w=750 750w, https:\/\/i0.wp.com\/www.tvturk.com\/wp-content\/uploads\/2019\/02\/karatay-yeniden-dunya-sampiyonu_51ddcd9.jpg?resize=113%2C150 113w, https:\/\/i0.wp.com\/www.tvturk.com\/wp-content\/uploads\/2019\/02\/karatay-yeniden-dunya-sampiyonu_51ddcd9.jpg?resize=225%2C300 225w\" width=\"211\" height=\"281\" loading=\"lazy\" data-original-width=\"211\" data-original-height=\"281\" itemprop=\"http:\/\/schema.org\/image\" title=\"Karatay, yeniden d\u00fcnya \u015fampiyonu\" alt=\"Karatay, yeniden d\u00fcnya \u015fampiyonu\" style=\"width: 211px; height: 281px;\" \/> <\/a> <\/div> <\/div> <!-- close group --> <div class=\"gallery-group images-1\" style=\"width: 285px; height: 285px;\" data-original-width=\"285\" data-original-height=\"285\" > <div class=\"tiled-gallery-item tiled-gallery-item-large\" itemprop=\"associatedMedia\" itemscope itemtype=\"http:\/\/schema.org\/ImageObject\"> <a href=\"http:\/\/www.tvturk.com\/index.php\/karatay-yeniden-dunya-sampiyonu\/karatay-yeniden-dunya-sampiyonu-4\/\" border=\"0\" itemprop=\"url\"> <meta itemprop=\"width\" content=\"281\"> <meta itemprop=\"height\" content=\"281\"> <img decoding=\"async\" class=\"\" data-attachment-id=\"14722\" data-orig-file=\"http:\/\/www.tvturk.com\/wp-content\/uploads\/2019\/02\/karatay-yeniden-dunya-sampiyonu_499c1c8.jpg\" data-orig-size=\"768,768\" data-comments-opened=\"\" data-image-meta=\"{&quot;aperture&quot;:&quot;0&quot;,&quot;credit&quot;:&quot;IHA&quot;,&quot;camera&quot;:&quot;&quot;,&quot;caption&quot;:&quot;KOCAEL\\u0130 B\\u00dcY\\u00dcK\\u015eEH\\u0130R BELED\\u0130YE KA\\u011eITSPOR\\u0027UN TAEKWANDOCUSU AY\\u015eE DUDU KARATAY, 8. PARA-TEAKVONDO D\\u00dcNYA \\u015eAMP\\u0130YONASI\\u2019NDA ALTIN MADALYA KAZANDI. (C\\u0130HAN AT\\u0130K\\\/KOCAEL\\u0130-\\u0130HA)&quot;,&quot;created_timestamp&quot;:&quot;1549739700&quot;,&quot;copyright&quot;:&quot;\\u0130HLAS HABER AJANSI, www.iha.com.tr&quot;,&quot;focal_length&quot;:&quot;0&quot;,&quot;iso&quot;:&quot;0&quot;,&quot;shutter_speed&quot;:&quot;0&quot;,&quot;title&quot;:&quot;KARATAY, YEN\\u0130DEN D\\u00dcNYA \\u015eAMP\\u0130YONU&quot;,&quot;orientation&quot;:&quot;0&quot;}\" data-image-title=\"Karatay, yeniden d\u00fcnya \u015fampiyonu\" data-image-description=\"&lt;p&gt;Karatay, yeniden d\u00fcnya \u015fampiyonu&lt;\/p&gt; \" data-medium-file=\"https:\/\/i0.wp.com\/www.tvturk.com\/wp-content\/uploads\/2019\/02\/karatay-yeniden-dunya-sampiyonu_499c1c8.jpg?fit=300%2C300\" data-large-file=\"https:\/\/i0.wp.com\/www.tvturk.com\/wp-content\/uploads\/2019\/02\/karatay-yeniden-dunya-sampiyonu_499c1c8.jpg?fit=768%2C768\" src=\"https:\/\/i0.wp.com\/www.tvturk.com\/wp-content\/uploads\/2019\/02\/karatay-yeniden-dunya-sampiyonu_499c1c8.jpg?w=281&#038;h=281&#038;crop=1\" srcset=\"https:\/\/i0.wp.com\/www.tvturk.com\/wp-content\/uploads\/2019\/02\/karatay-yeniden-dunya-sampiyonu_499c1c8.jpg?w=768 768w, https:\/\/i0.wp.com\/www.tvturk.com\/wp-content\/uploads\/2019\/02\/karatay-yeniden-dunya-sampiyonu_499c1c8.jpg?resize=150%2C150 150w, https:\/\/i0.wp.com\/www.tvturk.com\/wp-content\/uploads\/2019\/02\/karatay-yeniden-dunya-sampiyonu_499c1c8.jpg?resize=300%2C300 300w\" width=\"281\" height=\"281\" loading=\"lazy\" data-original-width=\"281\" data-original-height=\"281\" itemprop=\"http:\/\/schema.org\/image\" title=\"Karatay, yeniden d\u00fcnya \u015fampiyonu\" alt=\"Karatay, yeniden d\u00fcnya \u015fampiyonu\" style=\"width: 281px; height: 281px;\" \/> <\/a> <\/div> <\/div> <!-- close group --> <\/div> <!-- close row --> <\/div><\/p>\n","protected":false},"excerpt":{"rendered":"<p>KOCAEL\u0130 B\u00dcY\u00dcK\u015eEH\u0130R BELED\u0130YE KA\u011eITSPOR&#8217;UN TAEKWANDOCUSU AY\u015eE DUDU KARATAY, 8. PARA-TEAKVONDO D\u00dcNYA \u015eAMP\u0130YONASI\u2019NDA ALTIN MADALYA KAZANDI.<\/p>\n","protected":false},"author":1,"featured_media":14720,"comment_status":"closed","ping_status":"open","sticky":false,"template":"","format":"standard","meta":{"jetpack_post_was_ever_published":false,"_jetpack_newsletter_access":"","_jetpack_dont_email_post_to_subs":false,"_jetpack_newsletter_tier_id":0,"_jetpack_memberships_contains_paywalled_content":false,"_jetpack_memberships_contains_paid_content":false,"footnotes":"","jetpack_publicize_message":"","jetpack_publicize_feature_enabled":true,"jetpack_social_post_already_shared":false,"jetpack_social_options":{"image_generator_settings":{"template":"highway","default_image_id":0,"font":"","enabled":false},"version":2}},"categories":[657],"tags":[349,4382,2415,720],"class_list":["post-14719","post","type-post","status-publish","format-standard","has-post-thumbnail","hentry","category-spor","tag-dunya","tag-karatay","tag-sampiyonu","tag-yeniden"],"jetpack_publicize_connections":[],"jetpack_featured_media_url":"https:\/\/i0.wp.com\/www.tvturk.com\/wp-content\/uploads\/2019\/02\/karatay-yeniden-dunya-sampiyonu_135b436.jpg?fit=640%2C423","jetpack_sharing_enabled":true,"jetpack_shortlink":"https:\/\/wp.me\/paKIfm-3Pp","_links":{"self":[{"href":"http:\/\/www.tvturk.com\/index.php\/wp-json\/wp\/v2\/posts\/14719","targetHints":{"allow":["GET"]}}],"collection":[{"href":"http:\/\/www.tvturk.com\/index.php\/wp-json\/wp\/v2\/posts"}],"about":[{"href":"http:\/\/www.tvturk.com\/index.php\/wp-json\/wp\/v2\/types\/post"}],"author":[{"embeddable":true,"href":"http:\/\/www.tvturk.com\/index.php\/wp-json\/wp\/v2\/users\/1"}],"replies":[{"embeddable":true,"href":"http:\/\/www.tvturk.com\/index.php\/wp-json\/wp\/v2\/comments?post=14719"}],"version-history":[{"count":1,"href":"http:\/\/www.tvturk.com\/index.php\/wp-json\/wp\/v2\/posts\/14719\/revisions"}],"predecessor-version":[{"id":14723,"href":"http:\/\/www.tvturk.com\/index.php\/wp-json\/wp\/v2\/posts\/14719\/revisions\/14723"}],"wp:featuredmedia":[{"embeddable":true,"href":"http:\/\/www.tvturk.com\/index.php\/wp-json\/wp\/v2\/media\/14720"}],"wp:attachment":[{"href":"http:\/\/www.tvturk.com\/index.php\/wp-json\/wp\/v2\/media?parent=14719"}],"wp:term":[{"taxonomy":"category","embeddable":true,"href":"http:\/\/www.tvturk.com\/index.php\/wp-json\/wp\/v2\/categories?post=14719"},{"taxonomy":"post_tag","embeddable":true,"href":"http:\/\/www.tvturk.com\/index.php\/wp-json\/wp\/v2\/tags?post=14719"}],"curies":[{"name":"wp","href":"https:\/\/api.w.org\/{rel}","templated":true}]}}