{"id":147237,"date":"2019-04-22T18:40:13","date_gmt":"2019-04-22T15:40:13","guid":{"rendered":"http:\/\/www.tvturk.com\/index.php\/baskan-aksoydan-isten-cikartilan-284-isci-icin-aciklama\/"},"modified":"2019-04-22T18:40:15","modified_gmt":"2019-04-22T15:40:15","slug":"baskan-aksoydan-isten-cikartilan-284-isci-icin-aciklama","status":"publish","type":"post","link":"http:\/\/www.tvturk.com\/index.php\/baskan-aksoydan-isten-cikartilan-284-isci-icin-aciklama\/","title":{"rendered":"Ba\u015fkan Aksoy\u2019dan i\u015ften \u00e7\u0131kart\u0131lan 284 i\u015f\u00e7i i\u00e7in a\u00e7\u0131klama"},"content":{"rendered":"<p>\u0130zmir\u2019in Menemen Belediyesinde eski ba\u015fkan Tahir \u015eahin\u2019in se\u00e7imlere 3 g\u00fcn kala 284 ki\u015fiyi i\u015fe almas\u0131n\u0131n ard\u0131ndan s\u00f6z konusu 284 ki\u015finin durumu ile ilgili Menemen Belediye Ba\u015fkan\u0131 Serdar Aksoy a\u00e7\u0131klama yapt\u0131. Aksoy, Tahir \u015eahin taraf\u0131ndan belediyeye ge\u00e7ici i\u015f\u00e7i stat\u00fcs\u00fcyle al\u0131nan 284 i\u015f\u00e7inin 27 Mart\u2019taki stat\u00fclerine geri d\u00f6nd\u00fcr\u00fclece\u011fini a\u00e7\u0131klad\u0131.<\/p>\n<p>Menemen Belediyesinde eski ba\u015fkan Tahir \u015eahin taraf\u0131ndan 284 i\u015f\u00e7inin se\u00e7imlere 3 g\u00fcn kala i\u015fe al\u0131nd\u0131\u011f\u0131 ortaya \u00e7\u0131km\u0131\u015ft\u0131. \u0130l\u00e7ede 1999\u2019dan bu yana belediye ba\u015fkanl\u0131\u011f\u0131 yapan Tahir \u015eahin\u2019in yerine aday g\u00f6sterilip Menemen Belediye Ba\u015fkan\u0131 se\u00e7ilen Serdar Aksoy, konuyla ilgili daha \u00f6nce d\u00fczenledi\u011fi bas\u0131n toplant\u0131s\u0131nda, &#8220;Se\u00e7imlere 3 g\u00fcn kala imza atanlar hukuk kar\u015f\u0131s\u0131nda gerekli hesab\u0131 verecektir. Siz 300 ki\u015filik yere bin 100 ki\u015fi koyarsan\u0131z belediyecilik yapm\u0131yorsunuzdur. Ad\u0131m atamayacak hale gelmi\u015fsinizdir. Burada zimmet \u00e7\u0131k\u0131yor. Burada hukuka ayk\u0131r\u0131l\u0131k, kanunsuzluk, g\u00f6revi k\u00f6t\u00fcye kullanma var&#8221; demi\u015fti.<\/p>\n<p>Ba\u015fkan Aksoy, belediyede ya\u015fanan maa\u015f s\u0131k\u0131nt\u0131s\u0131 ve se\u00e7ime 3 g\u00fcn kala i\u015fe al\u0131nan 284 i\u015f\u00e7inin merak edilen durumuyla ilgili sosyal medya hesab\u0131ndan a\u00e7\u0131klamada bulundu. Daha \u00f6nce &#8220;Kimseyi ma\u011fdur etmeyece\u011fiz&#8221; diyen Aksoy, Menemen Belediye emek\u00e7ilerine&#8221; diyerek ba\u015flad\u0131\u011f\u0131 mesaj\u0131nda, &#8220;Se\u00e7imlere 3 g\u00fcn kala gayri hukuki olarak i\u015fe al\u0131nan arkada\u015flar\u0131m\u0131zla ilgili yeni d\u00fczenleme yap\u0131lmaktad\u0131r. T\u00fcm emek\u00e7i dostlar\u0131m i\u015flerine devam edebilir. Emek\u00e7i dostlar\u0131m\u0131n maa\u015flar\u0131 bug\u00fcn itibariyle yat\u0131r\u0131lmaktad\u0131r. Sizleri bu hukuk d\u0131\u015f\u0131 uygulamayla ma\u011fdur eden ki\u015filere itibar etmeyiniz&#8221; mesaj\u0131n\u0131 payla\u015ft\u0131.<\/p>\n<p>&#8220;284 i\u015f\u00e7i karde\u015fim 27 Mart\u2019taki stat\u00fclerine geri d\u00f6nd\u00fcr\u00fclecektir&#8221;<\/p>\n<p>Ba\u015fkan Aksoy, &#8220;28 Mart 2019\u2019da, yani se\u00e7imlere 3 g\u00fcn kala 1 g\u00fcn i\u00e7erisinde Belediye \u0130\u015f Sendikas\u0131 \u015eube Ba\u015fkan\u0131 ve Tahir \u015eahin\u2019in ye\u011feni olan Bur\u00e7in \u015eahin\u2019in talimat\u0131 ile 284 ki\u015fi Meta-Su\u2019dan Menemen Belediyesine ge\u00e7irilmi\u015ftir. Bu ya\u015fanan olay emek\u00e7ilerin haklar\u0131n\u0131 gasp etmekten ba\u015fka bir \u015fey de\u011fildir. Ba\u011fl\u0131 olduklar\u0131 kurulu\u015ftan al\u0131nan i\u015f\u00e7ilerin emeklerini gasp etmi\u015fler ve hukuk d\u0131\u015f\u0131 i\u015flemler uygulayarak belediyeye al\u0131m yapm\u0131\u015flard\u0131r. Biz Bur\u00e7in \u015eahin\u2019in bu talimat\u0131n\u0131n geri \u00e7ekilerek emek\u00e7i karde\u015flerimizin haklar\u0131n\u0131 verme yolunda ilk ad\u0131m\u0131 att\u0131k. 284 i\u015f\u00e7i karde\u015fim 27 Mart\u2019taki stat\u00fclerine geri d\u00f6nd\u00fcr\u00fclecektir. \u00d6nce belediyeden \u00e7\u0131k\u0131\u015flar\u0131 yap\u0131lacak, ard\u0131ndan belediye \u015firketi Meta-Su \u015firketine giri\u015flerini ger\u00e7ekle\u015ftirece\u011fiz.&#8221;<div class=\"tiled-gallery type-rectangular tiled-gallery-unresized\" data-original-width=\"500\" data-carousel-extra='null' itemscope itemtype=\"http:\/\/schema.org\/ImageGallery\" > <div class=\"gallery-row\" style=\"width: 500px; height: 500px;\" data-original-width=\"500\" data-original-height=\"500\" > <div class=\"gallery-group images-1\" style=\"width: 500px; height: 500px;\" data-original-width=\"500\" data-original-height=\"500\" > <div class=\"tiled-gallery-item tiled-gallery-item-large\" itemprop=\"associatedMedia\" itemscope itemtype=\"http:\/\/schema.org\/ImageObject\"> <a href=\"http:\/\/www.tvturk.com\/index.php\/baskan-aksoydan-isten-cikartilan-284-isci-icin-aciklama\/baskan-aksoydan-isten-cikartilan-284-isci-icin-aciklama-3\/\" border=\"0\" itemprop=\"url\"> <meta itemprop=\"width\" content=\"496\"> <meta itemprop=\"height\" content=\"496\"> <img decoding=\"async\" class=\"\" data-attachment-id=\"147239\" data-orig-file=\"http:\/\/www.tvturk.com\/wp-content\/uploads\/2019\/04\/baskan-aksoydan-isten-cikartilan-284-isci-icin-aciklama_9663226.jpg\" data-orig-size=\"960,960\" data-comments-opened=\"\" data-image-meta=\"{&quot;aperture&quot;:&quot;0&quot;,&quot;credit&quot;:&quot;IHA&quot;,&quot;camera&quot;:&quot;&quot;,&quot;caption&quot;:&quot;BA\\u015eKAN SERDAR AKSOY, TAH\\u0130R \\u015eAH\\u0130N (FOTO\\u011eRAFTA) TARAFINDAN BELED\\u0130YEYE GE\\u00c7\\u0130C\\u0130 \\u0130\\u015e\\u00c7\\u0130 STAT\\u00dcS\\u00dcYLE \\u0130\\u015eE ALINAN 284 \\u0130\\u015e\\u00c7\\u0130N\\u0130N 27 MART\\u2019TAK\\u0130 STAT\\u00dcLER\\u0130NE GER\\u0130 D\\u00d6ND\\u00dcR\\u00dcLECE\\u011e\\u0130N\\u0130N M\\u00dcJDES\\u0130N\\u0130 VERD\\u0130. (AYHAN EDERO\\u011eLU\\\/\\u0130ZM\\u0130R-\\u0130HA)&quot;,&quot;created_timestamp&quot;:&quot;1555981260&quot;,&quot;copyright&quot;:&quot;\\u0130HLAS HABER AJANSI, www.iha.com.tr&quot;,&quot;focal_length&quot;:&quot;0&quot;,&quot;iso&quot;:&quot;0&quot;,&quot;shutter_speed&quot;:&quot;0&quot;,&quot;title&quot;:&quot;BA\\u015eKAN AKSOY\\u0027DAN \\u0130\\u015eTEN \\u00c7IKARTILAN 284 \\u0130\\u015e\\u00c7\\u0130 \\u0130\\u00c7\\u0130N A\\u00c7IKLAMA&quot;,&quot;orientation&quot;:&quot;0&quot;}\" data-image-title=\"Ba\u015fkan Aksoy\u2019dan i\u015ften \u00e7\u0131kart\u0131lan 284 i\u015f\u00e7i i\u00e7in a\u00e7\u0131klama\" data-image-description=\"&lt;p&gt;Ba\u015fkan Aksoy\u2019dan i\u015ften \u00e7\u0131kart\u0131lan 284 i\u015f\u00e7i i\u00e7in a\u00e7\u0131klama&lt;\/p&gt; \" data-medium-file=\"https:\/\/i0.wp.com\/www.tvturk.com\/wp-content\/uploads\/2019\/04\/baskan-aksoydan-isten-cikartilan-284-isci-icin-aciklama_9663226.jpg?fit=300%2C300\" data-large-file=\"https:\/\/i0.wp.com\/www.tvturk.com\/wp-content\/uploads\/2019\/04\/baskan-aksoydan-isten-cikartilan-284-isci-icin-aciklama_9663226.jpg?fit=960%2C960\" src=\"https:\/\/i0.wp.com\/www.tvturk.com\/wp-content\/uploads\/2019\/04\/baskan-aksoydan-isten-cikartilan-284-isci-icin-aciklama_9663226.jpg?w=496&#038;h=496&#038;crop=1\" srcset=\"https:\/\/i0.wp.com\/www.tvturk.com\/wp-content\/uploads\/2019\/04\/baskan-aksoydan-isten-cikartilan-284-isci-icin-aciklama_9663226.jpg?w=960 960w, https:\/\/i0.wp.com\/www.tvturk.com\/wp-content\/uploads\/2019\/04\/baskan-aksoydan-isten-cikartilan-284-isci-icin-aciklama_9663226.jpg?resize=150%2C150 150w, https:\/\/i0.wp.com\/www.tvturk.com\/wp-content\/uploads\/2019\/04\/baskan-aksoydan-isten-cikartilan-284-isci-icin-aciklama_9663226.jpg?resize=300%2C300 300w, https:\/\/i0.wp.com\/www.tvturk.com\/wp-content\/uploads\/2019\/04\/baskan-aksoydan-isten-cikartilan-284-isci-icin-aciklama_9663226.jpg?resize=768%2C768 768w\" width=\"496\" height=\"496\" loading=\"lazy\" data-original-width=\"496\" data-original-height=\"496\" itemprop=\"http:\/\/schema.org\/image\" title=\"Ba\u015fkan Aksoy\u2019dan i\u015ften \u00e7\u0131kart\u0131lan 284 i\u015f\u00e7i i\u00e7in a\u00e7\u0131klama\" alt=\"Ba\u015fkan Aksoy\u2019dan i\u015ften \u00e7\u0131kart\u0131lan 284 i\u015f\u00e7i i\u00e7in a\u00e7\u0131klama\" style=\"width: 496px; height: 496px;\" \/> <\/a> <\/div> <\/div> <!-- close group --> <\/div> <!-- close row --> <\/div><\/p>\n","protected":false},"excerpt":{"rendered":"<p>BA\u015eKAN SERDAR AKSOY, TAH\u0130R \u015eAH\u0130N TARAFINDAN BELED\u0130YEYE GE\u00c7\u0130C\u0130 \u0130\u015e\u00c7\u0130 STAT\u00dcS\u00dcYLE \u0130\u015eE ALINAN 284 \u0130\u015e\u00c7\u0130N\u0130N 27 MART\u2019TAK\u0130 STAT\u00dcLER\u0130NE GER\u0130 D\u00d6ND\u00dcR\u00dcLECE\u011e\u0130N\u0130N M\u00dcJDES\u0130N\u0130 VERD\u0130.<\/p>\n","protected":false},"author":1,"featured_media":147238,"comment_status":"closed","ping_status":"open","sticky":false,"template":"","format":"standard","meta":{"jetpack_post_was_ever_published":false,"_jetpack_newsletter_access":"","_jetpack_dont_email_post_to_subs":false,"_jetpack_newsletter_tier_id":0,"_jetpack_memberships_contains_paywalled_content":false,"_jetpack_memberships_contains_paid_content":false,"footnotes":"","jetpack_publicize_message":"","jetpack_publicize_feature_enabled":true,"jetpack_social_post_already_shared":true,"jetpack_social_options":{"image_generator_settings":{"template":"highway","default_image_id":0,"font":"","enabled":false},"version":2}},"categories":[1],"tags":[32653,3349,32651,100,32652,44,1030,6925],"class_list":["post-147237","post","type-post","status-publish","format-standard","has-post-thumbnail","hentry","category-genel","tag-32653","tag-aciklama","tag-aksoydan","tag-baskan","tag-cikartilan","tag-icin","tag-isci","tag-isten"],"jetpack_publicize_connections":[],"jetpack_featured_media_url":"https:\/\/i0.wp.com\/www.tvturk.com\/wp-content\/uploads\/2019\/04\/baskan-aksoydan-isten-cikartilan-284-isci-icin-aciklama_98cd9fe.jpg?fit=1000%2C664","jetpack_sharing_enabled":true,"jetpack_shortlink":"https:\/\/wp.me\/paKIfm-CiN","_links":{"self":[{"href":"http:\/\/www.tvturk.com\/index.php\/wp-json\/wp\/v2\/posts\/147237","targetHints":{"allow":["GET"]}}],"collection":[{"href":"http:\/\/www.tvturk.com\/index.php\/wp-json\/wp\/v2\/posts"}],"about":[{"href":"http:\/\/www.tvturk.com\/index.php\/wp-json\/wp\/v2\/types\/post"}],"author":[{"embeddable":true,"href":"http:\/\/www.tvturk.com\/index.php\/wp-json\/wp\/v2\/users\/1"}],"replies":[{"embeddable":true,"href":"http:\/\/www.tvturk.com\/index.php\/wp-json\/wp\/v2\/comments?post=147237"}],"version-history":[{"count":1,"href":"http:\/\/www.tvturk.com\/index.php\/wp-json\/wp\/v2\/posts\/147237\/revisions"}],"predecessor-version":[{"id":147240,"href":"http:\/\/www.tvturk.com\/index.php\/wp-json\/wp\/v2\/posts\/147237\/revisions\/147240"}],"wp:featuredmedia":[{"embeddable":true,"href":"http:\/\/www.tvturk.com\/index.php\/wp-json\/wp\/v2\/media\/147238"}],"wp:attachment":[{"href":"http:\/\/www.tvturk.com\/index.php\/wp-json\/wp\/v2\/media?parent=147237"}],"wp:term":[{"taxonomy":"category","embeddable":true,"href":"http:\/\/www.tvturk.com\/index.php\/wp-json\/wp\/v2\/categories?post=147237"},{"taxonomy":"post_tag","embeddable":true,"href":"http:\/\/www.tvturk.com\/index.php\/wp-json\/wp\/v2\/tags?post=147237"}],"curies":[{"name":"wp","href":"https:\/\/api.w.org\/{rel}","templated":true}]}}