{"id":147310,"date":"2019-04-22T23:16:03","date_gmt":"2019-04-22T20:16:03","guid":{"rendered":"http:\/\/www.tvturk.com\/index.php\/israil-gucleri-bayram-kutlamalari-icin-el-halilin-ana-caddesini-filistinlilere-kapatti\/"},"modified":"2019-04-22T23:16:03","modified_gmt":"2019-04-22T20:16:03","slug":"israil-gucleri-bayram-kutlamalari-icin-el-halilin-ana-caddesini-filistinlilere-kapatti","status":"publish","type":"post","link":"http:\/\/www.tvturk.com\/index.php\/israil-gucleri-bayram-kutlamalari-icin-el-halilin-ana-caddesini-filistinlilere-kapatti\/","title":{"rendered":"\u0130srail g\u00fc\u00e7leri bayram kutlamalar\u0131 i\u00e7in El Halil\u2019in ana caddesini Filistinlilere kapatt\u0131"},"content":{"rendered":"<p>\u0130srail g\u00fc\u00e7leri, Hamursuz Bayram\u0131 etkinliklerini gerek\u00e7e g\u00f6stererek Bat\u0131 \u015eeria\u2019daki El Halil \u015fehrinin ana caddelerini ve b\u00f6lgedeki d\u00fckk\u00e2nlar\u0131 kapatt\u0131. Bug\u00fcn ve yar\u0131n 25 bin Yahudi yerle\u015fimci, Halilurrahman Camii\u2019ni ziyaret edecek.<\/p>\n<p>\u0130srail g\u00fc\u00e7leri, Hamursuz Bayram\u0131\u2019n\u0131n \u00fc\u00e7\u00fcnc\u00fc g\u00fcn\u00fcnde Bat\u0131 \u015eeria\u2019daki El Halil \u015fehrinin ana caddesini kapatt\u0131. Yahudi yerle\u015fimcilerin Halilurrahman Camii\u2019ne gidebilmesi i\u00e7in yolu kapatan \u0130srail askerleri, \u015fehrin merkezine giden yoldaki b\u00fct\u00fcn d\u00fckk\u00e2nlara da kepenk indirtti. Yahudiler i\u00e7in g\u00fcvenli\u011fin sa\u011fland\u0131\u011f\u0131n\u0131 ileri s\u00fcren \u0130srail askerleri, bug\u00fcn ve yar\u0131n Filistinlilerin kendi \u015fehirlerindeki caddelerini kullanmas\u0131n\u0131 yasaklad\u0131.<\/p>\n<p>Bug\u00fcn yakla\u015f\u0131k 25 bin Yahudi yerle\u015fimci El Halil \u015fehrini ziyaret etti. Kud\u00fcs kadar de\u011fer verilen El Halil \u015fehrindeki Halilurrahman Camii\u2019nde Hazreti \u0130brahim aleyhisselam, o\u011flu Hazreti \u0130shak ve torunlar\u0131 Hazreti Yakup ve Hazreti Yusuf\u2019un e\u015flerinin kabirleri bulunuyor. Ertesi g\u00fcn topluca Halilurrahman Camii\u2019ne gidecek olan Yahudi yerle\u015fimciler bir dizi etkinlik ve t\u00f6renler d\u00fczenleyecek.<\/p>\n<p>\u015eehri i\u015fgal eden \u0130srail askerleri, bug\u00fcn ve yar\u0131n \u015fehirde okullar\u0131n ve Halilurrahman Camii\u2019ne M\u00fcsl\u00fcmanlar\u0131n ziyaretinin yasakland\u0131\u011f\u0131n\u0131 duyurdu.<\/p>\n","protected":false},"excerpt":{"rendered":"<p>\u0130SRA\u0130L G\u00dc\u00c7LER\u0130, HAMURSUZ BAYRAMI ETK\u0130NL\u0130KLER\u0130N\u0130 GEREK\u00c7E G\u00d6STEREREK BATI \u015eER\u0130A\u2019DAK\u0130 EL HAL\u0130L \u015eEHR\u0130N\u0130N ANA CADDELER\u0130N\u0130 VE B\u00d6LGEDEK\u0130 D\u00dcKK\u00c2NLARI KAPATTI.<\/p>\n","protected":false},"author":1,"featured_media":147311,"comment_status":"closed","ping_status":"open","sticky":false,"template":"","format":"standard","meta":{"jetpack_post_was_ever_published":false,"_jetpack_newsletter_access":"","_jetpack_dont_email_post_to_subs":false,"_jetpack_newsletter_tier_id":0,"_jetpack_memberships_contains_paywalled_content":false,"_jetpack_memberships_contains_paid_content":false,"footnotes":"","jetpack_publicize_message":"","jetpack_publicize_feature_enabled":true,"jetpack_social_post_already_shared":true,"jetpack_social_options":{"image_generator_settings":{"template":"highway","default_image_id":0,"font":"","enabled":false},"version":2}},"categories":[10],"tags":[3984,23995,32673,32674,14621,32672,44,8494,3768,17842],"class_list":["post-147310","post","type-post","status-publish","format-standard","has-post-thumbnail","hentry","category-dunya","tag-ana","tag-bayram","tag-caddesini","tag-filistinlilere","tag-gucleri","tag-halilin","tag-icin","tag-israil","tag-kapatti","tag-kutlamalari"],"jetpack_publicize_connections":[],"jetpack_featured_media_url":"https:\/\/i0.wp.com\/www.tvturk.com\/wp-content\/uploads\/2019\/04\/israil-gucleri-bayram-kutlamalari-icin-el-halilin-ana-caddesini-filistinlilere-kapatti_433a601.jpg?fit=1000%2C562","jetpack_sharing_enabled":true,"jetpack_shortlink":"https:\/\/wp.me\/paKIfm-CjY","_links":{"self":[{"href":"http:\/\/www.tvturk.com\/index.php\/wp-json\/wp\/v2\/posts\/147310","targetHints":{"allow":["GET"]}}],"collection":[{"href":"http:\/\/www.tvturk.com\/index.php\/wp-json\/wp\/v2\/posts"}],"about":[{"href":"http:\/\/www.tvturk.com\/index.php\/wp-json\/wp\/v2\/types\/post"}],"author":[{"embeddable":true,"href":"http:\/\/www.tvturk.com\/index.php\/wp-json\/wp\/v2\/users\/1"}],"replies":[{"embeddable":true,"href":"http:\/\/www.tvturk.com\/index.php\/wp-json\/wp\/v2\/comments?post=147310"}],"version-history":[{"count":0,"href":"http:\/\/www.tvturk.com\/index.php\/wp-json\/wp\/v2\/posts\/147310\/revisions"}],"wp:featuredmedia":[{"embeddable":true,"href":"http:\/\/www.tvturk.com\/index.php\/wp-json\/wp\/v2\/media\/147311"}],"wp:attachment":[{"href":"http:\/\/www.tvturk.com\/index.php\/wp-json\/wp\/v2\/media?parent=147310"}],"wp:term":[{"taxonomy":"category","embeddable":true,"href":"http:\/\/www.tvturk.com\/index.php\/wp-json\/wp\/v2\/categories?post=147310"},{"taxonomy":"post_tag","embeddable":true,"href":"http:\/\/www.tvturk.com\/index.php\/wp-json\/wp\/v2\/tags?post=147310"}],"curies":[{"name":"wp","href":"https:\/\/api.w.org\/{rel}","templated":true}]}}