{"id":14733,"date":"2019-02-09T11:22:53","date_gmt":"2019-02-09T08:22:53","guid":{"rendered":"http:\/\/www.tvturk.com\/index.php\/salihli-belediyespor-galibiyet-istiyor\/"},"modified":"2019-02-09T11:22:54","modified_gmt":"2019-02-09T08:22:54","slug":"salihli-belediyespor-galibiyet-istiyor","status":"publish","type":"post","link":"http:\/\/www.tvturk.com\/index.php\/salihli-belediyespor-galibiyet-istiyor\/","title":{"rendered":"Salihli Belediyespor galibiyet istiyor"},"content":{"rendered":"<p>Ge\u00e7ti\u011fimiz hafta \u00d6demi\u015f deplasman\u0131ndan eli bo\u015f d\u00f6nen Salihli Belediyespor, yar\u0131n kendi sahas\u0131nda konuk edece\u011fi G\u00fclbah\u00e7espor\u2019u yenerek, 6. galibiyetini almak istiyor.<\/p>\n<p>Spor Toto B\u00f6lgesel Amat\u00f6r Lig 8. grupta m\u00fccadele eden Salihli Belediyespor ligin 17. haftas\u0131nda yar\u0131n Bursa ekiplerinden G\u00fclbah\u00e7espor\u2019u konuk edecek. Saat 14.00\u2019da Ramiz Turan Stad\u0131nda oynanacak olan kar\u015f\u0131la\u015fmay\u0131 Emre Can Tatl\u0131yer, Adil Yal\u00e7\u0131nda\u011f ve Eren \u015eahin y\u00f6netecek. Kar\u015f\u0131la\u015fma \u00f6ncesi ev sahibi Salihli Belediyespor 18 puanla 8. s\u0131rada yer al\u0131rken, konuk ekip G\u00fclbah\u00e7espor ise 31 puanla 3.s\u0131rada yer al\u0131yor.<\/p>\n<p>T\u00fcm taraftarlar\u0131 ma\u00e7a davet eden Salihli Belediyespor Teknik Direkt\u00f6r\u00fc Zeki Erguvan, kendi sahalar\u0131nda oynayacaklar\u0131 G\u00fclbah\u00e7espor kar\u015f\u0131la\u015fmas\u0131n\u0131 taraftar deste\u011fiyle kay\u0131ps\u0131z kapatmak istediklerini ifade etti. Erguvan \u201cBu ma\u00e7ta \u00e7ok dikkatli oynay\u0131p, son d\u00fcd\u00fc\u011fe kadar oyun disiplinine sad\u0131k kalaca\u011f\u0131z. Taraftar\u0131m\u0131z\u0131n da g\u00fc\u00e7l\u00fc deste\u011fi ile sahadan \u00fc\u00e7 puanla ayr\u0131laca\u011f\u0131m\u0131za inan\u0131yorum\u201d dedi.<div class=\"tiled-gallery type-rectangular tiled-gallery-unresized\" data-original-width=\"500\" data-carousel-extra='null' itemscope itemtype=\"http:\/\/schema.org\/ImageGallery\" > <div class=\"gallery-row\" style=\"width: 500px; height: 175px;\" data-original-width=\"500\" data-original-height=\"175\" > <div class=\"gallery-group images-1\" style=\"width: 366px; height: 175px;\" data-original-width=\"366\" data-original-height=\"175\" > <div class=\"tiled-gallery-item tiled-gallery-item-large\" itemprop=\"associatedMedia\" itemscope itemtype=\"http:\/\/schema.org\/ImageObject\"> <a href=\"http:\/\/www.tvturk.com\/index.php\/salihli-belediyespor-galibiyet-istiyor\/salihli-belediyespor-galibiyet-istiyor-3\/\" border=\"0\" itemprop=\"url\"> <meta itemprop=\"width\" content=\"362\"> <meta itemprop=\"height\" content=\"171\"> <img decoding=\"async\" class=\"\" data-attachment-id=\"14735\" data-orig-file=\"http:\/\/www.tvturk.com\/wp-content\/uploads\/2019\/02\/salihli-belediyespor-galibiyet-istiyor_6d00201.jpg\" data-orig-size=\"1000,472\" data-comments-opened=\"\" data-image-meta=\"{&quot;aperture&quot;:&quot;0&quot;,&quot;credit&quot;:&quot;IHA&quot;,&quot;camera&quot;:&quot;&quot;,&quot;caption&quot;:&quot;GE\\u00c7T\\u0130\\u011e\\u0130M\\u0130Z HAFTA \\u00d6DEM\\u0130\\u015e DEPLASMANINDAN EL\\u0130BO\\u015e D\\u00d6NEN SAL\\u0130HL\\u0130 BELED\\u0130YESPOR, YARIN KEND\\u0130 SAHASINDA KONUK EDECE\\u011e\\u0130 G\\u00dcLBAH\\u00c7ESPOR\\u2019U YENEREK, 6.GAL\\u0130B\\u0130YET\\u0130N\\u0130 ALMAK \\u0130ST\\u0130YOR. (BEHZAT AKCAN\\\/MAN\\u0130SA-\\u0130HA)&quot;,&quot;created_timestamp&quot;:&quot;0&quot;,&quot;copyright&quot;:&quot;\\u0130HLAS HABER AJANSI, www.iha.com.tr&quot;,&quot;focal_length&quot;:&quot;0&quot;,&quot;iso&quot;:&quot;0&quot;,&quot;shutter_speed&quot;:&quot;0&quot;,&quot;title&quot;:&quot;SAL\\u0130HL\\u0130 BELED\\u0130YESPOR GAL\\u0130B\\u0130YET \\u0130ST\\u0130YOR&quot;,&quot;orientation&quot;:&quot;0&quot;}\" data-image-title=\"Salihli Belediyespor galibiyet istiyor\" data-image-description=\"&lt;p&gt;Salihli Belediyespor galibiyet istiyor&lt;\/p&gt; \" data-medium-file=\"https:\/\/i0.wp.com\/www.tvturk.com\/wp-content\/uploads\/2019\/02\/salihli-belediyespor-galibiyet-istiyor_6d00201.jpg?fit=300%2C142\" data-large-file=\"https:\/\/i0.wp.com\/www.tvturk.com\/wp-content\/uploads\/2019\/02\/salihli-belediyespor-galibiyet-istiyor_6d00201.jpg?fit=1000%2C472\" src=\"https:\/\/i0.wp.com\/www.tvturk.com\/wp-content\/uploads\/2019\/02\/salihli-belediyespor-galibiyet-istiyor_6d00201.jpg?w=362&#038;h=171\" srcset=\"https:\/\/i0.wp.com\/www.tvturk.com\/wp-content\/uploads\/2019\/02\/salihli-belediyespor-galibiyet-istiyor_6d00201.jpg?w=1000 1000w, https:\/\/i0.wp.com\/www.tvturk.com\/wp-content\/uploads\/2019\/02\/salihli-belediyespor-galibiyet-istiyor_6d00201.jpg?resize=150%2C71 150w, https:\/\/i0.wp.com\/www.tvturk.com\/wp-content\/uploads\/2019\/02\/salihli-belediyespor-galibiyet-istiyor_6d00201.jpg?resize=300%2C142 300w, https:\/\/i0.wp.com\/www.tvturk.com\/wp-content\/uploads\/2019\/02\/salihli-belediyespor-galibiyet-istiyor_6d00201.jpg?resize=768%2C362 768w, https:\/\/i0.wp.com\/www.tvturk.com\/wp-content\/uploads\/2019\/02\/salihli-belediyespor-galibiyet-istiyor_6d00201.jpg?resize=305%2C145 305w\" width=\"362\" height=\"171\" loading=\"lazy\" data-original-width=\"362\" data-original-height=\"171\" itemprop=\"http:\/\/schema.org\/image\" title=\"Salihli Belediyespor galibiyet istiyor\" alt=\"Salihli Belediyespor galibiyet istiyor\" style=\"width: 362px; height: 171px;\" \/> <\/a> <\/div> <\/div> <!-- close group --> <div class=\"gallery-group images-1\" style=\"width: 134px; height: 175px;\" data-original-width=\"134\" data-original-height=\"175\" > <div class=\"tiled-gallery-item tiled-gallery-item-small\" itemprop=\"associatedMedia\" itemscope itemtype=\"http:\/\/schema.org\/ImageObject\"> <a href=\"http:\/\/www.tvturk.com\/index.php\/salihli-belediyespor-galibiyet-istiyor\/salihli-belediyespor-galibiyet-istiyor-4\/\" border=\"0\" itemprop=\"url\"> <meta itemprop=\"width\" content=\"130\"> <meta itemprop=\"height\" content=\"171\"> <img decoding=\"async\" class=\"\" data-attachment-id=\"14736\" data-orig-file=\"http:\/\/www.tvturk.com\/wp-content\/uploads\/2019\/02\/salihli-belediyespor-galibiyet-istiyor_15ad542.jpg\" data-orig-size=\"654,861\" data-comments-opened=\"\" data-image-meta=\"{&quot;aperture&quot;:&quot;0&quot;,&quot;credit&quot;:&quot;IHA&quot;,&quot;camera&quot;:&quot;&quot;,&quot;caption&quot;:&quot;T\\u00dcM TARAFTARLARI MA\\u00c7A DAVET EDEN SAL\\u0130HL\\u0130 BELED\\u0130YESPOR TEKN\\u0130K D\\u0130REKT\\u00d6R\\u00dc ZEK\\u0130 ERGUVAN, KEND\\u0130 SAHALARINDA OYNAYACAKLARI G\\u00dcLBAH\\u00c7ESPOR KAR\\u015eILA\\u015eMASINI TARAFTAR DESTE\\u011e\\u0130YLE KAYIPSIZ KAPATMAK \\u0130STED\\u0130KLER\\u0130N\\u0130 \\u0130FADE ETT\\u0130. (BEHZAT AKCAN\\\/MAN\\u0130SA-\\u0130HA)&quot;,&quot;created_timestamp&quot;:&quot;1549739880&quot;,&quot;copyright&quot;:&quot;\\u0130HLAS HABER AJANSI, www.iha.com.tr&quot;,&quot;focal_length&quot;:&quot;0&quot;,&quot;iso&quot;:&quot;0&quot;,&quot;shutter_speed&quot;:&quot;0&quot;,&quot;title&quot;:&quot;SAL\\u0130HL\\u0130 BELED\\u0130YESPOR GAL\\u0130B\\u0130YET \\u0130ST\\u0130YOR&quot;,&quot;orientation&quot;:&quot;1&quot;}\" data-image-title=\"Salihli Belediyespor galibiyet istiyor\" data-image-description=\"&lt;p&gt;Salihli Belediyespor galibiyet istiyor&lt;\/p&gt; \" data-medium-file=\"https:\/\/i0.wp.com\/www.tvturk.com\/wp-content\/uploads\/2019\/02\/salihli-belediyespor-galibiyet-istiyor_15ad542.jpg?fit=228%2C300\" data-large-file=\"https:\/\/i0.wp.com\/www.tvturk.com\/wp-content\/uploads\/2019\/02\/salihli-belediyespor-galibiyet-istiyor_15ad542.jpg?fit=654%2C861\" src=\"https:\/\/i0.wp.com\/www.tvturk.com\/wp-content\/uploads\/2019\/02\/salihli-belediyespor-galibiyet-istiyor_15ad542.jpg?w=130&#038;h=171\" srcset=\"https:\/\/i0.wp.com\/www.tvturk.com\/wp-content\/uploads\/2019\/02\/salihli-belediyespor-galibiyet-istiyor_15ad542.jpg?w=654 654w, https:\/\/i0.wp.com\/www.tvturk.com\/wp-content\/uploads\/2019\/02\/salihli-belediyespor-galibiyet-istiyor_15ad542.jpg?resize=114%2C150 114w, https:\/\/i0.wp.com\/www.tvturk.com\/wp-content\/uploads\/2019\/02\/salihli-belediyespor-galibiyet-istiyor_15ad542.jpg?resize=228%2C300 228w\" width=\"130\" height=\"171\" loading=\"lazy\" data-original-width=\"130\" data-original-height=\"171\" itemprop=\"http:\/\/schema.org\/image\" title=\"Salihli Belediyespor galibiyet istiyor\" alt=\"Salihli Belediyespor galibiyet istiyor\" style=\"width: 130px; height: 171px;\" \/> <\/a> <\/div> <\/div> <!-- close group --> <\/div> <!-- close row --> <\/div><\/p>\n","protected":false},"excerpt":{"rendered":"<p>GE\u00c7T\u0130\u011e\u0130M\u0130Z HAFTA \u00d6DEM\u0130\u015e DEPLASMANINDAN EL\u0130BO\u015e D\u00d6NEN SAL\u0130HL\u0130 BELED\u0130YESPOR, YARIN KEND\u0130 SAHASINDA KONUK EDECE\u011e\u0130 G\u00dcLBAH\u00c7ESPOR\u2019U YENEREK, 6.GAL\u0130B\u0130YET\u0130N\u0130 ALMAK \u0130ST\u0130YOR.<\/p>\n","protected":false},"author":1,"featured_media":14734,"comment_status":"closed","ping_status":"open","sticky":false,"template":"","format":"standard","meta":{"jetpack_post_was_ever_published":false,"_jetpack_newsletter_access":"","_jetpack_dont_email_post_to_subs":false,"_jetpack_newsletter_tier_id":0,"_jetpack_memberships_contains_paywalled_content":false,"_jetpack_memberships_contains_paid_content":false,"footnotes":"","jetpack_publicize_message":"","jetpack_publicize_feature_enabled":true,"jetpack_social_post_already_shared":false,"jetpack_social_options":{"image_generator_settings":{"template":"highway","default_image_id":0,"font":"","enabled":false},"version":2}},"categories":[657],"tags":[2556,4176,99,1305],"class_list":["post-14733","post","type-post","status-publish","format-standard","has-post-thumbnail","hentry","category-spor","tag-belediyespor","tag-galibiyet","tag-istiyor","tag-salihli"],"jetpack_publicize_connections":[],"jetpack_featured_media_url":"https:\/\/i0.wp.com\/www.tvturk.com\/wp-content\/uploads\/2019\/02\/salihli-belediyespor-galibiyet-istiyor_c76d30b.jpg?fit=1000%2C575","jetpack_sharing_enabled":true,"jetpack_shortlink":"https:\/\/wp.me\/paKIfm-3PD","_links":{"self":[{"href":"http:\/\/www.tvturk.com\/index.php\/wp-json\/wp\/v2\/posts\/14733","targetHints":{"allow":["GET"]}}],"collection":[{"href":"http:\/\/www.tvturk.com\/index.php\/wp-json\/wp\/v2\/posts"}],"about":[{"href":"http:\/\/www.tvturk.com\/index.php\/wp-json\/wp\/v2\/types\/post"}],"author":[{"embeddable":true,"href":"http:\/\/www.tvturk.com\/index.php\/wp-json\/wp\/v2\/users\/1"}],"replies":[{"embeddable":true,"href":"http:\/\/www.tvturk.com\/index.php\/wp-json\/wp\/v2\/comments?post=14733"}],"version-history":[{"count":1,"href":"http:\/\/www.tvturk.com\/index.php\/wp-json\/wp\/v2\/posts\/14733\/revisions"}],"predecessor-version":[{"id":14737,"href":"http:\/\/www.tvturk.com\/index.php\/wp-json\/wp\/v2\/posts\/14733\/revisions\/14737"}],"wp:featuredmedia":[{"embeddable":true,"href":"http:\/\/www.tvturk.com\/index.php\/wp-json\/wp\/v2\/media\/14734"}],"wp:attachment":[{"href":"http:\/\/www.tvturk.com\/index.php\/wp-json\/wp\/v2\/media?parent=14733"}],"wp:term":[{"taxonomy":"category","embeddable":true,"href":"http:\/\/www.tvturk.com\/index.php\/wp-json\/wp\/v2\/categories?post=14733"},{"taxonomy":"post_tag","embeddable":true,"href":"http:\/\/www.tvturk.com\/index.php\/wp-json\/wp\/v2\/tags?post=14733"}],"curies":[{"name":"wp","href":"https:\/\/api.w.org\/{rel}","templated":true}]}}