{"id":147416,"date":"2019-04-23T11:51:23","date_gmt":"2019-04-23T08:51:23","guid":{"rendered":"http:\/\/www.tvturk.com\/index.php\/vali-sahin-cocuklari-makaminda-kabul-etti\/"},"modified":"2019-04-23T11:51:23","modified_gmt":"2019-04-23T08:51:23","slug":"vali-sahin-cocuklari-makaminda-kabul-etti","status":"publish","type":"post","link":"http:\/\/www.tvturk.com\/index.php\/vali-sahin-cocuklari-makaminda-kabul-etti\/","title":{"rendered":"Vali \u015eahin, \u00e7ocuklar\u0131 makam\u0131nda kabul etti"},"content":{"rendered":"<p>23 Nisan Ulusal Egemenlik ve \u00c7ocuk Bayram\u0131\u2019n\u0131n 99. y\u0131l d\u00f6n\u00fcm\u00fc dolay\u0131s\u0131yla \u0130l Milli E\u011fitim M\u00fcd\u00fcrl\u00fc\u011f\u00fcnden y\u00f6netici, \u00f6\u011fretmen ve \u00f6\u011frencilerden olu\u015fan bir heyet, Ankara Valisi Vasip \u015eahin\u2019i makam\u0131nda ziyaret etti.<\/p>\n<p>Vali Vasip \u015eahin, ziyarette makam koltu\u011funu Sincan Ali Semerkandi \u0130mam Hatip Ortaokulu \u00f6\u011frencisi Nefise Belinay Kay\u0131\u015fl\u0131\u2019ya devretti. Vali \u015eahin, devir s\u0131ras\u0131nda yapt\u0131\u011f\u0131 konu\u015fmada, \u201c23 Nisan Ulusal Egemenlik ve \u00c7ocuk Bayram\u0131\u2019n\u0131z\u0131 kutluyorum. Sizleri bug\u00fcn burada a\u011f\u0131rlamaktan b\u00fcy\u00fck memnuniyet duyuyorum. Devlet olarak, millet olarak adeta seferberlik anlay\u0131\u015f\u0131 i\u00e7inde sizlere en iyi \u015fartlar\u0131 haz\u0131rlaman\u0131n gayreti i\u00e7indeyiz. Sizlerin de haz\u0131rlanan imk\u00e2nlar\u0131 en iyi \u015fekilde de\u011ferlendirmenizi ve ba\u015far\u0131l\u0131 olman\u0131z\u0131 istiyoruz. Elde edece\u011finiz ba\u015far\u0131larla gelece\u011fimiz daha g\u00fczel, daha m\u00fcreffeh olacakt\u0131r. Bu konuda sizlere g\u00fcveniyoruz\u201d dedi.<\/p>\n<p>Vali \u015eahin\u2019in makam koltu\u011funu devretti\u011fi Nefise Belinay Kay\u0131\u015fl\u0131 da milli iradenin temsil makam\u0131 Meclis\u2019imizin, milletimizin ba\u011f\u0131ms\u0131zl\u0131k m\u00fccadelesinin ku\u015fkusuz en \u00f6nemli ad\u0131m\u0131 oldu\u011funu s\u00f6yleyerek, \u201cT\u00fcm d\u00fcnya milletlerinin tarihinde e\u015fi benzeri g\u00f6r\u00fclmemi\u015f bir kurtulu\u015f destan\u0131na sahip T\u00fcrk \u00e7ocuklar\u0131 olarak bu gururu bize ya\u015fatan Gazi Mustafa Kemal Atat\u00fcrk\u2019\u00fc, onun silah arkada\u015flar\u0131n\u0131 ve bu vatan u\u011fruna canlar\u0131 ve kanlar\u0131yla m\u00fccadele etmi\u015f t\u00fcm \u015fehitlerimizi rahmet ve minnetle an\u0131yorum. Say\u0131n Valim, bu makam\u0131 temsil etme mutlulu\u011funu bizlere ya\u015fatt\u0131\u011f\u0131n\u0131z i\u00e7in sizlere te\u015fekk\u00fcr ediyoruz. Yine arkada\u015flar\u0131m ad\u0131na t\u00fcm d\u00fcnya \u00e7ocuklar\u0131n\u0131n 23 Nisan Ulusal Egemenlik ve \u00c7ocuk Bayram\u2019lar\u0131n\u0131 kutluyor, bar\u0131\u015f, mutluluk ve ne\u015fe dolu g\u00fcnler diliyorum\u201d ifadelerini kulland\u0131.<\/p>\n<p>T\u00f6rene kat\u0131lan \u00e7ocuklar ve \u00f6\u011fretmenlerle bir s\u00fcre sohbet eden Vali \u015eahin, ziyaretin sonunda birlikte foto\u011fraf \u00e7ektirdi\u011fi \u00e7ocuklara \u00e7e\u015fitli hediyeler verdi.<\/p>\n","protected":false},"excerpt":{"rendered":"<p>23 N\u0130SAN ULUSAL EGEMENL\u0130K VE \u00c7OCUK BAYRAMI\u2019NIN 99. YIL D\u00d6N\u00dcM\u00dc DOLAYISIYLA \u0130L M\u0130LL\u00ce E\u011e\u0130T\u0130M M\u00dcD\u00dcRL\u00dc\u011e\u00dcNDEN Y\u00d6NET\u0130C\u0130, \u00d6\u011eRETMEN VE \u00d6\u011eRENC\u0130LERDEN OLU\u015eAN B\u0130R HEYET, 23 N\u0130SAN 2019 SALI G\u00dcN\u00dc ANKARA VAL\u0130S\u0130 VAS\u0130P \u015eAH\u0130N\u2019\u0130 MAKAMINDA Z\u0130YARET ETT\u0130. Z\u0130YARETTE VAL\u0130 YARDIMCISI AL\u0130 S\u00d6ZEN DE HAZIR BULUNDU.<\/p>\n","protected":false},"author":1,"featured_media":147417,"comment_status":"closed","ping_status":"open","sticky":false,"template":"","format":"standard","meta":{"jetpack_post_was_ever_published":false,"_jetpack_newsletter_access":"","_jetpack_dont_email_post_to_subs":false,"_jetpack_newsletter_tier_id":0,"_jetpack_memberships_contains_paywalled_content":false,"_jetpack_memberships_contains_paid_content":false,"footnotes":"","jetpack_publicize_message":"","jetpack_publicize_feature_enabled":true,"jetpack_social_post_already_shared":true,"jetpack_social_options":{"image_generator_settings":{"template":"highway","default_image_id":0,"font":"","enabled":false},"version":2}},"categories":[1],"tags":[139,207,654,12122,1863,148],"class_list":["post-147416","post","type-post","status-publish","format-standard","has-post-thumbnail","hentry","category-genel","tag-cocuklari","tag-etti","tag-kabul","tag-makaminda","tag-sahin","tag-vali"],"jetpack_publicize_connections":[],"jetpack_featured_media_url":"https:\/\/i0.wp.com\/www.tvturk.com\/wp-content\/uploads\/2019\/04\/vali-sahin-cocuklari-makaminda-kabul-etti_1d7f5a6.jpg?fit=1000%2C666","jetpack_sharing_enabled":true,"jetpack_shortlink":"https:\/\/wp.me\/paKIfm-ClG","_links":{"self":[{"href":"http:\/\/www.tvturk.com\/index.php\/wp-json\/wp\/v2\/posts\/147416","targetHints":{"allow":["GET"]}}],"collection":[{"href":"http:\/\/www.tvturk.com\/index.php\/wp-json\/wp\/v2\/posts"}],"about":[{"href":"http:\/\/www.tvturk.com\/index.php\/wp-json\/wp\/v2\/types\/post"}],"author":[{"embeddable":true,"href":"http:\/\/www.tvturk.com\/index.php\/wp-json\/wp\/v2\/users\/1"}],"replies":[{"embeddable":true,"href":"http:\/\/www.tvturk.com\/index.php\/wp-json\/wp\/v2\/comments?post=147416"}],"version-history":[{"count":0,"href":"http:\/\/www.tvturk.com\/index.php\/wp-json\/wp\/v2\/posts\/147416\/revisions"}],"wp:featuredmedia":[{"embeddable":true,"href":"http:\/\/www.tvturk.com\/index.php\/wp-json\/wp\/v2\/media\/147417"}],"wp:attachment":[{"href":"http:\/\/www.tvturk.com\/index.php\/wp-json\/wp\/v2\/media?parent=147416"}],"wp:term":[{"taxonomy":"category","embeddable":true,"href":"http:\/\/www.tvturk.com\/index.php\/wp-json\/wp\/v2\/categories?post=147416"},{"taxonomy":"post_tag","embeddable":true,"href":"http:\/\/www.tvturk.com\/index.php\/wp-json\/wp\/v2\/tags?post=147416"}],"curies":[{"name":"wp","href":"https:\/\/api.w.org\/{rel}","templated":true}]}}