{"id":147510,"date":"2019-04-23T14:07:15","date_gmt":"2019-04-23T11:07:15","guid":{"rendered":"http:\/\/www.tvturk.com\/index.php\/ispartada-7-bolgeli-23-nisan-kutlamasi\/"},"modified":"2019-04-23T14:07:15","modified_gmt":"2019-04-23T11:07:15","slug":"ispartada-7-bolgeli-23-nisan-kutlamasi","status":"publish","type":"post","link":"http:\/\/www.tvturk.com\/index.php\/ispartada-7-bolgeli-23-nisan-kutlamasi\/","title":{"rendered":"Isparta\u2019da 7 b\u00f6lgeli 23 Nisan kutlamas\u0131"},"content":{"rendered":"<p>Isparta\u2019da 23 Nisan Ulusal Egemenlik ve \u00c7ocuk Bayram\u0131 kutlamalar\u0131na \u00f6\u011frencilerin haz\u0131rlad\u0131\u011f\u0131 T\u00fcrkiye haritas\u0131 koreografili 7 b\u00f6lgeyi temsil eden halk oyunlar\u0131 g\u00f6sterileri ve danslar damga vurdu.<\/p>\n<p>T\u00fcrkiye B\u00fcy\u00fck Millet Meclisi\u2019nin a\u00e7\u0131l\u0131\u015f\u0131n\u0131n 99. y\u0131ld\u00f6n\u00fcm\u00fc ve 23 Nisan Ulusal Egemenlik ve \u00c7ocuk Bayram\u0131 t\u00fcm yurtta oldu\u011fu gibi Isparta\u2019da da \u00e7e\u015fitli etkinliklerle kutland\u0131. Isparta\u2019daki 23 Nisan etkinlikleri, sabah saatlerinde \u0130l Milli E\u011fitim M\u00fcd\u00fcr\u00fc Dr. Ahmet Y\u0131ld\u0131r\u0131m ve \u00f6\u011frencilerin Vali \u00d6mer Seymeno\u011flu\u2019nu ziyaretiyle ba\u015flad\u0131. Daha sonra Isparta 15 Temmuz Demokrasi ve Cumhuriyet Meydan\u0131\u2019nda t\u00f6ren d\u00fczenlendi. T\u00f6rende \u0130l Milli E\u011fitim M\u00fcd\u00fcr\u00fc Dr. Ahmet Y\u0131ld\u0131r\u0131m, minik \u00f6\u011frencilerle birlikte Atat\u00fcrk An\u0131t\u0131\u2019na \u00e7elenk sundu. Sayg\u0131 duru\u015funda bulunulmas\u0131 ve \u0130stiklal Mar\u015f\u0131\u2019n\u0131n okunmas\u0131n\u0131n ard\u0131ndan t\u00f6ren son buldu.<\/p>\n<p>Kentte, I\u015f\u0131kkent Spor Salonu\u2019nda devam eden programa Isparta Valisi \u00d6mer Seymeno\u011flu, Garnizon Komutan\u0131 Piyade Albay Bilgin \u00c7etinba\u011f, Isparta Belediye Ba\u015fkan\u0131 \u015e\u00fckr\u00fc Ba\u015fde\u011firmen, \u00e7ok say\u0131da vatanda\u015f ve \u00f6\u011frenci kat\u0131ld\u0131. Etkinlikler kapsam\u0131nda, \u00f6\u011frencilerin haz\u0131rlad\u0131\u011f\u0131 \u015fiir, dans, ritim korosu, halk oyunlar\u0131 ve jimnastik g\u00f6sterileri d\u00fczenlendi. \u00d6\u011frenciler \u00fclkenin 7 b\u00f6lgesini temsil eden horon, halay, zeybek ve di\u011fer b\u00f6lgelere ait folklorik g\u00f6sterileri sundu.<\/p>\n<p>G\u00f6sterilerde \u00f6zel e\u011fitim okulundaki \u00f6zel \u00f6\u011frenciler b\u00fcy\u00fck alk\u0131\u015f al\u0131rken, T\u00fcrkiye haritas\u0131 ile 7 b\u00f6lgeyi temsil eden y\u00f6resel halk oyunlar\u0131 ve danslar da yo\u011fun ilgi g\u00f6rd\u00fc. Program, \u00f6\u011frencilerin g\u00f6sterileri s\u0131ras\u0131nda g\u00f6n\u00fcllerince e\u011flenmesiyle son buldu.<\/p>\n","protected":false},"excerpt":{"rendered":"<p>T\u00dcRK\u0130YE B\u00dcY\u00dcK M\u0130LLET MECL\u0130S\u0130\u2019N\u0130N 99. KURULU\u015e YILD\u00d6N\u00dcM\u00dc VE 23 N\u0130SAN ULUSAL EGEMENL\u0130K VE \u00c7OCUK BAYRAMI T\u00dcM YURTTA OLDU\u011eU G\u0130B\u0130 ISPARTA\u2019DA DA \u00c7E\u015e\u0130TL\u0130 ETK\u0130NL\u0130KLERLE KUTLANDI. KUTLAMALARA \u00d6\u011eRENC\u0130LER\u0130N HAZIRLADI\u011eI T\u00dcRK\u0130YE HAR\u0130TASI KOREOGRAF\u0130L\u0130 7 B\u00d6LGEY\u0130 TEMS\u0130L EDEN HALK OYUNLARI G\u00d6STER\u0130LER\u0130 VE DANSLAR DAMGA VURDU.<\/p>\n","protected":false},"author":1,"featured_media":147511,"comment_status":"closed","ping_status":"open","sticky":false,"template":"","format":"standard","meta":{"jetpack_post_was_ever_published":false,"_jetpack_newsletter_access":"","_jetpack_dont_email_post_to_subs":false,"_jetpack_newsletter_tier_id":0,"_jetpack_memberships_contains_paywalled_content":false,"_jetpack_memberships_contains_paid_content":false,"footnotes":"","jetpack_publicize_message":"","jetpack_publicize_feature_enabled":true,"jetpack_social_post_already_shared":true,"jetpack_social_options":{"image_generator_settings":{"template":"highway","default_image_id":0,"font":"","enabled":false},"version":2}},"categories":[1],"tags":[32743,5679,3963,8366],"class_list":["post-147510","post","type-post","status-publish","format-standard","has-post-thumbnail","hentry","category-genel","tag-bolgeli","tag-ispartada","tag-kutlamasi","tag-nisan"],"jetpack_publicize_connections":[],"jetpack_featured_media_url":"https:\/\/i0.wp.com\/www.tvturk.com\/wp-content\/uploads\/2019\/04\/ispartada-7-bolgeli-23-nisan-kutlamasi_e33d3f5.jpg?fit=1000%2C666","jetpack_sharing_enabled":true,"jetpack_shortlink":"https:\/\/wp.me\/paKIfm-Cnc","_links":{"self":[{"href":"http:\/\/www.tvturk.com\/index.php\/wp-json\/wp\/v2\/posts\/147510","targetHints":{"allow":["GET"]}}],"collection":[{"href":"http:\/\/www.tvturk.com\/index.php\/wp-json\/wp\/v2\/posts"}],"about":[{"href":"http:\/\/www.tvturk.com\/index.php\/wp-json\/wp\/v2\/types\/post"}],"author":[{"embeddable":true,"href":"http:\/\/www.tvturk.com\/index.php\/wp-json\/wp\/v2\/users\/1"}],"replies":[{"embeddable":true,"href":"http:\/\/www.tvturk.com\/index.php\/wp-json\/wp\/v2\/comments?post=147510"}],"version-history":[{"count":0,"href":"http:\/\/www.tvturk.com\/index.php\/wp-json\/wp\/v2\/posts\/147510\/revisions"}],"wp:featuredmedia":[{"embeddable":true,"href":"http:\/\/www.tvturk.com\/index.php\/wp-json\/wp\/v2\/media\/147511"}],"wp:attachment":[{"href":"http:\/\/www.tvturk.com\/index.php\/wp-json\/wp\/v2\/media?parent=147510"}],"wp:term":[{"taxonomy":"category","embeddable":true,"href":"http:\/\/www.tvturk.com\/index.php\/wp-json\/wp\/v2\/categories?post=147510"},{"taxonomy":"post_tag","embeddable":true,"href":"http:\/\/www.tvturk.com\/index.php\/wp-json\/wp\/v2\/tags?post=147510"}],"curies":[{"name":"wp","href":"https:\/\/api.w.org\/{rel}","templated":true}]}}