{"id":147586,"date":"2019-04-23T16:05:16","date_gmt":"2019-04-23T13:05:16","guid":{"rendered":"http:\/\/www.tvturk.com\/index.php\/chp-lideri-kilicdaroglu-koltugunu-sehit-cocuguna-devretti\/"},"modified":"2019-04-23T16:05:16","modified_gmt":"2019-04-23T13:05:16","slug":"chp-lideri-kilicdaroglu-koltugunu-sehit-cocuguna-devretti","status":"publish","type":"post","link":"http:\/\/www.tvturk.com\/index.php\/chp-lideri-kilicdaroglu-koltugunu-sehit-cocuguna-devretti\/","title":{"rendered":"CHP lideri K\u0131l\u0131\u00e7daro\u011flu, koltu\u011funu \u015fehit \u00e7ocu\u011funa devretti"},"content":{"rendered":"<p>CHP Genel Ba\u015fkan\u0131 Kemal K\u0131l\u0131\u00e7daro\u011flu, koltu\u011funu \u015eehit Teknisyen Ba\u015f\u00e7avu\u015f H\u00fcseyin Ulu\u00e7e\u015fme\u2019nin \u00e7ocu\u011fu Ecrin Bu\u011flem Ulu\u00e7e\u015fme\u2019ye devretti.<\/p>\n<p>CHP Genel Ba\u015fkan\u0131 Kemal K\u0131l\u0131\u00e7daro\u011flu, 2013 y\u0131l\u0131nda Ankara G\u00f6lba\u015f\u0131\u2019ndaki helikopter kazas\u0131nda \u015fehit olan Teknisyen Ba\u015f\u00e7avu\u015f H\u00fcseyin Ulu\u00e7e\u015fme\u2019nin ailesi Sevin\u00e7 Ulu\u00e7e\u015fme (anne), Ecrin Bu\u011flem Ulu\u00e7e\u015fme, Afranur Ulu\u00e7e\u015fme ve Batuhan Ulu\u00e7e\u015fme\u2019yi TBMM\u2019de kabul ederek, 23 Nisan Ulusal Egemenlik ve \u00c7ocuk Bayram\u0131\u2019n\u0131 kutlad\u0131. Kabulde Eski\u015fehir Milletvekilleri Jale Nur S\u00fcll\u00fc ve Utku \u00c7ak\u0131r\u00f6zer de haz\u0131r bulundu.<\/p>\n<p>K\u0131l\u0131\u00e7daro\u011flu, 23 Nisan gelene\u011fi olarak bir s\u00fcre koltu\u011funu Ecrin Bu\u011flem Ulu\u00e7e\u015fme\u2019ye (8) devretti. K\u0131l\u0131\u00e7daro\u011flu, Ecrin Bu\u011flem Ulu\u00e7e\u015fme ile resim \u00fczerine k\u0131sa bir sohbet ger\u00e7ekle\u015ftirdi. Malatya\u2019dan Ankara\u2019ya u\u00e7akla gelirken, kokpit b\u00f6l\u00fcm\u00fcne girdi\u011fini anlatan Ecrin Bu\u011flem, &#8220;Bug\u00fcn iki koltu\u011fa oturdum, \u00e7ok mutluyum\u201d dedi.<\/p>\n<p>K\u0131l\u0131\u00e7daro\u011flu, ayr\u0131ca T\u00fcrkiye Sakatlar Derne\u011fi Eski\u015fehir \u015eubesi \u00fcyelerini de makam\u0131nda kabul etti, \u00e7ocuklar\u0131n bayram\u0131n\u0131 kutlad\u0131. Emirhan Do\u011fan, K\u0131l\u0131\u00e7daro\u011flu\u2019nun koltu\u011funa otururken, hafta sonunda ya\u015fanan sald\u0131r\u0131 dolay\u0131s\u0131yla K\u0131l\u0131\u00e7daro\u011flu\u2019na ge\u00e7mi\u015f olsun dileklerini iletti.<\/p>\n<p>\u00c7ocuklarla hangi mesle\u011fi yapmak istedikleri \u00fczerine bir sohbet ger\u00e7ekle\u015ftiren K\u0131l\u0131\u00e7daro\u011flu, Tu\u011f\u00e7e D\u00fcz\u2019\u00fcn resimle ilgilendi\u011fini \u00f6\u011frenmesi \u00fczerine, \u201cBiz daha \u00f6nce bir arkada\u015f\u0131n\u0131za resim malzemelerini temin ettik. G\u00fczel resimler yapt\u0131 ve bir sergi a\u00e7t\u0131. Sergiden elde edilen geliri de yine sakatlar derne\u011fine ba\u011f\u0131\u015flam\u0131\u015ft\u0131. Tu\u011f\u00e7e ile de benzer bir \u00e7al\u0131\u015fmay\u0131 yapabiliriz\u201d diye konu\u015ftu.<\/p>\n","protected":false},"excerpt":{"rendered":"<p>CHP GENEL BA\u015eKANI KEMAL KILI\u00c7DARO\u011eLU, KOLTU\u011eUNU \u015eEH\u0130T TEKN\u0130SYEN BA\u015e\u00c7AVU\u015e H\u00dcSEY\u0130N ULU\u00c7E\u015eME\u2019N\u0130N \u00c7OCU\u011eU ECR\u0130N BU\u011eLEM ULU\u00c7E\u015eME\u2019YE DEVRETT\u0130.<\/p>\n","protected":false},"author":1,"featured_media":147587,"comment_status":"closed","ping_status":"open","sticky":false,"template":"","format":"standard","meta":{"jetpack_post_was_ever_published":false,"_jetpack_newsletter_access":"","_jetpack_dont_email_post_to_subs":false,"_jetpack_newsletter_tier_id":0,"_jetpack_memberships_contains_paywalled_content":false,"_jetpack_memberships_contains_paid_content":false,"footnotes":"","jetpack_publicize_message":"","jetpack_publicize_feature_enabled":true,"jetpack_social_post_already_shared":true,"jetpack_social_options":{"image_generator_settings":{"template":"highway","default_image_id":0,"font":"","enabled":false},"version":2}},"categories":[1],"tags":[30,16956,8032,170,8031,1251,237],"class_list":["post-147586","post","type-post","status-publish","format-standard","has-post-thumbnail","hentry","category-genel","tag-chp","tag-cocuguna","tag-devretti","tag-kilicdaroglu","tag-koltugunu","tag-lideri","tag-sehit"],"jetpack_publicize_connections":[],"jetpack_featured_media_url":"https:\/\/i0.wp.com\/www.tvturk.com\/wp-content\/uploads\/2019\/04\/chp-lideri-kilicdaroglu-koltugunu-sehit-cocuguna-devretti_a74b50b.jpg?fit=1000%2C666","jetpack_sharing_enabled":true,"jetpack_shortlink":"https:\/\/wp.me\/paKIfm-Coq","_links":{"self":[{"href":"http:\/\/www.tvturk.com\/index.php\/wp-json\/wp\/v2\/posts\/147586","targetHints":{"allow":["GET"]}}],"collection":[{"href":"http:\/\/www.tvturk.com\/index.php\/wp-json\/wp\/v2\/posts"}],"about":[{"href":"http:\/\/www.tvturk.com\/index.php\/wp-json\/wp\/v2\/types\/post"}],"author":[{"embeddable":true,"href":"http:\/\/www.tvturk.com\/index.php\/wp-json\/wp\/v2\/users\/1"}],"replies":[{"embeddable":true,"href":"http:\/\/www.tvturk.com\/index.php\/wp-json\/wp\/v2\/comments?post=147586"}],"version-history":[{"count":0,"href":"http:\/\/www.tvturk.com\/index.php\/wp-json\/wp\/v2\/posts\/147586\/revisions"}],"wp:featuredmedia":[{"embeddable":true,"href":"http:\/\/www.tvturk.com\/index.php\/wp-json\/wp\/v2\/media\/147587"}],"wp:attachment":[{"href":"http:\/\/www.tvturk.com\/index.php\/wp-json\/wp\/v2\/media?parent=147586"}],"wp:term":[{"taxonomy":"category","embeddable":true,"href":"http:\/\/www.tvturk.com\/index.php\/wp-json\/wp\/v2\/categories?post=147586"},{"taxonomy":"post_tag","embeddable":true,"href":"http:\/\/www.tvturk.com\/index.php\/wp-json\/wp\/v2\/tags?post=147586"}],"curies":[{"name":"wp","href":"https:\/\/api.w.org\/{rel}","templated":true}]}}