{"id":147618,"date":"2019-04-23T17:04:12","date_gmt":"2019-04-23T14:04:12","guid":{"rendered":"http:\/\/www.tvturk.com\/index.php\/23-nisani-hastanede-geciren-cocuklara-yapilan-etkinlik-moral-verdi\/"},"modified":"2019-04-23T17:04:12","modified_gmt":"2019-04-23T14:04:12","slug":"23-nisani-hastanede-geciren-cocuklara-yapilan-etkinlik-moral-verdi","status":"publish","type":"post","link":"http:\/\/www.tvturk.com\/index.php\/23-nisani-hastanede-geciren-cocuklara-yapilan-etkinlik-moral-verdi\/","title":{"rendered":"23 Nisan\u0131 hastanede ge\u00e7iren \u00e7ocuklara yap\u0131lan etkinlik moral verdi"},"content":{"rendered":"<p>Sakarya E\u011fitim ve Ara\u015ft\u0131rma Hastanesi Kad\u0131n Do\u011fum ve \u00c7ocuk Hastal\u0131lar\u0131 Merkezi \u00c7ocuk Acil b\u00f6l\u00fcm\u00fcnde hasta \u00e7ocuklar i\u00e7in 23 Nisan Ulusal Egemenlik ve \u00c7ocuk Bayram\u0131 kutlamalar\u0131 kapsam\u0131nda d\u00fczenlenen etkinlik hasta \u00e7ocuklara moral verdi.<\/p>\n<p>Hasta \u00e7ocuklar\u0131n onlara ait olan bug\u00fcnde hastanede ge\u00e7irdi\u011fi zaman\u0131n kayb\u0131n\u0131 telafi etmek i\u00e7in hastane personeli ve konservatuvar b\u00f6l\u00fcm\u00fc \u00f6\u011frencileri yapt\u0131klar\u0131 m\u00fczik etkinli\u011fi ile hasta \u00e7ocuklara moral verdi. \u00c7ocuk acil b\u00f6l\u00fcm\u00fcn\u00fc balon ve bayraklarla s\u00fcslenerek adeta mini bir konser alan\u0131 olu\u015fturulan b\u00f6l\u00fcmde etkinli\u011fin aile ve \u00e7ocuklar\u0131 taraf\u0131ndan b\u00fcy\u00fck be\u011feni ile kar\u015f\u0131land\u0131.<\/p>\n<p>&#8220;Musikinin aile ve hastalar\u0131na enerji verece\u011fini d\u00fc\u015f\u00fcnd\u00fck&#8221;<\/p>\n<p>Etkinlik ba\u015flamadan \u00f6nce hastanede gerginlik oldu\u011funu, etkinlik ile bu gerginli\u011fin kayboldu\u011funu s\u00f6yleyen Ba\u015fhekim Op. Dr. Hatice S\u0131\u00e7ramaz, \u201c23 Nisan dolay\u0131s\u0131yla \u00e7ocuklarda bir co\u015fku var tabi ama rahats\u0131z olup hastaneye gelenler bu co\u015fkuyu ya\u015fayam\u0131yorlar, hastal\u0131klar\u0131 nedeniyle. Bizde ne yapabiliriz diye d\u00fc\u015f\u00fcnd\u00fck. Musikinin aile ve hastalar\u0131na enerji verece\u011fini d\u00fc\u015f\u00fcnerek b\u00f6yle k\u00fc\u00e7\u00fck bir m\u00fczik etkinli\u011fi ger\u00e7ekle\u015ftirdik. Etkinli\u011fi takip ettim; hem getiren hasta yak\u0131nlar\u0131 hem de \u00e7ocuklarda \u00e7ok b\u00fcy\u00fck bir mutluluk olu\u015ftu, onlar\u0131 \u00f6yle g\u00f6r\u00fcnce yapt\u0131\u011f\u0131m\u0131z i\u015f sonucu mutlu olduk bizde. Bu fikir bende bir\u00e7ok \u015fey \u00e7a\u011fr\u0131\u015ft\u0131rd\u0131, musikinin hastanelerde olmas\u0131 gerekti\u011fini her zaman d\u00fc\u015f\u00fcn\u00fcyorum, s\u00fckunet meydana getiriyor. Etkinlik ba\u015flamadan \u00f6nce kap\u0131larda hastalar y\u0131\u011f\u0131lm\u0131\u015f halde bir gerginlik vard\u0131 ama bu etkinlik ile birlikte bir s\u00fckunet ortaya \u00e7\u0131kt\u0131, herkes m\u00fczi\u011fe e\u015flik etti. Belki bekleyece\u011fi s\u0131ray\u0131 daha rahatl\u0131kla bekledi. Etkinli\u011fin faydal\u0131 oldu\u011funu g\u00f6rd\u00fcm ve bu t\u00fcr etkinlikleri daha fazla geli\u015ftirebilmeliyiz\u201d dedi.<\/p>\n<p>Hastanede hem\u015fire olarak \u00e7al\u0131\u015fan ayn\u0131 zaman da etkinlikte rol alan Mehmet Can Sarg\u0131n, \u201c23 Nisan\u2019da hasta olan \u00e7ocuklara hastanemizde bir etkinlik yaparak moral olmaya \u00e7al\u0131\u015ft\u0131k. Ayn\u0131 zamanda gelecek nesillerin Bar\u0131\u015f Man\u00e7o\u2019yu tan\u0131mas\u0131n\u0131 istiyorum. G\u00fczel bir etkinlik oldu, konservatuvar b\u00f6l\u00fcm\u00fcnden gelen arkada\u015flara bende e\u015flik ettim etkinlikte. G\u00fczel tepkiler oldu ve herkes be\u011fendi etkinli\u011fi\u201d diye konu\u015ftu.<\/p>\n<p>&#8220;\u00c7ocu\u011fum hem dedesine hem de kendi hastal\u0131\u011f\u0131na \u00fcz\u00fcld\u00fc&#8221;<\/p>\n<p>Yap\u0131lan etkinli\u011fin hasta olan \u00e7ocu\u011funa moral oldu\u011funu s\u00f6yleyen hasta yak\u0131n\u0131 Murat Saral, \u201cO\u011flumu, Sakarya\u2019ya hasta olan dedesini ziyaret etmesi i\u00e7in getirdim. Daha sonras\u0131nda \u00e7ocu\u011fumuz hastaland\u0131. Ate\u015fi \u00e7\u0131k\u0131nca hastaneye geldik. \u00c7ocu\u011fum hem dedesine hem de kendi hastal\u0131\u011f\u0131na \u00fcz\u00fcld\u00fc. Bu hastaneye geldi\u011fimizde b\u00f6yle bir etkinlik ile kar\u015f\u0131la\u015ft\u0131k. 23 Nisan dolay\u0131s\u0131yla yap\u0131lan bu etkinlik \u00e7ok g\u00fczel olmu\u015f. O\u011flumda bu etkinlik sayesinde biraz moral buldu, yapanlar\u0131n eme\u011fine sa\u011fl\u0131k, \u00e7ok memnun kald\u0131k\u201d \u015feklinde konu\u015ftu.<\/p>\n<p>Etkinlikte moralinin d\u00fczeldi\u011fini ve etkinli\u011fi organize edenlere te\u015fekk\u00fcr eden hasta \u00e7ocuk \u00d6mer Faruk Saral ise, \u201cHastaland\u0131m ve hastaneye geldik. Burada \u015fenli\u011fin oldu\u011funu g\u00f6r\u00fcnce moralim d\u00fczeldi. Etkinli\u011fi d\u00fczenleyen herkese te\u015fekk\u00fcr ediyorum. Herkesin 23 Nisan Bayram\u0131 kutlu olsun\u201d ifadelerini kulland\u0131.<\/p>\n","protected":false},"excerpt":{"rendered":"<p>SAKARYA E\u011e\u0130T\u0130M VE ARA\u015eTIRMA HASTANES\u0130 KADIN DO\u011eUM VE \u00c7OCUK HASTALILARI MERKEZ\u0130 \u00c7OCUK AC\u0130L B\u00d6L\u00dcM\u00dcNDE HASTA \u00c7OCUKLAR \u0130\u00c7\u0130N 23 N\u0130SAN ULUSAL EGEMENL\u0130K VE \u00c7OCUK BAYRAMI KUTLAMALARI KAPSAMINDA D\u00dcZENLENEN ETK\u0130NL\u0130K HASTA \u00c7OCUKLARA MORAL VERD\u0130.<\/p>\n","protected":false},"author":1,"featured_media":147619,"comment_status":"closed","ping_status":"open","sticky":false,"template":"","format":"standard","meta":{"jetpack_post_was_ever_published":false,"_jetpack_newsletter_access":"","_jetpack_dont_email_post_to_subs":false,"_jetpack_newsletter_tier_id":0,"_jetpack_memberships_contains_paywalled_content":false,"_jetpack_memberships_contains_paid_content":false,"footnotes":"","jetpack_publicize_message":"","jetpack_publicize_feature_enabled":true,"jetpack_social_post_already_shared":true,"jetpack_social_options":{"image_generator_settings":{"template":"highway","default_image_id":0,"font":"","enabled":false},"version":2}},"categories":[1],"tags":[353,2803,8455,7219,68,15727,386,530],"class_list":["post-147618","post","type-post","status-publish","format-standard","has-post-thumbnail","hentry","category-genel","tag-cocuklara","tag-etkinlik","tag-geciren","tag-hastanede","tag-moral","tag-nisani","tag-verdi","tag-yapilan"],"jetpack_publicize_connections":[],"jetpack_featured_media_url":"https:\/\/i0.wp.com\/www.tvturk.com\/wp-content\/uploads\/2019\/04\/23-nisani-hastanede-geciren-cocuklara-yapilan-etkinlik-moral-verdi_28de075.jpg?fit=1000%2C666","jetpack_sharing_enabled":true,"jetpack_shortlink":"https:\/\/wp.me\/paKIfm-CoW","_links":{"self":[{"href":"http:\/\/www.tvturk.com\/index.php\/wp-json\/wp\/v2\/posts\/147618","targetHints":{"allow":["GET"]}}],"collection":[{"href":"http:\/\/www.tvturk.com\/index.php\/wp-json\/wp\/v2\/posts"}],"about":[{"href":"http:\/\/www.tvturk.com\/index.php\/wp-json\/wp\/v2\/types\/post"}],"author":[{"embeddable":true,"href":"http:\/\/www.tvturk.com\/index.php\/wp-json\/wp\/v2\/users\/1"}],"replies":[{"embeddable":true,"href":"http:\/\/www.tvturk.com\/index.php\/wp-json\/wp\/v2\/comments?post=147618"}],"version-history":[{"count":0,"href":"http:\/\/www.tvturk.com\/index.php\/wp-json\/wp\/v2\/posts\/147618\/revisions"}],"wp:featuredmedia":[{"embeddable":true,"href":"http:\/\/www.tvturk.com\/index.php\/wp-json\/wp\/v2\/media\/147619"}],"wp:attachment":[{"href":"http:\/\/www.tvturk.com\/index.php\/wp-json\/wp\/v2\/media?parent=147618"}],"wp:term":[{"taxonomy":"category","embeddable":true,"href":"http:\/\/www.tvturk.com\/index.php\/wp-json\/wp\/v2\/categories?post=147618"},{"taxonomy":"post_tag","embeddable":true,"href":"http:\/\/www.tvturk.com\/index.php\/wp-json\/wp\/v2\/tags?post=147618"}],"curies":[{"name":"wp","href":"https:\/\/api.w.org\/{rel}","templated":true}]}}