{"id":147668,"date":"2019-04-23T20:03:12","date_gmt":"2019-04-23T17:03:12","guid":{"rendered":"http:\/\/www.tvturk.com\/index.php\/boyle-yolculuk-gorulmedi\/"},"modified":"2019-04-23T20:03:12","modified_gmt":"2019-04-23T17:03:12","slug":"boyle-yolculuk-gorulmedi","status":"publish","type":"post","link":"http:\/\/www.tvturk.com\/index.php\/boyle-yolculuk-gorulmedi\/","title":{"rendered":"B\u00f6yle yolculuk g\u00f6r\u00fclmedi"},"content":{"rendered":"<p>Afyonkarahisar\u2019da seyir halinde bir otomobilde ayaklar\u0131n\u0131 camdan \u00e7\u0131kartarak yolculuk yapan ki\u015fi g\u00f6renleri hayrete d\u00fc\u015f\u00fcrd\u00fc.<\/p>\n<p>Afyonkarahisar\u2019da bir s\u00fcr\u00fcc\u00fcn\u00fcn \u00e7ekti\u011fi g\u00f6r\u00fcnt\u00fc bu kadar\u0131na da pes dedirtti. Afyonkarahisar-Konya karayolu \u00c7ay il\u00e7esi yak\u0131nlar\u0131nda seyir halindeki bir otomobilin yolcu koltu\u011funda oturan bir \u015fahs\u0131n ayaklar\u0131n\u0131 \u00e7\u0131karmas\u0131 \u015fa\u015fk\u0131nl\u0131kla kar\u015f\u0131land\u0131. Trafi\u011fi tehlikeye soktu\u011fu g\u00f6r\u00fclen ve foto\u011fraf\u0131n sosyal medyada payla\u015f\u0131ld\u0131\u011f\u0131 g\u00f6r\u00fcnt\u00fc tepkilere neden oldu.<\/p>\n","protected":false},"excerpt":{"rendered":"<p>AFYONKARAH\u0130SAR\u2019DA B\u0130R OTOMOB\u0130L SEY\u0130R HAL\u0130NDE \u0130KEN AYAKLARINI CAMDAN \u00c7IKARTARAK YOLCULUK YAPAN K\u0130\u015e\u0130 G\u00d6RENLER\u0130 HAYRETE D\u00dc\u015e\u00dcRD\u00dc.<\/p>\n","protected":false},"author":1,"featured_media":147669,"comment_status":"closed","ping_status":"open","sticky":false,"template":"","format":"standard","meta":{"jetpack_post_was_ever_published":false,"_jetpack_newsletter_access":"","_jetpack_dont_email_post_to_subs":false,"_jetpack_newsletter_tier_id":0,"_jetpack_memberships_contains_paywalled_content":false,"_jetpack_memberships_contains_paid_content":false,"footnotes":"","jetpack_publicize_message":"","jetpack_publicize_feature_enabled":true,"jetpack_social_post_already_shared":true,"jetpack_social_options":{"image_generator_settings":{"template":"highway","default_image_id":0,"font":"","enabled":false},"version":2}},"categories":[1],"tags":[836,4653,1141],"class_list":["post-147668","post","type-post","status-publish","format-standard","has-post-thumbnail","hentry","category-genel","tag-boyle","tag-gorulmedi","tag-yolculuk"],"jetpack_publicize_connections":[],"jetpack_featured_media_url":"https:\/\/i0.wp.com\/www.tvturk.com\/wp-content\/uploads\/2019\/04\/boyle-yolculuk-gorulmedi_b37cd7d.jpg?fit=800%2C988","jetpack_sharing_enabled":true,"jetpack_shortlink":"https:\/\/wp.me\/paKIfm-CpK","_links":{"self":[{"href":"http:\/\/www.tvturk.com\/index.php\/wp-json\/wp\/v2\/posts\/147668","targetHints":{"allow":["GET"]}}],"collection":[{"href":"http:\/\/www.tvturk.com\/index.php\/wp-json\/wp\/v2\/posts"}],"about":[{"href":"http:\/\/www.tvturk.com\/index.php\/wp-json\/wp\/v2\/types\/post"}],"author":[{"embeddable":true,"href":"http:\/\/www.tvturk.com\/index.php\/wp-json\/wp\/v2\/users\/1"}],"replies":[{"embeddable":true,"href":"http:\/\/www.tvturk.com\/index.php\/wp-json\/wp\/v2\/comments?post=147668"}],"version-history":[{"count":0,"href":"http:\/\/www.tvturk.com\/index.php\/wp-json\/wp\/v2\/posts\/147668\/revisions"}],"wp:featuredmedia":[{"embeddable":true,"href":"http:\/\/www.tvturk.com\/index.php\/wp-json\/wp\/v2\/media\/147669"}],"wp:attachment":[{"href":"http:\/\/www.tvturk.com\/index.php\/wp-json\/wp\/v2\/media?parent=147668"}],"wp:term":[{"taxonomy":"category","embeddable":true,"href":"http:\/\/www.tvturk.com\/index.php\/wp-json\/wp\/v2\/categories?post=147668"},{"taxonomy":"post_tag","embeddable":true,"href":"http:\/\/www.tvturk.com\/index.php\/wp-json\/wp\/v2\/tags?post=147668"}],"curies":[{"name":"wp","href":"https:\/\/api.w.org\/{rel}","templated":true}]}}