{"id":147694,"date":"2019-04-23T23:25:55","date_gmt":"2019-04-23T20:25:55","guid":{"rendered":"http:\/\/www.tvturk.com\/index.php\/kolombiyada-heyelanda-olu-sayisi-30a-yukseldi\/"},"modified":"2019-04-23T23:25:55","modified_gmt":"2019-04-23T20:25:55","slug":"kolombiyada-heyelanda-olu-sayisi-30a-yukseldi","status":"publish","type":"post","link":"http:\/\/www.tvturk.com\/index.php\/kolombiyada-heyelanda-olu-sayisi-30a-yukseldi\/","title":{"rendered":"Kolombiya\u2019da heyelanda \u00f6l\u00fc say\u0131s\u0131 30\u2019a y\u00fckseldi"},"content":{"rendered":"<p>Kolombiya\u2019n\u0131n Cauca kentinde meydana gelen heyelanda \u00f6l\u00fc say\u0131s\u0131 30\u2019a y\u00fckseldi.<\/p>\n<p>21 Nisan\u2019da \u015fiddetli ya\u011f\u0131\u015flar sonras\u0131 heyelan olu\u015fmu\u015f, 8 ev toprak alt\u0131nda kalm\u0131\u015ft\u0131. Kolombiya Ulusal Afet Risk Y\u00f6netimi (UNGRD), \u00f6l\u00fc say\u0131s\u0131n\u0131n 30\u2019a y\u00fckseldi\u011fini a\u00e7\u0131klad\u0131. Di\u011fer kay\u0131plar\u0131n bulunmas\u0131 i\u00e7in arama ve kurtarma \u00e7abalar\u0131n\u0131n devam etti\u011fi bildirildi.<\/p>\n<p>Portachuelo mahallesinde sa\u011fanak ya\u011f\u0131\u015f nedeniyle meydana gelen toprak kaymas\u0131 8 evin topra\u011f\u0131n alt\u0131na g\u00f6m\u00fclmesine neden oldu. \u015eehrin g\u00fcneybat\u0131s\u0131ndaki \u00fclkeyi Ekvador\u2019a ba\u011flayan Pan Amerikan Karayolu tamamen kapand\u0131. UNGRD\u2019nin yapt\u0131\u011f\u0131 a\u00e7\u0131klamada operasyonlar\u0131n kay\u0131p olanlar\u0131n bulunmas\u0131na kadar devam edece\u011fini belirtip, net bir rakam vermemesi \u00f6l\u00fc say\u0131s\u0131n\u0131n \u00e7ok daha artabilece\u011fi \u015feklinde yorumland\u0131.<\/p>\n","protected":false},"excerpt":{"rendered":"<p>KOLOMB\u0130YA\u2019NIN CAUCA KENT\u0130NDE MEYDANA GELEN HEYELANDA \u00d6L\u00dc SAYISI 30\u2019A Y\u00dcKSELD\u0130.<\/p>\n","protected":false},"author":1,"featured_media":147695,"comment_status":"closed","ping_status":"open","sticky":false,"template":"","format":"standard","meta":{"jetpack_post_was_ever_published":false,"_jetpack_newsletter_access":"","_jetpack_dont_email_post_to_subs":false,"_jetpack_newsletter_tier_id":0,"_jetpack_memberships_contains_paywalled_content":false,"_jetpack_memberships_contains_paid_content":false,"footnotes":"","jetpack_publicize_message":"","jetpack_publicize_feature_enabled":true,"jetpack_social_post_already_shared":true,"jetpack_social_options":{"image_generator_settings":{"template":"highway","default_image_id":0,"font":"","enabled":false},"version":2}},"categories":[10],"tags":[24719,25820,18781,1664,611,1681],"class_list":["post-147694","post","type-post","status-publish","format-standard","has-post-thumbnail","hentry","category-dunya","tag-30a","tag-heyelanda","tag-kolombiyada","tag-olu","tag-sayisi","tag-yukseldi"],"jetpack_publicize_connections":[],"jetpack_featured_media_url":"https:\/\/i0.wp.com\/www.tvturk.com\/wp-content\/uploads\/2019\/04\/kolombiyada-heyelanda-olu-sayisi-30a-yukseldi_624df55.jpg?fit=1000%2C707","jetpack_sharing_enabled":true,"jetpack_shortlink":"https:\/\/wp.me\/paKIfm-Cqa","_links":{"self":[{"href":"http:\/\/www.tvturk.com\/index.php\/wp-json\/wp\/v2\/posts\/147694","targetHints":{"allow":["GET"]}}],"collection":[{"href":"http:\/\/www.tvturk.com\/index.php\/wp-json\/wp\/v2\/posts"}],"about":[{"href":"http:\/\/www.tvturk.com\/index.php\/wp-json\/wp\/v2\/types\/post"}],"author":[{"embeddable":true,"href":"http:\/\/www.tvturk.com\/index.php\/wp-json\/wp\/v2\/users\/1"}],"replies":[{"embeddable":true,"href":"http:\/\/www.tvturk.com\/index.php\/wp-json\/wp\/v2\/comments?post=147694"}],"version-history":[{"count":0,"href":"http:\/\/www.tvturk.com\/index.php\/wp-json\/wp\/v2\/posts\/147694\/revisions"}],"wp:featuredmedia":[{"embeddable":true,"href":"http:\/\/www.tvturk.com\/index.php\/wp-json\/wp\/v2\/media\/147695"}],"wp:attachment":[{"href":"http:\/\/www.tvturk.com\/index.php\/wp-json\/wp\/v2\/media?parent=147694"}],"wp:term":[{"taxonomy":"category","embeddable":true,"href":"http:\/\/www.tvturk.com\/index.php\/wp-json\/wp\/v2\/categories?post=147694"},{"taxonomy":"post_tag","embeddable":true,"href":"http:\/\/www.tvturk.com\/index.php\/wp-json\/wp\/v2\/tags?post=147694"}],"curies":[{"name":"wp","href":"https:\/\/api.w.org\/{rel}","templated":true}]}}