{"id":147716,"date":"2019-04-24T08:54:02","date_gmt":"2019-04-24T05:54:02","guid":{"rendered":"http:\/\/www.tvturk.com\/index.php\/tarihi-cesmeleri-fotograflayip-turkiye-ikinciligi-kazandilar\/"},"modified":"2019-04-24T08:54:02","modified_gmt":"2019-04-24T05:54:02","slug":"tarihi-cesmeleri-fotograflayip-turkiye-ikinciligi-kazandilar","status":"publish","type":"post","link":"http:\/\/www.tvturk.com\/index.php\/tarihi-cesmeleri-fotograflayip-turkiye-ikinciligi-kazandilar\/","title":{"rendered":"Tarihi \u00e7e\u015fmeleri foto\u011fraflay\u0131p T\u00fcrkiye ikincili\u011fi kazand\u0131lar"},"content":{"rendered":"<p>Amasya\u2019da lise \u00f6\u011frencisi iki gencin zamana direnen tarihi \u00e7e\u015fmeleri foto\u011fraflay\u0131p yok olanlar\u0131n da ar\u015fivlerde kalan foto\u011fraflar\u0131n\u0131 bulmalar\u0131 sonras\u0131 \u00fc\u00e7 boyutlu \u00e7izimlerini yapt\u0131klar\u0131 proje, 50. T\u00dcB\u0130TAK Liseler Aras\u0131 Proje Yar\u0131\u015fmas\u0131\u2019nda tarih alan\u0131nda T\u00fcrkiye ikincili\u011fi elde etti.<\/p>\n<p>\u2018\u0130ki G\u00f6z\u00fcm \u0130ki \u00c7e\u015fme-Tarihi Amasya \u00c7e\u015fmeleri\u2019 adl\u0131 proje kapsam\u0131nda il merkezi ve k\u00f6ylerdeki \u00e7o\u011fu kullan\u0131lmayan 25 \u00e7e\u015fmeyi foto\u011fraflad\u0131klar\u0131n\u0131, yok olan 9\u2019unun da foto\u011fraflar\u0131n\u0131 ara\u015ft\u0131rmac\u0131lar\u0131n ar\u015fivlerinden ula\u015ft\u0131klar\u0131n\u0131 belirten Emir K\u00fcr\u015fat Karadeniz, \u201c\u00c7e\u015fmelerimizin \u00e7o\u011funun yok olmaya y\u00fcz tuttu\u011funu g\u00f6rd\u00fck. \u00d6l\u00fcms\u00fczle\u015ftirmek i\u00e7in 3 boyutlu olarak modelledik. \u0130nternet ortam\u0131na aktararak gelecekte as\u0131llar\u0131na uygun olarak yap\u0131lmalar\u0131n\u0131 sa\u011flad\u0131k\u201d dedi.<\/p>\n<p>\u0130\u015flevleri kalmayan \u00e7e\u015fmelerin k\u00fclt\u00fcrel miras oldu\u011funu vurgulayan Yavuz Selim Sar\u0131ba\u015f da korunmalar\u0131 sa\u011flamak ad\u0131na bir \u00e7al\u0131\u015fmaya imza atman\u0131n mutlulu\u011funu ya\u015fad\u0131klar\u0131n\u0131 s\u00f6yledi.<\/p>\n<p>Bin 600 proje aras\u0131ndan ikinci se\u00e7ilen projenin dan\u0131\u015fmanl\u0131\u011f\u0131n\u0131 yapan \u00f6\u011fretmen Mehmet Sar\u0131 ise ara\u015ft\u0131rmalar esnas\u0131nda Ara\u015ft\u0131rmac\u0131-Yazar H\u00fcseyin H\u00fcseyin Men\u00e7\u2019in ar\u015fivinden ula\u015f\u0131lan Kad\u0131lar \u00c7esmesi kitabesinin foto\u011fraf\u0131ndan hareketle orijinal kitabenin yerine konulmas\u0131 i\u00e7in Amasya \u0130l \u00d6zel \u0130daresinin harekete ge\u00e7ti\u011fini anlatt\u0131.<\/p>\n<p>Okulda d\u00fczenlenen T\u00dcB\u0130TAK Bilim Fuar\u0131\u2019n\u0131 gezip Okul M\u00fcd\u00fcr\u00fc Ahmet Eren\u2019den bilgiler alan Amasya Cumhuriyet Ba\u015fsavc\u0131s\u0131 Erol \u00c7elik, \u0130l Milli E\u011fitim M\u00fcd\u00fcr\u00fc Do\u00e7. Dr. \u0130lker K\u00f6sterelio\u011flu ve Suluova Belediye Ba\u015fkan\u0131 Fatih \u00dc\u00e7ok da ile ba\u015far\u0131l\u0131 \u00f6\u011frencileri kutlad\u0131.<\/p>\n","protected":false},"excerpt":{"rendered":"<p>AMASYA\u2019DA L\u0130SE \u00d6\u011eRENC\u0130S\u0130 \u0130K\u0130 GENC\u0130N ZAMANA D\u0130RENEN TAR\u0130H\u0130 \u00c7E\u015eMELER\u0130 RES\u0130MLEY\u0130P YOK OLANLARIN DA AR\u015e\u0130VLERDE KALAN FOTO\u011eRAFLARINI BULMALARI SONRASI \u00dc\u00c7 BOYUTLU \u00c7\u0130Z\u0130MLER\u0130N\u0130 YAPTIKLARI PROJE, 50. T\u00dcB\u0130TAK L\u0130SELER ARASI PROJE YARI\u015eMASINDA TAR\u0130H ALANINDA T\u00dcRK\u0130YE \u0130K\u0130NC\u0130L\u0130\u011e\u0130 ELDE ETT\u0130.<\/p>\n","protected":false},"author":1,"featured_media":147717,"comment_status":"closed","ping_status":"open","sticky":false,"template":"","format":"standard","meta":{"jetpack_post_was_ever_published":false,"_jetpack_newsletter_access":"","_jetpack_dont_email_post_to_subs":false,"_jetpack_newsletter_tier_id":0,"_jetpack_memberships_contains_paywalled_content":false,"_jetpack_memberships_contains_paid_content":false,"footnotes":"","jetpack_publicize_message":"","jetpack_publicize_feature_enabled":true,"jetpack_social_post_already_shared":true,"jetpack_social_options":{"image_generator_settings":{"template":"highway","default_image_id":0,"font":"","enabled":false},"version":2}},"categories":[1],"tags":[32802,32803,15230,32252,800,453],"class_list":["post-147716","post","type-post","status-publish","format-standard","has-post-thumbnail","hentry","category-genel","tag-cesmeleri","tag-fotograflayip","tag-ikinciligi","tag-kazandilar","tag-tarihi","tag-turkiye"],"jetpack_publicize_connections":[],"jetpack_featured_media_url":"https:\/\/i0.wp.com\/www.tvturk.com\/wp-content\/uploads\/2019\/04\/tarihi-cesmeleri-fotograflayip-turkiye-ikinciligi-kazandilar_3365e6a.jpg?fit=1000%2C666","jetpack_sharing_enabled":true,"jetpack_shortlink":"https:\/\/wp.me\/paKIfm-Cqw","_links":{"self":[{"href":"http:\/\/www.tvturk.com\/index.php\/wp-json\/wp\/v2\/posts\/147716","targetHints":{"allow":["GET"]}}],"collection":[{"href":"http:\/\/www.tvturk.com\/index.php\/wp-json\/wp\/v2\/posts"}],"about":[{"href":"http:\/\/www.tvturk.com\/index.php\/wp-json\/wp\/v2\/types\/post"}],"author":[{"embeddable":true,"href":"http:\/\/www.tvturk.com\/index.php\/wp-json\/wp\/v2\/users\/1"}],"replies":[{"embeddable":true,"href":"http:\/\/www.tvturk.com\/index.php\/wp-json\/wp\/v2\/comments?post=147716"}],"version-history":[{"count":0,"href":"http:\/\/www.tvturk.com\/index.php\/wp-json\/wp\/v2\/posts\/147716\/revisions"}],"wp:featuredmedia":[{"embeddable":true,"href":"http:\/\/www.tvturk.com\/index.php\/wp-json\/wp\/v2\/media\/147717"}],"wp:attachment":[{"href":"http:\/\/www.tvturk.com\/index.php\/wp-json\/wp\/v2\/media?parent=147716"}],"wp:term":[{"taxonomy":"category","embeddable":true,"href":"http:\/\/www.tvturk.com\/index.php\/wp-json\/wp\/v2\/categories?post=147716"},{"taxonomy":"post_tag","embeddable":true,"href":"http:\/\/www.tvturk.com\/index.php\/wp-json\/wp\/v2\/tags?post=147716"}],"curies":[{"name":"wp","href":"https:\/\/api.w.org\/{rel}","templated":true}]}}