{"id":147720,"date":"2019-04-24T09:13:07","date_gmt":"2019-04-24T06:13:07","guid":{"rendered":"http:\/\/www.tvturk.com\/index.php\/ozel-yarali-halde-kapisina-gelen-kopegi-kurtarmak-icin-45-dakika-mucadele-etti\/"},"modified":"2019-04-24T09:13:07","modified_gmt":"2019-04-24T06:13:07","slug":"ozel-yarali-halde-kapisina-gelen-kopegi-kurtarmak-icin-45-dakika-mucadele-etti","status":"publish","type":"post","link":"http:\/\/www.tvturk.com\/index.php\/ozel-yarali-halde-kapisina-gelen-kopegi-kurtarmak-icin-45-dakika-mucadele-etti\/","title":{"rendered":"(\u00d6ZEL) Yaral\u0131 halde kap\u0131s\u0131na gelen k\u00f6pe\u011fi kurtarmak i\u00e7in 45 dakika m\u00fccadele etti"},"content":{"rendered":"<p>Silivri\u2019nin Seymen k\u00f6y\u00fcnde ya\u015fayan bir vatanda\u015f kap\u0131s\u0131na yaral\u0131 halde gelen k\u00f6pe\u011fi hayatta tutabilmek i\u00e7in amans\u0131z bir m\u00fccadele verdi. Sa\u011fl\u0131k ekiplerinin gelmesini bekledi\u011fi s\u0131rada k\u00f6pe\u011fin yaras\u0131na 45 dakika tampon yapan vatanda\u015f insanl\u0131k \u00f6lmemi\u015f dedirtti.<\/p>\n<p>Olay, Silivri\u2019nin merkeze 35 dakika ula\u015f\u0131m mesafesinde bulunan orman k\u00f6ylerinden Seymen\u2019de meydana geldi. Edinilen bilgiye g\u00f6re, d\u00fcn sabah saatlerinde Seymen k\u00f6y\u00fcn\u00fcn d\u0131\u015f\u0131nda \u0131ss\u0131z alanda tek ba\u015f\u0131na ya\u015fayan Kadir \u00c7etin\u2019in kap\u0131s\u0131na yaral\u0131 halde bir k\u00f6pek geldi. Durumu Hayvanlar\u0131 Koruma Kurtarma ve Ya\u015fatma Derne\u011fi (HAYKURDER) ekiplerine bildiren \u00c7etin bir taraftan da yaral\u0131 k\u00f6pe\u011fi ya\u015fatmak i\u00e7in amans\u0131z bir m\u00fccadele verdi. \u00c7etin ekiplerin gelmesini bekledi\u011fi s\u0131rada k\u00f6pe\u011fin kanayan yaralar\u0131na 45 dakika boyunca tampon yapt\u0131.<\/p>\n<p>Yaral\u0131 k\u00f6pe\u011fe kendi elbiseleriyle tampon yapt\u0131<\/p>\n<p>Dernek yetkilileri ise durumu en yak\u0131n sa\u011fl\u0131k birimi olan Silivri Belediyesi K\u00fc\u00e7\u00fck Hayvan Rehabilitasyon Merkezine bildirdi. HAYKURDER ekipleri ile Silivri Belediyesi Veteriner Hizmetleri M\u00fcd\u00fcrl\u00fc\u011f\u00fc hemen harekete ge\u00e7ti. Olay yerine ula\u015f\u0131ld\u0131\u011f\u0131nda \u00c7etin\u2019in a\u011f\u0131r yaral\u0131 k\u00f6pe\u011fin boynundaki derin kesiye elbiselerini bast\u0131rarak tampon yapt\u0131\u011f\u0131 g\u00f6r\u00fcld\u00fc.<\/p>\n<p>Tedavisi devam eden k\u00f6pe\u011fin durumu ciddi<\/p>\n<p>Bu hayat kurtaran m\u00fcdahale sayesinde talihsiz k\u00f6pek hayatta kalmay\u0131 ba\u015farabilmi\u015fti. K\u00f6pe\u011fi bulundu\u011fu yerden alan ekipler Silivri Belediyesi K\u00fc\u00e7\u00fck Hayvan Rehabilitasyon Merkezine getirdi. N\u00f6bet\u00e7i Veteriner Hekim Kerem Kaya taraf\u0131ndan m\u00fcdahale edilen k\u00f6pe\u011fin sald\u0131r\u0131ya maruz kald\u0131\u011f\u0131 ve boynunda ve v\u00fccudunda travmaya ba\u011fl\u0131 \u00e7ok say\u0131da yara bulundu\u011funu tespit edildi. Kanamalar\u0131 durdurulan k\u00f6pe\u011fin kesiklerine diki\u015f at\u0131ld\u0131. Durumu ciddi olan yaral\u0131 k\u00f6pe\u011fin tedavisine devam ediliyor.<\/p>\n<p>&#8220;Kap\u0131ma geldi, d\u00fc\u015ft\u00fc kald\u0131&#8221;<\/p>\n<p>K\u00f6pe\u011fin yaral\u0131 olarak kap\u0131s\u0131na geldi\u011fini belirten Kadir \u00c7etin, &#8220;Ben evdeydim. K\u00f6pek kap\u0131ya geldi. Uzaktan normal g\u00f6r\u00fcn\u00fcyordu. Kap\u0131ya gelince d\u00fc\u015ft\u00fc kald\u0131. Bakt\u0131m her yeri kan i\u00e7indeydi. HAYKURDER\u2019i aray\u0131p haber verdim. Ekipler geldi. \u0130n\u015fallah kurtulur. Ben insanl\u0131k g\u00f6revimi yapt\u0131m&#8221; dedi.<\/p>\n<p>&#8220;O b\u00f6lgedeki ilk vaka de\u011fil&#8221;<\/p>\n<p>Olay\u0131n ya\u015fand\u0131\u011f\u0131 b\u00f6lgede \u00e7ok say\u0131da hayvan hakk\u0131 ihlalleri ya\u015fand\u0131\u011f\u0131na dikkat \u00e7eken HAYKURDER Ba\u015fkan\u0131 Erman Pa\u00e7al\u0131, &#8220;Maalesef ayn\u0131 b\u00f6lgeden ge\u00e7ti\u011fimiz y\u0131l demir sopayla d\u00f6v\u00fclerek \u00f6ld\u00fcr\u00fclen bir k\u00f6pek ald\u0131k. Yak\u0131n\u0131nda bulunan bir k\u00f6yden ge\u00e7ti\u011fimiz haftalarda trafik kazas\u0131 ihbarl\u0131 olarak ald\u0131\u011f\u0131m\u0131z ba\u015fka bir k\u00f6pe\u011fin v\u00fccudunda \u00e7ok say\u0131da sa\u00e7ma ve kur\u015fun \u00e7\u0131km\u0131\u015ft\u0131, beli k\u0131r\u0131kt\u0131, kurtar\u0131lamad\u0131. Yine yak\u0131n bir ba\u015fka k\u00f6yden t\u00fcfekle vurulan ba\u015fka bir k\u00f6pek ald\u0131k. Bu b\u00f6lge hak ihlallerinin yo\u011fun ya\u015fand\u0131\u011f\u0131 bir b\u00f6lge. Bir k\u0131s\u0131m vatanda\u015f\u0131m\u0131z \u00e7ok duyarl\u0131, onlar sayesinde bu b\u00f6lgede m\u00fccadeleyi aktif olarak y\u00fcr\u00fctebiliyoruz. Ancak en \u00f6nemli deste\u011fi b\u00f6lgedeki k\u00f6y ve mahalle muhtarlar\u0131ndan bekliyoruz. Bu anlamda yerel idareye, kollu\u011fa, muhtarlar\u0131m\u0131za \u00f6nemli g\u00f6revler d\u00fc\u015f\u00fcyor. Bu k\u00f6pe\u011fimizin ba\u015fka bir hayvan\u0131n sald\u0131r\u0131s\u0131na m\u0131, bir insan\u0131n sald\u0131r\u0131s\u0131na m\u0131 yoksa birilerinin k\u00f6pek d\u00f6v\u00fc\u015ft\u00fcrme gibi insanl\u0131k d\u0131\u015f\u0131 zevklerine mi maruz kald\u0131\u011f\u0131n\u0131 bilmiyoruz ancak v\u00fccudu parampar\u00e7a. Can\u0131n\u0131 zor kurtarm\u0131\u015f belli ki. Kadir amcam\u0131z sa\u011folsun bize ula\u015ft\u0131. Olay yerine geldi\u011fimizde elleri kan i\u00e7inde tampon yap\u0131yordu k\u00f6pe\u011fin kanamal\u0131 yaralar\u0131na. O eller m\u00fcbarektir i\u015fte. \u0130nsan\u0131n eli kana bulans\u0131n hi\u00e7 dert de\u011fil, yeter ki vicdan\u0131 kana bulanmas\u0131n. Kadir amcam\u0131z\u0131n ellerinden \u00f6periz&#8221; \u015feklinde konu\u015ftu.<\/p>\n<p>\u00d6te yandan, \u00c7etin\u2019in k\u00f6pe\u011fi kurtarmak i\u00e7in verdi\u011fi m\u00fccadele sosyal medyada \u00e7ok say\u0131da ki\u015fi taraf\u0131ndan izlendi. Kanl\u0131 elleriyle objektife yans\u0131yan \u00c7etin\u2019in insanl\u0131k \u00f6lmemi\u015f dedirten m\u00fccadelesi sosyal medya kullan\u0131c\u0131lar\u0131 taraf\u0131ndan &#8220;Ya\u015fama umudumuzu sa\u011flam tutan eller dert g\u00f6rmesin&#8221; s\u00f6zleriyle yorumland\u0131.<\/p>\n","protected":false},"excerpt":{"rendered":"<p>S\u0130L\u0130VR\u0130&#8217;N\u0130N SEYMEN K\u00d6Y\u00dcNDE YA\u015eAYAN B\u0130R VATANDA\u015e KAPISINA YARALI HALDE GELEN K\u00d6PE\u011e\u0130 HAYATTA TUTAB\u0130LMEK \u0130\u00c7\u0130N AMANSIZ B\u0130R M\u00dcCADELE VERD\u0130. SA\u011eLIK EK\u0130PLER\u0130N\u0130N GELMES\u0130N\u0130 BEKLED\u0130\u011e\u0130 SIRADA K\u00d6PE\u011e\u0130N YARASINA 45 DAK\u0130KA TAMPON YAPAN VATANDA\u015e \u0130NSANLIK \u00d6LMEM\u0130\u015e DED\u0130RTT\u0130.<\/p>\n","protected":false},"author":1,"featured_media":147721,"comment_status":"closed","ping_status":"open","sticky":false,"template":"","format":"standard","meta":{"jetpack_post_was_ever_published":false,"_jetpack_newsletter_access":"","_jetpack_dont_email_post_to_subs":false,"_jetpack_newsletter_tier_id":0,"_jetpack_memberships_contains_paywalled_content":false,"_jetpack_memberships_contains_paid_content":false,"footnotes":"","jetpack_publicize_message":"","jetpack_publicize_feature_enabled":true,"jetpack_social_post_already_shared":true,"jetpack_social_options":{"image_generator_settings":{"template":"highway","default_image_id":0,"font":"","enabled":false},"version":2}},"categories":[1],"tags":[1073,4002,207,307,258,44,5145,1184,6344,888,774],"class_list":["post-147720","post","type-post","status-publish","format-standard","has-post-thumbnail","hentry","category-genel","tag-ozel","tag-dakika","tag-etti","tag-gelen","tag-halde","tag-icin","tag-kapisina","tag-kopegi","tag-kurtarmak","tag-mucadele","tag-yarali"],"jetpack_publicize_connections":[],"jetpack_featured_media_url":"https:\/\/i0.wp.com\/www.tvturk.com\/wp-content\/uploads\/2019\/04\/ozel-yarali-halde-kapisina-gelen-kopegi-kurtarmak-icin-45-dakika-mucadele-etti_59b7ef8.jpg?fit=1000%2C613","jetpack_sharing_enabled":true,"jetpack_shortlink":"https:\/\/wp.me\/paKIfm-CqA","_links":{"self":[{"href":"http:\/\/www.tvturk.com\/index.php\/wp-json\/wp\/v2\/posts\/147720","targetHints":{"allow":["GET"]}}],"collection":[{"href":"http:\/\/www.tvturk.com\/index.php\/wp-json\/wp\/v2\/posts"}],"about":[{"href":"http:\/\/www.tvturk.com\/index.php\/wp-json\/wp\/v2\/types\/post"}],"author":[{"embeddable":true,"href":"http:\/\/www.tvturk.com\/index.php\/wp-json\/wp\/v2\/users\/1"}],"replies":[{"embeddable":true,"href":"http:\/\/www.tvturk.com\/index.php\/wp-json\/wp\/v2\/comments?post=147720"}],"version-history":[{"count":0,"href":"http:\/\/www.tvturk.com\/index.php\/wp-json\/wp\/v2\/posts\/147720\/revisions"}],"wp:featuredmedia":[{"embeddable":true,"href":"http:\/\/www.tvturk.com\/index.php\/wp-json\/wp\/v2\/media\/147721"}],"wp:attachment":[{"href":"http:\/\/www.tvturk.com\/index.php\/wp-json\/wp\/v2\/media?parent=147720"}],"wp:term":[{"taxonomy":"category","embeddable":true,"href":"http:\/\/www.tvturk.com\/index.php\/wp-json\/wp\/v2\/categories?post=147720"},{"taxonomy":"post_tag","embeddable":true,"href":"http:\/\/www.tvturk.com\/index.php\/wp-json\/wp\/v2\/tags?post=147720"}],"curies":[{"name":"wp","href":"https:\/\/api.w.org\/{rel}","templated":true}]}}