{"id":147754,"date":"2019-04-24T10:01:38","date_gmt":"2019-04-24T07:01:38","guid":{"rendered":"http:\/\/www.tvturk.com\/index.php\/avrupa-sampiyonu-atakan-yuksel-koyluleri-ile-bulustu\/"},"modified":"2019-04-24T10:01:38","modified_gmt":"2019-04-24T07:01:38","slug":"avrupa-sampiyonu-atakan-yuksel-koyluleri-ile-bulustu","status":"publish","type":"post","link":"http:\/\/www.tvturk.com\/index.php\/avrupa-sampiyonu-atakan-yuksel-koyluleri-ile-bulustu\/","title":{"rendered":"Avrupa \u015fampiyonu Atakan Y\u00fcksel k\u00f6yl\u00fcleri ile bulu\u015ftu"},"content":{"rendered":"<p>Avrupa G\u00fcre\u015f \u015eampiyonas\u0131\u2019nda alt\u0131n madalya ile d\u00f6nen milli sporcu Atakan Y\u00fcksel, Yozgat Kuzayca K\u00f6y\u00fc K\u00fclt\u00fcr ve Yard\u0131mla\u015fma Derne\u011fi\u2019nde k\u00f6yl\u00fcleri ile bulu\u015ftu. K\u00f6ylerinden Avrupa\u2019y\u0131 dize getiren bir sporcunun \u00e7\u0131kmas\u0131n\u0131 gururunu ya\u015fayan Kuzaycal\u0131lar, Y\u00fcksel\u2019e te\u015fekk\u00fcr plaketi verdi.<\/p>\n<p>Avrupa G\u00fcre\u015f \u015eampiyonas\u0131\u2019nda grekoromen stil 67 kilo finalinde, Polonyal\u0131 Gevorg Sahakyan\u2019\u0131 yenerek T\u00fcrkiye\u2019ye alt\u0131n madalya kazand\u0131ran Atakan Y\u00fcksel, Yozgatl\u0131 hem\u015ferileri ile Ankara\u2019da bulu\u015ftu. \u015eefaatli il\u00e7esinin Kuzayca K\u00f6y\u00fc\u2019nden olan milli sporcu Y\u00fcksel, Etimesgut\u2019ta bulunan Kuzayca K\u00f6y\u00fc K\u00fclt\u00fcr ve Yard\u0131mla\u015fma Derne\u011fi\u2019ni ziyaret edip, k\u00f6yl\u00fcleri ile elde etti\u011fi ba\u015far\u0131y\u0131 payla\u015ft\u0131. K\u00f6ylerinden T\u00fcrkiye\u2019yi Avrupa\u2019da ve D\u00fcnya\u2019da ba\u015far\u0131 ile temsil eden Atakan Y\u00fcksel\u2019in \u00e7\u0131kmas\u0131n\u0131n gururunu ya\u015fayan Kuzaycal\u0131lar, son \u015fampiyonada T\u00fcrk Bayra\u011f\u0131\u2019n\u0131 g\u00f6ndere \u00e7eken sporcular\u0131 Y\u00fcksel\u2019i tebrik etti. Kuzayca K\u00f6y\u00fc K\u00fclt\u00fcr ve Yard\u0131mla\u015fma Derne\u011fi Ba\u015fkan\u0131 Murat \u015een, &#8220;Kuzayca\u2019m\u0131z\u0131n gururu olan milli g\u00fcre\u015f\u00e7imiz Atakan Y\u00fcksel t\u00fcm \u00fclkemizin milli gururu olmu\u015ftur. Bizlere ya\u015fatt\u0131\u011f\u0131 bu gururdan \u00f6t\u00fcr\u00fc kendisine sonsuz te\u015fekk\u00fcrlerimizi sunuyoruz\u2019\u2019 dedi.<\/p>\n<p>Dernek Ba\u015fkan\u0131 Murat \u015een, g\u00fcn\u00fcn  an\u0131s\u0131na milli sporcuya te\u015fekk\u00fcr plaketi verdi.<\/p>\n","protected":false},"excerpt":{"rendered":"<p>AVRUPA G\u00dcRE\u015e \u015eAMP\u0130YONASI&#8217;NDA ALTIN MADALYA \u0130LE D\u00d6NEN M\u0130LL\u0130 SPORCU ATAKAN Y\u00dcKSEL, YOZGAT KUZAYCA K\u00d6Y\u00dc K\u00dcLT\u00dcR VE YARDIMLA\u015eMA DERNE\u011e\u0130&#8217;NDE K\u00d6YL\u00dcLER\u0130 \u0130LE BULU\u015eTU.<\/p>\n","protected":false},"author":1,"featured_media":147755,"comment_status":"closed","ping_status":"open","sticky":false,"template":"","format":"standard","meta":{"jetpack_post_was_ever_published":false,"_jetpack_newsletter_access":"","_jetpack_dont_email_post_to_subs":false,"_jetpack_newsletter_tier_id":0,"_jetpack_memberships_contains_paywalled_content":false,"_jetpack_memberships_contains_paid_content":false,"footnotes":"","jetpack_publicize_message":"","jetpack_publicize_feature_enabled":true,"jetpack_social_post_already_shared":true,"jetpack_social_options":{"image_generator_settings":{"template":"highway","default_image_id":0,"font":"","enabled":false},"version":2}},"categories":[657],"tags":[9225,392,389,192,25321,2415,425],"class_list":["post-147754","post","type-post","status-publish","format-standard","has-post-thumbnail","hentry","category-spor","tag-atakan","tag-avrupa","tag-bulustu","tag-ile","tag-koyluleri","tag-sampiyonu","tag-yuksel"],"jetpack_publicize_connections":[],"jetpack_featured_media_url":"https:\/\/i0.wp.com\/www.tvturk.com\/wp-content\/uploads\/2019\/04\/avrupa-sampiyonu-atakan-yuksel-koyluleri-ile-bulustu_456e2fe.jpg?fit=1000%2C649","jetpack_sharing_enabled":true,"jetpack_shortlink":"https:\/\/wp.me\/paKIfm-Cr8","_links":{"self":[{"href":"http:\/\/www.tvturk.com\/index.php\/wp-json\/wp\/v2\/posts\/147754","targetHints":{"allow":["GET"]}}],"collection":[{"href":"http:\/\/www.tvturk.com\/index.php\/wp-json\/wp\/v2\/posts"}],"about":[{"href":"http:\/\/www.tvturk.com\/index.php\/wp-json\/wp\/v2\/types\/post"}],"author":[{"embeddable":true,"href":"http:\/\/www.tvturk.com\/index.php\/wp-json\/wp\/v2\/users\/1"}],"replies":[{"embeddable":true,"href":"http:\/\/www.tvturk.com\/index.php\/wp-json\/wp\/v2\/comments?post=147754"}],"version-history":[{"count":0,"href":"http:\/\/www.tvturk.com\/index.php\/wp-json\/wp\/v2\/posts\/147754\/revisions"}],"wp:featuredmedia":[{"embeddable":true,"href":"http:\/\/www.tvturk.com\/index.php\/wp-json\/wp\/v2\/media\/147755"}],"wp:attachment":[{"href":"http:\/\/www.tvturk.com\/index.php\/wp-json\/wp\/v2\/media?parent=147754"}],"wp:term":[{"taxonomy":"category","embeddable":true,"href":"http:\/\/www.tvturk.com\/index.php\/wp-json\/wp\/v2\/categories?post=147754"},{"taxonomy":"post_tag","embeddable":true,"href":"http:\/\/www.tvturk.com\/index.php\/wp-json\/wp\/v2\/tags?post=147754"}],"curies":[{"name":"wp","href":"https:\/\/api.w.org\/{rel}","templated":true}]}}