{"id":147774,"date":"2019-04-24T10:39:00","date_gmt":"2019-04-24T07:39:00","guid":{"rendered":"http:\/\/www.tvturk.com\/index.php\/turizmciler-moskovadaki-turkiye-festivaline-hazirlaniyor\/"},"modified":"2019-04-24T10:39:00","modified_gmt":"2019-04-24T07:39:00","slug":"turizmciler-moskovadaki-turkiye-festivaline-hazirlaniyor","status":"publish","type":"post","link":"http:\/\/www.tvturk.com\/index.php\/turizmciler-moskovadaki-turkiye-festivaline-hazirlaniyor\/","title":{"rendered":"Turizmciler Moskova\u2019daki T\u00fcrkiye Festivali\u2019ne haz\u0131rlan\u0131yor"},"content":{"rendered":"<p>Rusya\u2019n\u0131n ba\u015fkenti Moskova\u2019da bu sene \u00fc\u00e7\u00fcnc\u00fcs\u00fc ger\u00e7ekle\u015ftirilecek olan T\u00fcrkiye Festivali i\u00e7in haz\u0131rl\u0131klar s\u00fcr\u00fcyor. 14-16 Haziran tarihlerinde ger\u00e7ekle\u015ftirilecek olan festival, T\u00fcrkiye\u2019nin Rusya pazar\u0131ndan elde etti\u011fi turist ve geliri art\u0131rmay\u0131 hedefledi.<\/p>\n<p>T\u00fcrkiye Festivali, K\u00fclt\u00fcr ve Turizm Bakanl\u0131\u011f\u0131 deste\u011fiyle T\u00fcrkiye Otelciler Federasyonu (T\u00dcROFED), T\u00fcrkiye Seyahat Acentalar\u0131 Birli\u011fi (T\u00dcRSAB), T\u00fcrkiye Turizm Yat\u0131r\u0131mc\u0131lar\u0131 Derne\u011fi (TTYD) koordinasyonunda organize edilecek. 14-16 Haziran tarihleri aras\u0131nda Moskova\u2019da ger\u00e7ekle\u015ftirilecek olan festivale T\u00fcrkiye\u2019den oteller, tur operat\u00f6rleri, turizm destinasyonlar\u0131 ve \u00f6nemli turizm markalar\u0131 kat\u0131larak T\u00fcrkiye\u2019nin turistik de\u011ferlerini tan\u0131tacak.<\/p>\n<p>T\u00fcrkiye r\u00fczgar\u0131 esecek<\/p>\n<p>Moskova\u2019daki 165 d\u00f6n\u00fcml\u00fck Park Krasnaya Presnya\u2019da ger\u00e7ekle\u015ftirilecek T\u00fcrkiye Festivali i\u00e7in haz\u0131rl\u0131klar devam ediyor. 2019\u2019un T\u00fcrk-Rus K\u00fclt\u00fcr Y\u0131l\u0131 olmas\u0131 dolay\u0131s\u0131yla daha da b\u00fcy\u00fck \u00f6nem kazanan ve bu sene de on binlerce Rus ziyaret\u00e7i a\u011f\u0131rlayacak olan T\u00fcrkiye Festivali, Moskova\u2019da T\u00fcrkiye r\u00fczgar\u0131 estirecek.<\/p>\n<p>T\u00fcrkiye turizmi i\u00e7in \u00e7al\u0131\u015fmaya devam ettiklerini s\u00f6yleyen T\u00dcRSAB Ba\u015fkan\u0131 Firuz Ba\u011fl\u0131kaya &#8220;T\u00fcrkiye alg\u0131s\u0131na b\u00fcy\u00fck katk\u0131 sa\u011flayacak T\u00fcrkiye Festivali ile \u00f6nemli bir \u00e7al\u0131\u015fmaya imza ataca\u011f\u0131z. Bu festivalde Rus halk\u0131 T\u00fcrkiye\u2019nin de\u011ferlerini \u00fclkelerinde g\u00f6recek. 3 g\u00fcn boyunca Moskova\u2019da T\u00fcrkiye r\u00fczgar\u0131 estirece\u011fiz. Festival, hem turist say\u0131m\u0131z\u0131n hem de turizm gelirlerimizin artas\u0131na katk\u0131 sa\u011flayacak&#8221; dedi.<\/p>\n<p>&#8220;Turizme katk\u0131 sa\u011flayacak&#8221;<\/p>\n<p>T\u00fcrkiye\u2019nin iki ana pazar\u0131ndan biri olan Rusya Federasyonu\u2019nda ger\u00e7ekle\u015ftirilecek olan festivalin T\u00fcrkiye turizmine \u00f6nemli bir katk\u0131 sa\u011flayaca\u011f\u0131n\u0131 belirten T\u00fcrkiye Otelciler Federasyonu (T\u00dcROFED) Ba\u015fkan\u0131 Osman Ay\u0131k ise &#8220;Rusya pazar\u0131nda tan\u0131t\u0131m ve reklam \u00e7al\u0131\u015fmalar\u0131m\u0131za ara vermeden devam etmemiz gerekiyor. Tan\u0131t\u0131m \u00e7al\u0131\u015fmalar\u0131m\u0131z\u0131n yan\u0131nda insanlara dokunan bir etkinlik olan T\u00fcrkiye Festivali, T\u00fcrkiye\u2019ye olan sempatiyi daha da art\u0131racakt\u0131r&#8221; \u015feklinde konu\u015ftu.<\/p>\n<p>&#8220;T\u00fcrkiye\u2019ye ilgiyi art\u0131rmak istiyoruz&#8221;<\/p>\n<p>T\u00fcrkiye\u2019ye en fazla turist g\u00f6nderen \u00fclke olan Rusya\u2019da yap\u0131lacak olan T\u00fcrkiye Festivali\u2019nin her ge\u00e7en sene daha da fazla \u00f6nem kazand\u0131\u011f\u0131n\u0131 ifade eden TTYD Ba\u015fkan\u0131 Oya Narin &#8220;T\u00fcrkiye\u2019nin en \u00f6nemli pazarlar\u0131ndan Rusya\u2019da yap\u0131lacak olan festival 2023 y\u0131l\u0131 turizm hedeflerimize ula\u015fmam\u0131zda b\u00fcy\u00fck \u00f6nem ta\u015f\u0131yor. T\u00fcrkiye Festivali ile Rus halk\u0131n\u0131n, T\u00fcrkiye\u2019ye ilgisini daha da art\u0131rmak istiyoruz&#8221; diye konu\u015ftu.<\/p>\n<p>3. kez kap\u0131lar\u0131n\u0131 a\u00e7acak<\/p>\n<p>T\u00fcrkiye Festivali Koordinat\u00f6r\u00fc Haluk \u00d6zsevim, \u00fc\u00e7\u00fcnc\u00fc kez ger\u00e7ekle\u015ftirilecek fuar\u0131n, T\u00fcrkiye\u2019nin turizm zenginliklerini \u00f6n plana ta\u015f\u0131yaca\u011f\u0131n\u0131 s\u00f6yledi. T\u00fcrkiye\u2019nin deniz-kum-g\u00fcne\u015finin yan\u0131nda bir\u00e7ok zenginli\u011finin bulundu\u011funu g\u00f6stermek istediklerini belirten Haluk \u00d6zsevim, &#8220;Rus halk\u0131 T\u00fcrkiye\u2019nin, otelleri ve denizini iyi biliyor. Festivali organize etmeye karar verdi\u011fimizde T\u00fcrkiye\u2019nin farkl\u0131 zenginliklerini de g\u00f6rmelerini istedik. Bu festivalde resort turizmin yan\u0131 s\u0131ra T\u00fcrkiye\u2019nin tarihi de\u011ferlerini, gastronomisini, k\u00fclt\u00fcr\u00fcn\u00fc de g\u00f6zler \u00f6n\u00fcne seriyoruz&#8221; dedi.<\/p>\n<p>Daha fazla turist ve daha fazla d\u00f6viz<\/p>\n<p>Rusya\u2019n\u0131n T\u00fcrkiye turizmi i\u00e7in iki \u00f6nemli kaynak pazardan biri oldu\u011funu hat\u0131rlatan \u00d6zsevim, &#8220;Rusya\u2019dan T\u00fcrkiye\u2019ye 6 milyona yak\u0131n Rus turist tatile geliyor. 6 milyonluk bir turizm hareketi, T\u00fcrkiye ekonomisine ciddi bir d\u00f6viz girdisi sa\u011fl\u0131yor. Bu nedenle T\u00fcrkiye\u2019nin en b\u00fcy\u00fck pazar\u0131 olan Rusya\u2019da yap\u0131lacak tan\u0131t\u0131m ve reklam \u00e7al\u0131\u015fmalar\u0131 daha fazla turist ve daha fazla d\u00f6viz anlam\u0131na geliyor. Rus halk\u0131 festival ile farkl\u0131 destinasyonlar\u0131m\u0131z\u0131 ve turizm de\u011ferlerimizi de tan\u0131ma f\u0131rsat\u0131 yakal\u0131yor. Bunlar\u0131 da birebir g\u00f6rerek, ya\u015fayarak, dokunarak deneyimleyebiliyorlar. \u00d6rnek vermek gerekirse festivaldeki gastronomi alan\u0131m\u0131zda T\u00fcrk yemeklerini tan\u0131yorlar, T\u00fcrk el sanatlar\u0131ndan \u00f6rnekleri g\u00f6r\u00fcp sat\u0131n alabiliyorlar, T\u00fcrk ya\u015fam bi\u00e7iminden \u00f6rnekler buluyorlar&#8221; diye konu\u015ftu.<\/p>\n<p>Turizmcilerden b\u00fcy\u00fck ilgi<\/p>\n<p>\u00d6zsevim, Festivale iki ay gibi bir s\u00fcrenin kald\u0131\u011f\u0131n\u0131 belirterek, &#8220;\u015eu ana kadar otel, tur operat\u00f6r\u00fc ve turizm destinasyonlar\u0131 festivale kat\u0131lmak i\u00e7in b\u00fcy\u00fck ilgi g\u00f6steriyor. Ge\u00e7ti\u011fimiz senelere g\u00f6re bu sene kat\u0131l\u0131m daha fazla olacak&#8221; dedi.<\/p>\n","protected":false},"excerpt":{"rendered":"<p>RUSYA\u2019NIN BA\u015eKENT\u0130 MOSKOVA\u2019DA BU SENE \u00dc\u00c7\u00dcNC\u00dcS\u00dc GER\u00c7EKLE\u015eT\u0130R\u0130LECEK OLAN T\u00dcRK\u0130YE FEST\u0130VAL\u0130 \u0130\u00c7\u0130N HAZIRLIKLAR S\u00dcR\u00dcYOR. 14-16 HAZ\u0130RAN 2019 TAR\u0130HLER\u0130NDE GER\u00c7EKLE\u015eT\u0130R\u0130LECEK OLAN FEST\u0130VAL, T\u00dcRK\u0130YE\u2019N\u0130N RUSYA PAZARINDAN ELDE ETT\u0130\u011e\u0130 TUR\u0130ST VE GEL\u0130R\u0130 ARTIRMAYI HEDEFLED\u0130.<\/p>\n","protected":false},"author":1,"featured_media":147775,"comment_status":"closed","ping_status":"open","sticky":false,"template":"","format":"standard","meta":{"jetpack_post_was_ever_published":false,"_jetpack_newsletter_access":"","_jetpack_dont_email_post_to_subs":false,"_jetpack_newsletter_tier_id":0,"_jetpack_memberships_contains_paywalled_content":false,"_jetpack_memberships_contains_paid_content":false,"footnotes":"","jetpack_publicize_message":"","jetpack_publicize_feature_enabled":true,"jetpack_social_post_already_shared":true,"jetpack_social_options":{"image_generator_settings":{"template":"highway","default_image_id":0,"font":"","enabled":false},"version":2}},"categories":[19],"tags":[3007,297,32828,3371,453],"class_list":["post-147774","post","type-post","status-publish","format-standard","has-post-thumbnail","hentry","category-ekonomi","tag-festivaline","tag-hazirlaniyor","tag-moskovadaki","tag-turizmciler","tag-turkiye"],"jetpack_publicize_connections":[],"jetpack_featured_media_url":"https:\/\/i0.wp.com\/www.tvturk.com\/wp-content\/uploads\/2019\/04\/turizmciler-moskovadaki-turkiye-festivaline-hazirlaniyor_ecca5ed.jpg?fit=1000%2C662","jetpack_sharing_enabled":true,"jetpack_shortlink":"https:\/\/wp.me\/paKIfm-Crs","_links":{"self":[{"href":"http:\/\/www.tvturk.com\/index.php\/wp-json\/wp\/v2\/posts\/147774","targetHints":{"allow":["GET"]}}],"collection":[{"href":"http:\/\/www.tvturk.com\/index.php\/wp-json\/wp\/v2\/posts"}],"about":[{"href":"http:\/\/www.tvturk.com\/index.php\/wp-json\/wp\/v2\/types\/post"}],"author":[{"embeddable":true,"href":"http:\/\/www.tvturk.com\/index.php\/wp-json\/wp\/v2\/users\/1"}],"replies":[{"embeddable":true,"href":"http:\/\/www.tvturk.com\/index.php\/wp-json\/wp\/v2\/comments?post=147774"}],"version-history":[{"count":0,"href":"http:\/\/www.tvturk.com\/index.php\/wp-json\/wp\/v2\/posts\/147774\/revisions"}],"wp:featuredmedia":[{"embeddable":true,"href":"http:\/\/www.tvturk.com\/index.php\/wp-json\/wp\/v2\/media\/147775"}],"wp:attachment":[{"href":"http:\/\/www.tvturk.com\/index.php\/wp-json\/wp\/v2\/media?parent=147774"}],"wp:term":[{"taxonomy":"category","embeddable":true,"href":"http:\/\/www.tvturk.com\/index.php\/wp-json\/wp\/v2\/categories?post=147774"},{"taxonomy":"post_tag","embeddable":true,"href":"http:\/\/www.tvturk.com\/index.php\/wp-json\/wp\/v2\/tags?post=147774"}],"curies":[{"name":"wp","href":"https:\/\/api.w.org\/{rel}","templated":true}]}}