{"id":147924,"date":"2019-04-24T12:55:49","date_gmt":"2019-04-24T09:55:49","guid":{"rendered":"http:\/\/www.tvturk.com\/index.php\/diyarbakirin-van-goghu-sergi-hayaline-kavustu\/"},"modified":"2019-04-24T12:55:49","modified_gmt":"2019-04-24T09:55:49","slug":"diyarbakirin-van-goghu-sergi-hayaline-kavustu","status":"publish","type":"post","link":"http:\/\/www.tvturk.com\/index.php\/diyarbakirin-van-goghu-sergi-hayaline-kavustu\/","title":{"rendered":"Diyarbak\u0131r\u2019\u0131n Van Gogh\u2019u sergi hayaline kavu\u015ftu"},"content":{"rendered":"<p>Diyarbak\u0131r\u2019da, maddi imkans\u0131zl\u0131klar nedeniyle telefonuna \u00e7izdi\u011fi resimlerle \u2019Diyarbak\u0131r\u2019\u0131n Van Gogh\u2019u olarak g\u00f6sterilen Abd\u00fclaziz Ba\u015f\u00e7\u0131, 52 ya\u015f\u0131nda sergi a\u00e7arak hayalini ger\u00e7ekle\u015ftirdi.<\/p>\n<p>Diyarbak\u0131r\u2019da ilkokuldayken \u00f6\u011fretmeninin gelece\u011fin ressam\u0131 olarak g\u00f6sterdi\u011fi, ancak baba mesle\u011fini devam ettirmek i\u00e7in e\u011fitimini yar\u0131da b\u0131rakan 52 ya\u015f\u0131ndaki Abd\u00fclaziz Ba\u015f\u00e7\u0131, yakla\u015f\u0131k 30 y\u0131l babas\u0131n\u0131n yan\u0131nda \u00e7al\u0131\u015ft\u0131ktan sonra, 10 y\u0131l \u00f6nce Yeni\u015fehir il\u00e7esi Ofis semtinde b\u00fcy\u00fck bir lokanta a\u00e7t\u0131. \u0130lk ba\u015flarda lokantas\u0131 \u00e7ok iyi \u00e7al\u0131\u015fan Ba\u015f\u00e7\u0131 i\u00e7in zor g\u00fcnler Sur olaylar\u0131 ile ba\u015flad\u0131. Bu s\u00fcre\u00e7te ya\u015fanan \u00e7at\u0131\u015fmal\u0131 ortam nedeniyle m\u00fc\u015fterilerini bir bir kaybeden Ba\u015f\u00e7\u0131, ba\u015fka bir yerde d\u00fckkan a\u00e7maya karar verdi. T\u00fcm birikimini yeni a\u00e7aca\u011f\u0131 d\u00fckkana ay\u0131ran Ba\u015f\u00e7\u0131, buradan istedi\u011fi d\u00f6n\u00fc\u015f\u00fc alamay\u0131nca iflas etti. Elde avu\u00e7ta ne varsa kaybeden Ba\u015f\u00e7\u0131, buna ra\u011fmen resim yapmaktan vazge\u00e7medi. Ya\u015fad\u0131\u011f\u0131 zor g\u00fcnlerde maddi sorunlar nedeniyle tuval bulmakta zorlanan Ba\u015f\u00e7\u0131, bir g\u00fcn cep telefonunu eline al\u0131p \u00e7izim b\u00f6l\u00fcm\u00fcne girdi. Buradan da resim yapabildi\u011fini g\u00f6ren Ba\u015f\u00e7\u0131, art\u0131k tuval yerine resimlerini cep telefonuna \u00e7izmeye ba\u015flad\u0131. D\u00fcnyadaki t\u00fcm ressamlar\u0131n hikayelerini okuyan ve \u00e7al\u0131\u015fmalar\u0131n\u0131 inceleyen Ba\u015f\u00e7\u0131, kendisi i\u00e7in en \u00f6nemli ressam olarak Van Gogh olarak belirledi. Van Gogh\u2019un hayat\u0131 ile kendi hayat\u0131n\u0131n bir nebze \u00f6rt\u00fc\u015ft\u00fc\u011f\u00fcn\u00fc d\u00fc\u015f\u00fcnen Ba\u015f\u00e7\u0131\u2019n\u0131n en b\u00fcy\u00fck hayali, yapt\u0131\u011f\u0131 resimleri a\u00e7t\u0131\u011f\u0131 sergi ile vatanda\u015flarla bulu\u015fturmakt\u0131. Bir\u00e7ok yere yapt\u0131\u011f\u0131 ba\u015fvurular olumsuz sonu\u00e7lan\u0131nca en son Diyarbak\u0131r \u0130\u00e7kale M\u00fcze kompleksine ba\u015fvuran Ba\u015f\u00e7\u0131\u2019n\u0131n talebi kabul edildi. Ba\u015f\u00e7\u0131, tamam\u0131 kendi eseri olan resimleri \u0130\u00e7kale M\u00fczesi\u2019nde sergilemeye ba\u015flad\u0131.<\/p>\n<p>&#8220;Aziz Bey\u2019e inanc\u0131m\u0131z tam&#8221;<\/p>\n<p>\u0130\u00e7kale M\u00fcze M\u00fcd\u00fcr\u00fc Vehbi Yurt, Abd\u00fclaziz Ba\u015f\u00e7\u0131\u2019n\u0131n sanat\u0131yla daha \u00f6nce tan\u0131\u015fmad\u0131\u011f\u0131n\u0131 ifade etti. Yurt, &#8220;Ba\u015f\u00e7\u0131\u2019n\u0131n dijitalden foto\u011fraf yapt\u0131\u011f\u0131n\u0131 ya da resim yapt\u0131\u011f\u0131n\u0131 bilmiyordum. Daha sonra m\u00fczeye sanat galerisinde foto\u011fraflar\u0131n\u0131 sergilemek i\u00e7in yer tahsisinde talebinde bulundu. Daha sonra benim yan\u0131mda \u00e7izdi\u011fi birka\u00e7 resim vard\u0131. Hemen canl\u0131 canl\u0131 birka\u00e7 foto\u011fraflar\u0131 g\u00f6sterdi\u011finiz zaman hemen yapabiliyor. Bu benim \u00e7ok ho\u015fuma gitti. Bizde onun t\u00fcm resmi ba\u015fvurular\u0131n\u0131 inceledik, uygun g\u00f6rd\u00fck ve 24 Nisan ile 30 Nisan aras\u0131nda Diyarbak\u0131r m\u00fcze kompleksi i\u00e7erisinde sanat galerisinde resimlerini sergilemesi i\u00e7in ona yard\u0131mc\u0131 olduk. Benim buradaki amac\u0131m ya bizim m\u00fczenin amac\u0131 asl\u0131nda m\u00fcze m\u00fcd\u00fcr\u00fc olarak asl\u0131nda daha \u00e7ok yerel sanat\u00e7\u0131lar\u0131n biraz daha g\u00fcndeme gelmesi, onlara bu konuda yer tahsisinde bulunabilmek. Elimizden geldi\u011fince biraz katk\u0131da bulunmak i\u015fitiyoruz. O y\u00fczden Aziz Ba\u015f\u00e7\u0131 hocan\u0131n da bu sanat\u0131n\u0131n ger\u00e7ekten \u00e7ok \u00f6nemli oldu\u011funu biliyorum, d\u00fc\u015f\u00fcn\u00fcyorum ve bunun gelecekte \u00e7ok ayr\u0131 yerlere yani y\u00fckselebilece\u011fine sanat sanat konusunda ben Aziz Bey\u2019e de inan\u0131yorum\u201c dedi.<\/p>\n<p>&#8220;Sergimi a\u00e7t\u0131\u011f\u0131m i\u00e7in \u00e7ok mutluyum&#8221;<\/p>\n<p>Diyarbak\u0131r\u2019da ilk sergisini a\u00e7t\u0131\u011f\u0131 i\u00e7in \u00e7ok mutlu oldu\u011funu belirten Aziz Ba\u015f\u00e7\u0131, &#8220;Bu sergi a\u00e7ma fikri yakla\u015f\u0131k 4-5 ayd\u0131r d\u00fc\u015f\u00fcnm\u00fc\u015ft\u00fcm zaten ve bu s\u00fcre\u00e7 i\u00e7erisindeki \u00e7al\u0131\u015fmalar\u0131ma yo\u011funluk vermi\u015ftim. Yakla\u015f\u0131k 750-800 resim yapm\u0131\u015ft\u0131m dijital ortamda. Bu zaman i\u00e7erisinde dedi\u011fim gibi yakla\u015f\u0131k 800\u2019e yak\u0131n resim yapm\u0131\u015ft\u0131m ve bu resimlerin aras\u0131ndan be\u011fendi\u011fim olan 200\u2019e yak\u0131n resmi sergiledim. M\u00fcze M\u00fcd\u00fcr\u00fc Vehbi Yurt\u2019un bana \u00e7ok katk\u0131s\u0131 oldu. Mutluyum sergimi a\u00e7t\u0131\u011f\u0131m i\u00e7in. Bundan sonra \u00e7al\u0131\u015fmalar\u0131m yine devam edecek in\u015fallah. Daha geni\u015fletilerek, daha g\u00fczel \u015feyler yaparak bunu devam etmek istiyorum daha do\u011frusu. \u0130n\u015fallah her \u015fey g\u00fczel olacak, bundan da eminim. \u00c7\u00fcnk\u00fc b\u00fct\u00fcn hayat\u0131m\u0131 hep resme adad\u0131m \u015fuanda. \u0130n\u015fallah ba\u015far\u0131l\u0131 oluruz&#8221; diye konu\u015ftu.<\/p>\n<p>Serginin 24-30 Nisan tarihlerinde a\u00e7\u0131k olaca\u011f\u0131 kaydedildi.<\/p>\n","protected":false},"excerpt":{"rendered":"<p>BA\u015e\u00c7I, KEND\u0130S\u0130NE A\u0130T RES\u0130MLER\u0130N BULUNDU\u011eU SERG\u0130Y\u0130 A\u00c7MAKTAN DOLAYI \u00c7OK MUTLU OLDU\u011eUNU S\u00d6YLED\u0130.<\/p>\n","protected":false},"author":1,"featured_media":147925,"comment_status":"closed","ping_status":"open","sticky":false,"template":"","format":"standard","meta":{"jetpack_post_was_ever_published":false,"_jetpack_newsletter_access":"","_jetpack_dont_email_post_to_subs":false,"_jetpack_newsletter_tier_id":0,"_jetpack_memberships_contains_paywalled_content":false,"_jetpack_memberships_contains_paid_content":false,"footnotes":"","jetpack_publicize_message":"","jetpack_publicize_feature_enabled":true,"jetpack_social_post_already_shared":true,"jetpack_social_options":{"image_generator_settings":{"template":"highway","default_image_id":0,"font":"","enabled":false},"version":2}},"categories":[656],"tags":[20373,20374,27268,1825,798,1442],"class_list":["post-147924","post","type-post","status-publish","format-standard","has-post-thumbnail","hentry","category-kultur-sanat","tag-diyarbakirin","tag-goghu","tag-hayaline","tag-kavustu","tag-sergi","tag-van"],"jetpack_publicize_connections":[],"jetpack_featured_media_url":"https:\/\/i0.wp.com\/www.tvturk.com\/wp-content\/uploads\/2019\/04\/diyarbakirin-van-goghu-sergi-hayaline-kavustu_61eed4b.jpg?fit=1000%2C666","jetpack_sharing_enabled":true,"jetpack_shortlink":"https:\/\/wp.me\/paKIfm-CtS","_links":{"self":[{"href":"http:\/\/www.tvturk.com\/index.php\/wp-json\/wp\/v2\/posts\/147924","targetHints":{"allow":["GET"]}}],"collection":[{"href":"http:\/\/www.tvturk.com\/index.php\/wp-json\/wp\/v2\/posts"}],"about":[{"href":"http:\/\/www.tvturk.com\/index.php\/wp-json\/wp\/v2\/types\/post"}],"author":[{"embeddable":true,"href":"http:\/\/www.tvturk.com\/index.php\/wp-json\/wp\/v2\/users\/1"}],"replies":[{"embeddable":true,"href":"http:\/\/www.tvturk.com\/index.php\/wp-json\/wp\/v2\/comments?post=147924"}],"version-history":[{"count":0,"href":"http:\/\/www.tvturk.com\/index.php\/wp-json\/wp\/v2\/posts\/147924\/revisions"}],"wp:featuredmedia":[{"embeddable":true,"href":"http:\/\/www.tvturk.com\/index.php\/wp-json\/wp\/v2\/media\/147925"}],"wp:attachment":[{"href":"http:\/\/www.tvturk.com\/index.php\/wp-json\/wp\/v2\/media?parent=147924"}],"wp:term":[{"taxonomy":"category","embeddable":true,"href":"http:\/\/www.tvturk.com\/index.php\/wp-json\/wp\/v2\/categories?post=147924"},{"taxonomy":"post_tag","embeddable":true,"href":"http:\/\/www.tvturk.com\/index.php\/wp-json\/wp\/v2\/tags?post=147924"}],"curies":[{"name":"wp","href":"https:\/\/api.w.org\/{rel}","templated":true}]}}