{"id":148044,"date":"2019-04-24T14:32:09","date_gmt":"2019-04-24T11:32:09","guid":{"rendered":"http:\/\/www.tvturk.com\/index.php\/sirbistandan-gelen-gencler-ytbyi-ziyaret-etti\/"},"modified":"2019-04-24T14:32:09","modified_gmt":"2019-04-24T11:32:09","slug":"sirbistandan-gelen-gencler-ytbyi-ziyaret-etti","status":"publish","type":"post","link":"http:\/\/www.tvturk.com\/index.php\/sirbistandan-gelen-gencler-ytbyi-ziyaret-etti\/","title":{"rendered":"S\u0131rbistan\u2019dan gelen gen\u00e7ler YTB\u2019yi ziyaret etti"},"content":{"rendered":"<p>Yurtd\u0131\u015f\u0131 T\u00fcrkler ve Akraba Topluluklar Ba\u015fkanl\u0131\u011f\u0131 (YTB) deste\u011fiyle y\u00fcr\u00fct\u00fclen \u201cBalkan Gen\u00e7lik Okulu\u201d program\u0131 kapsam\u0131nda S\u0131rbistan\u2019\u0131n Sancak b\u00f6lgesinden gelen gen\u00e7ler, YTB\u2019yi ziyaret etti. YTB Ba\u015fkan\u0131 Abdullah Eren, Balkan co\u011frafyas\u0131n\u0131n T\u00fcrkiye i\u00e7in b\u00fcy\u00fck \u00f6nem arz etti\u011fine dikkat \u00e7ekerek, program\u0131n T\u00fcrkiye ve Balkan \u00fclkelerinde ya\u015fayan gen\u00e7lerin ortak projeler y\u00fcr\u00fctmesine katk\u0131 sa\u011flayaca\u011f\u0131n\u0131 kaydetti.<\/p>\n<p>Yurtd\u0131\u015f\u0131 T\u00fcrkler ve Akraba Topluluklar Ba\u015fkanl\u0131\u011f\u0131n\u0131n deste\u011fiyle y\u00fcr\u00fct\u00fclen \u201cBalkan Gen\u00e7lik Okulu\u201d program\u0131 kapsam\u0131nda S\u0131rbistan\u2019\u0131n Sancak b\u00f6lgesinden gelen gen\u00e7ler YTB\u2019yi ziyaret ederek, Ba\u015fkan Abdullah Eren ile bir araya geldi. Balkan Gen\u00e7lik Okulu program\u0131n\u0131n b\u00fct\u00fcn Balkan \u00fclkelerinde uyguland\u0131\u011f\u0131n\u0131n alt\u0131n\u0131 \u00e7izen Eren, gen\u00e7lere y\u00f6nelik projelere b\u00fcy\u00fck \u00f6nem verdiklerini belirtti. Balkan co\u011frafyas\u0131n\u0131n T\u00fcrkiye i\u00e7in \u00f6nem arz etti\u011fini dile getiren YTB Ba\u015fkan\u0131 Eren, \u00f6zellikle Balkan \u00fclkelerinde ya\u015fayan M\u00fcsl\u00fcman toplumunun tecr\u00fcbesinden yararlanmak istediklerini ifade etti. Avrupa\u2019n\u0131n huzuru i\u00e7in Balkanlar\u2019\u0131n istikrar\u0131n\u0131n \u00f6nemli oldu\u011funu s\u00f6yleyen Eren, \u201cYTB olarak gen\u00e7lere b\u00fcy\u00fck \u00f6nem veriyoruz. Ayn\u0131 zamanda \u00f6nem verdi\u011fimiz co\u011frafyalardan bir tanesi de Balkan co\u011frafyas\u0131. Balkanlar asl\u0131nda Avrupa\u2019n\u0131n g\u00f6zbebe\u011fi. Bir Avrupa \u00fclkesinde ya\u015fayan M\u00fcsl\u00fcmanlar olarak sizlerin tecr\u00fcbeleri \u00e7ok \u00f6nemli. D\u00fcnyan\u0131n ve \u00f6zellikle Avrupa\u2019n\u0131n huzuru i\u00e7in Balkanlar\u2019\u0131n istikrar\u0131 \u00e7ok \u00f6nemli. Biz T\u00fcrkiye olarak bu istikrara katk\u0131 sa\u011flamak i\u00e7in bu program\u0131 yapmaya karar verdik. Sadece S\u0131rbistan Sancak b\u00f6lgesinde de\u011fil, Balkanlar\u2019\u0131n her \u00fclkesinde \u2018Balkan Gen\u00e7lik Okulu\u2019 projesini hayata ge\u00e7irdik\u201d diye konu\u015ftu.<\/p>\n<p>\u201cGen\u00e7lerin zihin d\u00fcnyalar\u0131n\u0131n birbirine yakla\u015fmas\u0131n\u0131 istiyoruz\u201d<\/p>\n<p>Balkan Gen\u00e7lik Okulu program\u0131n\u0131n T\u00fcrkiye ve Balkan \u00fclkelerinde ya\u015fayan gen\u00e7lerin ortak projeler y\u00fcr\u00fctmesine zemin haz\u0131rlayaca\u011f\u0131na vurgu yapan Eren, \u201cGen\u00e7lerin zihin d\u00fcnyalar\u0131n\u0131n birbirine yakla\u015fmas\u0131 \u00e7ok \u00e7ok \u00f6nemli. Biz sekiz farkl\u0131 Balkan \u00fclkesinde bu program\u0131 yaparak, T\u00fcrkiye ve Balkanlar\u2019da ya\u015fayan gen\u00e7ler aras\u0131nda zihni e\u015fle\u015fme sa\u011flamak istiyoruz. Say\u0131n Cumhurba\u015fkan\u0131m\u0131z, yapm\u0131\u015f oldu\u011fu son S\u0131rbistan ziyaretinde Sancak b\u00f6lgesinin \u00f6nemini g\u00f6stermi\u015ftir. T\u00fcrkiye\u2019nin verdi\u011fi \u00f6nemi sizler bizlerden iyi biliyorsunuz\u201d dedi.<\/p>\n<p>Eren, konu\u015fmas\u0131n\u0131n ard\u0131ndan akademi program\u0131n\u0131 ba\u015far\u0131yla tamamlayan gen\u00e7lere sertifikalar\u0131n\u0131 takdim etti. Balkan Gen\u00e7lik Okulu program\u0131 ile ortak tarihi ve k\u00fclt\u00fcrel mirasa ili\u015fkin ayl\u0131k seminerler, kitap ve belgesel okuma at\u00f6lyeleri, Osmanl\u0131ca kursu, terc\u00fcme ve yay\u0131n, panel ve k\u00fclt\u00fcrel gezi gibi faaliyetler d\u00fczenleniyor. \u00d6\u011frencilerin tarih, sanat, psikoloji, siyasal bilimler, k\u00fclt\u00fcr, edebiyat, ekonomi ve hukuk alan\u0131nda yeni bilgiler edinece\u011fi iki\u015fer ayl\u0131k e\u011fitim program\u0131, T\u00fcrkiye gezisiyle son buluyor. S\u0131rbistan\u2019\u0131n Sancak b\u00f6lgesinden gelen gen\u00e7ler, YTB\u2019yi ziyaretleri \u00f6ncesinde de \u00c7anakkale ve \u0130stanbul\u2019u gezdi.<\/p>\n","protected":false},"excerpt":{"rendered":"<p>YURTDI\u015eI T\u00dcRKLER VE AKRABA TOPLULUKLAR BA\u015eKANLI\u011eI (YTB) DESTE\u011e\u0130YLE Y\u00dcR\u00dcT\u00dcLEN \u201cBALKAN GEN\u00c7L\u0130K OKULU\u201d PROGRAMI KAPSAMINDA SIRB\u0130STAN\u2019IN SANCAK B\u00d6LGES\u0130NDEN GELEN GEN\u00c7LER YTB\u2019Y\u0130 Z\u0130YARET ETT\u0130. YTB BA\u015eKANI ABDULLAH EREN, BALKAN CO\u011eRAFYASININ T\u00dcRK\u0130YE \u0130\u00c7\u0130N B\u00dcY\u00dcK \u00d6NEM ARZ ETT\u0130\u011e\u0130NE D\u0130KKAT \u00c7EKEREK, PROGRAMIN T\u00dcRK\u0130YE VE BALKAN \u00dcLKELER\u0130NDE YA\u015eAYAN GEN\u00c7LER\u0130N ORTAK PROJELER Y\u00dcR\u00dcTMES\u0130NE KATI SA\u011eLAYACA\u011eINI KAYDETT\u0130.<\/p>\n","protected":false},"author":1,"featured_media":148045,"comment_status":"closed","ping_status":"open","sticky":false,"template":"","format":"standard","meta":{"jetpack_post_was_ever_published":false,"_jetpack_newsletter_access":"","_jetpack_dont_email_post_to_subs":false,"_jetpack_newsletter_tier_id":0,"_jetpack_memberships_contains_paywalled_content":false,"_jetpack_memberships_contains_paid_content":false,"footnotes":"","jetpack_publicize_message":"","jetpack_publicize_feature_enabled":true,"jetpack_social_post_already_shared":true,"jetpack_social_options":{"image_generator_settings":{"template":"highway","default_image_id":0,"font":"","enabled":false},"version":2}},"categories":[1],"tags":[207,307,1622,22269,32931,150],"class_list":["post-148044","post","type-post","status-publish","format-standard","has-post-thumbnail","hentry","category-genel","tag-etti","tag-gelen","tag-gencler","tag-sirbistandan","tag-ytbyi","tag-ziyaret"],"jetpack_publicize_connections":[],"jetpack_featured_media_url":"https:\/\/i0.wp.com\/www.tvturk.com\/wp-content\/uploads\/2019\/04\/sirbistandan-gelen-gencler-ytbyi-ziyaret-etti_557f5f6.jpg?fit=1000%2C666","jetpack_sharing_enabled":true,"jetpack_shortlink":"https:\/\/wp.me\/paKIfm-CvO","_links":{"self":[{"href":"http:\/\/www.tvturk.com\/index.php\/wp-json\/wp\/v2\/posts\/148044","targetHints":{"allow":["GET"]}}],"collection":[{"href":"http:\/\/www.tvturk.com\/index.php\/wp-json\/wp\/v2\/posts"}],"about":[{"href":"http:\/\/www.tvturk.com\/index.php\/wp-json\/wp\/v2\/types\/post"}],"author":[{"embeddable":true,"href":"http:\/\/www.tvturk.com\/index.php\/wp-json\/wp\/v2\/users\/1"}],"replies":[{"embeddable":true,"href":"http:\/\/www.tvturk.com\/index.php\/wp-json\/wp\/v2\/comments?post=148044"}],"version-history":[{"count":0,"href":"http:\/\/www.tvturk.com\/index.php\/wp-json\/wp\/v2\/posts\/148044\/revisions"}],"wp:featuredmedia":[{"embeddable":true,"href":"http:\/\/www.tvturk.com\/index.php\/wp-json\/wp\/v2\/media\/148045"}],"wp:attachment":[{"href":"http:\/\/www.tvturk.com\/index.php\/wp-json\/wp\/v2\/media?parent=148044"}],"wp:term":[{"taxonomy":"category","embeddable":true,"href":"http:\/\/www.tvturk.com\/index.php\/wp-json\/wp\/v2\/categories?post=148044"},{"taxonomy":"post_tag","embeddable":true,"href":"http:\/\/www.tvturk.com\/index.php\/wp-json\/wp\/v2\/tags?post=148044"}],"curies":[{"name":"wp","href":"https:\/\/api.w.org\/{rel}","templated":true}]}}