{"id":148104,"date":"2019-04-24T15:31:51","date_gmt":"2019-04-24T12:31:51","guid":{"rendered":"http:\/\/www.tvturk.com\/index.php\/rusya-savunma-bakani-soygudan-kuzey-kore-aciklamasi-ust-duzey-askeri-iliskiler-ivme-kazanacak\/"},"modified":"2019-04-24T15:31:51","modified_gmt":"2019-04-24T12:31:51","slug":"rusya-savunma-bakani-soygudan-kuzey-kore-aciklamasi-ust-duzey-askeri-iliskiler-ivme-kazanacak","status":"publish","type":"post","link":"http:\/\/www.tvturk.com\/index.php\/rusya-savunma-bakani-soygudan-kuzey-kore-aciklamasi-ust-duzey-askeri-iliskiler-ivme-kazanacak\/","title":{"rendered":"Rusya Savunma Bakan\u0131 \u015eoygu\u2019dan Kuzey Kore a\u00e7\u0131klamas\u0131: \u201c\u00dcst d\u00fczey askeri ili\u015fkiler ivme kazanacak\u201d"},"content":{"rendered":"<p>Rusya Savunma Bakan\u0131 Sergey \u015eoygu, Kuzey Kore Savunma Bakan\u0131 No Gwan Chol ile g\u00f6r\u00fc\u015fmesinde Rusya ve Kuzey Kore\u2019nin askeri ili\u015fkilerin artarak ivme kazand\u0131\u011f\u0131n\u0131 s\u00f6yledi.<\/p>\n<p>Kuzey Kore ile Rusya\u2019n\u0131n diplomatik ili\u015fkilerinin ba\u015flamas\u0131n\u0131n 70. y\u0131l\u0131 nedeniyle Rusya\u2019n\u0131n Vladivostok \u015fehrine ger\u00e7ekle\u015fen ziyarette ikili g\u00f6r\u00fc\u015fmeler ba\u015flad\u0131. Rusya Savunma Bakan\u0131 Sergey \u015eoygu ile Kuzey Kore Savunma Bakan\u0131 No Gwan Chol, liderlerin yar\u0131n ger\u00e7ekle\u015fmesi planlanan g\u00f6r\u00fc\u015fmesinden \u00f6nce ikili g\u00f6r\u00fc\u015fme ger\u00e7ekle\u015ftirdi. Bir k\u0131sm\u0131 bas\u0131na kapal\u0131 ger\u00e7ekle\u015fen g\u00f6r\u00fc\u015fmenin ard\u0131ndan Rusya Savunma Bakan\u0131 Sergey \u015eoygu \u00f6nemli a\u00e7\u0131klamalarda bulundu. \u015eoygu bas\u0131n toplant\u0131s\u0131nda, \u201cRusya, Kuzey Kore Halk Cumhuriyeti aras\u0131ndaki ili\u015fkilere ve iyi kom\u015fuluk ili\u015fkilerine \u00f6nem g\u00f6steriyor. Bu ili\u015fkilerin daha da geli\u015ftirilmesi i\u00e7in \u00e7al\u0131\u015f\u0131yoruz\u201d dedi.<\/p>\n<p>\u201c\u00dcst d\u00fczey askeri ili\u015fkiler ivme kazanacak\u201d<\/p>\n<p>Kuzey Kore ile Rusya aras\u0131ndaki askeri ili\u015fkilere de de\u011finen \u015eoygu, \u201cRusya ve Kuzey Kore aras\u0131ndaki ili\u015fkiler \u00f6nemli bir olay. Say\u0131n Putin ve Say\u0131n Kim aras\u0131nda bir g\u00f6r\u00fc\u015fme olacak. \u00dcst d\u00fczey temaslar ile askeri alandaki ili\u015fkiler ivme kazanacak\u201d diyerek Putin ve Kim Jong Un aras\u0131nda askeri alanda b\u00fcy\u00fck anla\u015fmalar yap\u0131laca\u011f\u0131n\u0131n sinyalini verdi.<\/p>\n","protected":false},"excerpt":{"rendered":"<p>RUSYA SAVUNMA BAKANI SERGEY \u015eOYGU, KUZEY KORE SAVUNMA BAKANI NO GWAN CHOL \u0130LE G\u00d6R\u00dc\u015eMES\u0130NDE RUSYA VE KUZEY KORE\u2019N\u0130N ASKER\u0130 \u0130L\u0130\u015eK\u0130LER\u0130N ARTARAK \u0130VME KAZANDI\u011eINI S\u00d6YLED\u0130.<\/p>\n","protected":false},"author":1,"featured_media":148105,"comment_status":"closed","ping_status":"open","sticky":false,"template":"","format":"standard","meta":{"jetpack_post_was_ever_published":false,"_jetpack_newsletter_access":"","_jetpack_dont_email_post_to_subs":false,"_jetpack_newsletter_tier_id":0,"_jetpack_memberships_contains_paywalled_content":false,"_jetpack_memberships_contains_paid_content":false,"footnotes":"","jetpack_publicize_message":"","jetpack_publicize_feature_enabled":true,"jetpack_social_post_already_shared":true,"jetpack_social_options":{"image_generator_settings":{"template":"highway","default_image_id":0,"font":"","enabled":false},"version":2}},"categories":[10],"tags":[1170,1072,933,9135,32954,32955,1869,146,9741,32,33,32953,2320],"class_list":["post-148104","post","type-post","status-publish","format-standard","has-post-thumbnail","hentry","category-dunya","tag-askeri","tag-aciklamasi","tag-bakani","tag-duzey","tag-iliskiler","tag-ivme","tag-kazanacak","tag-kore","tag-kuzey","tag-rusya","tag-savunma","tag-soygudan","tag-ust"],"jetpack_publicize_connections":[],"jetpack_featured_media_url":"https:\/\/i0.wp.com\/www.tvturk.com\/wp-content\/uploads\/2019\/04\/rusya-savunma-bakani-soygudan-kuzey-kore-aciklamasi-ust-duzey-askeri-iliskiler-ivme-kazanacak_0a250ab.jpg?fit=1000%2C666","jetpack_sharing_enabled":true,"jetpack_shortlink":"https:\/\/wp.me\/paKIfm-CwM","_links":{"self":[{"href":"http:\/\/www.tvturk.com\/index.php\/wp-json\/wp\/v2\/posts\/148104","targetHints":{"allow":["GET"]}}],"collection":[{"href":"http:\/\/www.tvturk.com\/index.php\/wp-json\/wp\/v2\/posts"}],"about":[{"href":"http:\/\/www.tvturk.com\/index.php\/wp-json\/wp\/v2\/types\/post"}],"author":[{"embeddable":true,"href":"http:\/\/www.tvturk.com\/index.php\/wp-json\/wp\/v2\/users\/1"}],"replies":[{"embeddable":true,"href":"http:\/\/www.tvturk.com\/index.php\/wp-json\/wp\/v2\/comments?post=148104"}],"version-history":[{"count":0,"href":"http:\/\/www.tvturk.com\/index.php\/wp-json\/wp\/v2\/posts\/148104\/revisions"}],"wp:featuredmedia":[{"embeddable":true,"href":"http:\/\/www.tvturk.com\/index.php\/wp-json\/wp\/v2\/media\/148105"}],"wp:attachment":[{"href":"http:\/\/www.tvturk.com\/index.php\/wp-json\/wp\/v2\/media?parent=148104"}],"wp:term":[{"taxonomy":"category","embeddable":true,"href":"http:\/\/www.tvturk.com\/index.php\/wp-json\/wp\/v2\/categories?post=148104"},{"taxonomy":"post_tag","embeddable":true,"href":"http:\/\/www.tvturk.com\/index.php\/wp-json\/wp\/v2\/tags?post=148104"}],"curies":[{"name":"wp","href":"https:\/\/api.w.org\/{rel}","templated":true}]}}