{"id":148136,"date":"2019-04-24T16:25:14","date_gmt":"2019-04-24T13:25:14","guid":{"rendered":"http:\/\/www.tvturk.com\/index.php\/pkk-karsiti-asiret-ve-kabileler-meclisi-mardinde\/"},"modified":"2019-04-24T16:25:14","modified_gmt":"2019-04-24T13:25:14","slug":"pkk-karsiti-asiret-ve-kabileler-meclisi-mardinde","status":"publish","type":"post","link":"http:\/\/www.tvturk.com\/index.php\/pkk-karsiti-asiret-ve-kabileler-meclisi-mardinde\/","title":{"rendered":"PKK kar\u015f\u0131t\u0131 A\u015firet ve Kabileler Meclisi Mardin\u2019de"},"content":{"rendered":"<p>MARD\u0130N (\u0130HA) \u2013  Suriye\u2019nin kuzeyinde 150 a\u015firetin tek \u00e7at\u0131 alt\u0131nda bir araya gelerek olu\u015fturdu\u011fu A\u015firetler ve Kabileler Meclisi, Mardin Valisi Mustafa Yaman\u2019\u0131 ziyaret etti. Meclis \u00fcyeleri, T\u00fcrkiye\u2019nin, F\u0131rat\u2019\u0131n do\u011fusuna ger\u00e7ekle\u015ftirece\u011fi olas\u0131 operasyonlara tam destek verdiklerini belitti.<\/p>\n<p>Suriye\u2019nin Azez kentinde yakla\u015f\u0131k 150 a\u015firetin tek \u00e7at\u0131da alt\u0131nda bir araya gelerek olu\u015fturdu\u011fu A\u015firetler ve Kabileler Meclisi \u00fcyeleri, Mardin Valisi Mustafa Yaman\u2019\u0131 ziyaret etti.<\/p>\n<p>A\u015firetler ve Kabileler Meclis \u00fcyesi Muhammed Abbud Sultan, F\u0131rat\u2019\u0131n do\u011fusunda bulunan K\u00fcrt ve Arap vatanda\u015flar\u0131n \u00fcst\u00fcnde olan zulm\u00fc kald\u0131rmak i\u00e7in F\u0131rat\u2019\u0131n do\u011fusunda bulunan illeri ziyaret ettiklerini s\u00f6yledi. Abbud Sultan, \u201cMeclisimizde toplam 150 a\u015firet ve kabile bulunmaktad\u0131r. Bu meclisin kurulu\u015f amac\u0131 F\u0131rat\u2019\u0131n do\u011fusunda bulunan K\u00fcrt, Arap, S\u00fcryani, T\u00fcrkmen karde\u015flerimizden \u00fcst\u00fcnde olan zulm\u00fc kald\u0131rmak. PKK-PYD ter\u00f6r \u00f6rg\u00fctlerinden o b\u00f6lgeyi ar\u0131nd\u0131rmak. Bu s\u00fcre\u00e7te T\u00fcrkiye h\u00fckumetinin Suriyeli, Arap, K\u00fcrt ve di\u011fer \u0131rklardan karde\u015flerimizin \u00fczerinden bask\u0131y\u0131 kald\u0131rmak i\u00e7in desteklerini esirgemeyen ve buradan Cumhurba\u015fkan\u0131 Recep Tayyip Erdo\u011fan\u2019a ve T\u00fcrk halk\u0131na, T\u00fcrk ordusuna te\u015fekk\u00fcrlerimizi sunuyoruz\u201d dedi.<\/p>\n<p>Meclis \u00fcyelerinden Faysal Sultan ise, kurulu\u015f ama\u00e7lar\u0131n\u0131n ilk olarak F\u0131rat\u2019\u0131n do\u011fusunda bulunan karde\u015flerinin \u00fczerinden bask\u0131y\u0131 kald\u0131rmak oldu\u011funu s\u00f6yledi. Sultan, \u015f\u00f6yle devam etti:<\/p>\n<p>\u201cBunun d\u0131\u015f\u0131nda b\u00f6lgede bulunan ter\u00f6r \u00f6rg\u00fctleri PYD-PKK\u2019ya destek veren ABD\u2019li yetkililere \u015fu mesaj\u0131m\u0131 iletmek istiyorum, ellerini o b\u00f6lgeden \u00e7eksinler istiyoruz. O b\u00f6lgeyi ger\u00e7ek sahiplerine tekrar teslim etmesini temenni ediyoruz. Bunun d\u0131\u015f\u0131nda hem Suriye\u2019de hem T\u00fcrkiye\u2019deki kamplarda bulunan Suriyeli karde\u015flerimize de T\u00fcrkiye h\u00fckumetinin yard\u0131mlar\u0131n\u0131n esirgemesin istiyoruz ve oradaki karde\u015flerimizin oldu\u011fu mesaj\u0131n\u0131 buradan iletmek istiyorum. T\u00fcrkiye h\u00fckumetine ve halk\u0131na te\u015fekk\u00fcr ediyorum\u201d diye konu\u015ftu.<\/p>\n<p>Heyet Mardin valilik ziyaretinin ard\u0131ndan s\u0131n\u0131r illerde Suriyeli vatanda\u015flar ve valiliklerle bir araya gelmek \u00fczere b\u00f6lgeden ayr\u0131ld\u0131.<\/p>\n","protected":false},"excerpt":{"rendered":"<p>SUR\u0130YE\u2019N\u0130N KUZEY\u0130NDE 150 A\u015e\u0130RET\u0130N TEK \u00c7ATI ALTINDA B\u0130R ARAYA GELEREK OLU\u015eTURDU\u011eU KAB\u0130LELER VE A\u015e\u0130RETLER MECL\u0130S\u0130, MARD\u0130N VAL\u0130S\u0130 MUSTAFA YAMAN\u2019I Z\u0130YARET ETT\u0130. MECL\u0130S \u00dcYELER\u0130, T\u00dcRK\u0130YE\u2019N\u0130N, FIRAT\u2019IN DO\u011eUSUNA GER\u00c7EKLE\u015eT\u0130RECE\u011e\u0130 OLASI OPERASYONLARA TAM DESTEK VERD\u0130KLER\u0130N\u0130 BEL\u0130TT\u0130.<\/p>\n","protected":false},"author":1,"featured_media":148137,"comment_status":"closed","ping_status":"open","sticky":false,"template":"","format":"standard","meta":{"jetpack_post_was_ever_published":false,"_jetpack_newsletter_access":"","_jetpack_dont_email_post_to_subs":false,"_jetpack_newsletter_tier_id":0,"_jetpack_memberships_contains_paywalled_content":false,"_jetpack_memberships_contains_paid_content":false,"footnotes":"","jetpack_publicize_message":"","jetpack_publicize_feature_enabled":true,"jetpack_social_post_already_shared":true,"jetpack_social_options":{"image_generator_settings":{"template":"highway","default_image_id":0,"font":"","enabled":false},"version":2}},"categories":[1],"tags":[1137,23085,32965,12272,1837,290],"class_list":["post-148136","post","type-post","status-publish","format-standard","has-post-thumbnail","hentry","category-genel","tag-pkk","tag-asiret","tag-kabileler","tag-karsiti","tag-mardinde","tag-meclisi"],"jetpack_publicize_connections":[],"jetpack_featured_media_url":"https:\/\/i0.wp.com\/www.tvturk.com\/wp-content\/uploads\/2019\/04\/pkk-karsiti-asiret-ve-kabileler-meclisi-mardinde_2f10e08.jpg?fit=1000%2C750","jetpack_sharing_enabled":true,"jetpack_shortlink":"https:\/\/wp.me\/paKIfm-Cxi","_links":{"self":[{"href":"http:\/\/www.tvturk.com\/index.php\/wp-json\/wp\/v2\/posts\/148136","targetHints":{"allow":["GET"]}}],"collection":[{"href":"http:\/\/www.tvturk.com\/index.php\/wp-json\/wp\/v2\/posts"}],"about":[{"href":"http:\/\/www.tvturk.com\/index.php\/wp-json\/wp\/v2\/types\/post"}],"author":[{"embeddable":true,"href":"http:\/\/www.tvturk.com\/index.php\/wp-json\/wp\/v2\/users\/1"}],"replies":[{"embeddable":true,"href":"http:\/\/www.tvturk.com\/index.php\/wp-json\/wp\/v2\/comments?post=148136"}],"version-history":[{"count":0,"href":"http:\/\/www.tvturk.com\/index.php\/wp-json\/wp\/v2\/posts\/148136\/revisions"}],"wp:featuredmedia":[{"embeddable":true,"href":"http:\/\/www.tvturk.com\/index.php\/wp-json\/wp\/v2\/media\/148137"}],"wp:attachment":[{"href":"http:\/\/www.tvturk.com\/index.php\/wp-json\/wp\/v2\/media?parent=148136"}],"wp:term":[{"taxonomy":"category","embeddable":true,"href":"http:\/\/www.tvturk.com\/index.php\/wp-json\/wp\/v2\/categories?post=148136"},{"taxonomy":"post_tag","embeddable":true,"href":"http:\/\/www.tvturk.com\/index.php\/wp-json\/wp\/v2\/tags?post=148136"}],"curies":[{"name":"wp","href":"https:\/\/api.w.org\/{rel}","templated":true}]}}