{"id":148156,"date":"2019-04-24T16:55:54","date_gmt":"2019-04-24T13:55:54","guid":{"rendered":"http:\/\/www.tvturk.com\/index.php\/elazigsporda-yeni-teknik-direktor-sefer-yilmaz-oldu\/"},"modified":"2019-04-24T16:55:54","modified_gmt":"2019-04-24T13:55:54","slug":"elazigsporda-yeni-teknik-direktor-sefer-yilmaz-oldu","status":"publish","type":"post","link":"http:\/\/www.tvturk.com\/index.php\/elazigsporda-yeni-teknik-direktor-sefer-yilmaz-oldu\/","title":{"rendered":"Elaz\u0131\u011fspor\u2019da yeni Teknik Direkt\u00f6r Sefer Y\u0131lmaz oldu"},"content":{"rendered":"<p>Birevim Elaz\u0131\u011fspor\u2019da yeni Teknik Direkt\u00f6r Sefer Y\u0131lmaz oldu.<\/p>\n<p>Spor Toto 1.Lig ekiplerinden B.Elaz\u0131\u011fspor\u2019da Teknik Direkt\u00f6r Serhat G\u00fclp\u0131nar ile yollar\u0131n ayr\u0131lmas\u0131n\u0131n ard\u0131ndan, kul\u00fcp y\u00f6netimi Sefer Y\u0131lmaz\u2019la anla\u015ft\u0131. Y\u0131lmaz ile sezonun sonuna kadar anla\u015fma yap\u0131ld\u0131\u011f\u0131 ve bug\u00fcn gelerek tak\u0131m\u0131n ba\u015f\u0131na ge\u00e7ti\u011fi \u00f6\u011frenildi.<\/p>\n<p>Bordo-beyazl\u0131 kul\u00fcpten yap\u0131lan a\u00e7\u0131klamada, &#8220;Kul\u00fcb\u00fcm\u00fcz Teknik Direkt\u00f6rl\u00fck konusunda Sefer Y\u0131lmaz ile sezon sonuna kadar anla\u015fma sa\u011flam\u0131\u015ft\u0131r. Yeni Teknik Direkt\u00f6r\u00fcm\u00fcz Sefer Y\u0131lmaz ve ekibine ho\u015f geldin der, ba\u015far\u0131lar dileriz&#8221; ifadelerine yer verildi.<\/p>\n","protected":false},"excerpt":{"rendered":"<p>B\u0130REV\u0130M ELAZI\u011eSPOR&#8217;DA YEN\u0130 TEKN\u0130K D\u0130REKT\u00d6R SEFER YILMAZ OLDU.<\/p>\n","protected":false},"author":1,"featured_media":148157,"comment_status":"closed","ping_status":"open","sticky":false,"template":"","format":"standard","meta":{"jetpack_post_was_ever_published":false,"_jetpack_newsletter_access":"","_jetpack_dont_email_post_to_subs":false,"_jetpack_newsletter_tier_id":0,"_jetpack_memberships_contains_paywalled_content":false,"_jetpack_memberships_contains_paid_content":false,"footnotes":"","jetpack_publicize_message":"","jetpack_publicize_feature_enabled":true,"jetpack_social_post_already_shared":true,"jetpack_social_options":{"image_generator_settings":{"template":"highway","default_image_id":0,"font":"","enabled":false},"version":2}},"categories":[657],"tags":[2083,2658,77,6343,2082,87,4688],"class_list":["post-148156","post","type-post","status-publish","format-standard","has-post-thumbnail","hentry","category-spor","tag-direktor","tag-elazigsporda","tag-oldu","tag-sefer","tag-teknik","tag-yeni","tag-yilmaz"],"jetpack_publicize_connections":[],"jetpack_featured_media_url":"https:\/\/i0.wp.com\/www.tvturk.com\/wp-content\/uploads\/2019\/04\/elazigsporda-yeni-teknik-direktor-sefer-yilmaz-oldu_450b76f.jpg?fit=916%2C1000","jetpack_sharing_enabled":true,"jetpack_shortlink":"https:\/\/wp.me\/paKIfm-CxC","_links":{"self":[{"href":"http:\/\/www.tvturk.com\/index.php\/wp-json\/wp\/v2\/posts\/148156","targetHints":{"allow":["GET"]}}],"collection":[{"href":"http:\/\/www.tvturk.com\/index.php\/wp-json\/wp\/v2\/posts"}],"about":[{"href":"http:\/\/www.tvturk.com\/index.php\/wp-json\/wp\/v2\/types\/post"}],"author":[{"embeddable":true,"href":"http:\/\/www.tvturk.com\/index.php\/wp-json\/wp\/v2\/users\/1"}],"replies":[{"embeddable":true,"href":"http:\/\/www.tvturk.com\/index.php\/wp-json\/wp\/v2\/comments?post=148156"}],"version-history":[{"count":0,"href":"http:\/\/www.tvturk.com\/index.php\/wp-json\/wp\/v2\/posts\/148156\/revisions"}],"wp:featuredmedia":[{"embeddable":true,"href":"http:\/\/www.tvturk.com\/index.php\/wp-json\/wp\/v2\/media\/148157"}],"wp:attachment":[{"href":"http:\/\/www.tvturk.com\/index.php\/wp-json\/wp\/v2\/media?parent=148156"}],"wp:term":[{"taxonomy":"category","embeddable":true,"href":"http:\/\/www.tvturk.com\/index.php\/wp-json\/wp\/v2\/categories?post=148156"},{"taxonomy":"post_tag","embeddable":true,"href":"http:\/\/www.tvturk.com\/index.php\/wp-json\/wp\/v2\/tags?post=148156"}],"curies":[{"name":"wp","href":"https:\/\/api.w.org\/{rel}","templated":true}]}}