{"id":148226,"date":"2019-04-24T19:48:08","date_gmt":"2019-04-24T16:48:08","guid":{"rendered":"http:\/\/www.tvturk.com\/index.php\/akar-ve-cavusoglu-bir-araya-geldi\/"},"modified":"2019-04-24T19:48:08","modified_gmt":"2019-04-24T16:48:08","slug":"akar-ve-cavusoglu-bir-araya-geldi","status":"publish","type":"post","link":"http:\/\/www.tvturk.com\/index.php\/akar-ve-cavusoglu-bir-araya-geldi\/","title":{"rendered":"Akar ve \u00c7avu\u015fo\u011flu bir araya geldi"},"content":{"rendered":"<p>Mill\u00ee Savunma Bakan\u0131 Hulusi Akar ve D\u0131\u015fi\u015fleri Bakan\u0131 Mevl\u00fct \u00c7avu\u015fo\u011flu heyetler aras\u0131 de\u011ferlendirme toplant\u0131s\u0131 yapmak i\u00e7in Milli Savunma Bakanl\u0131\u011f\u0131nda bir araya geldi.<\/p>\n<p>Milli Savunma Bakanl\u0131\u011f\u0131nda yap\u0131lan heyetler aras\u0131 de\u011ferlendirme toplant\u0131s\u0131na Genelkurmay Ba\u015fkan\u0131 Orgeneral Ya\u015far G\u00fcler, Kara Kuvvetleri Komutan\u0131 Orgeneral \u00dcmit D\u00fcndar, Deniz Kuvvetleri Komutan\u0131 Oramiral Adnan \u00d6zbal ve Hava Kuvvetleri Komutan\u0131 Orgeneral Hasan K\u00fc\u00e7\u00fckaky\u00fcz, Milli Savunma Bakan Yard\u0131mc\u0131s\u0131 Yunus Emre Karaosmano\u011flu, D\u0131\u015fi\u015fleri Bakan yard\u0131mc\u0131lar\u0131 Sedat \u00d6nal ve Yavuz Selim K\u0131ran kat\u0131ld\u0131. Her iki bakanl\u0131ktan genel m\u00fcd\u00fcr ve daire ba\u015fkan\u0131 seviyesinde personel de toplant\u0131da haz\u0131r bulundu.<\/p>\n<p>Ege Denizi ve Do\u011fu Akdeniz\u2019deki son geli\u015fmeler ile Suriye\u2019de tesis edilmesi planlanan g\u00fcvenli b\u00f6lge ba\u015fta olmak \u00fczere b\u00f6lgesel g\u00fcvenlik ve d\u0131\u015f ili\u015fkiler konular\u0131n\u0131n ele al\u0131nd\u0131\u011f\u0131 toplant\u0131da, T\u00fcrkiye\u2019nin hak ve menfaatlerinin korunmas\u0131 konusundaki kararl\u0131l\u0131\u011f\u0131 vurguland\u0131.<\/p>\n","protected":false},"excerpt":{"rendered":"<p>M\u0130LL\u00ce SAVUNMA BAKANI HULUS\u0130 AKAR VE DI\u015e\u0130\u015eLER\u0130 BAKANI MEVL\u00dcT \u00c7AVU\u015eO\u011eLU HEYETLER ARASI DE\u011eERLEND\u0130RME TOPLANTISI YAPMAK \u0130\u00c7\u0130N M\u0130LL\u0130 SAVUNMA BAKANLI\u011eINDA B\u0130R ARAYA GELD\u0130.<\/p>\n","protected":false},"author":1,"featured_media":148227,"comment_status":"closed","ping_status":"open","sticky":false,"template":"","format":"standard","meta":{"jetpack_post_was_ever_published":false,"_jetpack_newsletter_access":"","_jetpack_dont_email_post_to_subs":false,"_jetpack_newsletter_tier_id":0,"_jetpack_memberships_contains_paywalled_content":false,"_jetpack_memberships_contains_paid_content":false,"footnotes":"","jetpack_publicize_message":"","jetpack_publicize_feature_enabled":true,"jetpack_social_post_already_shared":true,"jetpack_social_options":{"image_generator_settings":{"template":"highway","default_image_id":0,"font":"","enabled":false},"version":2}},"categories":[1],"tags":[11703,126,125,1499,127],"class_list":["post-148226","post","type-post","status-publish","format-standard","has-post-thumbnail","hentry","category-genel","tag-akar","tag-araya","tag-bir","tag-cavusoglu","tag-geldi"],"jetpack_publicize_connections":[],"jetpack_featured_media_url":"https:\/\/i0.wp.com\/www.tvturk.com\/wp-content\/uploads\/2019\/04\/akar-ve-cavusoglu-bir-araya-geldi_2a1f754.jpg?fit=856%2C600","jetpack_sharing_enabled":true,"jetpack_shortlink":"https:\/\/wp.me\/paKIfm-CyK","_links":{"self":[{"href":"http:\/\/www.tvturk.com\/index.php\/wp-json\/wp\/v2\/posts\/148226","targetHints":{"allow":["GET"]}}],"collection":[{"href":"http:\/\/www.tvturk.com\/index.php\/wp-json\/wp\/v2\/posts"}],"about":[{"href":"http:\/\/www.tvturk.com\/index.php\/wp-json\/wp\/v2\/types\/post"}],"author":[{"embeddable":true,"href":"http:\/\/www.tvturk.com\/index.php\/wp-json\/wp\/v2\/users\/1"}],"replies":[{"embeddable":true,"href":"http:\/\/www.tvturk.com\/index.php\/wp-json\/wp\/v2\/comments?post=148226"}],"version-history":[{"count":0,"href":"http:\/\/www.tvturk.com\/index.php\/wp-json\/wp\/v2\/posts\/148226\/revisions"}],"wp:featuredmedia":[{"embeddable":true,"href":"http:\/\/www.tvturk.com\/index.php\/wp-json\/wp\/v2\/media\/148227"}],"wp:attachment":[{"href":"http:\/\/www.tvturk.com\/index.php\/wp-json\/wp\/v2\/media?parent=148226"}],"wp:term":[{"taxonomy":"category","embeddable":true,"href":"http:\/\/www.tvturk.com\/index.php\/wp-json\/wp\/v2\/categories?post=148226"},{"taxonomy":"post_tag","embeddable":true,"href":"http:\/\/www.tvturk.com\/index.php\/wp-json\/wp\/v2\/tags?post=148226"}],"curies":[{"name":"wp","href":"https:\/\/api.w.org\/{rel}","templated":true}]}}