{"id":148246,"date":"2019-04-24T21:58:54","date_gmt":"2019-04-24T18:58:54","guid":{"rendered":"http:\/\/www.tvturk.com\/index.php\/37-yildir-kayip-irakli-askerin-cesedini-seller-ulkesine-geri-getirdi\/"},"modified":"2019-04-24T21:58:54","modified_gmt":"2019-04-24T18:58:54","slug":"37-yildir-kayip-irakli-askerin-cesedini-seller-ulkesine-geri-getirdi","status":"publish","type":"post","link":"http:\/\/www.tvturk.com\/index.php\/37-yildir-kayip-irakli-askerin-cesedini-seller-ulkesine-geri-getirdi\/","title":{"rendered":"37 y\u0131ld\u0131r kay\u0131p Irakl\u0131 askerin cesedini seller \u00fclkesine geri getirdi"},"content":{"rendered":"<p>\u0130ran\u2019da etkili olan ya\u011f\u0131\u015flar\u0131n neden oldu\u011fu sel sular\u0131, 37 y\u0131ld\u0131r kay\u0131p olan Irakl\u0131 askerin cesedini \u00fclkesine s\u00fcr\u00fckledi.<\/p>\n<p>\u0130ran\u2019\u0131n do\u011fusunu olumsuz etkileyen ve binlerce k\u00f6y\u00fcn sular alt\u0131nda kalmas\u0131na yol a\u00e7an sel felaketi, ilgin\u00e7 bir olaya neden oldu. 8 y\u0131l s\u00fcren Irak-\u0130ran sava\u015f\u0131nda 1982 y\u0131l\u0131nda kaybolan Irakl\u0131 asker Abd\u00fclemir Hac\u0131 Cebbar Cadiri\u2019den 37 y\u0131ld\u0131r haber al\u0131namad\u0131. Irak\u2019\u0131 da etkileye sel sular\u0131 kay\u0131p askerin cesedini Irak\u2019\u0131n Misan kentine ba\u011fl\u0131 Me\u015frah il\u00e7esi yak\u0131nlar\u0131na s\u00fcr\u00fckledi. Boyun k\u00fcnyesi, kolundaki saati ve baz\u0131 e\u015fyalar\u0131n\u0131n da bulunmas\u0131yla cesedin kay\u0131p Cadiri\u2019ye ait oldu\u011fu kan\u0131tland\u0131. 1971 y\u0131l\u0131nda Irak ordusuna kat\u0131lan Cadiri\u2019nin \u00fclkesine geri d\u00f6nen cesedi Zikar iline ba\u011fl\u0131 Fecir nahiyesinde topra\u011fa verildi.<\/p>\n<p>Irak ordusunun 1982 y\u0131l\u0131nda baz\u0131 \u0130ran kentlerini i\u015fgal etti\u011fi s\u0131rada kaybolan askerin cenazesine ula\u015f\u0131lmay\u0131nca kay\u0131p olarak kabul edildi. Ailesi ondan umudunu kesti ama cenazesini memleketinde g\u00f6mmek istedi. Ailenin bu dile\u011fi \u0130ran\u2019\u0131 basan sel sular\u0131 sayesinde ger\u00e7ekle\u015ftirdi.<\/p>\n","protected":false},"excerpt":{"rendered":"<p>8 YIL S\u00dcREN IRAK-\u0130RAN SAVA\u015eINDA 1982 YILINDA KAYBOLAN IRAKLI ASKER ABD\u00dcLEM\u0130R HACI CEBBAR CAD\u0130R\u0130\u2019DEN 37 YILDIR HABER ALINAMADI. IRAK\u2019I DA ETK\u0130LEYE SEL SULARI KAYIP ASKER\u0130N CESED\u0130N\u0130 IRAK\u2019IN M\u0130SAN KENT\u0130NE BA\u011eLI ME\u015eRAH \u0130L\u00c7ES\u0130 YAKINLARINA S\u00dcR\u00dcKLED\u0130. BOYUN K\u00dcNYES\u0130, KOLUNDAK\u0130 SAAT\u0130 VE BAZI E\u015eYALARININ DA BULUNMASIYLA CESED\u0130N KAYIP CAD\u0130R\u0130\u2019YE A\u0130T OLDU\u011eU KANITLANDI. 1971 YILINDA IRAK ORDUSUNA KATILAN CAD\u0130R\u0130\u2019N\u0130N \u00dcLKES\u0130NE GER\u0130 D\u00d6NEN CESED\u0130 Z\u0130KAR \u0130L\u0130NE BA\u011eLI FEC\u0130R NAH\u0130YES\u0130NDE TOPRA\u011eA VER\u0130LD\u0130.<\/p>\n","protected":false},"author":1,"featured_media":148247,"comment_status":"closed","ping_status":"open","sticky":false,"template":"","format":"standard","meta":{"jetpack_post_was_ever_published":false,"_jetpack_newsletter_access":"","_jetpack_dont_email_post_to_subs":false,"_jetpack_newsletter_tier_id":0,"_jetpack_memberships_contains_paywalled_content":false,"_jetpack_memberships_contains_paid_content":false,"footnotes":"","jetpack_publicize_message":"","jetpack_publicize_feature_enabled":true,"jetpack_social_post_already_shared":true,"jetpack_social_options":{"image_generator_settings":{"template":"highway","default_image_id":0,"font":"","enabled":false},"version":2}},"categories":[10],"tags":[27605,33006,592,1356,6065,952,33007,20431,1682],"class_list":["post-148246","post","type-post","status-publish","format-standard","has-post-thumbnail","hentry","category-dunya","tag-askerin","tag-cesedini","tag-geri","tag-getirdi","tag-irakli","tag-kayip","tag-seller","tag-ulkesine","tag-yildir"],"jetpack_publicize_connections":[],"jetpack_featured_media_url":"https:\/\/i0.wp.com\/www.tvturk.com\/wp-content\/uploads\/2019\/04\/37-yildir-kayip-irakli-askerin-cesedini-seller-ulkesine-geri-getirdi_29dc243.jpg?fit=400%2C720","jetpack_sharing_enabled":true,"jetpack_shortlink":"https:\/\/wp.me\/paKIfm-Cz4","_links":{"self":[{"href":"http:\/\/www.tvturk.com\/index.php\/wp-json\/wp\/v2\/posts\/148246","targetHints":{"allow":["GET"]}}],"collection":[{"href":"http:\/\/www.tvturk.com\/index.php\/wp-json\/wp\/v2\/posts"}],"about":[{"href":"http:\/\/www.tvturk.com\/index.php\/wp-json\/wp\/v2\/types\/post"}],"author":[{"embeddable":true,"href":"http:\/\/www.tvturk.com\/index.php\/wp-json\/wp\/v2\/users\/1"}],"replies":[{"embeddable":true,"href":"http:\/\/www.tvturk.com\/index.php\/wp-json\/wp\/v2\/comments?post=148246"}],"version-history":[{"count":0,"href":"http:\/\/www.tvturk.com\/index.php\/wp-json\/wp\/v2\/posts\/148246\/revisions"}],"wp:featuredmedia":[{"embeddable":true,"href":"http:\/\/www.tvturk.com\/index.php\/wp-json\/wp\/v2\/media\/148247"}],"wp:attachment":[{"href":"http:\/\/www.tvturk.com\/index.php\/wp-json\/wp\/v2\/media?parent=148246"}],"wp:term":[{"taxonomy":"category","embeddable":true,"href":"http:\/\/www.tvturk.com\/index.php\/wp-json\/wp\/v2\/categories?post=148246"},{"taxonomy":"post_tag","embeddable":true,"href":"http:\/\/www.tvturk.com\/index.php\/wp-json\/wp\/v2\/tags?post=148246"}],"curies":[{"name":"wp","href":"https:\/\/api.w.org\/{rel}","templated":true}]}}