{"id":148451,"date":"2019-04-25T11:44:07","date_gmt":"2019-04-25T08:44:07","guid":{"rendered":"http:\/\/www.tvturk.com\/index.php\/gokten-camur-yagdi-oto-yikamacilar-bayram-etti\/"},"modified":"2019-04-25T11:44:07","modified_gmt":"2019-04-25T08:44:07","slug":"gokten-camur-yagdi-oto-yikamacilar-bayram-etti","status":"publish","type":"post","link":"http:\/\/www.tvturk.com\/index.php\/gokten-camur-yagdi-oto-yikamacilar-bayram-etti\/","title":{"rendered":"G\u00f6kten \u00e7amur ya\u011fd\u0131, oto y\u0131kamac\u0131lar bayram etti"},"content":{"rendered":"<p>Kuzey Afrika kaynakl\u0131 toz ta\u015f\u0131n\u0131m\u0131n\u0131n etkisiyle \u0130zmir\u2019e de adeta \u00e7amur ya\u011fd\u0131. Arabalar\u0131n\u0131 \u00e7amur i\u00e7inde g\u00f6ren ara\u00e7 sahipleri, oto y\u0131kamac\u0131lara ak\u0131n etti.<\/p>\n<p>\u00dclkenin bat\u0131 kesimleri d\u00fcn ak\u015fam saatlerinden itibaren Kuzey Afrika kaynakl\u0131 toz ta\u015f\u0131n\u0131m\u0131n\u0131n etkisine girdi. \u0130zmir de bu do\u011fa olay\u0131ndan nasibini ald\u0131. G\u00f6kten adeta \u00e7amur ya\u011farken, ara\u00e7 sahipleri sabah uyand\u0131klar\u0131nda arabalar\u0131n\u0131 \u00e7amur i\u00e7inde buldu. Vatanda\u015flar, ara\u00e7lar\u0131n\u0131 oto y\u0131kamac\u0131lara g\u00f6t\u00fcrerek y\u0131katmak durumunda kald\u0131.<\/p>\n<p>&#8220;\u00c7amur en \u00e7ok bizim i\u015fimize yarad\u0131&#8221;<\/p>\n<p>15 y\u0131ld\u0131r oto y\u0131kama i\u015finde oldu\u011funu belirten Kerem Vazge\u00e7, \u201cYa\u011fan \u00e7amur en \u00e7ok bizim i\u015fimize yarad\u0131. G\u00fcnde 100 ara\u00e7 y\u0131kamaya gelirken bug\u00fcn bu say\u0131 200\u2019e \u00e7\u0131kt\u0131. \u0130\u015flerimiz yo\u011fun. \u0130nsanlar \u00e7amurlanan ara\u00e7lar\u0131 y\u0131katmaya geliyor. D\u00fcn gelen ara\u00e7 sahipleri bug\u00fcn yine geldi\u201d dedi.<\/p>\n<p>&#8220;Her yer \u00e7amur olmu\u015ftu&#8221;<\/p>\n<p>Sabah kalkt\u0131\u011f\u0131nda arabas\u0131nda temiz yer g\u00f6r\u00fcnmedi\u011fini kaydeden s\u00fcr\u00fcc\u00fc Mehmet Akay, \u201cHer yer \u00e7amur olmu\u015ftu. Evime yak\u0131n olan y\u0131kamac\u0131ya geldim. Camlar\u0131n temiz olmas\u0131 gerekiyor. \u0130zmir trafi\u011fi yo\u011fun oldu\u011fu i\u00e7in arabay\u0131 y\u0131katmadan bir yere \u00e7\u0131kamazd\u0131m\u201d derken, Seyhan Ak\u00e7ay\u00fczl\u00fc de, \u201cArabam\u0131 s\u00fcrekli y\u0131katan biriyim. \u00c7amur ya\u011f\u0131nca kimsenin yapacak bir \u015feyi yok. Arabam\u0131 y\u0131kat\u0131p i\u015flerimi halledece\u011fim\u201d diye konu\u015ftu. Mustafa Ayk\u00fcl de, \u201c\u0130zmir\u2019in bu havas\u0131 maalesef her taraf\u0131 peri\u015fan etti. Sabah kalkt\u0131\u011f\u0131m\u0131zda arabam\u0131z \u00e7amur i\u00e7indeydi. Arabam\u0131 her zaman y\u0131katt\u0131\u011f\u0131m yere getirdim\u201d ifadelerini kulland\u0131.<\/p>\n","protected":false},"excerpt":{"rendered":"<p>KUZEY AFR\u0130KA KAYNAKLI TOZ TA\u015eINIMININ ETK\u0130S\u0130YLE \u0130ZM\u0130R\u2019E DE ADETA \u00c7AMUR YA\u011eDI. ARABALARINI \u00c7AMUR \u0130\u00c7\u0130NDE G\u00d6REN ARA\u00c7 SAH\u0130PLER\u0130, OTO YIKAMACILARA AKIN ETT\u0130.<\/p>\n","protected":false},"author":1,"featured_media":148452,"comment_status":"closed","ping_status":"open","sticky":false,"template":"","format":"standard","meta":{"jetpack_post_was_ever_published":false,"_jetpack_newsletter_access":"","_jetpack_dont_email_post_to_subs":false,"_jetpack_newsletter_tier_id":0,"_jetpack_memberships_contains_paywalled_content":false,"_jetpack_memberships_contains_paid_content":false,"footnotes":"","jetpack_publicize_message":"","jetpack_publicize_feature_enabled":true,"jetpack_social_post_already_shared":true,"jetpack_social_options":{"image_generator_settings":{"template":"highway","default_image_id":0,"font":"","enabled":false},"version":2}},"categories":[1],"tags":[23995,14848,207,33100,10158,6375,33101],"class_list":["post-148451","post","type-post","status-publish","format-standard","has-post-thumbnail","hentry","category-genel","tag-bayram","tag-camur","tag-etti","tag-gokten","tag-oto","tag-yagdi","tag-yikamacilar"],"jetpack_publicize_connections":[],"jetpack_featured_media_url":"https:\/\/i0.wp.com\/www.tvturk.com\/wp-content\/uploads\/2019\/04\/gokten-camur-yagdi-oto-yikamacilar-bayram-etti_6fae5ee.jpg?fit=1000%2C562","jetpack_sharing_enabled":true,"jetpack_shortlink":"https:\/\/wp.me\/paKIfm-CCn","_links":{"self":[{"href":"http:\/\/www.tvturk.com\/index.php\/wp-json\/wp\/v2\/posts\/148451","targetHints":{"allow":["GET"]}}],"collection":[{"href":"http:\/\/www.tvturk.com\/index.php\/wp-json\/wp\/v2\/posts"}],"about":[{"href":"http:\/\/www.tvturk.com\/index.php\/wp-json\/wp\/v2\/types\/post"}],"author":[{"embeddable":true,"href":"http:\/\/www.tvturk.com\/index.php\/wp-json\/wp\/v2\/users\/1"}],"replies":[{"embeddable":true,"href":"http:\/\/www.tvturk.com\/index.php\/wp-json\/wp\/v2\/comments?post=148451"}],"version-history":[{"count":0,"href":"http:\/\/www.tvturk.com\/index.php\/wp-json\/wp\/v2\/posts\/148451\/revisions"}],"wp:featuredmedia":[{"embeddable":true,"href":"http:\/\/www.tvturk.com\/index.php\/wp-json\/wp\/v2\/media\/148452"}],"wp:attachment":[{"href":"http:\/\/www.tvturk.com\/index.php\/wp-json\/wp\/v2\/media?parent=148451"}],"wp:term":[{"taxonomy":"category","embeddable":true,"href":"http:\/\/www.tvturk.com\/index.php\/wp-json\/wp\/v2\/categories?post=148451"},{"taxonomy":"post_tag","embeddable":true,"href":"http:\/\/www.tvturk.com\/index.php\/wp-json\/wp\/v2\/tags?post=148451"}],"curies":[{"name":"wp","href":"https:\/\/api.w.org\/{rel}","templated":true}]}}