{"id":14852,"date":"2019-02-09T11:49:46","date_gmt":"2019-02-09T08:49:46","guid":{"rendered":"http:\/\/www.tvturk.com\/index.php\/zeybekci-ilce-ziyaretlerini-surduruyor\/"},"modified":"2019-02-09T11:49:50","modified_gmt":"2019-02-09T08:49:50","slug":"zeybekci-ilce-ziyaretlerini-surduruyor","status":"publish","type":"post","link":"http:\/\/www.tvturk.com\/index.php\/zeybekci-ilce-ziyaretlerini-surduruyor\/","title":{"rendered":"Zeybekci, il\u00e7e ziyaretlerini s\u00fcrd\u00fcr\u00fcyor"},"content":{"rendered":"<p>AK Parti \u0130zmir B\u00fcy\u00fck\u015fehir Belediye Ba\u015fkan Aday\u0131 Nihat Zeybekci, Seferihisar, Menemen ve Kemalpa\u015fa\u2019da vatanda\u015flar\u0131n sorunlar\u0131n\u0131 dinledi, \u0130zmir\u2019e sahip \u00e7\u0131kmalar\u0131n\u0131 istedi.<\/p>\n<p>AK Parti \u0130zmir B\u00fcy\u00fck\u015fehir Belediye Ba\u015fkan Aday\u0131 Nihat Zeybekci, Seferihisar\u2019da vatanda\u015flarla bir araya geldi. Onlar\u0131n sorunlar\u0131n\u0131 dinleyen Zeybekci, AK Parti ve MHP \u0130l\u00e7e te\u015fkilatlar\u0131n\u0131 da ziyaret ederken, ayr\u0131ca partililer ve \u00fcreticilerin bulundu\u011fu toplant\u0131ya kat\u0131ld\u0131 ve T\u00fcrkiye Kamu-Sen \u0130zmir \u015eubesinin a\u00e7\u0131l\u0131\u015f\u0131n\u0131 yapt\u0131. Menemen\u2019de sivil toplum kurulu\u015flar\u0131 temsilcileri, sanayiciler, muhtarlar ve vatanda\u015flar\u0131n kat\u0131ld\u0131\u011f\u0131 programda konu\u015fan Zeybekci, ak\u015fam saatlerinde akademisyenlerle toplant\u0131 yapt\u0131. AK Parti aday\u0131n\u0131n bir sonraki dura\u011f\u0131 ise Kemalpa\u015fa il\u00e7esi oldu.<\/p>\n<p>&#8220;Bir \u0130zmir ger\u00e7e\u011fi var&#8221;<\/p>\n<p>Seferihisar\u2019da vatanda\u015flar\u0131n sorunlar\u0131n\u0131 dinleyen Zeybekci, kente sahip \u00e7\u0131karak oylar\u0131n\u0131 \u0130zmir i\u00e7in kullanmalar\u0131n\u0131 istedi. AK Parti ve MHP \u0130l\u00e7e te\u015fkilatlar\u0131n\u0131 da ziyaret eden Zeybekci, ayr\u0131ca partililer ve \u00fcreticilerin bulundu\u011fu toplant\u0131ya kat\u0131ld\u0131. Nihat Zeybekci, \u0130zmir\u2019in sorunlar\u0131n\u0131n her ge\u00e7en g\u00fcn daha zor \u00e7\u00f6z\u00fcl\u00fcr hale geldi\u011fini, \u00e7\u00f6z\u00fcm i\u00e7erikli projeleri 10 ba\u015fl\u0131k alt\u0131nda halka a\u00e7\u0131klad\u0131klar\u0131n\u0131 belirtti. \u0130zmirliler\u2019in iradesine sayg\u0131 g\u00f6sterdi\u011fini, g\u00f6reve getirilmi\u015f ki\u015fiye yine \u0130zmirliler\u2019in s\u00f6z s\u00f6yleyebilece\u011fini ifade eden Zeybekci, \u201cAma bir \u0130zmir ger\u00e7e\u011fi var. Bir \u0130zmir resmi \u00e7ekip ortaya koyuyoruz. Bu d\u00f6neme \u00e7\u00f6plerini da\u011flara tepelere atan ba\u015fka \u015fehir kald\u0131 m\u0131? Ya\u011fmur sular\u0131 kanalizasyon aktar\u0131l\u0131yor, metrekareye 5 litrenin \u00fczerinde ya\u011fmur d\u00fc\u015ft\u00fc\u011f\u00fcnde ar\u0131tma otomatik olarak devre d\u0131\u015f\u0131 kal\u0131yor ve k\u00f6rfeze at\u0131l\u0131yor\u201d diye konu\u015ftu.<\/p>\n<p>&#8220;5 benzemez bir araya geldi\u201d<\/p>\n<p>T\u00fcrkiye Kamu-Sen \u0130zmir \u015eubesi a\u00e7\u0131l\u0131\u015f\u0131nda konu\u015fan Zeybekci, \u201cSizler mevzu bahis vatan, millet oldu\u011funda gerisi teferruatt\u0131r yakla\u015f\u0131m\u0131 sergiliyorsunuz. T\u00fcrkiye\u2019de siyaset art\u0131k iki kanat \u00fczerinden yap\u0131l\u0131yor. Milli duru\u015f sergileyenler ayn\u0131 \u015femsiye alt\u0131nda toplan\u0131yor. Di\u011fer tarafta ise 5 benzemez bir araya geldi\u201d dedi.<\/p>\n<p>&#8220;Seferberlik&#8221;<\/p>\n<p>Nihat Zeybekci, Menemen\u2019de AK Parti ve MHP il\u00e7e te\u015fkilat\u0131 taraf\u0131ndan organize edilen, sivil toplum kurulu\u015flar\u0131 temsilcileri, sanayiciler, muhtarlar ve vatanda\u015flar\u0131n kat\u0131ld\u0131\u011f\u0131 toplant\u0131da \u015funlar\u0131 s\u00f6yledi: \u201c\u0130zmir\u2019in kaybolan y\u0131llar\u0131n\u0131 geri kazand\u0131rma, Gazi Mustafa Kemal Atat\u00fcrk\u2019\u00fcn i\u015faret etti\u011fi muas\u0131r medeniyet hedefine ta\u015f\u0131ma amac\u0131yla aday oldum. Hep ayn\u0131 \u015feyi yap\u0131p da farkl\u0131 sonu\u00e7 beklenir mi? Tabiat kural\u0131na ayk\u0131r\u0131. Zaman kaybetmemek i\u00e7in oyunuzu \u0130zmir\u2019e, gelece\u011finize verin.\u201d \u201c10 numara \u0130zmir\u201d slogan\u0131yla tan\u0131tt\u0131\u011f\u0131 projelerin \u0130zmir\u2019i gelece\u011fe ta\u015f\u0131yaca\u011f\u0131n\u0131 ifade eden Zeybekci, \u0130zmirlilere bu konuda s\u00f6z verdi\u011fini 1 Nisan\u2019dan itibaren s\u00f6z\u00fcn\u00fc yerine getirmek i\u00e7in adeta seferberlik ilan ederek \u00e7al\u0131\u015fmalara ba\u015flayaca\u011f\u0131n\u0131 s\u00f6yledi.<\/p>\n<p>Akademisyenlerle toplant\u0131<\/p>\n<p>Ak\u015fam akademisyenler toplant\u0131s\u0131na kat\u0131lan Zeybekci, \u0130zmir adayl\u0131\u011f\u0131 \u00fczerine, hem\u015fehri derneklerinden vak\u0131flara, \u00fcniversitelerinden sivil toplum kurulu\u015flar\u0131na, ya\u015fl\u0131s\u0131ndan gencine, \u00e7al\u0131\u015fan\u0131ndan \u00f6\u011frencisine kadar farkl\u0131 kesimleri dinlediklerini belirtti. Zeybekci \u015f\u00f6yle konu\u015ftu: \u201c\u0130zmir\u2019in \u00f6n\u00fcne bir \u015feyler koymak istedik. Altyap\u0131, \u00fcstyap\u0131, \u00e7evre, ula\u015f\u0131m gibi her alanda net tespit edilen temel problemler var. Projelerimizle bu problemleri \u00e7\u00f6zece\u011fiz. Bunun yan\u0131nda insana dokunan \u0130zmir\u2019i gelece\u011fe haz\u0131rlayan projelerimizi de hayata ge\u00e7irece\u011fiz. Bilgi ve teknolojiyi \u00fcretenler ve t\u00fcketenler olarak d\u00fcnya bug\u00fcn ikiye ayr\u0131l\u0131yor. Ya \u00fcreteceksiniz ya da t\u00fcketeceksiniz. Projelerimiz aras\u0131ndaki Bilim Teknoloji ve Yaz\u0131l\u0131m Vadisi, \u0130zmir Y\u00fcksek Teknoloji \u00dcniversitesinin arazisi i\u00e7inde yakla\u015f\u0131k 40 bin d\u00f6n\u00fcm alanda hayat bulacak. Bunun i\u00e7in gerekli hukuki altyap\u0131y\u0131 haz\u0131rlamak ve proje bazl\u0131 te\u015fvikleri haz\u0131rlamak gerekiyor. Zaten bakanl\u0131\u011f\u0131m d\u00f6nemimde bunlara y\u00f6nelik \u00f6nemli \u00e7al\u0131\u015fmalar\u0131 hayata ge\u00e7irdik. Ayr\u0131ca burada vergi, enerji, \u00e7al\u0131\u015fma izinleri, bankac\u0131l\u0131k konular\u0131nda avantajlar olu\u015fturaca\u011f\u0131z ve bu b\u00f6lgeyi yat\u0131r\u0131mc\u0131 i\u00e7in cazip hale getirece\u011fiz. D\u00fcnyan\u0131n ilgisini bu b\u00f6lge \u00e7ekecek.\u201d<\/p>\n<p>Kemalpa\u015fa\u2019da konsere kat\u0131ld\u0131<\/p>\n<p>Kemalpa\u015fa MHP \u0130l\u00e7e Ba\u015fkanl\u0131\u011f\u0131 taraf\u0131ndan d\u00fczenlenen \u201cAhmet \u015eafak ile Mesele Memleket Meselesi\u201d gecesine kat\u0131lan Zeybekci, millete hizmetkar olmaya talip olduklar\u0131n\u0131 s\u00f6yledi. \u0130zmir\u2019in bir sevda meselesi oldu\u011funu, \u0130zmirlilerle birlikte bir destan yazmak i\u00e7in yola \u00e7\u0131kt\u0131klar\u0131n\u0131 aktaran Zeybekci, Cumhurba\u015fkan\u0131 Erdo\u011fan ile MHP lideri Bah\u00e7eli\u2019nin memleket i\u00e7in bir araya geldi\u011fini, Cumhur \u0130ttifak\u0131na g\u00f6n\u00fcl veren herkesin de \u0130zmir i\u00e7in \u00e7al\u0131\u015fmas\u0131n\u0131 bekledi\u011fini s\u00f6yledi. AK Parti \u0130zmir \u0130l Ba\u015fkan\u0131 Ayd\u0131n \u015eeng\u00fcl ile MHP \u0130zmir \u0130l Ba\u015fkan\u0131 Veysi \u015eahin de herkesin belediye ba\u015fkan\u0131 aday\u0131 gibi sorumlulu\u011fu \u00fczerine alarak 31 Mart\u2019a haz\u0131rlanmas\u0131 gerekti\u011fini belirtti. CHP aday\u0131n\u0131n HDP\u2019ye destek veren a\u00e7\u0131klamalar\u0131n\u0131 k\u0131nayan Ayd\u0131n \u015eeng\u00fcl, \u201cBirileri devlete kur\u015fun s\u0131kanlarla ittifak yap\u0131yor, mesele koltuk makam meselesi de\u011fil\u201d dedi.<div class=\"tiled-gallery type-rectangular tiled-gallery-unresized\" data-original-width=\"500\" data-carousel-extra='null' itemscope itemtype=\"http:\/\/schema.org\/ImageGallery\" > <div class=\"gallery-row\" style=\"width: 500px; height: 224px;\" data-original-width=\"500\" data-original-height=\"224\" > <div class=\"gallery-group images-1\" style=\"width: 334px; height: 224px;\" data-original-width=\"334\" data-original-height=\"224\" > <div class=\"tiled-gallery-item tiled-gallery-item-large\" itemprop=\"associatedMedia\" itemscope itemtype=\"http:\/\/schema.org\/ImageObject\"> <a href=\"http:\/\/www.tvturk.com\/index.php\/zeybekci-ilce-ziyaretlerini-surduruyor\/zeybekci-ilce-ziyaretlerini-surduruyor-3\/\" border=\"0\" itemprop=\"url\"> <meta itemprop=\"width\" content=\"330\"> <meta itemprop=\"height\" content=\"220\"> <img decoding=\"async\" class=\"\" data-attachment-id=\"14854\" data-orig-file=\"http:\/\/www.tvturk.com\/wp-content\/uploads\/2019\/02\/zeybekci-ilce-ziyaretlerini-surduruyor_7349035.jpg\" data-orig-size=\"1000,666\" data-comments-opened=\"\" data-image-meta=\"{&quot;aperture&quot;:&quot;0&quot;,&quot;credit&quot;:&quot;IHA&quot;,&quot;camera&quot;:&quot;&quot;,&quot;caption&quot;:&quot;AK PART\\u0130 \\u0130ZM\\u0130R B\\u00dcY\\u00dcK\\u015eEH\\u0130R BELED\\u0130YE BA\\u015eKAN ADAYI N\\u0130HAT ZEYBEKC\\u0130, SEFER\\u0130H\\u0130SAR, MENEMEN VE KEMALPA\\u015eA\\u0027DA VATANDA\\u015eLARIN SORUNLARINI D\\u0130NLED\\u0130 (\\u0130HA\\\/\\u0130ZM\\u0130R-\\u0130HA)&quot;,&quot;created_timestamp&quot;:&quot;0&quot;,&quot;copyright&quot;:&quot;\\u0130HLAS HABER AJANSI, www.iha.com.tr&quot;,&quot;focal_length&quot;:&quot;0&quot;,&quot;iso&quot;:&quot;0&quot;,&quot;shutter_speed&quot;:&quot;0&quot;,&quot;title&quot;:&quot;ZEYBEKC\\u0130, \\u0130L\\u00c7E Z\\u0130YARETLER\\u0130N\\u0130 S\\u00dcRD\\u00dcR\\u00dcYOR&quot;,&quot;orientation&quot;:&quot;0&quot;}\" data-image-title=\"Zeybekci, il\u00e7e ziyaretlerini s\u00fcrd\u00fcr\u00fcyor\" data-image-description=\"&lt;p&gt;Zeybekci, il\u00e7e ziyaretlerini s\u00fcrd\u00fcr\u00fcyor&lt;\/p&gt; \" data-medium-file=\"https:\/\/i0.wp.com\/www.tvturk.com\/wp-content\/uploads\/2019\/02\/zeybekci-ilce-ziyaretlerini-surduruyor_7349035.jpg?fit=300%2C200\" data-large-file=\"https:\/\/i0.wp.com\/www.tvturk.com\/wp-content\/uploads\/2019\/02\/zeybekci-ilce-ziyaretlerini-surduruyor_7349035.jpg?fit=1000%2C666\" src=\"https:\/\/i0.wp.com\/www.tvturk.com\/wp-content\/uploads\/2019\/02\/zeybekci-ilce-ziyaretlerini-surduruyor_7349035.jpg?w=330&#038;h=220\" srcset=\"https:\/\/i0.wp.com\/www.tvturk.com\/wp-content\/uploads\/2019\/02\/zeybekci-ilce-ziyaretlerini-surduruyor_7349035.jpg?w=1000 1000w, https:\/\/i0.wp.com\/www.tvturk.com\/wp-content\/uploads\/2019\/02\/zeybekci-ilce-ziyaretlerini-surduruyor_7349035.jpg?resize=150%2C100 150w, https:\/\/i0.wp.com\/www.tvturk.com\/wp-content\/uploads\/2019\/02\/zeybekci-ilce-ziyaretlerini-surduruyor_7349035.jpg?resize=300%2C200 300w, https:\/\/i0.wp.com\/www.tvturk.com\/wp-content\/uploads\/2019\/02\/zeybekci-ilce-ziyaretlerini-surduruyor_7349035.jpg?resize=768%2C511 768w, https:\/\/i0.wp.com\/www.tvturk.com\/wp-content\/uploads\/2019\/02\/zeybekci-ilce-ziyaretlerini-surduruyor_7349035.jpg?resize=170%2C113 170w, https:\/\/i0.wp.com\/www.tvturk.com\/wp-content\/uploads\/2019\/02\/zeybekci-ilce-ziyaretlerini-surduruyor_7349035.jpg?resize=120%2C80 120w\" width=\"330\" height=\"220\" loading=\"lazy\" data-original-width=\"330\" data-original-height=\"220\" itemprop=\"http:\/\/schema.org\/image\" title=\"Zeybekci, il\u00e7e ziyaretlerini s\u00fcrd\u00fcr\u00fcyor\" alt=\"Zeybekci, il\u00e7e ziyaretlerini s\u00fcrd\u00fcr\u00fcyor\" style=\"width: 330px; height: 220px;\" \/> <\/a> <\/div> <\/div> <!-- close group --> <div class=\"gallery-group images-2\" style=\"width: 166px; height: 224px;\" data-original-width=\"166\" data-original-height=\"224\" > <div class=\"tiled-gallery-item tiled-gallery-item-small\" itemprop=\"associatedMedia\" itemscope itemtype=\"http:\/\/schema.org\/ImageObject\"> <a href=\"http:\/\/www.tvturk.com\/index.php\/zeybekci-ilce-ziyaretlerini-surduruyor\/zeybekci-ilce-ziyaretlerini-surduruyor-4\/\" border=\"0\" itemprop=\"url\"> <meta itemprop=\"width\" content=\"162\"> <meta itemprop=\"height\" content=\"108\"> <img decoding=\"async\" class=\"\" data-attachment-id=\"14855\" data-orig-file=\"http:\/\/www.tvturk.com\/wp-content\/uploads\/2019\/02\/zeybekci-ilce-ziyaretlerini-surduruyor_db5e033.jpg\" data-orig-size=\"1000,666\" data-comments-opened=\"\" data-image-meta=\"{&quot;aperture&quot;:&quot;0&quot;,&quot;credit&quot;:&quot;IHA&quot;,&quot;camera&quot;:&quot;&quot;,&quot;caption&quot;:&quot;AK PART\\u0130 \\u0130ZM\\u0130R B\\u00dcY\\u00dcK\\u015eEH\\u0130R BELED\\u0130YE BA\\u015eKAN ADAYI N\\u0130HAT ZEYBEKC\\u0130, SEFER\\u0130H\\u0130SAR, MENEMEN VE KEMALPA\\u015eA\\u0027DA VATANDA\\u015eLARIN SORUNLARINI D\\u0130NLED\\u0130 (\\u0130HA\\\/\\u0130ZM\\u0130R-\\u0130HA)&quot;,&quot;created_timestamp&quot;:&quot;0&quot;,&quot;copyright&quot;:&quot;\\u0130HLAS HABER AJANSI, www.iha.com.tr&quot;,&quot;focal_length&quot;:&quot;0&quot;,&quot;iso&quot;:&quot;0&quot;,&quot;shutter_speed&quot;:&quot;0&quot;,&quot;title&quot;:&quot;ZEYBEKC\\u0130, \\u0130L\\u00c7E Z\\u0130YARETLER\\u0130N\\u0130 S\\u00dcRD\\u00dcR\\u00dcYOR&quot;,&quot;orientation&quot;:&quot;0&quot;}\" data-image-title=\"Zeybekci, il\u00e7e ziyaretlerini s\u00fcrd\u00fcr\u00fcyor\" data-image-description=\"&lt;p&gt;Zeybekci, il\u00e7e ziyaretlerini s\u00fcrd\u00fcr\u00fcyor&lt;\/p&gt; \" data-medium-file=\"https:\/\/i0.wp.com\/www.tvturk.com\/wp-content\/uploads\/2019\/02\/zeybekci-ilce-ziyaretlerini-surduruyor_db5e033.jpg?fit=300%2C200\" data-large-file=\"https:\/\/i0.wp.com\/www.tvturk.com\/wp-content\/uploads\/2019\/02\/zeybekci-ilce-ziyaretlerini-surduruyor_db5e033.jpg?fit=1000%2C666\" src=\"https:\/\/i0.wp.com\/www.tvturk.com\/wp-content\/uploads\/2019\/02\/zeybekci-ilce-ziyaretlerini-surduruyor_db5e033.jpg?w=162&#038;h=108\" srcset=\"https:\/\/i0.wp.com\/www.tvturk.com\/wp-content\/uploads\/2019\/02\/zeybekci-ilce-ziyaretlerini-surduruyor_db5e033.jpg?w=1000 1000w, https:\/\/i0.wp.com\/www.tvturk.com\/wp-content\/uploads\/2019\/02\/zeybekci-ilce-ziyaretlerini-surduruyor_db5e033.jpg?resize=150%2C100 150w, https:\/\/i0.wp.com\/www.tvturk.com\/wp-content\/uploads\/2019\/02\/zeybekci-ilce-ziyaretlerini-surduruyor_db5e033.jpg?resize=300%2C200 300w, https:\/\/i0.wp.com\/www.tvturk.com\/wp-content\/uploads\/2019\/02\/zeybekci-ilce-ziyaretlerini-surduruyor_db5e033.jpg?resize=768%2C511 768w, https:\/\/i0.wp.com\/www.tvturk.com\/wp-content\/uploads\/2019\/02\/zeybekci-ilce-ziyaretlerini-surduruyor_db5e033.jpg?resize=170%2C113 170w, https:\/\/i0.wp.com\/www.tvturk.com\/wp-content\/uploads\/2019\/02\/zeybekci-ilce-ziyaretlerini-surduruyor_db5e033.jpg?resize=120%2C80 120w\" width=\"162\" height=\"108\" loading=\"lazy\" data-original-width=\"162\" data-original-height=\"108\" itemprop=\"http:\/\/schema.org\/image\" title=\"Zeybekci, il\u00e7e ziyaretlerini s\u00fcrd\u00fcr\u00fcyor\" alt=\"Zeybekci, il\u00e7e ziyaretlerini s\u00fcrd\u00fcr\u00fcyor\" style=\"width: 162px; height: 108px;\" \/> <\/a> <\/div> <div class=\"tiled-gallery-item tiled-gallery-item-small\" itemprop=\"associatedMedia\" itemscope itemtype=\"http:\/\/schema.org\/ImageObject\"> <a href=\"http:\/\/www.tvturk.com\/index.php\/zeybekci-ilce-ziyaretlerini-surduruyor\/zeybekci-ilce-ziyaretlerini-surduruyor-5\/\" border=\"0\" itemprop=\"url\"> <meta itemprop=\"width\" content=\"162\"> <meta itemprop=\"height\" content=\"108\"> <img decoding=\"async\" class=\"\" data-attachment-id=\"14856\" data-orig-file=\"http:\/\/www.tvturk.com\/wp-content\/uploads\/2019\/02\/zeybekci-ilce-ziyaretlerini-surduruyor_00279ee.jpg\" data-orig-size=\"1000,666\" data-comments-opened=\"\" data-image-meta=\"{&quot;aperture&quot;:&quot;0&quot;,&quot;credit&quot;:&quot;IHA&quot;,&quot;camera&quot;:&quot;&quot;,&quot;caption&quot;:&quot;AK PART\\u0130 \\u0130ZM\\u0130R B\\u00dcY\\u00dcK\\u015eEH\\u0130R BELED\\u0130YE BA\\u015eKAN ADAYI N\\u0130HAT ZEYBEKC\\u0130, SEFER\\u0130H\\u0130SAR, MENEMEN VE KEMALPA\\u015eA\\u0027DA VATANDA\\u015eLARIN SORUNLARINI D\\u0130NLED\\u0130 (\\u0130HA\\\/\\u0130ZM\\u0130R-\\u0130HA)&quot;,&quot;created_timestamp&quot;:&quot;0&quot;,&quot;copyright&quot;:&quot;\\u0130HLAS HABER AJANSI, www.iha.com.tr&quot;,&quot;focal_length&quot;:&quot;0&quot;,&quot;iso&quot;:&quot;0&quot;,&quot;shutter_speed&quot;:&quot;0&quot;,&quot;title&quot;:&quot;ZEYBEKC\\u0130, \\u0130L\\u00c7E Z\\u0130YARETLER\\u0130N\\u0130 S\\u00dcRD\\u00dcR\\u00dcYOR&quot;,&quot;orientation&quot;:&quot;0&quot;}\" data-image-title=\"Zeybekci, il\u00e7e ziyaretlerini s\u00fcrd\u00fcr\u00fcyor\" data-image-description=\"&lt;p&gt;Zeybekci, il\u00e7e ziyaretlerini s\u00fcrd\u00fcr\u00fcyor&lt;\/p&gt; \" data-medium-file=\"https:\/\/i0.wp.com\/www.tvturk.com\/wp-content\/uploads\/2019\/02\/zeybekci-ilce-ziyaretlerini-surduruyor_00279ee.jpg?fit=300%2C200\" data-large-file=\"https:\/\/i0.wp.com\/www.tvturk.com\/wp-content\/uploads\/2019\/02\/zeybekci-ilce-ziyaretlerini-surduruyor_00279ee.jpg?fit=1000%2C666\" src=\"https:\/\/i0.wp.com\/www.tvturk.com\/wp-content\/uploads\/2019\/02\/zeybekci-ilce-ziyaretlerini-surduruyor_00279ee.jpg?w=162&#038;h=108\" srcset=\"https:\/\/i0.wp.com\/www.tvturk.com\/wp-content\/uploads\/2019\/02\/zeybekci-ilce-ziyaretlerini-surduruyor_00279ee.jpg?w=1000 1000w, https:\/\/i0.wp.com\/www.tvturk.com\/wp-content\/uploads\/2019\/02\/zeybekci-ilce-ziyaretlerini-surduruyor_00279ee.jpg?resize=150%2C100 150w, https:\/\/i0.wp.com\/www.tvturk.com\/wp-content\/uploads\/2019\/02\/zeybekci-ilce-ziyaretlerini-surduruyor_00279ee.jpg?resize=300%2C200 300w, https:\/\/i0.wp.com\/www.tvturk.com\/wp-content\/uploads\/2019\/02\/zeybekci-ilce-ziyaretlerini-surduruyor_00279ee.jpg?resize=768%2C511 768w, https:\/\/i0.wp.com\/www.tvturk.com\/wp-content\/uploads\/2019\/02\/zeybekci-ilce-ziyaretlerini-surduruyor_00279ee.jpg?resize=170%2C113 170w, https:\/\/i0.wp.com\/www.tvturk.com\/wp-content\/uploads\/2019\/02\/zeybekci-ilce-ziyaretlerini-surduruyor_00279ee.jpg?resize=120%2C80 120w\" width=\"162\" height=\"108\" loading=\"lazy\" data-original-width=\"162\" data-original-height=\"108\" itemprop=\"http:\/\/schema.org\/image\" title=\"Zeybekci, il\u00e7e ziyaretlerini s\u00fcrd\u00fcr\u00fcyor\" alt=\"Zeybekci, il\u00e7e ziyaretlerini s\u00fcrd\u00fcr\u00fcyor\" style=\"width: 162px; height: 108px;\" \/> <\/a> <\/div> <\/div> <!-- close group --> <\/div> <!-- close row --> <div class=\"gallery-row\" style=\"width: 500px; height: 168px;\" data-original-width=\"500\" data-original-height=\"168\" > <div class=\"gallery-group images-1\" style=\"width: 250px; height: 168px;\" data-original-width=\"250\" data-original-height=\"168\" > <div class=\"tiled-gallery-item tiled-gallery-item-small\" itemprop=\"associatedMedia\" itemscope itemtype=\"http:\/\/schema.org\/ImageObject\"> <a href=\"http:\/\/www.tvturk.com\/index.php\/zeybekci-ilce-ziyaretlerini-surduruyor\/zeybekci-ilce-ziyaretlerini-surduruyor-6\/\" border=\"0\" itemprop=\"url\"> <meta itemprop=\"width\" content=\"246\"> <meta itemprop=\"height\" content=\"164\"> <img decoding=\"async\" class=\"\" data-attachment-id=\"14857\" data-orig-file=\"http:\/\/www.tvturk.com\/wp-content\/uploads\/2019\/02\/zeybekci-ilce-ziyaretlerini-surduruyor_385eb67.jpg\" data-orig-size=\"1000,666\" data-comments-opened=\"\" data-image-meta=\"{&quot;aperture&quot;:&quot;0&quot;,&quot;credit&quot;:&quot;IHA&quot;,&quot;camera&quot;:&quot;&quot;,&quot;caption&quot;:&quot;AK PART\\u0130 \\u0130ZM\\u0130R B\\u00dcY\\u00dcK\\u015eEH\\u0130R BELED\\u0130YE BA\\u015eKAN ADAYI N\\u0130HAT ZEYBEKC\\u0130, SEFER\\u0130H\\u0130SAR, MENEMEN VE KEMALPA\\u015eA\\u0027DA VATANDA\\u015eLARIN SORUNLARINI D\\u0130NLED\\u0130 (\\u0130HA\\\/\\u0130ZM\\u0130R-\\u0130HA)&quot;,&quot;created_timestamp&quot;:&quot;0&quot;,&quot;copyright&quot;:&quot;\\u0130HLAS HABER AJANSI, www.iha.com.tr&quot;,&quot;focal_length&quot;:&quot;0&quot;,&quot;iso&quot;:&quot;0&quot;,&quot;shutter_speed&quot;:&quot;0&quot;,&quot;title&quot;:&quot;ZEYBEKC\\u0130, \\u0130L\\u00c7E Z\\u0130YARETLER\\u0130N\\u0130 S\\u00dcRD\\u00dcR\\u00dcYOR&quot;,&quot;orientation&quot;:&quot;0&quot;}\" data-image-title=\"Zeybekci, il\u00e7e ziyaretlerini s\u00fcrd\u00fcr\u00fcyor\" data-image-description=\"&lt;p&gt;Zeybekci, il\u00e7e ziyaretlerini s\u00fcrd\u00fcr\u00fcyor&lt;\/p&gt; \" data-medium-file=\"https:\/\/i0.wp.com\/www.tvturk.com\/wp-content\/uploads\/2019\/02\/zeybekci-ilce-ziyaretlerini-surduruyor_385eb67.jpg?fit=300%2C200\" data-large-file=\"https:\/\/i0.wp.com\/www.tvturk.com\/wp-content\/uploads\/2019\/02\/zeybekci-ilce-ziyaretlerini-surduruyor_385eb67.jpg?fit=1000%2C666\" src=\"https:\/\/i0.wp.com\/www.tvturk.com\/wp-content\/uploads\/2019\/02\/zeybekci-ilce-ziyaretlerini-surduruyor_385eb67.jpg?w=246&#038;h=164\" srcset=\"https:\/\/i0.wp.com\/www.tvturk.com\/wp-content\/uploads\/2019\/02\/zeybekci-ilce-ziyaretlerini-surduruyor_385eb67.jpg?w=1000 1000w, https:\/\/i0.wp.com\/www.tvturk.com\/wp-content\/uploads\/2019\/02\/zeybekci-ilce-ziyaretlerini-surduruyor_385eb67.jpg?resize=150%2C100 150w, https:\/\/i0.wp.com\/www.tvturk.com\/wp-content\/uploads\/2019\/02\/zeybekci-ilce-ziyaretlerini-surduruyor_385eb67.jpg?resize=300%2C200 300w, https:\/\/i0.wp.com\/www.tvturk.com\/wp-content\/uploads\/2019\/02\/zeybekci-ilce-ziyaretlerini-surduruyor_385eb67.jpg?resize=768%2C511 768w, https:\/\/i0.wp.com\/www.tvturk.com\/wp-content\/uploads\/2019\/02\/zeybekci-ilce-ziyaretlerini-surduruyor_385eb67.jpg?resize=170%2C113 170w, https:\/\/i0.wp.com\/www.tvturk.com\/wp-content\/uploads\/2019\/02\/zeybekci-ilce-ziyaretlerini-surduruyor_385eb67.jpg?resize=120%2C80 120w\" width=\"246\" height=\"164\" loading=\"lazy\" data-original-width=\"246\" data-original-height=\"164\" itemprop=\"http:\/\/schema.org\/image\" title=\"Zeybekci, il\u00e7e ziyaretlerini s\u00fcrd\u00fcr\u00fcyor\" alt=\"Zeybekci, il\u00e7e ziyaretlerini s\u00fcrd\u00fcr\u00fcyor\" style=\"width: 246px; height: 164px;\" \/> <\/a> <\/div> <\/div> <!-- close group --> <div class=\"gallery-group images-1\" style=\"width: 250px; height: 168px;\" data-original-width=\"250\" data-original-height=\"168\" > <div class=\"tiled-gallery-item tiled-gallery-item-small\" itemprop=\"associatedMedia\" itemscope itemtype=\"http:\/\/schema.org\/ImageObject\"> <a href=\"http:\/\/www.tvturk.com\/index.php\/zeybekci-ilce-ziyaretlerini-surduruyor\/zeybekci-ilce-ziyaretlerini-surduruyor-7\/\" border=\"0\" itemprop=\"url\"> <meta itemprop=\"width\" content=\"246\"> <meta itemprop=\"height\" content=\"164\"> <img decoding=\"async\" class=\"\" data-attachment-id=\"14858\" data-orig-file=\"http:\/\/www.tvturk.com\/wp-content\/uploads\/2019\/02\/zeybekci-ilce-ziyaretlerini-surduruyor_023a778.jpg\" data-orig-size=\"1000,666\" data-comments-opened=\"\" data-image-meta=\"{&quot;aperture&quot;:&quot;0&quot;,&quot;credit&quot;:&quot;IHA&quot;,&quot;camera&quot;:&quot;&quot;,&quot;caption&quot;:&quot;AK PART\\u0130 \\u0130ZM\\u0130R B\\u00dcY\\u00dcK\\u015eEH\\u0130R BELED\\u0130YE BA\\u015eKAN ADAYI N\\u0130HAT ZEYBEKC\\u0130, SEFER\\u0130H\\u0130SAR, MENEMEN VE KEMALPA\\u015eA\\u0027DA VATANDA\\u015eLARIN SORUNLARINI D\\u0130NLED\\u0130 (\\u0130HA\\\/\\u0130ZM\\u0130R-\\u0130HA)&quot;,&quot;created_timestamp&quot;:&quot;0&quot;,&quot;copyright&quot;:&quot;\\u0130HLAS HABER AJANSI, www.iha.com.tr&quot;,&quot;focal_length&quot;:&quot;0&quot;,&quot;iso&quot;:&quot;0&quot;,&quot;shutter_speed&quot;:&quot;0&quot;,&quot;title&quot;:&quot;ZEYBEKC\\u0130, \\u0130L\\u00c7E Z\\u0130YARETLER\\u0130N\\u0130 S\\u00dcRD\\u00dcR\\u00dcYOR&quot;,&quot;orientation&quot;:&quot;0&quot;}\" data-image-title=\"Zeybekci, il\u00e7e ziyaretlerini s\u00fcrd\u00fcr\u00fcyor\" data-image-description=\"&lt;p&gt;Zeybekci, il\u00e7e ziyaretlerini s\u00fcrd\u00fcr\u00fcyor&lt;\/p&gt; \" data-medium-file=\"https:\/\/i0.wp.com\/www.tvturk.com\/wp-content\/uploads\/2019\/02\/zeybekci-ilce-ziyaretlerini-surduruyor_023a778.jpg?fit=300%2C200\" data-large-file=\"https:\/\/i0.wp.com\/www.tvturk.com\/wp-content\/uploads\/2019\/02\/zeybekci-ilce-ziyaretlerini-surduruyor_023a778.jpg?fit=1000%2C666\" src=\"https:\/\/i0.wp.com\/www.tvturk.com\/wp-content\/uploads\/2019\/02\/zeybekci-ilce-ziyaretlerini-surduruyor_023a778.jpg?w=246&#038;h=164\" srcset=\"https:\/\/i0.wp.com\/www.tvturk.com\/wp-content\/uploads\/2019\/02\/zeybekci-ilce-ziyaretlerini-surduruyor_023a778.jpg?w=1000 1000w, https:\/\/i0.wp.com\/www.tvturk.com\/wp-content\/uploads\/2019\/02\/zeybekci-ilce-ziyaretlerini-surduruyor_023a778.jpg?resize=150%2C100 150w, https:\/\/i0.wp.com\/www.tvturk.com\/wp-content\/uploads\/2019\/02\/zeybekci-ilce-ziyaretlerini-surduruyor_023a778.jpg?resize=300%2C200 300w, https:\/\/i0.wp.com\/www.tvturk.com\/wp-content\/uploads\/2019\/02\/zeybekci-ilce-ziyaretlerini-surduruyor_023a778.jpg?resize=768%2C511 768w, https:\/\/i0.wp.com\/www.tvturk.com\/wp-content\/uploads\/2019\/02\/zeybekci-ilce-ziyaretlerini-surduruyor_023a778.jpg?resize=170%2C113 170w, https:\/\/i0.wp.com\/www.tvturk.com\/wp-content\/uploads\/2019\/02\/zeybekci-ilce-ziyaretlerini-surduruyor_023a778.jpg?resize=120%2C80 120w\" width=\"246\" height=\"164\" loading=\"lazy\" data-original-width=\"246\" data-original-height=\"164\" itemprop=\"http:\/\/schema.org\/image\" title=\"Zeybekci, il\u00e7e ziyaretlerini s\u00fcrd\u00fcr\u00fcyor\" alt=\"Zeybekci, il\u00e7e ziyaretlerini s\u00fcrd\u00fcr\u00fcyor\" style=\"width: 246px; height: 164px;\" \/> <\/a> <\/div> <\/div> <!-- close group --> <\/div> <!-- close row --> <\/div><\/p>\n","protected":false},"excerpt":{"rendered":"<p>AK PART\u0130 \u0130ZM\u0130R B\u00dcY\u00dcK\u015eEH\u0130R BELED\u0130YE BA\u015eKAN ADAYI N\u0130HAT ZEYBEKC\u0130, SEFER\u0130H\u0130SAR, MENEMEN VE KEMALPA\u015eA&#8217;DA VATANDA\u015eLARIN SORUNLARINI D\u0130NLED\u0130<\/p>\n","protected":false},"author":1,"featured_media":14853,"comment_status":"closed","ping_status":"open","sticky":false,"template":"","format":"standard","meta":{"jetpack_post_was_ever_published":false,"_jetpack_newsletter_access":"","_jetpack_dont_email_post_to_subs":false,"_jetpack_newsletter_tier_id":0,"_jetpack_memberships_contains_paywalled_content":false,"_jetpack_memberships_contains_paid_content":false,"footnotes":"","jetpack_publicize_message":"","jetpack_publicize_feature_enabled":true,"jetpack_social_post_already_shared":false,"jetpack_social_options":{"image_generator_settings":{"template":"highway","default_image_id":0,"font":"","enabled":false},"version":2}},"categories":[9],"tags":[511,1772,3193,2583],"class_list":["post-14852","post","type-post","status-publish","format-standard","has-post-thumbnail","hentry","category-siyaset","tag-ilce","tag-surduruyor","tag-zeybekci","tag-ziyaretlerini"],"jetpack_publicize_connections":[],"jetpack_featured_media_url":"https:\/\/i0.wp.com\/www.tvturk.com\/wp-content\/uploads\/2019\/02\/zeybekci-ilce-ziyaretlerini-surduruyor_fb40a68.jpg?fit=1000%2C666","jetpack_sharing_enabled":true,"jetpack_shortlink":"https:\/\/wp.me\/paKIfm-3Ry","_links":{"self":[{"href":"http:\/\/www.tvturk.com\/index.php\/wp-json\/wp\/v2\/posts\/14852","targetHints":{"allow":["GET"]}}],"collection":[{"href":"http:\/\/www.tvturk.com\/index.php\/wp-json\/wp\/v2\/posts"}],"about":[{"href":"http:\/\/www.tvturk.com\/index.php\/wp-json\/wp\/v2\/types\/post"}],"author":[{"embeddable":true,"href":"http:\/\/www.tvturk.com\/index.php\/wp-json\/wp\/v2\/users\/1"}],"replies":[{"embeddable":true,"href":"http:\/\/www.tvturk.com\/index.php\/wp-json\/wp\/v2\/comments?post=14852"}],"version-history":[{"count":1,"href":"http:\/\/www.tvturk.com\/index.php\/wp-json\/wp\/v2\/posts\/14852\/revisions"}],"predecessor-version":[{"id":14859,"href":"http:\/\/www.tvturk.com\/index.php\/wp-json\/wp\/v2\/posts\/14852\/revisions\/14859"}],"wp:featuredmedia":[{"embeddable":true,"href":"http:\/\/www.tvturk.com\/index.php\/wp-json\/wp\/v2\/media\/14853"}],"wp:attachment":[{"href":"http:\/\/www.tvturk.com\/index.php\/wp-json\/wp\/v2\/media?parent=14852"}],"wp:term":[{"taxonomy":"category","embeddable":true,"href":"http:\/\/www.tvturk.com\/index.php\/wp-json\/wp\/v2\/categories?post=14852"},{"taxonomy":"post_tag","embeddable":true,"href":"http:\/\/www.tvturk.com\/index.php\/wp-json\/wp\/v2\/tags?post=14852"}],"curies":[{"name":"wp","href":"https:\/\/api.w.org\/{rel}","templated":true}]}}