{"id":148537,"date":"2019-04-25T13:12:12","date_gmt":"2019-04-25T10:12:12","guid":{"rendered":"http:\/\/www.tvturk.com\/index.php\/yeni-zelanda-askerleri-atalarini-haka-dansiyla-andi\/"},"modified":"2019-04-25T13:12:12","modified_gmt":"2019-04-25T10:12:12","slug":"yeni-zelanda-askerleri-atalarini-haka-dansiyla-andi","status":"publish","type":"post","link":"http:\/\/www.tvturk.com\/index.php\/yeni-zelanda-askerleri-atalarini-haka-dansiyla-andi\/","title":{"rendered":"Yeni Zelanda askerleri atalar\u0131n\u0131 \u2019haka\u2019 dans\u0131yla and\u0131"},"content":{"rendered":"<p>\u00c7anakkale Kara Sava\u015flar\u0131\u2019n\u0131n 104\u2019\u00fcnc\u00fc y\u0131l d\u00f6n\u00fcm\u00fc nedeniyle Conkbay\u0131r\u0131\u2019nda d\u00fczenlenen anma t\u00f6reninde Yeni Zelanda askerleri \u2018haka\u2019 dans\u0131 yapt\u0131.<\/p>\n<p>\u00c7anakkale Kara Sava\u015flar\u0131\u2019n\u0131n 104\u2019\u00fcnc\u00fc y\u0131l d\u00f6n\u00fcm\u00fcnde Conkbay\u0131r\u0131\u2019ndaki Yeni Zelanda An\u0131t\u0131\u2019nda anma t\u00f6reni d\u00fczenlendi. T\u00f6rene \u00c7anakkale Vali Yard\u0131mc\u0131s\u0131 Ali Candan, \u00c7anakkale Sava\u015flar\u0131 Gelibolu Tarihi Alan Ba\u015fkan\u0131 \u0130smail Ka\u015fdemir ve \u00c7anakkale Sava\u015flar\u0131\u2019na kat\u0131lan di\u011fer \u00fclkelerin temsilcileri kat\u0131ld\u0131.<\/p>\n<p>Protokol \u00fcyeleri, an\u0131ta Yeni Zelanda Savunma Kuvvetleri Maori K\u00fclt\u00fcrel Toplulu\u011fu\u2019nun dans g\u00f6steriyle geldi.<\/p>\n<p>T\u00f6rende ilahiler okunup, dua edildi. Konu\u015fmalar\u0131n ard\u0131ndan Yeni Zelanda An\u0131t\u0131\u2019na \u00e7elenkler sunularak, Yeni Zelanda ve T\u00fcrkiye ulusal mar\u015flar\u0131 okundu.<\/p>\n<p>T\u00f6ren, Yeni Zelandal\u0131 askerlerin me\u015fhur haka dans\u0131 ile sona erdi. Kat\u0131l\u0131mc\u0131lar, dans\u0131 ilgiyle takip etti.<\/p>\n","protected":false},"excerpt":{"rendered":"<p>\u00c7ANAKKALE KARA SAVA\u015eLARI&#8217;NIN 104&#8217;\u00dcNC\u00dc YIL D\u00d6N\u00dcM\u00dc NEDEN\u0130YLE CONKBAYIRI&#8217;NDA D\u00dcZENLENEN ANMA T\u00d6REN\u0130NDE YEN\u0130 ZELANDA ASKERLER\u0130 \u2018HAKA\u2019 DANSI YAPTI.<\/p>\n","protected":false},"author":1,"featured_media":148538,"comment_status":"closed","ping_status":"open","sticky":false,"template":"","format":"standard","meta":{"jetpack_post_was_ever_published":false,"_jetpack_newsletter_access":"","_jetpack_dont_email_post_to_subs":false,"_jetpack_newsletter_tier_id":0,"_jetpack_memberships_contains_paywalled_content":false,"_jetpack_memberships_contains_paid_content":false,"footnotes":"","jetpack_publicize_message":"","jetpack_publicize_feature_enabled":true,"jetpack_social_post_already_shared":true,"jetpack_social_options":{"image_generator_settings":{"template":"highway","default_image_id":0,"font":"","enabled":false},"version":2}},"categories":[1],"tags":[33142,16697,7858,33141,33143,87,24697],"class_list":["post-148537","post","type-post","status-publish","format-standard","has-post-thumbnail","hentry","category-genel","tag-haka","tag-andi","tag-askerleri","tag-atalarini","tag-dansiyla","tag-yeni","tag-zelanda"],"jetpack_publicize_connections":[],"jetpack_featured_media_url":"https:\/\/i0.wp.com\/www.tvturk.com\/wp-content\/uploads\/2019\/04\/yeni-zelanda-askerleri-atalarini-haka-dansiyla-andi_3f49e52.jpg?fit=1000%2C747","jetpack_sharing_enabled":true,"jetpack_shortlink":"https:\/\/wp.me\/paKIfm-CDL","_links":{"self":[{"href":"http:\/\/www.tvturk.com\/index.php\/wp-json\/wp\/v2\/posts\/148537","targetHints":{"allow":["GET"]}}],"collection":[{"href":"http:\/\/www.tvturk.com\/index.php\/wp-json\/wp\/v2\/posts"}],"about":[{"href":"http:\/\/www.tvturk.com\/index.php\/wp-json\/wp\/v2\/types\/post"}],"author":[{"embeddable":true,"href":"http:\/\/www.tvturk.com\/index.php\/wp-json\/wp\/v2\/users\/1"}],"replies":[{"embeddable":true,"href":"http:\/\/www.tvturk.com\/index.php\/wp-json\/wp\/v2\/comments?post=148537"}],"version-history":[{"count":0,"href":"http:\/\/www.tvturk.com\/index.php\/wp-json\/wp\/v2\/posts\/148537\/revisions"}],"wp:featuredmedia":[{"embeddable":true,"href":"http:\/\/www.tvturk.com\/index.php\/wp-json\/wp\/v2\/media\/148538"}],"wp:attachment":[{"href":"http:\/\/www.tvturk.com\/index.php\/wp-json\/wp\/v2\/media?parent=148537"}],"wp:term":[{"taxonomy":"category","embeddable":true,"href":"http:\/\/www.tvturk.com\/index.php\/wp-json\/wp\/v2\/categories?post=148537"},{"taxonomy":"post_tag","embeddable":true,"href":"http:\/\/www.tvturk.com\/index.php\/wp-json\/wp\/v2\/tags?post=148537"}],"curies":[{"name":"wp","href":"https:\/\/api.w.org\/{rel}","templated":true}]}}