{"id":148594,"date":"2019-04-25T14:26:03","date_gmt":"2019-04-25T11:26:03","guid":{"rendered":"http:\/\/www.tvturk.com\/index.php\/karacabey-turizmde-patlama-yasayacak\/"},"modified":"2019-04-25T14:26:03","modified_gmt":"2019-04-25T11:26:03","slug":"karacabey-turizmde-patlama-yasayacak","status":"publish","type":"post","link":"http:\/\/www.tvturk.com\/index.php\/karacabey-turizmde-patlama-yasayacak\/","title":{"rendered":"Karacabey turizmde patlama ya\u015fayacak"},"content":{"rendered":"<p>Bursa tarihinin her d\u00f6neminde zenginli\u011fiyle \u00f6n plana \u00e7\u0131kan Karacabey, son y\u0131llarda at\u0131lan ba\u015far\u0131l\u0131 ad\u0131mlar sayesinde turizm potansiyelini g\u00fcn y\u00fcz\u00fcne \u00e7\u0131karmaya ba\u015flad\u0131.<\/p>\n<p>G\u00fcney Marmara Turizm ve Otel \u0130\u015fletmecileri Birli\u011fi Derne\u011fi (G\u00dcMTOB) \u00fcyeleri Karacabey\u2019e \u00e7\u0131karma yapt\u0131. Bursa\u2019n\u0131n turizm sekt\u00f6r\u00fcne y\u00f6n veren pek \u00e7ok kurulu\u015f temsilcileri ile yap\u0131lan ziyarette, b\u00f6lge turizminde Karacabey\u2019e de yer ay\u0131rmak i\u00e7in \u00e7al\u0131\u015fma ba\u015flat\u0131l\u0131yor. \u00d6zkan\u2019a \u2018hay\u0131rl\u0131 olsun\u2019 dileklerini ileten \u00fcyeler, Karacabey\u2019in tarihi ve do\u011fas\u0131 hakk\u0131nda bilgi ald\u0131. Karacabey\u2019de turizm konusunda son y\u0131llarda dikkat \u00e7eken hamlelerin oldu\u011funa vurgu yapan G\u00dcMTOB \u00fcyeleri, bulu\u015fmada Bursa\u2019n\u0131n alternatif turizm de\u011ferlerine ihtiyac\u0131 oldu\u011funu ve bunun \u00f6nemli bir k\u0131sm\u0131n\u0131n da Karacabey\u2019de kar\u015f\u0131lanabilece\u011fine vurgu yapt\u0131.<\/p>\n<p>G\u00dcMTOB \u00fcyelerini Karacabey\u2019de a\u011f\u0131rlamaktan duydu\u011fu memnuniyeti ifade eden Ba\u015fkan \u00d6zkan ise, \u201cG\u00f6reve geldi\u011fimizde 3T olarak \u00f6zetledi\u011fimiz 3 ana ba\u015fl\u0131kta hedefimiz olmu\u015ftu. Bunlar tar\u0131m, turizm ve teknoloji idi. Turizm konusunda il\u00e7enin mevcut potansiyelini biliyorduk. Ve g\u00f6reve gelir gelmez mevcut de\u011ferlerimizi ortaya \u00e7\u0131karacak yat\u0131r\u0131mlara imz\u00e2 att\u0131k. Bug\u00fcn ise turizm konusunda, her ge\u00e7en g\u00fcn adeta kar topu mis\u00e2li b\u00fcy\u00fcyen bir potansiyele ula\u015f\u0131yoruz. Elbette sizlerin bu nazik ziyaretleri bizler i\u00e7in \u00e7ok \u00f6nemli. B\u00f6lge turizminde sizler sayesinde Karacabey, turizmde de hak etti\u011fi yeri bulacakt\u0131r\u2019\u2019 dedi.<\/p>\n<p>Ba\u015fkanl\u0131k ziyaretinin ard\u0131ndan heyet, Karacabey program\u0131na \u2018leylek k\u00f6y\u00fc\u2019 Eskikaraa\u011fa\u00e7, Uluabat Ku\u015f Cenneti, Iss\u0131zhan, Karacabey Longozu ve Yenik\u00f6y ile devam ederek, Karacabey\u2019in en \u00f6nemli de\u011ferleri aras\u0131nda yer alan b\u00f6lgelerde incelemelerde bulundu. Ziyaretlerde, bu sezon itibariyle gelen yerli ve yabanc\u0131 turist programlar\u0131na Karacabey\u2019e de yer verilece\u011fi vurguland\u0131.<\/p>\n<p>\u0130ncelemelerin ard\u0131ndan birlik \u00fcyeleri ile Karacabey\u2019in \u00f6nemli gastronomik de\u011ferlerinden biri olan Tavac\u0131 Refik\u2019teki yemekte bulu\u015fan Ba\u015fkan \u00d6zkan, Karacabey\u2019in tarih ve do\u011fa turizminden sonra, gastronomi alan\u0131nda da ad\u0131ndan s\u00f6z ettiren bir il\u00e7e oldu\u011funu vurgulad\u0131.<\/p>\n","protected":false},"excerpt":{"rendered":"<p>G\u00dcNEY MARMARA TUR\u0130ZM VE OTEL \u0130\u015eLETMEC\u0130LER\u0130 B\u0130RL\u0130\u011e\u0130 DERNE\u011e\u0130 (G\u00dcMTOB) \u00dcYELER\u0130 KARACABEY\u2019E \u00c7IKARMA YAPTI<\/p>\n","protected":false},"author":1,"featured_media":148595,"comment_status":"closed","ping_status":"open","sticky":false,"template":"","format":"standard","meta":{"jetpack_post_was_ever_published":false,"_jetpack_newsletter_access":"","_jetpack_dont_email_post_to_subs":false,"_jetpack_newsletter_tier_id":0,"_jetpack_memberships_contains_paywalled_content":false,"_jetpack_memberships_contains_paid_content":false,"footnotes":"","jetpack_publicize_message":"","jetpack_publicize_feature_enabled":true,"jetpack_social_post_already_shared":true,"jetpack_social_options":{"image_generator_settings":{"template":"highway","default_image_id":0,"font":"","enabled":false},"version":2}},"categories":[19],"tags":[3268,4398,12289,339],"class_list":["post-148594","post","type-post","status-publish","format-standard","has-post-thumbnail","hentry","category-ekonomi","tag-karacabey","tag-patlama","tag-turizmde","tag-yasayacak"],"jetpack_publicize_connections":[],"jetpack_featured_media_url":"https:\/\/i0.wp.com\/www.tvturk.com\/wp-content\/uploads\/2019\/04\/karacabey-turizmde-patlama-yasayacak_dcc36a0.jpg?fit=1000%2C667","jetpack_sharing_enabled":true,"jetpack_shortlink":"https:\/\/wp.me\/paKIfm-CEG","_links":{"self":[{"href":"http:\/\/www.tvturk.com\/index.php\/wp-json\/wp\/v2\/posts\/148594","targetHints":{"allow":["GET"]}}],"collection":[{"href":"http:\/\/www.tvturk.com\/index.php\/wp-json\/wp\/v2\/posts"}],"about":[{"href":"http:\/\/www.tvturk.com\/index.php\/wp-json\/wp\/v2\/types\/post"}],"author":[{"embeddable":true,"href":"http:\/\/www.tvturk.com\/index.php\/wp-json\/wp\/v2\/users\/1"}],"replies":[{"embeddable":true,"href":"http:\/\/www.tvturk.com\/index.php\/wp-json\/wp\/v2\/comments?post=148594"}],"version-history":[{"count":0,"href":"http:\/\/www.tvturk.com\/index.php\/wp-json\/wp\/v2\/posts\/148594\/revisions"}],"wp:featuredmedia":[{"embeddable":true,"href":"http:\/\/www.tvturk.com\/index.php\/wp-json\/wp\/v2\/media\/148595"}],"wp:attachment":[{"href":"http:\/\/www.tvturk.com\/index.php\/wp-json\/wp\/v2\/media?parent=148594"}],"wp:term":[{"taxonomy":"category","embeddable":true,"href":"http:\/\/www.tvturk.com\/index.php\/wp-json\/wp\/v2\/categories?post=148594"},{"taxonomy":"post_tag","embeddable":true,"href":"http:\/\/www.tvturk.com\/index.php\/wp-json\/wp\/v2\/tags?post=148594"}],"curies":[{"name":"wp","href":"https:\/\/api.w.org\/{rel}","templated":true}]}}