{"id":148670,"date":"2019-04-25T15:59:20","date_gmt":"2019-04-25T12:59:20","guid":{"rendered":"http:\/\/www.tvturk.com\/index.php\/ak-parti-ibb-baskan-adayi-binali-yildirim-eyupsultan-belediyesini-ziyaret-etti\/"},"modified":"2019-04-25T15:59:20","modified_gmt":"2019-04-25T12:59:20","slug":"ak-parti-ibb-baskan-adayi-binali-yildirim-eyupsultan-belediyesini-ziyaret-etti","status":"publish","type":"post","link":"http:\/\/www.tvturk.com\/index.php\/ak-parti-ibb-baskan-adayi-binali-yildirim-eyupsultan-belediyesini-ziyaret-etti\/","title":{"rendered":"AK Parti \u0130BB Ba\u015fkan Aday\u0131 Binali Y\u0131ld\u0131r\u0131m, Ey\u00fcpsultan Belediyesi\u2019ni ziyaret etti"},"content":{"rendered":"<p>AK Parti \u0130stanbul B\u00fcy\u00fck\u015fehir Belediye Ba\u015fkan Aday\u0131 Binali Y\u0131ld\u0131r\u0131m, Ey\u00fcpsultan Belediyesi\u2019ni ziyaret etti.<\/p>\n<p>T\u00fcrkiye B\u00fcy\u00fck Millet Meclisi Ba\u015fkan\u0131 Mustafa \u015eentop\u2019un teyzesi Fahriye Vurgun\u2019un cenaze namaz\u0131na kat\u0131lan AK Parti \u0130stanbul B\u00fcy\u00fck\u015fehir Belediye Ba\u015fkan\u0131 Binali Y\u0131ld\u0131r\u0131m, cenaze namaz\u0131n\u0131n ard\u0131ndan Ey\u00fcpsultan Belediyesi\u2019ye ge\u00e7erek Belediye Ba\u015fkan\u0131 Deniz K\u00f6ken\u2019le bir araya geldi. Ey\u00fcpsultan Belediyesi\u2019nde yakla\u015f\u0131k 1 saat 15 dakika kalan Y\u0131ld\u0131r\u0131m, \u00e7\u0131k\u0131\u015fta kendisini bekleyen gazetecilere selam verdi. Bir s\u00fcre gazetecilerle sohbet eden Y\u0131ld\u0131r\u0131m arac\u0131na binerek belediyeden ayr\u0131ld\u0131.<\/p>\n","protected":false},"excerpt":{"rendered":"<p>AK PART\u0130 \u0130STANBUL B\u00dcY\u00dcK\u015eEH\u0130R BELED\u0130YE BA\u015eKAN ADAYI B\u0130NAL\u0130 YILDIRIM, EY\u00dcPSULTAN BELED\u0130YES\u0130\u2019N\u0130 Z\u0130YARET ETT\u0130.<\/p>\n","protected":false},"author":1,"featured_media":148671,"comment_status":"closed","ping_status":"open","sticky":false,"template":"","format":"standard","meta":{"jetpack_post_was_ever_published":false,"_jetpack_newsletter_access":"","_jetpack_dont_email_post_to_subs":false,"_jetpack_newsletter_tier_id":0,"_jetpack_memberships_contains_paywalled_content":false,"_jetpack_memberships_contains_paid_content":false,"footnotes":"","jetpack_publicize_message":"","jetpack_publicize_feature_enabled":true,"jetpack_social_post_already_shared":true,"jetpack_social_options":{"image_generator_settings":{"template":"highway","default_image_id":0,"font":"","enabled":false},"version":2}},"categories":[1],"tags":[135,100,27047,3333,207,1143,21126,510,376,150],"class_list":["post-148670","post","type-post","status-publish","format-standard","has-post-thumbnail","hentry","category-genel","tag-adayi","tag-baskan","tag-belediyesini","tag-binali","tag-etti","tag-eyupsultan","tag-ibb","tag-parti","tag-yildirim","tag-ziyaret"],"jetpack_publicize_connections":[],"jetpack_featured_media_url":"https:\/\/i0.wp.com\/www.tvturk.com\/wp-content\/uploads\/2019\/04\/ak-parti-ibb-baskan-adayi-binali-yildirim-eyupsultan-belediyesini-ziyaret-etti_c55b703.jpg?fit=946%2C555","jetpack_sharing_enabled":true,"jetpack_shortlink":"https:\/\/wp.me\/paKIfm-CFU","_links":{"self":[{"href":"http:\/\/www.tvturk.com\/index.php\/wp-json\/wp\/v2\/posts\/148670","targetHints":{"allow":["GET"]}}],"collection":[{"href":"http:\/\/www.tvturk.com\/index.php\/wp-json\/wp\/v2\/posts"}],"about":[{"href":"http:\/\/www.tvturk.com\/index.php\/wp-json\/wp\/v2\/types\/post"}],"author":[{"embeddable":true,"href":"http:\/\/www.tvturk.com\/index.php\/wp-json\/wp\/v2\/users\/1"}],"replies":[{"embeddable":true,"href":"http:\/\/www.tvturk.com\/index.php\/wp-json\/wp\/v2\/comments?post=148670"}],"version-history":[{"count":0,"href":"http:\/\/www.tvturk.com\/index.php\/wp-json\/wp\/v2\/posts\/148670\/revisions"}],"wp:featuredmedia":[{"embeddable":true,"href":"http:\/\/www.tvturk.com\/index.php\/wp-json\/wp\/v2\/media\/148671"}],"wp:attachment":[{"href":"http:\/\/www.tvturk.com\/index.php\/wp-json\/wp\/v2\/media?parent=148670"}],"wp:term":[{"taxonomy":"category","embeddable":true,"href":"http:\/\/www.tvturk.com\/index.php\/wp-json\/wp\/v2\/categories?post=148670"},{"taxonomy":"post_tag","embeddable":true,"href":"http:\/\/www.tvturk.com\/index.php\/wp-json\/wp\/v2\/tags?post=148670"}],"curies":[{"name":"wp","href":"https:\/\/api.w.org\/{rel}","templated":true}]}}