{"id":148736,"date":"2019-04-25T17:10:12","date_gmt":"2019-04-25T14:10:12","guid":{"rendered":"http:\/\/www.tvturk.com\/index.php\/turk-tarih-kurumundan-ermeni-meselesine-dair-yeni-calismalar\/"},"modified":"2019-04-25T17:10:12","modified_gmt":"2019-04-25T14:10:12","slug":"turk-tarih-kurumundan-ermeni-meselesine-dair-yeni-calismalar","status":"publish","type":"post","link":"http:\/\/www.tvturk.com\/index.php\/turk-tarih-kurumundan-ermeni-meselesine-dair-yeni-calismalar\/","title":{"rendered":"T\u00fcrk Tarih Kurumundan Ermeni meselesine dair yeni \u00e7al\u0131\u015fmalar"},"content":{"rendered":"<p>Atat\u00fcrk K\u00fclt\u00fcr, Dil ve Tarih Y\u00fcksek Kurumu b\u00fcnyesindeki T\u00fcrk Tarih Kurumunca bu y\u0131l Ermeni meselesine ili\u015fkin bir\u00e7ok bilimsel faaliyet ger\u00e7ekle\u015ftirilecek.<\/p>\n<p>T\u00fcrkiye Cumhuriyeti\u2019nin kurucusu Mustafa Kemal Atat\u00fcrk\u2019\u00fcn direktifleriyle 1931 y\u0131l\u0131nda kurulan T\u00fcrk Tarih Kurumu, bu y\u0131l Ermeni meselesine ili\u015fkin bir\u00e7ok bilimsel \u00e7al\u0131\u015fma ger\u00e7ekle\u015ftirecek. Kurumca haz\u0131rlanan \u2018Ermenilerin Osmanl\u0131 Devleti\u2019ne \u0130syan\u0131, Ter\u00f6r ve Propaganda\u2019 isimli belgesel serisi \u0130ngilizce, Almanca, Frans\u0131zca ve \u0130spanyolca dillerinde yay\u0131nlanacak. \u2018Ermeni K\u00fclliyat\u0131\u2019 projesi kapsam\u0131nda telif haklar\u0131 T\u00fcrk Tarih Kurumunda bulunan T\u00fcrk-Ermeni ili\u015fkilerine dair 500\u2019e yak\u0131n makale tasnif edilerek, T\u00fcrk-Ermeni ili\u015fkilerine dair kapsaml\u0131 bir k\u00fclliyat olu\u015fturulacak. Bu projelere ek olarak yurt i\u00e7i ve yurt d\u0131\u015f\u0131ndan bilim insanlar\u0131n\u0131n kat\u0131l\u0131m\u0131yla d\u00fczenlenen bilimsel toplant\u0131larda Ermeni meselesine dair yeni \u00e7al\u0131\u015fmalar, bilim d\u00fcnyas\u0131yla ve kamuoyuyla payla\u015f\u0131lacak. Ge\u00e7ti\u011fimiz y\u0131llarda Ermeni meselesine ili\u015fkin 30\u2019un \u00fczerinde eser yay\u0131mlayan T\u00fcrk Tarih Kurumu, bu y\u0131l da konuya dair yeni \u00e7al\u0131\u015fmalar yay\u0131mlamay\u0131 s\u00fcrd\u00fcrecek.<\/p>\n","protected":false},"excerpt":{"rendered":"<p>ATAT\u00dcRK K\u00dcLT\u00dcR, D\u0130L VE TAR\u0130H Y\u00dcKSEK KURUMU B\u00dcNYES\u0130NDEK\u0130 T\u00dcRK TAR\u0130H KURUMUNCA 2019 YILI \u0130\u00c7ER\u0130S\u0130NDE ERMEN\u0130 MESELES\u0130NE \u0130L\u0130\u015eK\u0130N B\u0130R\u00c7OK B\u0130L\u0130MSEL FAAL\u0130YET GER\u00c7EKLE\u015eT\u0130R\u0130LECEK.<\/p>\n","protected":false},"author":1,"featured_media":148737,"comment_status":"closed","ping_status":"open","sticky":false,"template":"","format":"standard","meta":{"jetpack_post_was_ever_published":false,"_jetpack_newsletter_access":"","_jetpack_dont_email_post_to_subs":false,"_jetpack_newsletter_tier_id":0,"_jetpack_memberships_contains_paywalled_content":false,"_jetpack_memberships_contains_paid_content":false,"footnotes":"","jetpack_publicize_message":"","jetpack_publicize_feature_enabled":true,"jetpack_social_post_already_shared":true,"jetpack_social_options":{"image_generator_settings":{"template":"highway","default_image_id":0,"font":"","enabled":false},"version":2}},"categories":[1],"tags":[676,4456,959,14227,33227,1330,957,87],"class_list":["post-148736","post","type-post","status-publish","format-standard","has-post-thumbnail","hentry","category-genel","tag-calismalar","tag-dair","tag-ermeni","tag-kurumundan","tag-meselesine","tag-tarih","tag-turk","tag-yeni"],"jetpack_publicize_connections":[],"jetpack_featured_media_url":"https:\/\/i0.wp.com\/www.tvturk.com\/wp-content\/uploads\/2019\/04\/turk-tarih-kurumundan-ermeni-meselesine-dair-yeni-calismalar_1d7f5a6.jpg?fit=650%2C325","jetpack_sharing_enabled":true,"jetpack_shortlink":"https:\/\/wp.me\/paKIfm-CGY","_links":{"self":[{"href":"http:\/\/www.tvturk.com\/index.php\/wp-json\/wp\/v2\/posts\/148736","targetHints":{"allow":["GET"]}}],"collection":[{"href":"http:\/\/www.tvturk.com\/index.php\/wp-json\/wp\/v2\/posts"}],"about":[{"href":"http:\/\/www.tvturk.com\/index.php\/wp-json\/wp\/v2\/types\/post"}],"author":[{"embeddable":true,"href":"http:\/\/www.tvturk.com\/index.php\/wp-json\/wp\/v2\/users\/1"}],"replies":[{"embeddable":true,"href":"http:\/\/www.tvturk.com\/index.php\/wp-json\/wp\/v2\/comments?post=148736"}],"version-history":[{"count":0,"href":"http:\/\/www.tvturk.com\/index.php\/wp-json\/wp\/v2\/posts\/148736\/revisions"}],"wp:featuredmedia":[{"embeddable":true,"href":"http:\/\/www.tvturk.com\/index.php\/wp-json\/wp\/v2\/media\/148737"}],"wp:attachment":[{"href":"http:\/\/www.tvturk.com\/index.php\/wp-json\/wp\/v2\/media?parent=148736"}],"wp:term":[{"taxonomy":"category","embeddable":true,"href":"http:\/\/www.tvturk.com\/index.php\/wp-json\/wp\/v2\/categories?post=148736"},{"taxonomy":"post_tag","embeddable":true,"href":"http:\/\/www.tvturk.com\/index.php\/wp-json\/wp\/v2\/tags?post=148736"}],"curies":[{"name":"wp","href":"https:\/\/api.w.org\/{rel}","templated":true}]}}