{"id":148752,"date":"2019-04-25T17:58:09","date_gmt":"2019-04-25T14:58:09","guid":{"rendered":"http:\/\/www.tvturk.com\/index.php\/orman-kazasi-geciren-isci-son-yolculuguna-ugurlandi\/"},"modified":"2019-04-25T17:58:09","modified_gmt":"2019-04-25T14:58:09","slug":"orman-kazasi-geciren-isci-son-yolculuguna-ugurlandi","status":"publish","type":"post","link":"http:\/\/www.tvturk.com\/index.php\/orman-kazasi-geciren-isci-son-yolculuguna-ugurlandi\/","title":{"rendered":"Orman kazas\u0131 ge\u00e7iren i\u015f\u00e7i son yolculu\u011funa u\u011furland\u0131"},"content":{"rendered":"<p>Karab\u00fck\u2019\u00fcn Yenice il\u00e7esinde d\u00fcn ak\u015fam \u00fczeri meydana gelen orman kazas\u0131nda hayat\u0131n\u0131 kaybeden i\u015f\u00e7ilerden Mehmet \u00d6zg\u00fc (51) son yolcu\u011funa u\u011furland\u0131.<\/p>\n<p>Yenice Orman \u0130\u015fletmesine ba\u011fl\u0131 Bakraz b\u00f6lgesinde orman \u00fcretimi yapan Mehmet \u00d6zg\u00fc ve Durmu\u015f Kaskat\u0131\u2019n\u0131n \u00fczerilerine kesim yaparken a\u011fa\u00e7 devrilmi\u015fti. Olay yerine gelen sa\u011fl\u0131k ekiplerinin ilk m\u00fcdahalesinin ard\u0131ndan yaral\u0131lar Karab\u00fck E\u011fitim ve Ara\u015ft\u0131rma Hastanesine kald\u0131r\u0131lm\u0131\u015ft\u0131. Tedavi alt\u0131na al\u0131nan ve durumu a\u011f\u0131r olan yaral\u0131lardan Mehmet \u00d6zg\u00fc (51), t\u00fcm m\u00fcdahalelere ra\u011fmen kurtulamayarak hayat\u0131n\u0131 kaybetmi\u015fti. Kazada hayat\u0131n\u0131 kaybeden Mehmet \u00d6zg\u00fc (51) i\u00e7in Yenice Merkez caminde ikindi namaz\u0131na m\u00fcteakip cenaze t\u00f6reni d\u00fczenlendi. Cenazeye, Karab\u00fck Vali Yard\u0131mc\u0131s\u0131 Barboros Baran, Yenice \u0130l\u00e7e Kaymakam\u0131 Muhammed Evlice, Yenice Belediye Ba\u015fkan\u0131 Zeki \u00c7ayl\u0131, Zonguldak Orman B\u00f6lge M\u00fcd\u00fcr\u00fc Zekeriya Beyazl\u0131, orman te\u015fkilat\u0131 ve vatanda\u015flar kat\u0131ld\u0131.<\/p>\n<p>K\u0131l\u0131nan cenaze namaz\u0131n\u0131n ard\u0131ndan Mehmet \u00d6zg\u00fc\u2019n\u00fcn naa\u015f\u0131 aile mezarl\u0131\u011f\u0131na  defnedilmek \u00fczere Hisar K\u00f6y\u00fcne g\u00f6nderildi.<\/p>\n","protected":false},"excerpt":{"rendered":"<p>YEN\u0130CE \u0130L\u00c7ES\u0130NDE D\u00dcN AK\u015eAM\u00dcZER\u0130  MEYDANA GELEN ORMAN KAZASINDA HAYATINI KAYBEDEN \u0130\u015e\u00c7\u0130LERDEN MEHMET \u00d6ZG\u00dc (51)  SON YOLCU\u011eUNA U\u011eURLANDI.<\/p>\n","protected":false},"author":1,"featured_media":148753,"comment_status":"closed","ping_status":"open","sticky":false,"template":"","format":"standard","meta":{"jetpack_post_was_ever_published":false,"_jetpack_newsletter_access":"","_jetpack_dont_email_post_to_subs":false,"_jetpack_newsletter_tier_id":0,"_jetpack_memberships_contains_paywalled_content":false,"_jetpack_memberships_contains_paid_content":false,"footnotes":"","jetpack_publicize_message":"","jetpack_publicize_feature_enabled":true,"jetpack_social_post_already_shared":true,"jetpack_social_options":{"image_generator_settings":{"template":"highway","default_image_id":0,"font":"","enabled":false},"version":2}},"categories":[1],"tags":[8455,1030,771,2404,1240,2516,2515],"class_list":["post-148752","post","type-post","status-publish","format-standard","has-post-thumbnail","hentry","category-genel","tag-geciren","tag-isci","tag-kazasi","tag-orman","tag-son","tag-ugurlandi","tag-yolculuguna"],"jetpack_publicize_connections":[],"jetpack_featured_media_url":"https:\/\/i0.wp.com\/www.tvturk.com\/wp-content\/uploads\/2019\/04\/orman-kazasi-geciren-isci-son-yolculuguna-ugurlandi_29dc243.jpg?fit=1000%2C664","jetpack_sharing_enabled":true,"jetpack_shortlink":"https:\/\/wp.me\/paKIfm-CHe","_links":{"self":[{"href":"http:\/\/www.tvturk.com\/index.php\/wp-json\/wp\/v2\/posts\/148752","targetHints":{"allow":["GET"]}}],"collection":[{"href":"http:\/\/www.tvturk.com\/index.php\/wp-json\/wp\/v2\/posts"}],"about":[{"href":"http:\/\/www.tvturk.com\/index.php\/wp-json\/wp\/v2\/types\/post"}],"author":[{"embeddable":true,"href":"http:\/\/www.tvturk.com\/index.php\/wp-json\/wp\/v2\/users\/1"}],"replies":[{"embeddable":true,"href":"http:\/\/www.tvturk.com\/index.php\/wp-json\/wp\/v2\/comments?post=148752"}],"version-history":[{"count":0,"href":"http:\/\/www.tvturk.com\/index.php\/wp-json\/wp\/v2\/posts\/148752\/revisions"}],"wp:featuredmedia":[{"embeddable":true,"href":"http:\/\/www.tvturk.com\/index.php\/wp-json\/wp\/v2\/media\/148753"}],"wp:attachment":[{"href":"http:\/\/www.tvturk.com\/index.php\/wp-json\/wp\/v2\/media?parent=148752"}],"wp:term":[{"taxonomy":"category","embeddable":true,"href":"http:\/\/www.tvturk.com\/index.php\/wp-json\/wp\/v2\/categories?post=148752"},{"taxonomy":"post_tag","embeddable":true,"href":"http:\/\/www.tvturk.com\/index.php\/wp-json\/wp\/v2\/tags?post=148752"}],"curies":[{"name":"wp","href":"https:\/\/api.w.org\/{rel}","templated":true}]}}