{"id":148778,"date":"2019-04-25T19:59:46","date_gmt":"2019-04-25T16:59:46","guid":{"rendered":"http:\/\/www.tvturk.com\/index.php\/sampiyon-taha-akgul-yuksek-lisans-diplomasini-aldi\/"},"modified":"2019-04-25T19:59:46","modified_gmt":"2019-04-25T16:59:46","slug":"sampiyon-taha-akgul-yuksek-lisans-diplomasini-aldi","status":"publish","type":"post","link":"http:\/\/www.tvturk.com\/index.php\/sampiyon-taha-akgul-yuksek-lisans-diplomasini-aldi\/","title":{"rendered":"\u015eampiyon Taha Akg\u00fcl y\u00fcksek lisans diplomas\u0131n\u0131 ald\u0131"},"content":{"rendered":"<p>Sivas Cumhuriyet \u00dcniversitesi (SC\u00dc) Beden E\u011fitimi ve Spor Y\u00fcksekokulu Y\u00fcksek Lisans \u00f6\u011frencili\u011fini ba\u015far\u0131 ile tamamlayan Taha Akg\u00fcl diplomas\u0131n\u0131 Rekt\u00f6r Prof. Dr. Alim Y\u0131ld\u0131z\u2019\u0131n elinden ald\u0131.<\/p>\n<p>Romanya\u2019n\u0131n ba\u015fkenti B\u00fckre\u015f\u2019te d\u00fczenlenen Avrupa G\u00fcre\u015f \u015eampiyonas\u0131\u2019nda serbest stil 125 kiloda alt\u0131n madalya kazanan milli g\u00fcre\u015f\u00e7i Taha Akg\u00fcl, Rekt\u00f6r Prof. Dr. Alim Y\u0131ld\u0131z\u2019\u0131 ziyaret etti. Spordaki ba\u015far\u0131s\u0131n\u0131n yan\u0131nda akademik alanda da ba\u015far\u0131l\u0131 bir \u015fekilde yoluna devam eden T\u00fcrkiye\u2019nin ve Sivas\u2019\u0131n gururu Avrupa \u015fampiyonu Taha Akg\u00fcl ziyarette yapt\u0131\u011f\u0131 konu\u015fmada, \u201cHer \u015fampiyon olmamdan \u00f6nce \u00fclkemizi, sonra Sivas\u2019\u0131 daha sonra ise Sivas Cumhuriyet \u00dcniversitesi\u2019ni temsil ediyorum. Hamd olsun y\u00fcksek lisans\u0131m\u0131 da bitirdim. Diplomam\u0131 sa\u011f olsun bug\u00fcn Say\u0131n Rekt\u00f6r\u00fcm\u00fcz teslim etti. \u0130n\u015fallah yabanc\u0131 dil s\u0131nav\u0131n\u0131 da halledip doktora i\u00e7in yine kendi \u00fcniversitemizde kariyerimi geli\u015ftirmeyi d\u00fc\u015f\u00fcn\u00fcyorum. Hem mektepli hem alayl\u0131 olarak T\u00fcrk sporuna hizmet etmeye devam edece\u011fim\u201d ifadelerini kulland\u0131.<\/p>\n<p>Rekt\u00f6r Prof. Dr. Alim Y\u0131ld\u0131z da ziyaretten duydu\u011fu memnuniyeti dile getirerek, \u201cTaha Akg\u00fcl bir ba\u015far\u0131ya daha imza att\u0131. \u0130n\u015fallah daha b\u00fcy\u00fck ba\u015far\u0131lara imza ataca\u011f\u0131n\u0131 biliyoruz. Bizim i\u00e7in sevindirici bir durum. Hem hem\u015fehrimiz olmas\u0131 hem de \u00fcniversitemizde y\u00fcksek lisans yap\u0131yor olmas\u0131. \u0130n\u015fallah bundan sonra \u00fcniversitemizde doktoras\u0131na da devam edecek. 7\u2019nci kez Avrupa \u015fampiyonu olmas\u0131 \u00f6nemli fakat bunun say\u0131s\u0131n\u0131n daha da \u00e7o\u011falaca\u011f\u0131n\u0131 biliyoruz. Taha Akg\u00fcl\u2019\u00fc tebrik ediyorum. Ba\u015far\u0131lar\u0131n\u0131n devam\u0131n\u0131 diliyorum\u201d dedi.<\/p>\n<p>Ziyaret toplu foto\u011fraf \u00e7ekilmesi ile son buldu.<\/p>\n","protected":false},"excerpt":{"rendered":"<p>S\u0130VAS CUMHUR\u0130YET \u00dcN\u0130VERS\u0130TES\u0130 BEDEN E\u011e\u0130T\u0130M\u0130 VE SPOR Y\u00dcKSEKOKULU Y\u00dcKSEK L\u0130SANS \u00d6\u011eRENC\u0130L\u0130\u011e\u0130N\u0130 BA\u015eARI \u0130LE TAMAMLAYAN TAHA AKG\u00dcL D\u0130PLOMASINI REKT\u00d6R\u00dc PROF. DR. AL\u0130M YILDIZ\u2019DAN ALDI.<\/p>\n","protected":false},"author":1,"featured_media":148779,"comment_status":"closed","ping_status":"open","sticky":false,"template":"","format":"standard","meta":{"jetpack_post_was_ever_published":false,"_jetpack_newsletter_access":"","_jetpack_dont_email_post_to_subs":false,"_jetpack_newsletter_tier_id":0,"_jetpack_memberships_contains_paywalled_content":false,"_jetpack_memberships_contains_paid_content":false,"footnotes":"","jetpack_publicize_message":"","jetpack_publicize_feature_enabled":true,"jetpack_social_post_already_shared":true,"jetpack_social_options":{"image_generator_settings":{"template":"highway","default_image_id":0,"font":"","enabled":false},"version":2}},"categories":[657],"tags":[8956,1075,33234,6447,2024,8955,3448],"class_list":["post-148778","post","type-post","status-publish","format-standard","has-post-thumbnail","hentry","category-spor","tag-akgul","tag-aldi","tag-diplomasini","tag-lisans","tag-sampiyon","tag-taha","tag-yuksek"],"jetpack_publicize_connections":[],"jetpack_featured_media_url":"https:\/\/i0.wp.com\/www.tvturk.com\/wp-content\/uploads\/2019\/04\/sampiyon-taha-akgul-yuksek-lisans-diplomasini-aldi_e040464.jpg?fit=1000%2C666","jetpack_sharing_enabled":true,"jetpack_shortlink":"https:\/\/wp.me\/paKIfm-CHE","_links":{"self":[{"href":"http:\/\/www.tvturk.com\/index.php\/wp-json\/wp\/v2\/posts\/148778","targetHints":{"allow":["GET"]}}],"collection":[{"href":"http:\/\/www.tvturk.com\/index.php\/wp-json\/wp\/v2\/posts"}],"about":[{"href":"http:\/\/www.tvturk.com\/index.php\/wp-json\/wp\/v2\/types\/post"}],"author":[{"embeddable":true,"href":"http:\/\/www.tvturk.com\/index.php\/wp-json\/wp\/v2\/users\/1"}],"replies":[{"embeddable":true,"href":"http:\/\/www.tvturk.com\/index.php\/wp-json\/wp\/v2\/comments?post=148778"}],"version-history":[{"count":0,"href":"http:\/\/www.tvturk.com\/index.php\/wp-json\/wp\/v2\/posts\/148778\/revisions"}],"wp:featuredmedia":[{"embeddable":true,"href":"http:\/\/www.tvturk.com\/index.php\/wp-json\/wp\/v2\/media\/148779"}],"wp:attachment":[{"href":"http:\/\/www.tvturk.com\/index.php\/wp-json\/wp\/v2\/media?parent=148778"}],"wp:term":[{"taxonomy":"category","embeddable":true,"href":"http:\/\/www.tvturk.com\/index.php\/wp-json\/wp\/v2\/categories?post=148778"},{"taxonomy":"post_tag","embeddable":true,"href":"http:\/\/www.tvturk.com\/index.php\/wp-json\/wp\/v2\/tags?post=148778"}],"curies":[{"name":"wp","href":"https:\/\/api.w.org\/{rel}","templated":true}]}}