{"id":14882,"date":"2019-02-09T12:01:05","date_gmt":"2019-02-09T09:01:05","guid":{"rendered":"http:\/\/www.tvturk.com\/index.php\/beytussebapta-kar-yagisi-yeniden-basladi\/"},"modified":"2019-02-09T12:01:08","modified_gmt":"2019-02-09T09:01:08","slug":"beytussebapta-kar-yagisi-yeniden-basladi","status":"publish","type":"post","link":"http:\/\/www.tvturk.com\/index.php\/beytussebapta-kar-yagisi-yeniden-basladi\/","title":{"rendered":"Beyt\u00fc\u015f\u015febap\u2019ta kar ya\u011f\u0131\u015f\u0131 yeniden ba\u015flad\u0131"},"content":{"rendered":"<p>\u015e\u0131rnak\u2019\u0131n Beyt\u00fc\u015f\u015febap il\u00e7esinde d\u00fcn ak\u015famdan itibaren yeniden bir kar dalgas\u0131 etkili olmaya ba\u015flad\u0131. Bir s\u00fcre \u00f6nce ya\u011fan kar\u0131n ard\u0131ndan yeniden etkili olan kar ya\u011f\u0131\u015f\u0131yla birlikte y\u00fcksek kesimlerde yer yer kar kal\u0131nl\u0131\u011f\u0131 2 metre olarak \u00f6l\u00e7\u00fcld\u00fc.<\/p>\n<p>Beyt\u00fc\u015f\u015febap ve Uludere il\u00e7elerinde d\u00fcn ak\u015famdan beri etkili olan kar ya\u011f\u0131\u015f\u0131 hayat\u0131 olumsuz etkiledi. Karayollar\u0131, \u00f6zel idare ekipleri ana yollar\u0131 a\u00e7\u0131k tutmak i\u00e7in gece ge\u00e7 saatlere kadar \u00e7al\u0131\u015f\u0131rken belediye ekipleri ise il\u00e7e merkezinde kar mesaisi yapt\u0131. Kar kal\u0131nl\u0131\u011f\u0131n\u0131n y\u00fcksek yerlerde 2 metre olarak \u00f6l\u00e7\u00fcld\u00fc\u011f\u00fc Beyte\u015f\u015febap il\u00e7esinde ise d\u00fcnden itibaren etkili olan kar 20 santimetre olarak \u00f6l\u00e7\u00fcld\u00fc. Kar\u0131n ya\u011fd\u0131\u011f\u0131n\u0131 g\u00f6ren \u00e7ocuklar ise ya\u011f\u0131\u015f devam ederken kar topu oynay\u0131p g\u00f6n\u00fcllerince e\u011flendi.<\/p>\n<p>Beyt\u00fc\u015f\u015febap il\u00e7e emniyet m\u00fcd\u00fcrl\u00fc\u011f\u00fc ekipleri ise s\u00fcr\u00fcc\u00fcleri uyararak zincir takmalar\u0131 konusunda uyar\u0131larda bulundu.<div class=\"tiled-gallery type-rectangular tiled-gallery-unresized\" data-original-width=\"500\" data-carousel-extra='null' itemscope itemtype=\"http:\/\/schema.org\/ImageGallery\" > <div class=\"gallery-row\" style=\"width: 500px; height: 222px;\" data-original-width=\"500\" data-original-height=\"222\" > <div class=\"gallery-group images-1\" style=\"width: 334px; height: 222px;\" data-original-width=\"334\" data-original-height=\"222\" > <div class=\"tiled-gallery-item tiled-gallery-item-large\" itemprop=\"associatedMedia\" itemscope itemtype=\"http:\/\/schema.org\/ImageObject\"> <a href=\"http:\/\/www.tvturk.com\/index.php\/beytussebapta-kar-yagisi-yeniden-basladi\/beytussebapta-kar-yagisi-yeniden-basladi-3\/\" border=\"0\" itemprop=\"url\"> <meta itemprop=\"width\" content=\"330\"> <meta itemprop=\"height\" content=\"218\"> <img decoding=\"async\" class=\"\" data-attachment-id=\"14884\" data-orig-file=\"http:\/\/www.tvturk.com\/wp-content\/uploads\/2019\/02\/beytussebapta-kar-yagisi-yeniden-basladi_e04d92a.jpg\" data-orig-size=\"1000,662\" data-comments-opened=\"\" data-image-meta=\"{&quot;aperture&quot;:&quot;0&quot;,&quot;credit&quot;:&quot;IHA&quot;,&quot;camera&quot;:&quot;&quot;,&quot;caption&quot;:&quot;\\u015eIRNAK\\u2019IN BEYT\\u00dc\\u015e\\u015eEBAP \\u0130L\\u00c7ES\\u0130NDE D\\u00dcN AK\\u015eAMDAN \\u0130T\\u0130BAREN YEN\\u0130DEN B\\u0130R KAR DALGASI ETK\\u0130L\\u0130 OLMAYA BA\\u015eLADI. B\\u0130R S\\u00dcRE \\u00d6NCE YA\\u011eAN KARIN ARDINDAN YEN\\u0130DEN ETK\\u0130L\\u0130 OLAN KAR YA\\u011eI\\u015eI \\u0130LE B\\u0130RL\\u0130KTE Y\\u00dcKSEK KES\\u0130MLERDE YER YER KAR KALINLI\\u011eI 2 METRE OLARAK \\u00d6L\\u00c7\\u00dcLD\\u00dc. (SERDAR G\\u00dcK\\u00c7E\\\/\\u015eIRNAK-\\u0130HA)&quot;,&quot;created_timestamp&quot;:&quot;0&quot;,&quot;copyright&quot;:&quot;\\u0130HLAS HABER AJANSI, www.iha.com.tr&quot;,&quot;focal_length&quot;:&quot;0&quot;,&quot;iso&quot;:&quot;0&quot;,&quot;shutter_speed&quot;:&quot;0&quot;,&quot;title&quot;:&quot;BEYT\\u00dc\\u015e\\u015eEBAP\\u2019TA KAR YA\\u011eI\\u015eI YEN\\u0130DEN BA\\u015eLADI \\u0130L\\u00c7EN\\u0130N Y\\u00dcKSEK KES\\u0130MLER\\u0130NDE KAR KALINLI\\u011eI YER YER 2 METRE OLARAK \\u00d6L\\u00c7\\u00dcLD\\u00dc&quot;,&quot;orientation&quot;:&quot;0&quot;}\" data-image-title=\"Beyt\u00fc\u015f\u015febap\u2019ta kar ya\u011f\u0131\u015f\u0131 yeniden ba\u015flad\u0131\" data-image-description=\"&lt;p&gt;Beyt\u00fc\u015f\u015febap\u2019ta kar ya\u011f\u0131\u015f\u0131 yeniden ba\u015flad\u0131&lt;\/p&gt; \" data-medium-file=\"https:\/\/i0.wp.com\/www.tvturk.com\/wp-content\/uploads\/2019\/02\/beytussebapta-kar-yagisi-yeniden-basladi_e04d92a.jpg?fit=300%2C199\" data-large-file=\"https:\/\/i0.wp.com\/www.tvturk.com\/wp-content\/uploads\/2019\/02\/beytussebapta-kar-yagisi-yeniden-basladi_e04d92a.jpg?fit=1000%2C662\" src=\"https:\/\/i0.wp.com\/www.tvturk.com\/wp-content\/uploads\/2019\/02\/beytussebapta-kar-yagisi-yeniden-basladi_e04d92a.jpg?w=330&#038;h=218\" srcset=\"https:\/\/i0.wp.com\/www.tvturk.com\/wp-content\/uploads\/2019\/02\/beytussebapta-kar-yagisi-yeniden-basladi_e04d92a.jpg?w=1000 1000w, https:\/\/i0.wp.com\/www.tvturk.com\/wp-content\/uploads\/2019\/02\/beytussebapta-kar-yagisi-yeniden-basladi_e04d92a.jpg?resize=150%2C99 150w, https:\/\/i0.wp.com\/www.tvturk.com\/wp-content\/uploads\/2019\/02\/beytussebapta-kar-yagisi-yeniden-basladi_e04d92a.jpg?resize=300%2C199 300w, https:\/\/i0.wp.com\/www.tvturk.com\/wp-content\/uploads\/2019\/02\/beytussebapta-kar-yagisi-yeniden-basladi_e04d92a.jpg?resize=768%2C508 768w, https:\/\/i0.wp.com\/www.tvturk.com\/wp-content\/uploads\/2019\/02\/beytussebapta-kar-yagisi-yeniden-basladi_e04d92a.jpg?resize=170%2C113 170w, https:\/\/i0.wp.com\/www.tvturk.com\/wp-content\/uploads\/2019\/02\/beytussebapta-kar-yagisi-yeniden-basladi_e04d92a.jpg?resize=120%2C80 120w\" width=\"330\" height=\"218\" loading=\"lazy\" data-original-width=\"330\" data-original-height=\"218\" itemprop=\"http:\/\/schema.org\/image\" title=\"Beyt\u00fc\u015f\u015febap\u2019ta kar ya\u011f\u0131\u015f\u0131 yeniden ba\u015flad\u0131\" alt=\"Beyt\u00fc\u015f\u015febap\u2019ta kar ya\u011f\u0131\u015f\u0131 yeniden ba\u015flad\u0131\" style=\"width: 330px; height: 218px;\" \/> <\/a> <\/div> <\/div> <!-- close group --> <div class=\"gallery-group images-2\" style=\"width: 166px; height: 222px;\" data-original-width=\"166\" data-original-height=\"222\" > <div class=\"tiled-gallery-item tiled-gallery-item-small\" itemprop=\"associatedMedia\" itemscope itemtype=\"http:\/\/schema.org\/ImageObject\"> <a href=\"http:\/\/www.tvturk.com\/index.php\/beytussebapta-kar-yagisi-yeniden-basladi\/beytussebapta-kar-yagisi-yeniden-basladi-4\/\" border=\"0\" itemprop=\"url\"> <meta itemprop=\"width\" content=\"162\"> <meta itemprop=\"height\" content=\"107\"> <img decoding=\"async\" class=\"\" data-attachment-id=\"14885\" data-orig-file=\"http:\/\/www.tvturk.com\/wp-content\/uploads\/2019\/02\/beytussebapta-kar-yagisi-yeniden-basladi_d07da4a.jpg\" data-orig-size=\"1000,662\" data-comments-opened=\"\" data-image-meta=\"{&quot;aperture&quot;:&quot;0&quot;,&quot;credit&quot;:&quot;IHA&quot;,&quot;camera&quot;:&quot;&quot;,&quot;caption&quot;:&quot;\\u015eIRNAK\\u2019IN BEYT\\u00dc\\u015e\\u015eEBAP \\u0130L\\u00c7ES\\u0130NDE D\\u00dcN AK\\u015eAMDAN \\u0130T\\u0130BAREN YEN\\u0130DEN B\\u0130R KAR DALGASI ETK\\u0130L\\u0130 OLMAYA BA\\u015eLADI. B\\u0130R S\\u00dcRE \\u00d6NCE YA\\u011eAN KARIN ARDINDAN YEN\\u0130DEN ETK\\u0130L\\u0130 OLAN KAR YA\\u011eI\\u015eI \\u0130LE B\\u0130RL\\u0130KTE Y\\u00dcKSEK KES\\u0130MLERDE YER YER KAR KALINLI\\u011eI 2 METRE OLARAK \\u00d6L\\u00c7\\u00dcLD\\u00dc. (SERDAR G\\u00dcK\\u00c7E\\\/\\u015eIRNAK-\\u0130HA)&quot;,&quot;created_timestamp&quot;:&quot;0&quot;,&quot;copyright&quot;:&quot;\\u0130HLAS HABER AJANSI, www.iha.com.tr&quot;,&quot;focal_length&quot;:&quot;0&quot;,&quot;iso&quot;:&quot;0&quot;,&quot;shutter_speed&quot;:&quot;0&quot;,&quot;title&quot;:&quot;BEYT\\u00dc\\u015e\\u015eEBAP\\u2019TA KAR YA\\u011eI\\u015eI YEN\\u0130DEN BA\\u015eLADI \\u0130L\\u00c7EN\\u0130N Y\\u00dcKSEK KES\\u0130MLER\\u0130NDE KAR KALINLI\\u011eI YER YER 2 METRE OLARAK \\u00d6L\\u00c7\\u00dcLD\\u00dc&quot;,&quot;orientation&quot;:&quot;0&quot;}\" data-image-title=\"Beyt\u00fc\u015f\u015febap\u2019ta kar ya\u011f\u0131\u015f\u0131 yeniden ba\u015flad\u0131\" data-image-description=\"&lt;p&gt;Beyt\u00fc\u015f\u015febap\u2019ta kar ya\u011f\u0131\u015f\u0131 yeniden ba\u015flad\u0131&lt;\/p&gt; \" data-medium-file=\"https:\/\/i0.wp.com\/www.tvturk.com\/wp-content\/uploads\/2019\/02\/beytussebapta-kar-yagisi-yeniden-basladi_d07da4a.jpg?fit=300%2C199\" data-large-file=\"https:\/\/i0.wp.com\/www.tvturk.com\/wp-content\/uploads\/2019\/02\/beytussebapta-kar-yagisi-yeniden-basladi_d07da4a.jpg?fit=1000%2C662\" src=\"https:\/\/i0.wp.com\/www.tvturk.com\/wp-content\/uploads\/2019\/02\/beytussebapta-kar-yagisi-yeniden-basladi_d07da4a.jpg?w=162&#038;h=107\" srcset=\"https:\/\/i0.wp.com\/www.tvturk.com\/wp-content\/uploads\/2019\/02\/beytussebapta-kar-yagisi-yeniden-basladi_d07da4a.jpg?w=1000 1000w, https:\/\/i0.wp.com\/www.tvturk.com\/wp-content\/uploads\/2019\/02\/beytussebapta-kar-yagisi-yeniden-basladi_d07da4a.jpg?resize=150%2C99 150w, https:\/\/i0.wp.com\/www.tvturk.com\/wp-content\/uploads\/2019\/02\/beytussebapta-kar-yagisi-yeniden-basladi_d07da4a.jpg?resize=300%2C200 300w, https:\/\/i0.wp.com\/www.tvturk.com\/wp-content\/uploads\/2019\/02\/beytussebapta-kar-yagisi-yeniden-basladi_d07da4a.jpg?resize=768%2C508 768w, https:\/\/i0.wp.com\/www.tvturk.com\/wp-content\/uploads\/2019\/02\/beytussebapta-kar-yagisi-yeniden-basladi_d07da4a.jpg?resize=170%2C113 170w, https:\/\/i0.wp.com\/www.tvturk.com\/wp-content\/uploads\/2019\/02\/beytussebapta-kar-yagisi-yeniden-basladi_d07da4a.jpg?resize=120%2C80 120w\" width=\"162\" height=\"107\" loading=\"lazy\" data-original-width=\"162\" data-original-height=\"107\" itemprop=\"http:\/\/schema.org\/image\" title=\"Beyt\u00fc\u015f\u015febap\u2019ta kar ya\u011f\u0131\u015f\u0131 yeniden ba\u015flad\u0131\" alt=\"Beyt\u00fc\u015f\u015febap\u2019ta kar ya\u011f\u0131\u015f\u0131 yeniden ba\u015flad\u0131\" style=\"width: 162px; height: 107px;\" \/> <\/a> <\/div> <div class=\"tiled-gallery-item tiled-gallery-item-small\" itemprop=\"associatedMedia\" itemscope itemtype=\"http:\/\/schema.org\/ImageObject\"> <a href=\"http:\/\/www.tvturk.com\/index.php\/beytussebapta-kar-yagisi-yeniden-basladi\/beytussebapta-kar-yagisi-yeniden-basladi-5\/\" border=\"0\" itemprop=\"url\"> <meta itemprop=\"width\" content=\"162\"> <meta itemprop=\"height\" content=\"107\"> <img decoding=\"async\" class=\"\" data-attachment-id=\"14886\" data-orig-file=\"http:\/\/www.tvturk.com\/wp-content\/uploads\/2019\/02\/beytussebapta-kar-yagisi-yeniden-basladi_80f42e6.jpg\" data-orig-size=\"1000,662\" data-comments-opened=\"\" data-image-meta=\"{&quot;aperture&quot;:&quot;0&quot;,&quot;credit&quot;:&quot;IHA&quot;,&quot;camera&quot;:&quot;&quot;,&quot;caption&quot;:&quot;\\u015eIRNAK\\u2019IN BEYT\\u00dc\\u015e\\u015eEBAP \\u0130L\\u00c7ES\\u0130NDE D\\u00dcN AK\\u015eAMDAN \\u0130T\\u0130BAREN YEN\\u0130DEN B\\u0130R KAR DALGASI ETK\\u0130L\\u0130 OLMAYA BA\\u015eLADI. B\\u0130R S\\u00dcRE \\u00d6NCE YA\\u011eAN KARIN ARDINDAN YEN\\u0130DEN ETK\\u0130L\\u0130 OLAN KAR YA\\u011eI\\u015eI \\u0130LE B\\u0130RL\\u0130KTE Y\\u00dcKSEK KES\\u0130MLERDE YER YER KAR KALINLI\\u011eI 2 METRE OLARAK \\u00d6L\\u00c7\\u00dcLD\\u00dc. (SERDAR G\\u00dcK\\u00c7E\\\/\\u015eIRNAK-\\u0130HA)&quot;,&quot;created_timestamp&quot;:&quot;0&quot;,&quot;copyright&quot;:&quot;\\u0130HLAS HABER AJANSI, www.iha.com.tr&quot;,&quot;focal_length&quot;:&quot;0&quot;,&quot;iso&quot;:&quot;0&quot;,&quot;shutter_speed&quot;:&quot;0&quot;,&quot;title&quot;:&quot;BEYT\\u00dc\\u015e\\u015eEBAP\\u2019TA KAR YA\\u011eI\\u015eI YEN\\u0130DEN BA\\u015eLADI \\u0130L\\u00c7EN\\u0130N Y\\u00dcKSEK KES\\u0130MLER\\u0130NDE KAR KALINLI\\u011eI YER YER 2 METRE OLARAK \\u00d6L\\u00c7\\u00dcLD\\u00dc&quot;,&quot;orientation&quot;:&quot;0&quot;}\" data-image-title=\"Beyt\u00fc\u015f\u015febap\u2019ta kar ya\u011f\u0131\u015f\u0131 yeniden ba\u015flad\u0131\" data-image-description=\"&lt;p&gt;Beyt\u00fc\u015f\u015febap\u2019ta kar ya\u011f\u0131\u015f\u0131 yeniden ba\u015flad\u0131&lt;\/p&gt; \" data-medium-file=\"https:\/\/i0.wp.com\/www.tvturk.com\/wp-content\/uploads\/2019\/02\/beytussebapta-kar-yagisi-yeniden-basladi_80f42e6.jpg?fit=300%2C199\" data-large-file=\"https:\/\/i0.wp.com\/www.tvturk.com\/wp-content\/uploads\/2019\/02\/beytussebapta-kar-yagisi-yeniden-basladi_80f42e6.jpg?fit=1000%2C662\" src=\"https:\/\/i0.wp.com\/www.tvturk.com\/wp-content\/uploads\/2019\/02\/beytussebapta-kar-yagisi-yeniden-basladi_80f42e6.jpg?w=162&#038;h=107\" srcset=\"https:\/\/i0.wp.com\/www.tvturk.com\/wp-content\/uploads\/2019\/02\/beytussebapta-kar-yagisi-yeniden-basladi_80f42e6.jpg?w=1000 1000w, https:\/\/i0.wp.com\/www.tvturk.com\/wp-content\/uploads\/2019\/02\/beytussebapta-kar-yagisi-yeniden-basladi_80f42e6.jpg?resize=150%2C99 150w, https:\/\/i0.wp.com\/www.tvturk.com\/wp-content\/uploads\/2019\/02\/beytussebapta-kar-yagisi-yeniden-basladi_80f42e6.jpg?resize=300%2C200 300w, https:\/\/i0.wp.com\/www.tvturk.com\/wp-content\/uploads\/2019\/02\/beytussebapta-kar-yagisi-yeniden-basladi_80f42e6.jpg?resize=768%2C508 768w, https:\/\/i0.wp.com\/www.tvturk.com\/wp-content\/uploads\/2019\/02\/beytussebapta-kar-yagisi-yeniden-basladi_80f42e6.jpg?resize=170%2C113 170w, https:\/\/i0.wp.com\/www.tvturk.com\/wp-content\/uploads\/2019\/02\/beytussebapta-kar-yagisi-yeniden-basladi_80f42e6.jpg?resize=120%2C80 120w\" width=\"162\" height=\"107\" loading=\"lazy\" data-original-width=\"162\" data-original-height=\"107\" itemprop=\"http:\/\/schema.org\/image\" title=\"Beyt\u00fc\u015f\u015febap\u2019ta kar ya\u011f\u0131\u015f\u0131 yeniden ba\u015flad\u0131\" alt=\"Beyt\u00fc\u015f\u015febap\u2019ta kar ya\u011f\u0131\u015f\u0131 yeniden ba\u015flad\u0131\" style=\"width: 162px; height: 107px;\" \/> <\/a> <\/div> <\/div> <!-- close group --> <\/div> <!-- close row --> <\/div><\/p>\n","protected":false},"excerpt":{"rendered":"<p>\u015eIRNAK\u2019IN BEYT\u00dc\u015e\u015eEBAP \u0130L\u00c7ES\u0130NDE D\u00dcN AK\u015eAMDAN \u0130T\u0130BAREN YEN\u0130DEN B\u0130R KAR DALGASI ETK\u0130L\u0130 OLMAYA BA\u015eLADI. B\u0130R S\u00dcRE \u00d6NCE YA\u011eAN KARIN ARDINDAN YEN\u0130DEN ETK\u0130L\u0130 OLAN KAR YA\u011eI\u015eI \u0130LE B\u0130RL\u0130KTE Y\u00dcKSEK KES\u0130MLERDE YER YER KAR KALINLI\u011eI 2 METRE OLARAK \u00d6L\u00c7\u00dcLD\u00dc.<\/p>\n","protected":false},"author":1,"featured_media":14883,"comment_status":"closed","ping_status":"open","sticky":false,"template":"","format":"standard","meta":{"jetpack_post_was_ever_published":false,"_jetpack_newsletter_access":"","_jetpack_dont_email_post_to_subs":false,"_jetpack_newsletter_tier_id":0,"_jetpack_memberships_contains_paywalled_content":false,"_jetpack_memberships_contains_paid_content":false,"footnotes":"","jetpack_publicize_message":"","jetpack_publicize_feature_enabled":true,"jetpack_social_post_already_shared":false,"jetpack_social_options":{"image_generator_settings":{"template":"highway","default_image_id":0,"font":"","enabled":false},"version":2}},"categories":[655],"tags":[55,5756,878,879,720],"class_list":["post-14882","post","type-post","status-publish","format-standard","has-post-thumbnail","hentry","category-son-dakika","tag-basladi","tag-beytussebapta","tag-kar","tag-yagisi","tag-yeniden"],"jetpack_publicize_connections":[],"jetpack_featured_media_url":"https:\/\/i0.wp.com\/www.tvturk.com\/wp-content\/uploads\/2019\/02\/beytussebapta-kar-yagisi-yeniden-basladi_21ef080.jpg?fit=1000%2C662","jetpack_sharing_enabled":true,"jetpack_shortlink":"https:\/\/wp.me\/paKIfm-3S2","_links":{"self":[{"href":"http:\/\/www.tvturk.com\/index.php\/wp-json\/wp\/v2\/posts\/14882","targetHints":{"allow":["GET"]}}],"collection":[{"href":"http:\/\/www.tvturk.com\/index.php\/wp-json\/wp\/v2\/posts"}],"about":[{"href":"http:\/\/www.tvturk.com\/index.php\/wp-json\/wp\/v2\/types\/post"}],"author":[{"embeddable":true,"href":"http:\/\/www.tvturk.com\/index.php\/wp-json\/wp\/v2\/users\/1"}],"replies":[{"embeddable":true,"href":"http:\/\/www.tvturk.com\/index.php\/wp-json\/wp\/v2\/comments?post=14882"}],"version-history":[{"count":1,"href":"http:\/\/www.tvturk.com\/index.php\/wp-json\/wp\/v2\/posts\/14882\/revisions"}],"predecessor-version":[{"id":14887,"href":"http:\/\/www.tvturk.com\/index.php\/wp-json\/wp\/v2\/posts\/14882\/revisions\/14887"}],"wp:featuredmedia":[{"embeddable":true,"href":"http:\/\/www.tvturk.com\/index.php\/wp-json\/wp\/v2\/media\/14883"}],"wp:attachment":[{"href":"http:\/\/www.tvturk.com\/index.php\/wp-json\/wp\/v2\/media?parent=14882"}],"wp:term":[{"taxonomy":"category","embeddable":true,"href":"http:\/\/www.tvturk.com\/index.php\/wp-json\/wp\/v2\/categories?post=14882"},{"taxonomy":"post_tag","embeddable":true,"href":"http:\/\/www.tvturk.com\/index.php\/wp-json\/wp\/v2\/tags?post=14882"}],"curies":[{"name":"wp","href":"https:\/\/api.w.org\/{rel}","templated":true}]}}