{"id":148898,"date":"2019-04-26T10:32:48","date_gmt":"2019-04-26T07:32:48","guid":{"rendered":"http:\/\/www.tvturk.com\/index.php\/komedyen-baskandan-ilk-tatil-turkiyeye\/"},"modified":"2019-04-26T10:32:48","modified_gmt":"2019-04-26T07:32:48","slug":"komedyen-baskandan-ilk-tatil-turkiyeye","status":"publish","type":"post","link":"http:\/\/www.tvturk.com\/index.php\/komedyen-baskandan-ilk-tatil-turkiyeye\/","title":{"rendered":"Komedyen ba\u015fkandan ilk tatil T\u00fcrkiye\u2019ye"},"content":{"rendered":"<p>Yak\u0131n bir zamanda Ukrayna\u2019n\u0131n devlet ba\u015fkanl\u0131\u011f\u0131 koltu\u011funa oturacak olan \u00fcnl\u00fc komedyen Vladimir Zelenskiy, \u00e7ocuklar\u0131yla beraber T\u00fcrkiye\u2019ye geldi\u011fini duyurdu.<\/p>\n<p>Bodrum\u2019da her y\u0131l bir otelde d\u00fczenlenen e\u011flence festivaline \u00e7ocuklar\u0131yla beraber gelen Zelenskiy, sosyal medya hesaplar\u0131ndan yapt\u0131\u011f\u0131 payla\u015f\u0131mda, \u201cA\u00e7\u0131k olma konusunda anla\u015fm\u0131\u015ft\u0131k. \u00c7ocuklar\u0131m\u0131 her y\u0131l d\u00fczenlenen e\u011flence festivaline getirdim. Se\u00e7im \u00e7al\u0131\u015fmalar\u0131n\u0131 y\u00fcr\u00fctt\u00fc\u011f\u00fcm\u00fcz \u015fu d\u00f6rt ayl\u0131k s\u00fcre\u00e7ten sonra ilk tatilim. Kendim iki g\u00fcn kal\u0131p d\u00f6nece\u011fim. Herkese g\u00fcne\u015fli g\u00fcnler, sa\u011fl\u0131k ve g\u00fczel bir tatil diliyorum\u201d ifadelerini kulland\u0131.<\/p>\n<p>Vladimir Zelenskiy, 21 Nisan\u2019da yap\u0131lan devlet ba\u015fkanl\u0131\u011f\u0131 se\u00e7imlerinden, rakibi mevcut Devlet Ba\u015fkan\u0131 Petro Poro\u015fenko\u2019ya 9 milyon oy fark atarak y\u00fczde 73\u2019l\u00fck oy oran\u0131 ile se\u00e7imleri kazanan taraf olmu\u015ftu.<\/p>\n","protected":false},"excerpt":{"rendered":"<p>YAKIN B\u0130R ZAMANDA UKRAYNA\u2019NIN DEVLET BA\u015eKANLI\u011eI KOLTU\u011eUNA OTURACAK OLAN \u00dcNL\u00dc KOMEDYEN VLAD\u0130M\u0130R ZELENSK\u0130Y, \u00c7OCUKLARIYLA BERABER T\u00dcRK\u0130YE\u2019YE GELD\u0130\u011e\u0130N\u0130 DUYURDU.<\/p>\n","protected":false},"author":1,"featured_media":148899,"comment_status":"closed","ping_status":"open","sticky":false,"template":"","format":"standard","meta":{"jetpack_post_was_ever_published":false,"_jetpack_newsletter_access":"","_jetpack_dont_email_post_to_subs":false,"_jetpack_newsletter_tier_id":0,"_jetpack_memberships_contains_paywalled_content":false,"_jetpack_memberships_contains_paid_content":false,"footnotes":"","jetpack_publicize_message":"","jetpack_publicize_feature_enabled":true,"jetpack_social_post_already_shared":true,"jetpack_social_options":{"image_generator_settings":{"template":"highway","default_image_id":0,"font":"","enabled":false},"version":2}},"categories":[10],"tags":[1275,37,21663,3575,4071],"class_list":["post-148898","post","type-post","status-publish","format-standard","has-post-thumbnail","hentry","category-dunya","tag-baskandan","tag-ilk","tag-komedyen","tag-tatil","tag-turkiyeye"],"jetpack_publicize_connections":[],"jetpack_featured_media_url":"https:\/\/i0.wp.com\/www.tvturk.com\/wp-content\/uploads\/2019\/04\/komedyen-baskandan-ilk-tatil-turkiyeye_dcbab05.jpg?fit=504%2C680","jetpack_sharing_enabled":true,"jetpack_shortlink":"https:\/\/wp.me\/paKIfm-CJA","_links":{"self":[{"href":"http:\/\/www.tvturk.com\/index.php\/wp-json\/wp\/v2\/posts\/148898","targetHints":{"allow":["GET"]}}],"collection":[{"href":"http:\/\/www.tvturk.com\/index.php\/wp-json\/wp\/v2\/posts"}],"about":[{"href":"http:\/\/www.tvturk.com\/index.php\/wp-json\/wp\/v2\/types\/post"}],"author":[{"embeddable":true,"href":"http:\/\/www.tvturk.com\/index.php\/wp-json\/wp\/v2\/users\/1"}],"replies":[{"embeddable":true,"href":"http:\/\/www.tvturk.com\/index.php\/wp-json\/wp\/v2\/comments?post=148898"}],"version-history":[{"count":0,"href":"http:\/\/www.tvturk.com\/index.php\/wp-json\/wp\/v2\/posts\/148898\/revisions"}],"wp:featuredmedia":[{"embeddable":true,"href":"http:\/\/www.tvturk.com\/index.php\/wp-json\/wp\/v2\/media\/148899"}],"wp:attachment":[{"href":"http:\/\/www.tvturk.com\/index.php\/wp-json\/wp\/v2\/media?parent=148898"}],"wp:term":[{"taxonomy":"category","embeddable":true,"href":"http:\/\/www.tvturk.com\/index.php\/wp-json\/wp\/v2\/categories?post=148898"},{"taxonomy":"post_tag","embeddable":true,"href":"http:\/\/www.tvturk.com\/index.php\/wp-json\/wp\/v2\/tags?post=148898"}],"curies":[{"name":"wp","href":"https:\/\/api.w.org\/{rel}","templated":true}]}}