{"id":148964,"date":"2019-04-26T11:31:35","date_gmt":"2019-04-26T08:31:35","guid":{"rendered":"http:\/\/www.tvturk.com\/index.php\/turku-severler-buyukcekmecede-nostaljiye-yolculuk-yapti\/"},"modified":"2019-04-26T11:31:35","modified_gmt":"2019-04-26T08:31:35","slug":"turku-severler-buyukcekmecede-nostaljiye-yolculuk-yapti","status":"publish","type":"post","link":"http:\/\/www.tvturk.com\/index.php\/turku-severler-buyukcekmecede-nostaljiye-yolculuk-yapti\/","title":{"rendered":"T\u00fcrk\u00fc severler B\u00fcy\u00fck\u00e7ekmece\u2019de nostaljiye yolculuk yapt\u0131"},"content":{"rendered":"<p>B\u00fcy\u00fck\u00e7ekmece Belediyesi taraf\u0131ndan 2000 y\u0131l\u0131nda kurulan \u201cB\u00fcy\u00fck\u00e7ekmece Belediyesi T\u00fcrk Halk M\u00fczi\u011fi Korosu\u201d t\u00fcrk\u00fc severlere nostalji dolu bir gece ya\u015fatt\u0131.<\/p>\n<p>Konsere kat\u0131lan  B\u00fcy\u00fck\u00e7ekmeceli sanatseverler koro \u015fefi Neslinay \u00c7\u0131nar y\u00f6netiminde ger\u00e7ekle\u015ftirilen konserde adeta m\u00fczik ziyafeti ya\u015fad\u0131. T\u00fcrk\u00fclerle ge\u00e7mi\u015fe yolculuk yapan vatanda\u015flar 19 y\u0131ld\u0131r \u015fark\u0131lar\u0131n\u0131 B\u00fcy\u00fck\u00e7ekmeceliler i\u00e7in seslendiren B\u00fcy\u00fck\u00e7ekmece Belediyesi T\u00fcrk Halk M\u00fczi\u011fi Korosunu konser bitiminde dakikalarca ayakta alk\u0131\u015flad\u0131.<\/p>\n<p>\u201cBu g\u00fczel t\u00fcrk\u00fcleri dinlemek ruhumuzu dinlendirdi\u201d<\/p>\n<p>B\u00fcy\u00fck\u00e7ekmece Belediye Ba\u015fkan\u0131 Dr. Hasan Akg\u00fcn\u2019\u00fc temsilen konsere kat\u0131lan Belediye Ba\u015fkan Dan\u0131\u015fman\u0131 Tarih\u00e7i &#8211; Yazar Sacide Bolcan, \u201cT\u00fcrk\u00fclerle bizlere nostalji dolu bir gece ya\u015fatan koromuza te\u015fekk\u00fcr ediyorum. Yo\u011fun i\u015f temposunun ard\u0131ndan bu g\u00fczel t\u00fcrk\u00fcleri dinlemek ruhumuzu dinlendirdi. B\u00fcy\u00fck\u00e7ekmecelilerin sanata olan bu ilgisini g\u00f6rmek de gururland\u0131rd\u0131. Ba\u015fta koro \u015fefi Neslinay \u00c7\u0131nar olmak \u00fczere t\u00fcm koristlerimize ve saz ekibine te\u015fekk\u00fcr ediyorum\u201d dedi.<\/p>\n","protected":false},"excerpt":{"rendered":"<p>B\u00dcY\u00dcK\u00c7EKMECE BELED\u0130YES\u0130 TARAFINDAN 2000 YILINDA KURULAN \u201cB\u00dcY\u00dcK\u00c7EKMECE BELED\u0130YES\u0130 T\u00dcRK HALK M\u00dcZ\u0130\u011e\u0130 KOROSU\u201d T\u00dcRK\u00dc SEVERLERE NOSTALJ\u0130 DOLU B\u0130R GECE YA\u015eATTI.<\/p>\n","protected":false},"author":1,"featured_media":148965,"comment_status":"closed","ping_status":"open","sticky":false,"template":"","format":"standard","meta":{"jetpack_post_was_ever_published":false,"_jetpack_newsletter_access":"","_jetpack_dont_email_post_to_subs":false,"_jetpack_newsletter_tier_id":0,"_jetpack_memberships_contains_paywalled_content":false,"_jetpack_memberships_contains_paid_content":false,"footnotes":"","jetpack_publicize_message":"","jetpack_publicize_feature_enabled":true,"jetpack_social_post_already_shared":true,"jetpack_social_options":{"image_generator_settings":{"template":"highway","default_image_id":0,"font":"","enabled":false},"version":2}},"categories":[1],"tags":[5881,33303,1912,3661,292,1141],"class_list":["post-148964","post","type-post","status-publish","format-standard","has-post-thumbnail","hentry","category-genel","tag-buyukcekmecede","tag-nostaljiye","tag-severler","tag-turku","tag-yapti","tag-yolculuk"],"jetpack_publicize_connections":[],"jetpack_featured_media_url":"https:\/\/i0.wp.com\/www.tvturk.com\/wp-content\/uploads\/2019\/04\/turku-severler-buyukcekmecede-nostaljiye-yolculuk-yapti_c0ff022.jpg?fit=1000%2C666","jetpack_sharing_enabled":true,"jetpack_shortlink":"https:\/\/wp.me\/paKIfm-CKE","_links":{"self":[{"href":"http:\/\/www.tvturk.com\/index.php\/wp-json\/wp\/v2\/posts\/148964","targetHints":{"allow":["GET"]}}],"collection":[{"href":"http:\/\/www.tvturk.com\/index.php\/wp-json\/wp\/v2\/posts"}],"about":[{"href":"http:\/\/www.tvturk.com\/index.php\/wp-json\/wp\/v2\/types\/post"}],"author":[{"embeddable":true,"href":"http:\/\/www.tvturk.com\/index.php\/wp-json\/wp\/v2\/users\/1"}],"replies":[{"embeddable":true,"href":"http:\/\/www.tvturk.com\/index.php\/wp-json\/wp\/v2\/comments?post=148964"}],"version-history":[{"count":0,"href":"http:\/\/www.tvturk.com\/index.php\/wp-json\/wp\/v2\/posts\/148964\/revisions"}],"wp:featuredmedia":[{"embeddable":true,"href":"http:\/\/www.tvturk.com\/index.php\/wp-json\/wp\/v2\/media\/148965"}],"wp:attachment":[{"href":"http:\/\/www.tvturk.com\/index.php\/wp-json\/wp\/v2\/media?parent=148964"}],"wp:term":[{"taxonomy":"category","embeddable":true,"href":"http:\/\/www.tvturk.com\/index.php\/wp-json\/wp\/v2\/categories?post=148964"},{"taxonomy":"post_tag","embeddable":true,"href":"http:\/\/www.tvturk.com\/index.php\/wp-json\/wp\/v2\/tags?post=148964"}],"curies":[{"name":"wp","href":"https:\/\/api.w.org\/{rel}","templated":true}]}}